{"id":588,"date":"2023-02-11T11:18:06","date_gmt":"2023-02-11T14:18:06","guid":{"rendered":"https:\/\/diariodepe.com.br\/cri\/?p=588"},"modified":"2023-02-11T11:18:08","modified_gmt":"2023-02-11T14:18:08","slug":"brasil-e-china-esperam-novo-ciclo-de-desenvolvimento","status":"publish","type":"post","link":"https:\/\/diariodepe.com.br\/cri\/2023\/02\/11\/brasil-e-china-esperam-novo-ciclo-de-desenvolvimento\/","title":{"rendered":"<strong>Brasil e China esperam novo ciclo de desenvolvimento<\/strong>"},"content":{"rendered":"\n<p>Desde o in\u00edcio deste s\u00e9culo, as rela\u00e7\u00f5es bilaterais entre Brasil e China ganharam corpo e se tornaram uma das mais importantes do mundo. O marco inicial desta nova rela\u00e7\u00e3o foi a viagem do presidente Lu\u00eds In\u00e1cio Lula da Silva em 2004, em seu primeiro mandato, para visitar o ent\u00e3o presidente chin\u00eas, Hu Jintao. Daquele momento resultaram ganhos robustos para a economia brasileira, que se aproveitou da valoriza\u00e7\u00e3o da soja e do min\u00e9rio de ferro, gra\u00e7as \u00e0s demandas chinesas.<\/p>\n\n\n\n<p>O crescimento econ\u00f4mico brasileiro chegou a mais de 7% em 2010, mas perdeu f\u00f4lego nos anos seguintes e a recess\u00e3o chegou em 2016. Hoje, no entanto, o Brasil tem raz\u00f5es para se esperan\u00e7ar na melhora conjuntural. O presidente brasileiro \u00e9 o mesmo daquele per\u00edodo, agora em seu terceiro mandato, mantendo sua vis\u00e3o sobre a preval\u00eancia dos interesses estrat\u00e9gicos nas rela\u00e7\u00f5es com pa\u00edses emergentes, como a China. E a economia chinesa voltou a crescer e apresentar fortes demandas por alimentos e min\u00e9rios.<\/p>\n\n\n\n<p>Por isso, a R\u00e1dio International da China (CRI) ouviu tr\u00eas especialistas para entender que caminhos ambos os pa\u00edses devem percorrer, para retomarem as rela\u00e7\u00f5es de ganha-ganha. Um deles \u00e9 a coordenadora de coopera\u00e7\u00e3o internacional Brasil-China do Instituto Lula, Melissa Cambuhy. Ela diz que a China tem muito a crescer na constru\u00e7\u00e3o civil. \u201cAinda existe um amplo espa\u00e7o de acumula\u00e7\u00e3o proporcionado pelo avan\u00e7ado, mas ainda incompleto processo de urbaniza\u00e7\u00e3o chin\u00eas, que conta com alta demanda de jovens e fam\u00edlias ainda interessados em adquirir im\u00f3veis.\u201d<\/p>\n\n\n\n<p>Ela afirma que, para retomar a constru\u00e7\u00e3o civil, o pa\u00eds tem implementado diversas medidas de incentivo \u00e0 compra de im\u00f3veis, como altera\u00e7\u00e3o na pol\u00edtica de um im\u00f3vel por casal, linhas de cr\u00e9ditos generosas e flexibiliza\u00e7\u00e3o das hipotecas. \u201cConsiderando este potencial e as medidas de estabiliza\u00e7\u00e3o do mercado imobili\u00e1rio e ativa\u00e7\u00e3o econ\u00f4mica da urbaniza\u00e7\u00e3o e dos seus potenciais consumidores, as pol\u00edticas estatais v\u00e3o criando um cen\u00e1rio favor\u00e1vel para o setor\u201d, explica Cambuhy.<\/p>\n\n\n\n<p>J\u00e1 diretor do curso de p\u00f3s-gradua\u00e7\u00e3o em China Contempor\u00e2nea da Pontif\u00edcia Universidade Cat\u00f3lica de Minas Gerais (PUC-Minas), Javier Vadell, ressalta a import\u00e2ncia da transforma\u00e7\u00e3o social chinesa nesse processo. \u201cA perspectiva \u00e9 vermos, nos pr\u00f3ximos anos, a classe m\u00e9dia saltar de 400 para 800 milh\u00f5es de pessoas. S\u00e3o quatro \u2018brasis\u2019 inteiros, s\u00f3 de pessoas consumindo alimentos e outros bens, derivados de min\u00e9rio. A economia brasileira vai se beneficiar com isso.\u201d<\/p>\n\n\n\n<p>Ele alerta, no entanto, para a necessidade de n\u00e3o acomoda\u00e7\u00e3o. \u201cAs rela\u00e7\u00f5es econ\u00f4micas com a China est\u00e3o bem. Durante o governo Bolsonaro, os contratos foram cumpridos, as exporta\u00e7\u00f5es e importa\u00e7\u00f5es aconteceram normalmente. A quest\u00e3o \u00e9 quem o Brasil vai ser nessa rela\u00e7\u00e3o, ser vendedor de soja e de min\u00e9rio ou colaborador no desenvolvimento de produtos de alto valor agregado. A China pode ajudar, mas quem toma as principais escolhas sobre isso \u00e9 o Brasil. O rumo que o setor produtivo escolher vai definir se a China compra soja, ferro ou semicondutores, avi\u00f5es, rob\u00f3tica.\u201d<\/p>\n\n\n\n<p>Cambuhy \u00e9 cr\u00edtica em rela\u00e7\u00e3o a parte do setor produtivo brasileiro. \u201cOutro desafio para a sofistica\u00e7\u00e3o das rela\u00e7\u00f5es produtivo-comerciais Brasil-China se ampara concomitantemente nas contradi\u00e7\u00f5es internas de classe \u2013 em que acabam por prevalecer os interesses de curto prazo do agroneg\u00f3cio, em detrimento de t\u00e1ticas de maior alcance temporal\u201d. Vadell, por sua vez, adverte que h\u00e1 concorr\u00eancia nesse setor e que a Argentina j\u00e1 tem na China o seu principal parceiro comercial. \u201cOs argentinos n\u00e3o est\u00e3o se limitando \u00e0 cultura bovina, que \u00e9 o produto internacional hist\u00f3rico do pa\u00eds. Est\u00e3o fabricando baterias de l\u00edtio para carros el\u00e9tricos, por exemplo.\u201d<\/p>\n\n\n\n<p>O pesquisador Marco Fernandes, do Instituto Tricontinental de Pesquisa Social, explica que o crescimento chin\u00eas \u00e9 s\u00f3lido. \u201cO FMI (sigla para Fundo Monet\u00e1rio Internacional) j\u00e1 apontou que a China deve crescer mais de 5% neste ano, em meio a uma m\u00e9dia mundial de menos de 3%, com um crescimento estadunidense de 1,5%. As empresas chinesas captaram 8 bilh\u00f5es de d\u00f3lares nas bolsas de valores, enquanto as norte americanas ficaram em torno de quatro bilh\u00f5es.\u201d<\/p>\n\n\n\n<p>Fernandes \u00e9 taxativo ao afirmar a depend\u00eancia da economia ocidental em rela\u00e7\u00e3o aos pa\u00edses emergentes. \u201cO Ocidente e seus pa\u00edses aliados criam todo tipo de pol\u00eamica, mas, na hora de ganhar dinheiro, recorrem \u00e0 China.0<\/p>\n\n\n\n<p>Ele conclui que a rela\u00e7\u00e3o Brasil-China \u00e9 uma das grandes promessas para 2023. \u201cA visita do Lula \u00e0 China deve ocorrer em mar\u00e7o, para o primeiro encontro com Xi Jinping. Ser\u00e1 importante para o avan\u00e7o das rela\u00e7\u00f5es econ\u00f4micas. Trocas comerciais que transcendam o min\u00e9rio de ferro, petr\u00f3leo cru, soja e carne, que hoje s\u00e3o 90% das exporta\u00e7\u00f5es do Brasil para a China. Tem que elevar a qualidade das exporta\u00e7\u00f5es\u201d, complementa Fernandes.<\/p>\n\n\n\n<p>Por&nbsp;H\u00e9lio de Mendon\u00e7a Rocha\uff0carticulista e rep\u00f3rter de pol\u00edtica internacional<\/p>\n","protected":false},"excerpt":{"rendered":"<p>Desde o in\u00edcio deste s\u00e9culo, as rela\u00e7\u00f5es bilaterais entre Brasil e China ganharam corpo e se tornaram uma das mais importantes do mundo. O marco inicial desta nova rela\u00e7\u00e3o foi a viagem do presidente Lu\u00eds In\u00e1cio Lula da Silva em&#8230;<\/p>\n","protected":false},"author":2,"featured_media":0,"comment_status":"open","ping_status":"open","sticky":false,"template":"","format":"standard","meta":{"footnotes":""},"categories":[7],"tags":[],"class_list":["post-588","post","type-post","status-publish","format-standard","hentry","category-visao"],"yoast_head":"<!-- This site is optimized with the Yoast SEO plugin v27.4 - https:\/\/yoast.com\/product\/yoast-seo-wordpress\/ -->\n<title>Brasil e China esperam novo ciclo de desenvolvimento - CRI e Diario de Pernambuco<\/title>\n<meta name=\"robots\" content=\"index, follow, max-snippet:-1, max-image-preview:large, max-video-preview:-1\" \/>\n<link rel=\"canonical\" href=\"https:\/\/diariodepe.com.br\/cri\/2023\/02\/11\/brasil-e-china-esperam-novo-ciclo-de-desenvolvimento\/\" \/>\n<meta property=\"og:locale\" content=\"pt_BR\" \/>\n<meta property=\"og:type\" content=\"article\" \/>\n<meta property=\"og:title\" content=\"Brasil e China esperam novo ciclo de desenvolvimento - CRI e Diario de Pernambuco\" \/>\n<meta property=\"og:description\" content=\"Desde o in\u00edcio deste s\u00e9culo, as rela\u00e7\u00f5es bilaterais entre Brasil e China ganharam corpo e se tornaram uma das mais importantes do mundo. O marco inicial desta nova rela\u00e7\u00e3o foi a viagem do presidente Lu\u00eds In\u00e1cio Lula da Silva em...\" \/>\n<meta property=\"og:url\" content=\"https:\/\/diariodepe.com.br\/cri\/2023\/02\/11\/brasil-e-china-esperam-novo-ciclo-de-desenvolvimento\/\" \/>\n<meta property=\"og:site_name\" content=\"CRI e Diario de Pernambuco\" \/>\n<meta property=\"article:published_time\" content=\"2023-02-11T14:18:06+00:00\" \/>\n<meta property=\"article:modified_time\" content=\"2023-02-11T14:18:08+00:00\" \/>\n<meta name=\"author\" content=\"Ismael Lucas S. Pereira\" \/>\n<meta name=\"twitter:card\" content=\"summary_large_image\" \/>\n<meta name=\"twitter:label1\" content=\"Escrito por\" \/>\n\t<meta name=\"twitter:data1\" content=\"Ismael Lucas S. Pereira\" \/>\n\t<meta name=\"twitter:label2\" content=\"Est. tempo de leitura\" \/>\n\t<meta name=\"twitter:data2\" content=\"5 minutos\" \/>\n<script type=\"application\/ld+json\" class=\"yoast-schema-graph\">{\"@context\":\"https:\\\/\\\/schema.org\",\"@graph\":[{\"@type\":\"Article\",\"@id\":\"https:\\\/\\\/diariodepe.com.br\\\/cri\\\/2023\\\/02\\\/11\\\/brasil-e-china-esperam-novo-ciclo-de-desenvolvimento\\\/#article\",\"isPartOf\":{\"@id\":\"https:\\\/\\\/diariodepe.com.br\\\/cri\\\/2023\\\/02\\\/11\\\/brasil-e-china-esperam-novo-ciclo-de-desenvolvimento\\\/\"},\"author\":{\"name\":\"Ismael Lucas S. Pereira\",\"@id\":\"https:\\\/\\\/diariodepe.com.br\\\/cri\\\/#\\\/schema\\\/person\\\/121bb28d84f1a5b1205ef4ce9c2e0c6b\"},\"headline\":\"Brasil e China esperam novo ciclo de desenvolvimento\",\"datePublished\":\"2023-02-11T14:18:06+00:00\",\"dateModified\":\"2023-02-11T14:18:08+00:00\",\"mainEntityOfPage\":{\"@id\":\"https:\\\/\\\/diariodepe.com.br\\\/cri\\\/2023\\\/02\\\/11\\\/brasil-e-china-esperam-novo-ciclo-de-desenvolvimento\\\/\"},\"wordCount\":865,\"commentCount\":0,\"publisher\":{\"@id\":\"https:\\\/\\\/diariodepe.com.br\\\/cri\\\/#organization\"},\"articleSection\":[\"Vis\u00e3o\"],\"inLanguage\":\"pt-BR\",\"potentialAction\":[{\"@type\":\"CommentAction\",\"name\":\"Comment\",\"target\":[\"https:\\\/\\\/diariodepe.com.br\\\/cri\\\/2023\\\/02\\\/11\\\/brasil-e-china-esperam-novo-ciclo-de-desenvolvimento\\\/#respond\"]}]},{\"@type\":\"WebPage\",\"@id\":\"https:\\\/\\\/diariodepe.com.br\\\/cri\\\/2023\\\/02\\\/11\\\/brasil-e-china-esperam-novo-ciclo-de-desenvolvimento\\\/\",\"url\":\"https:\\\/\\\/diariodepe.com.br\\\/cri\\\/2023\\\/02\\\/11\\\/brasil-e-china-esperam-novo-ciclo-de-desenvolvimento\\\/\",\"name\":\"Brasil e China esperam novo ciclo de desenvolvimento - CRI e Diario de Pernambuco\",\"isPartOf\":{\"@id\":\"https:\\\/\\\/diariodepe.com.br\\\/cri\\\/#website\"},\"datePublished\":\"2023-02-11T14:18:06+00:00\",\"dateModified\":\"2023-02-11T14:18:08+00:00\",\"breadcrumb\":{\"@id\":\"https:\\\/\\\/diariodepe.com.br\\\/cri\\\/2023\\\/02\\\/11\\\/brasil-e-china-esperam-novo-ciclo-de-desenvolvimento\\\/#breadcrumb\"},\"inLanguage\":\"pt-BR\",\"potentialAction\":[{\"@type\":\"ReadAction\",\"target\":[\"https:\\\/\\\/diariodepe.com.br\\\/cri\\\/2023\\\/02\\\/11\\\/brasil-e-china-esperam-novo-ciclo-de-desenvolvimento\\\/\"]}]},{\"@type\":\"BreadcrumbList\",\"@id\":\"https:\\\/\\\/diariodepe.com.br\\\/cri\\\/2023\\\/02\\\/11\\\/brasil-e-china-esperam-novo-ciclo-de-desenvolvimento\\\/#breadcrumb\",\"itemListElement\":[{\"@type\":\"ListItem\",\"position\":1,\"name\":\"In\u00edcio\",\"item\":\"https:\\\/\\\/diariodepe.com.br\\\/cri\\\/\"},{\"@type\":\"ListItem\",\"position\":2,\"name\":\"Brasil e China esperam novo ciclo de desenvolvimento\"}]},{\"@type\":\"WebSite\",\"@id\":\"https:\\\/\\\/diariodepe.com.br\\\/cri\\\/#website\",\"url\":\"https:\\\/\\\/diariodepe.com.br\\\/cri\\\/\",\"name\":\"CRI e Diario de Pernambuco\",\"description\":\"R\u00e1dio Internacional da China\",\"publisher\":{\"@id\":\"https:\\\/\\\/diariodepe.com.br\\\/cri\\\/#organization\"},\"potentialAction\":[{\"@type\":\"SearchAction\",\"target\":{\"@type\":\"EntryPoint\",\"urlTemplate\":\"https:\\\/\\\/diariodepe.com.br\\\/cri\\\/?s={search_term_string}\"},\"query-input\":{\"@type\":\"PropertyValueSpecification\",\"valueRequired\":true,\"valueName\":\"search_term_string\"}}],\"inLanguage\":\"pt-BR\"},{\"@type\":\"Organization\",\"@id\":\"https:\\\/\\\/diariodepe.com.br\\\/cri\\\/#organization\",\"name\":\"CRI e Diario de Pernambuco\",\"url\":\"https:\\\/\\\/diariodepe.com.br\\\/cri\\\/\",\"logo\":{\"@type\":\"ImageObject\",\"inLanguage\":\"pt-BR\",\"@id\":\"https:\\\/\\\/diariodepe.com.br\\\/cri\\\/#\\\/schema\\\/logo\\\/image\\\/\",\"url\":\"https:\\\/\\\/diariodepe.com.br\\\/cri\\\/wp-content\\\/uploads\\\/sites\\\/2\\\/2022\\\/12\\\/cropped-Logo.jpg\",\"contentUrl\":\"https:\\\/\\\/diariodepe.com.br\\\/cri\\\/wp-content\\\/uploads\\\/sites\\\/2\\\/2022\\\/12\\\/cropped-Logo.jpg\",\"width\":700,\"height\":59,\"caption\":\"CRI e Diario de Pernambuco\"},\"image\":{\"@id\":\"https:\\\/\\\/diariodepe.com.br\\\/cri\\\/#\\\/schema\\\/logo\\\/image\\\/\"}},{\"@type\":\"Person\",\"@id\":\"https:\\\/\\\/diariodepe.com.br\\\/cri\\\/#\\\/schema\\\/person\\\/121bb28d84f1a5b1205ef4ce9c2e0c6b\",\"name\":\"Ismael Lucas S. Pereira\",\"image\":{\"@type\":\"ImageObject\",\"inLanguage\":\"pt-BR\",\"@id\":\"https:\\\/\\\/secure.gravatar.com\\\/avatar\\\/887a0f3b5a7ceea963a48499fb883ffce6b5037362def025c52c2505b15d63e4?s=96&d=mm&r=g\",\"url\":\"https:\\\/\\\/secure.gravatar.com\\\/avatar\\\/887a0f3b5a7ceea963a48499fb883ffce6b5037362def025c52c2505b15d63e4?s=96&d=mm&r=g\",\"contentUrl\":\"https:\\\/\\\/secure.gravatar.com\\\/avatar\\\/887a0f3b5a7ceea963a48499fb883ffce6b5037362def025c52c2505b15d63e4?s=96&d=mm&r=g\",\"caption\":\"Ismael Lucas S. Pereira\"},\"url\":\"https:\\\/\\\/diariodepe.com.br\\\/cri\\\/author\\\/ismael-lucas\\\/\"}]}<\/script>\n<!-- \/ Yoast SEO plugin. -->","yoast_head_json":{"title":"Brasil e China esperam novo ciclo de desenvolvimento - CRI e Diario de Pernambuco","robots":{"index":"index","follow":"follow","max-snippet":"max-snippet:-1","max-image-preview":"max-image-preview:large","max-video-preview":"max-video-preview:-1"},"canonical":"https:\/\/diariodepe.com.br\/cri\/2023\/02\/11\/brasil-e-china-esperam-novo-ciclo-de-desenvolvimento\/","og_locale":"pt_BR","og_type":"article","og_title":"Brasil e China esperam novo ciclo de desenvolvimento - CRI e Diario de Pernambuco","og_description":"Desde o in\u00edcio deste s\u00e9culo, as rela\u00e7\u00f5es bilaterais entre Brasil e China ganharam corpo e se tornaram uma das mais importantes do mundo. O marco inicial desta nova rela\u00e7\u00e3o foi a viagem do presidente Lu\u00eds In\u00e1cio Lula da Silva em...","og_url":"https:\/\/diariodepe.com.br\/cri\/2023\/02\/11\/brasil-e-china-esperam-novo-ciclo-de-desenvolvimento\/","og_site_name":"CRI e Diario de Pernambuco","article_published_time":"2023-02-11T14:18:06+00:00","article_modified_time":"2023-02-11T14:18:08+00:00","author":"Ismael Lucas S. Pereira","twitter_card":"summary_large_image","twitter_misc":{"Escrito por":"Ismael Lucas S. Pereira","Est. tempo de leitura":"5 minutos"},"schema":{"@context":"https:\/\/schema.org","@graph":[{"@type":"Article","@id":"https:\/\/diariodepe.com.br\/cri\/2023\/02\/11\/brasil-e-china-esperam-novo-ciclo-de-desenvolvimento\/#article","isPartOf":{"@id":"https:\/\/diariodepe.com.br\/cri\/2023\/02\/11\/brasil-e-china-esperam-novo-ciclo-de-desenvolvimento\/"},"author":{"name":"Ismael Lucas S. Pereira","@id":"https:\/\/diariodepe.com.br\/cri\/#\/schema\/person\/121bb28d84f1a5b1205ef4ce9c2e0c6b"},"headline":"Brasil e China esperam novo ciclo de desenvolvimento","datePublished":"2023-02-11T14:18:06+00:00","dateModified":"2023-02-11T14:18:08+00:00","mainEntityOfPage":{"@id":"https:\/\/diariodepe.com.br\/cri\/2023\/02\/11\/brasil-e-china-esperam-novo-ciclo-de-desenvolvimento\/"},"wordCount":865,"commentCount":0,"publisher":{"@id":"https:\/\/diariodepe.com.br\/cri\/#organization"},"articleSection":["Vis\u00e3o"],"inLanguage":"pt-BR","potentialAction":[{"@type":"CommentAction","name":"Comment","target":["https:\/\/diariodepe.com.br\/cri\/2023\/02\/11\/brasil-e-china-esperam-novo-ciclo-de-desenvolvimento\/#respond"]}]},{"@type":"WebPage","@id":"https:\/\/diariodepe.com.br\/cri\/2023\/02\/11\/brasil-e-china-esperam-novo-ciclo-de-desenvolvimento\/","url":"https:\/\/diariodepe.com.br\/cri\/2023\/02\/11\/brasil-e-china-esperam-novo-ciclo-de-desenvolvimento\/","name":"Brasil e China esperam novo ciclo de desenvolvimento - CRI e Diario de Pernambuco","isPartOf":{"@id":"https:\/\/diariodepe.com.br\/cri\/#website"},"datePublished":"2023-02-11T14:18:06+00:00","dateModified":"2023-02-11T14:18:08+00:00","breadcrumb":{"@id":"https:\/\/diariodepe.com.br\/cri\/2023\/02\/11\/brasil-e-china-esperam-novo-ciclo-de-desenvolvimento\/#breadcrumb"},"inLanguage":"pt-BR","potentialAction":[{"@type":"ReadAction","target":["https:\/\/diariodepe.com.br\/cri\/2023\/02\/11\/brasil-e-china-esperam-novo-ciclo-de-desenvolvimento\/"]}]},{"@type":"BreadcrumbList","@id":"https:\/\/diariodepe.com.br\/cri\/2023\/02\/11\/brasil-e-china-esperam-novo-ciclo-de-desenvolvimento\/#breadcrumb","itemListElement":[{"@type":"ListItem","position":1,"name":"In\u00edcio","item":"https:\/\/diariodepe.com.br\/cri\/"},{"@type":"ListItem","position":2,"name":"Brasil e China esperam novo ciclo de desenvolvimento"}]},{"@type":"WebSite","@id":"https:\/\/diariodepe.com.br\/cri\/#website","url":"https:\/\/diariodepe.com.br\/cri\/","name":"CRI e Diario de Pernambuco","description":"R\u00e1dio Internacional da China","publisher":{"@id":"https:\/\/diariodepe.com.br\/cri\/#organization"},"potentialAction":[{"@type":"SearchAction","target":{"@type":"EntryPoint","urlTemplate":"https:\/\/diariodepe.com.br\/cri\/?s={search_term_string}"},"query-input":{"@type":"PropertyValueSpecification","valueRequired":true,"valueName":"search_term_string"}}],"inLanguage":"pt-BR"},{"@type":"Organization","@id":"https:\/\/diariodepe.com.br\/cri\/#organization","name":"CRI e Diario de Pernambuco","url":"https:\/\/diariodepe.com.br\/cri\/","logo":{"@type":"ImageObject","inLanguage":"pt-BR","@id":"https:\/\/diariodepe.com.br\/cri\/#\/schema\/logo\/image\/","url":"https:\/\/diariodepe.com.br\/cri\/wp-content\/uploads\/sites\/2\/2022\/12\/cropped-Logo.jpg","contentUrl":"https:\/\/diariodepe.com.br\/cri\/wp-content\/uploads\/sites\/2\/2022\/12\/cropped-Logo.jpg","width":700,"height":59,"caption":"CRI e Diario de Pernambuco"},"image":{"@id":"https:\/\/diariodepe.com.br\/cri\/#\/schema\/logo\/image\/"}},{"@type":"Person","@id":"https:\/\/diariodepe.com.br\/cri\/#\/schema\/person\/121bb28d84f1a5b1205ef4ce9c2e0c6b","name":"Ismael Lucas S. Pereira","image":{"@type":"ImageObject","inLanguage":"pt-BR","@id":"https:\/\/secure.gravatar.com\/avatar\/887a0f3b5a7ceea963a48499fb883ffce6b5037362def025c52c2505b15d63e4?s=96&d=mm&r=g","url":"https:\/\/secure.gravatar.com\/avatar\/887a0f3b5a7ceea963a48499fb883ffce6b5037362def025c52c2505b15d63e4?s=96&d=mm&r=g","contentUrl":"https:\/\/secure.gravatar.com\/avatar\/887a0f3b5a7ceea963a48499fb883ffce6b5037362def025c52c2505b15d63e4?s=96&d=mm&r=g","caption":"Ismael Lucas S. Pereira"},"url":"https:\/\/diariodepe.com.br\/cri\/author\/ismael-lucas\/"}]}},"cc_featured_image_caption":{"caption_text":"","source_text":"","source_url":""},"amp_enabled":true,"_links":{"self":[{"href":"https:\/\/diariodepe.com.br\/cri\/wp-json\/wp\/v2\/posts\/588","targetHints":{"allow":["GET"]}}],"collection":[{"href":"https:\/\/diariodepe.com.br\/cri\/wp-json\/wp\/v2\/posts"}],"about":[{"href":"https:\/\/diariodepe.com.br\/cri\/wp-json\/wp\/v2\/types\/post"}],"author":[{"embeddable":true,"href":"https:\/\/diariodepe.com.br\/cri\/wp-json\/wp\/v2\/users\/2"}],"replies":[{"embeddable":true,"href":"https:\/\/diariodepe.com.br\/cri\/wp-json\/wp\/v2\/comments?post=588"}],"version-history":[{"count":1,"href":"https:\/\/diariodepe.com.br\/cri\/wp-json\/wp\/v2\/posts\/588\/revisions"}],"predecessor-version":[{"id":589,"href":"https:\/\/diariodepe.com.br\/cri\/wp-json\/wp\/v2\/posts\/588\/revisions\/589"}],"wp:attachment":[{"href":"https:\/\/diariodepe.com.br\/cri\/wp-json\/wp\/v2\/media?parent=588"}],"wp:term":[{"taxonomy":"category","embeddable":true,"href":"https:\/\/diariodepe.com.br\/cri\/wp-json\/wp\/v2\/categories?post=588"},{"taxonomy":"post_tag","embeddable":true,"href":"https:\/\/diariodepe.com.br\/cri\/wp-json\/wp\/v2\/tags?post=588"}],"curies":[{"name":"wp","href":"https:\/\/api.w.org\/{rel}","templated":true}]}}