{"id":5864,"date":"2024-08-01T04:16:58","date_gmt":"2024-08-01T07:16:58","guid":{"rendered":"https:\/\/diariodepe.com.br\/cri\/?p=5864"},"modified":"2024-08-01T04:16:58","modified_gmt":"2024-08-01T07:16:58","slug":"cmg-realiza-dialogo-global-oportunidades-mundiais-do-aprofundamento-da-reforma-da-china-na-nova-era-na-africa","status":"publish","type":"post","link":"https:\/\/diariodepe.com.br\/cri\/2024\/08\/01\/cmg-realiza-dialogo-global-oportunidades-mundiais-do-aprofundamento-da-reforma-da-china-na-nova-era-na-africa\/","title":{"rendered":"CMG realiza di\u00e1logo global \u201cOportunidades Mundiais do Aprofundamento da Reforma da China na Nova Era\u201d na \u00c1frica"},"content":{"rendered":"<p>O di\u00e1logo global sobre \u201cOportunidades Mundiais do Aprofundamento da Reforma da China na Nova Era\u201d, organizado pelo Grupo de M\u00eddia da China (CMG, na sigla em ingl\u00eas), foi realizado nos dias 24 e 25 de julho com a Sess\u00e3o Africana da Juventude, a Sess\u00e3o Africana da M\u00eddia e a Sess\u00e3o Nigeriana.<\/p>\n<p class=\"photo_img_20190808\"><img decoding=\"async\" src=\"https:\/\/p3crires.cri.cn\/photoworkspace\/cri\/contentimg\/2024\/07\/28\/2024072820042516893.jpg\" alt=\"\" width=\"1000\" \/><\/p>\n<p>O evento contou com a participa\u00e7\u00e3o de pol\u00edticos, especialistas, acad\u00eamicos, representantes de meios de comunica\u00e7\u00e3o social e l\u00edderes de opini\u00e3o de muitos pa\u00edses africanos, incluindo Nig\u00e9ria, Burkina Faso e Chade.<\/p>\n<p class=\"photo_img_20190808\"><img decoding=\"async\" src=\"https:\/\/p3crires.cri.cn\/photoworkspace\/cri\/contentimg\/2024\/07\/28\/2024072820041913001.jpg\" alt=\"\" width=\"1000\" \/><\/p>\n<p>Com sua pr\u00f3pria experi\u00eancia na China e exemplos de coopera\u00e7\u00e3o China-\u00c1frica, os participantes estrangeiros e os convidados chineses discutiram a influ\u00eancia de longo alcance da 3\u00aa sess\u00e3o plen\u00e1ria do 20\u00ba Comit\u00ea Central do Partido Comunista da China (PCCh) no mundo e exploraram em profundidade importantes revela\u00e7\u00f5es e oportunidades que o aprofundamento da reforma chinesa na nova era trar\u00e1 para os pa\u00edses africanos.<\/p>\n<p class=\"photo_img_20190808\"><img decoding=\"async\" src=\"https:\/\/p2crires.cri.cn\/photoworkspace\/cri\/contentimg\/2024\/07\/28\/2024072820040713674.jpg\" alt=\"\" width=\"1000\" \/><\/p>\n<p>Muitos dos principais meios de comunica\u00e7\u00e3o da \u00c1frica, incluindo os canais de televis\u00e3o Nigeria Today, o Nacional do Chade e Guin\u00e9 FIM, a Ag\u00eancia de Not\u00edcias do Estado da \u00c1frica Central e a Ag\u00eancia de Not\u00edcias da Nig\u00e9ria fizeram a cobertura do lan\u00e7amento.<\/p>\n","protected":false},"excerpt":{"rendered":"<p>O di\u00e1logo global sobre \u201cOportunidades Mundiais do Aprofundamento da Reforma da China na Nova Era\u201d, organizado pelo Grupo de M\u00eddia da China (CMG, na sigla em ingl\u00eas), foi realizado nos dias 24 e 25 de julho com a Sess\u00e3o Africana&#8230;<\/p>\n","protected":false},"author":2,"featured_media":0,"comment_status":"open","ping_status":"open","sticky":false,"template":"","format":"standard","meta":{"footnotes":""},"categories":[8],"tags":[],"class_list":["post-5864","post","type-post","status-publish","format-standard","hentry","category-internacional"],"yoast_head":"<!-- This site is optimized with the Yoast SEO plugin v27.4 - https:\/\/yoast.com\/product\/yoast-seo-wordpress\/ -->\n<title>CMG realiza di\u00e1logo global \u201cOportunidades Mundiais do Aprofundamento da Reforma da China na Nova Era\u201d na \u00c1frica - CRI e Diario de Pernambuco<\/title>\n<meta name=\"robots\" content=\"index, follow, max-snippet:-1, max-image-preview:large, max-video-preview:-1\" \/>\n<link rel=\"canonical\" href=\"https:\/\/diariodepe.com.br\/cri\/2024\/08\/01\/cmg-realiza-dialogo-global-oportunidades-mundiais-do-aprofundamento-da-reforma-da-china-na-nova-era-na-africa\/\" \/>\n<meta property=\"og:locale\" content=\"pt_BR\" \/>\n<meta property=\"og:type\" content=\"article\" \/>\n<meta property=\"og:title\" content=\"CMG realiza di\u00e1logo global \u201cOportunidades Mundiais do Aprofundamento da Reforma da China na Nova Era\u201d na \u00c1frica - CRI e Diario de Pernambuco\" \/>\n<meta property=\"og:description\" content=\"O di\u00e1logo global sobre \u201cOportunidades Mundiais do Aprofundamento da Reforma da China na Nova Era\u201d, organizado pelo Grupo de M\u00eddia da China (CMG, na sigla em ingl\u00eas), foi realizado nos dias 24 e 25 de julho com a Sess\u00e3o Africana...\" \/>\n<meta property=\"og:url\" content=\"https:\/\/diariodepe.com.br\/cri\/2024\/08\/01\/cmg-realiza-dialogo-global-oportunidades-mundiais-do-aprofundamento-da-reforma-da-china-na-nova-era-na-africa\/\" \/>\n<meta property=\"og:site_name\" content=\"CRI e Diario de Pernambuco\" \/>\n<meta property=\"article:published_time\" content=\"2024-08-01T07:16:58+00:00\" \/>\n<meta property=\"og:image\" content=\"https:\/\/p3crires.cri.cn\/photoworkspace\/cri\/contentimg\/2024\/07\/28\/2024072820042516893.jpg\" \/>\n<meta name=\"author\" content=\"Ismael Lucas S. Pereira\" \/>\n<meta name=\"twitter:card\" content=\"summary_large_image\" \/>\n<meta name=\"twitter:label1\" content=\"Escrito por\" \/>\n\t<meta name=\"twitter:data1\" content=\"Ismael Lucas S. Pereira\" \/>\n<script type=\"application\/ld+json\" class=\"yoast-schema-graph\">{\"@context\":\"https:\\\/\\\/schema.org\",\"@graph\":[{\"@type\":\"Article\",\"@id\":\"https:\\\/\\\/diariodepe.com.br\\\/cri\\\/2024\\\/08\\\/01\\\/cmg-realiza-dialogo-global-oportunidades-mundiais-do-aprofundamento-da-reforma-da-china-na-nova-era-na-africa\\\/#article\",\"isPartOf\":{\"@id\":\"https:\\\/\\\/diariodepe.com.br\\\/cri\\\/2024\\\/08\\\/01\\\/cmg-realiza-dialogo-global-oportunidades-mundiais-do-aprofundamento-da-reforma-da-china-na-nova-era-na-africa\\\/\"},\"author\":{\"name\":\"Ismael Lucas S. Pereira\",\"@id\":\"https:\\\/\\\/diariodepe.com.br\\\/cri\\\/#\\\/schema\\\/person\\\/121bb28d84f1a5b1205ef4ce9c2e0c6b\"},\"headline\":\"CMG realiza di\u00e1logo global \u201cOportunidades Mundiais do Aprofundamento da Reforma da China na Nova Era\u201d na \u00c1frica\",\"datePublished\":\"2024-08-01T07:16:58+00:00\",\"mainEntityOfPage\":{\"@id\":\"https:\\\/\\\/diariodepe.com.br\\\/cri\\\/2024\\\/08\\\/01\\\/cmg-realiza-dialogo-global-oportunidades-mundiais-do-aprofundamento-da-reforma-da-china-na-nova-era-na-africa\\\/\"},\"wordCount\":232,\"commentCount\":0,\"publisher\":{\"@id\":\"https:\\\/\\\/diariodepe.com.br\\\/cri\\\/#organization\"},\"image\":{\"@id\":\"https:\\\/\\\/diariodepe.com.br\\\/cri\\\/2024\\\/08\\\/01\\\/cmg-realiza-dialogo-global-oportunidades-mundiais-do-aprofundamento-da-reforma-da-china-na-nova-era-na-africa\\\/#primaryimage\"},\"thumbnailUrl\":\"https:\\\/\\\/p3crires.cri.cn\\\/photoworkspace\\\/cri\\\/contentimg\\\/2024\\\/07\\\/28\\\/2024072820042516893.jpg\",\"articleSection\":[\"Internacional\"],\"inLanguage\":\"pt-BR\",\"potentialAction\":[{\"@type\":\"CommentAction\",\"name\":\"Comment\",\"target\":[\"https:\\\/\\\/diariodepe.com.br\\\/cri\\\/2024\\\/08\\\/01\\\/cmg-realiza-dialogo-global-oportunidades-mundiais-do-aprofundamento-da-reforma-da-china-na-nova-era-na-africa\\\/#respond\"]}]},{\"@type\":\"WebPage\",\"@id\":\"https:\\\/\\\/diariodepe.com.br\\\/cri\\\/2024\\\/08\\\/01\\\/cmg-realiza-dialogo-global-oportunidades-mundiais-do-aprofundamento-da-reforma-da-china-na-nova-era-na-africa\\\/\",\"url\":\"https:\\\/\\\/diariodepe.com.br\\\/cri\\\/2024\\\/08\\\/01\\\/cmg-realiza-dialogo-global-oportunidades-mundiais-do-aprofundamento-da-reforma-da-china-na-nova-era-na-africa\\\/\",\"name\":\"CMG realiza di\u00e1logo global \u201cOportunidades Mundiais do Aprofundamento da Reforma da China na Nova Era\u201d na \u00c1frica - CRI e Diario de Pernambuco\",\"isPartOf\":{\"@id\":\"https:\\\/\\\/diariodepe.com.br\\\/cri\\\/#website\"},\"primaryImageOfPage\":{\"@id\":\"https:\\\/\\\/diariodepe.com.br\\\/cri\\\/2024\\\/08\\\/01\\\/cmg-realiza-dialogo-global-oportunidades-mundiais-do-aprofundamento-da-reforma-da-china-na-nova-era-na-africa\\\/#primaryimage\"},\"image\":{\"@id\":\"https:\\\/\\\/diariodepe.com.br\\\/cri\\\/2024\\\/08\\\/01\\\/cmg-realiza-dialogo-global-oportunidades-mundiais-do-aprofundamento-da-reforma-da-china-na-nova-era-na-africa\\\/#primaryimage\"},\"thumbnailUrl\":\"https:\\\/\\\/p3crires.cri.cn\\\/photoworkspace\\\/cri\\\/contentimg\\\/2024\\\/07\\\/28\\\/2024072820042516893.jpg\",\"datePublished\":\"2024-08-01T07:16:58+00:00\",\"breadcrumb\":{\"@id\":\"https:\\\/\\\/diariodepe.com.br\\\/cri\\\/2024\\\/08\\\/01\\\/cmg-realiza-dialogo-global-oportunidades-mundiais-do-aprofundamento-da-reforma-da-china-na-nova-era-na-africa\\\/#breadcrumb\"},\"inLanguage\":\"pt-BR\",\"potentialAction\":[{\"@type\":\"ReadAction\",\"target\":[\"https:\\\/\\\/diariodepe.com.br\\\/cri\\\/2024\\\/08\\\/01\\\/cmg-realiza-dialogo-global-oportunidades-mundiais-do-aprofundamento-da-reforma-da-china-na-nova-era-na-africa\\\/\"]}]},{\"@type\":\"ImageObject\",\"inLanguage\":\"pt-BR\",\"@id\":\"https:\\\/\\\/diariodepe.com.br\\\/cri\\\/2024\\\/08\\\/01\\\/cmg-realiza-dialogo-global-oportunidades-mundiais-do-aprofundamento-da-reforma-da-china-na-nova-era-na-africa\\\/#primaryimage\",\"url\":\"https:\\\/\\\/p3crires.cri.cn\\\/photoworkspace\\\/cri\\\/contentimg\\\/2024\\\/07\\\/28\\\/2024072820042516893.jpg\",\"contentUrl\":\"https:\\\/\\\/p3crires.cri.cn\\\/photoworkspace\\\/cri\\\/contentimg\\\/2024\\\/07\\\/28\\\/2024072820042516893.jpg\"},{\"@type\":\"BreadcrumbList\",\"@id\":\"https:\\\/\\\/diariodepe.com.br\\\/cri\\\/2024\\\/08\\\/01\\\/cmg-realiza-dialogo-global-oportunidades-mundiais-do-aprofundamento-da-reforma-da-china-na-nova-era-na-africa\\\/#breadcrumb\",\"itemListElement\":[{\"@type\":\"ListItem\",\"position\":1,\"name\":\"In\u00edcio\",\"item\":\"https:\\\/\\\/diariodepe.com.br\\\/cri\\\/\"},{\"@type\":\"ListItem\",\"position\":2,\"name\":\"CMG realiza di\u00e1logo global \u201cOportunidades Mundiais do Aprofundamento da Reforma da China na Nova Era\u201d na \u00c1frica\"}]},{\"@type\":\"WebSite\",\"@id\":\"https:\\\/\\\/diariodepe.com.br\\\/cri\\\/#website\",\"url\":\"https:\\\/\\\/diariodepe.com.br\\\/cri\\\/\",\"name\":\"CRI e Diario de Pernambuco\",\"description\":\"R\u00e1dio Internacional da China\",\"publisher\":{\"@id\":\"https:\\\/\\\/diariodepe.com.br\\\/cri\\\/#organization\"},\"potentialAction\":[{\"@type\":\"SearchAction\",\"target\":{\"@type\":\"EntryPoint\",\"urlTemplate\":\"https:\\\/\\\/diariodepe.com.br\\\/cri\\\/?s={search_term_string}\"},\"query-input\":{\"@type\":\"PropertyValueSpecification\",\"valueRequired\":true,\"valueName\":\"search_term_string\"}}],\"inLanguage\":\"pt-BR\"},{\"@type\":\"Organization\",\"@id\":\"https:\\\/\\\/diariodepe.com.br\\\/cri\\\/#organization\",\"name\":\"CRI e Diario de Pernambuco\",\"url\":\"https:\\\/\\\/diariodepe.com.br\\\/cri\\\/\",\"logo\":{\"@type\":\"ImageObject\",\"inLanguage\":\"pt-BR\",\"@id\":\"https:\\\/\\\/diariodepe.com.br\\\/cri\\\/#\\\/schema\\\/logo\\\/image\\\/\",\"url\":\"https:\\\/\\\/diariodepe.com.br\\\/cri\\\/wp-content\\\/uploads\\\/sites\\\/2\\\/2022\\\/12\\\/cropped-Logo.jpg\",\"contentUrl\":\"https:\\\/\\\/diariodepe.com.br\\\/cri\\\/wp-content\\\/uploads\\\/sites\\\/2\\\/2022\\\/12\\\/cropped-Logo.jpg\",\"width\":700,\"height\":59,\"caption\":\"CRI e Diario de Pernambuco\"},\"image\":{\"@id\":\"https:\\\/\\\/diariodepe.com.br\\\/cri\\\/#\\\/schema\\\/logo\\\/image\\\/\"}},{\"@type\":\"Person\",\"@id\":\"https:\\\/\\\/diariodepe.com.br\\\/cri\\\/#\\\/schema\\\/person\\\/121bb28d84f1a5b1205ef4ce9c2e0c6b\",\"name\":\"Ismael Lucas S. Pereira\",\"image\":{\"@type\":\"ImageObject\",\"inLanguage\":\"pt-BR\",\"@id\":\"https:\\\/\\\/secure.gravatar.com\\\/avatar\\\/887a0f3b5a7ceea963a48499fb883ffce6b5037362def025c52c2505b15d63e4?s=96&d=mm&r=g\",\"url\":\"https:\\\/\\\/secure.gravatar.com\\\/avatar\\\/887a0f3b5a7ceea963a48499fb883ffce6b5037362def025c52c2505b15d63e4?s=96&d=mm&r=g\",\"contentUrl\":\"https:\\\/\\\/secure.gravatar.com\\\/avatar\\\/887a0f3b5a7ceea963a48499fb883ffce6b5037362def025c52c2505b15d63e4?s=96&d=mm&r=g\",\"caption\":\"Ismael Lucas S. Pereira\"},\"url\":\"https:\\\/\\\/diariodepe.com.br\\\/cri\\\/author\\\/ismael-lucas\\\/\"}]}<\/script>\n<!-- \/ Yoast SEO plugin. -->","yoast_head_json":{"title":"CMG realiza di\u00e1logo global \u201cOportunidades Mundiais do Aprofundamento da Reforma da China na Nova Era\u201d na \u00c1frica - CRI e Diario de Pernambuco","robots":{"index":"index","follow":"follow","max-snippet":"max-snippet:-1","max-image-preview":"max-image-preview:large","max-video-preview":"max-video-preview:-1"},"canonical":"https:\/\/diariodepe.com.br\/cri\/2024\/08\/01\/cmg-realiza-dialogo-global-oportunidades-mundiais-do-aprofundamento-da-reforma-da-china-na-nova-era-na-africa\/","og_locale":"pt_BR","og_type":"article","og_title":"CMG realiza di\u00e1logo global \u201cOportunidades Mundiais do Aprofundamento da Reforma da China na Nova Era\u201d na \u00c1frica - CRI e Diario de Pernambuco","og_description":"O di\u00e1logo global sobre \u201cOportunidades Mundiais do Aprofundamento da Reforma da China na Nova Era\u201d, organizado pelo Grupo de M\u00eddia da China (CMG, na sigla em ingl\u00eas), foi realizado nos dias 24 e 25 de julho com a Sess\u00e3o Africana...","og_url":"https:\/\/diariodepe.com.br\/cri\/2024\/08\/01\/cmg-realiza-dialogo-global-oportunidades-mundiais-do-aprofundamento-da-reforma-da-china-na-nova-era-na-africa\/","og_site_name":"CRI e Diario de Pernambuco","article_published_time":"2024-08-01T07:16:58+00:00","og_image":[{"url":"https:\/\/p3crires.cri.cn\/photoworkspace\/cri\/contentimg\/2024\/07\/28\/2024072820042516893.jpg","type":"","width":"","height":""}],"author":"Ismael Lucas S. Pereira","twitter_card":"summary_large_image","twitter_misc":{"Escrito por":"Ismael Lucas S. Pereira"},"schema":{"@context":"https:\/\/schema.org","@graph":[{"@type":"Article","@id":"https:\/\/diariodepe.com.br\/cri\/2024\/08\/01\/cmg-realiza-dialogo-global-oportunidades-mundiais-do-aprofundamento-da-reforma-da-china-na-nova-era-na-africa\/#article","isPartOf":{"@id":"https:\/\/diariodepe.com.br\/cri\/2024\/08\/01\/cmg-realiza-dialogo-global-oportunidades-mundiais-do-aprofundamento-da-reforma-da-china-na-nova-era-na-africa\/"},"author":{"name":"Ismael Lucas S. Pereira","@id":"https:\/\/diariodepe.com.br\/cri\/#\/schema\/person\/121bb28d84f1a5b1205ef4ce9c2e0c6b"},"headline":"CMG realiza di\u00e1logo global \u201cOportunidades Mundiais do Aprofundamento da Reforma da China na Nova Era\u201d na \u00c1frica","datePublished":"2024-08-01T07:16:58+00:00","mainEntityOfPage":{"@id":"https:\/\/diariodepe.com.br\/cri\/2024\/08\/01\/cmg-realiza-dialogo-global-oportunidades-mundiais-do-aprofundamento-da-reforma-da-china-na-nova-era-na-africa\/"},"wordCount":232,"commentCount":0,"publisher":{"@id":"https:\/\/diariodepe.com.br\/cri\/#organization"},"image":{"@id":"https:\/\/diariodepe.com.br\/cri\/2024\/08\/01\/cmg-realiza-dialogo-global-oportunidades-mundiais-do-aprofundamento-da-reforma-da-china-na-nova-era-na-africa\/#primaryimage"},"thumbnailUrl":"https:\/\/p3crires.cri.cn\/photoworkspace\/cri\/contentimg\/2024\/07\/28\/2024072820042516893.jpg","articleSection":["Internacional"],"inLanguage":"pt-BR","potentialAction":[{"@type":"CommentAction","name":"Comment","target":["https:\/\/diariodepe.com.br\/cri\/2024\/08\/01\/cmg-realiza-dialogo-global-oportunidades-mundiais-do-aprofundamento-da-reforma-da-china-na-nova-era-na-africa\/#respond"]}]},{"@type":"WebPage","@id":"https:\/\/diariodepe.com.br\/cri\/2024\/08\/01\/cmg-realiza-dialogo-global-oportunidades-mundiais-do-aprofundamento-da-reforma-da-china-na-nova-era-na-africa\/","url":"https:\/\/diariodepe.com.br\/cri\/2024\/08\/01\/cmg-realiza-dialogo-global-oportunidades-mundiais-do-aprofundamento-da-reforma-da-china-na-nova-era-na-africa\/","name":"CMG realiza di\u00e1logo global \u201cOportunidades Mundiais do Aprofundamento da Reforma da China na Nova Era\u201d na \u00c1frica - CRI e Diario de Pernambuco","isPartOf":{"@id":"https:\/\/diariodepe.com.br\/cri\/#website"},"primaryImageOfPage":{"@id":"https:\/\/diariodepe.com.br\/cri\/2024\/08\/01\/cmg-realiza-dialogo-global-oportunidades-mundiais-do-aprofundamento-da-reforma-da-china-na-nova-era-na-africa\/#primaryimage"},"image":{"@id":"https:\/\/diariodepe.com.br\/cri\/2024\/08\/01\/cmg-realiza-dialogo-global-oportunidades-mundiais-do-aprofundamento-da-reforma-da-china-na-nova-era-na-africa\/#primaryimage"},"thumbnailUrl":"https:\/\/p3crires.cri.cn\/photoworkspace\/cri\/contentimg\/2024\/07\/28\/2024072820042516893.jpg","datePublished":"2024-08-01T07:16:58+00:00","breadcrumb":{"@id":"https:\/\/diariodepe.com.br\/cri\/2024\/08\/01\/cmg-realiza-dialogo-global-oportunidades-mundiais-do-aprofundamento-da-reforma-da-china-na-nova-era-na-africa\/#breadcrumb"},"inLanguage":"pt-BR","potentialAction":[{"@type":"ReadAction","target":["https:\/\/diariodepe.com.br\/cri\/2024\/08\/01\/cmg-realiza-dialogo-global-oportunidades-mundiais-do-aprofundamento-da-reforma-da-china-na-nova-era-na-africa\/"]}]},{"@type":"ImageObject","inLanguage":"pt-BR","@id":"https:\/\/diariodepe.com.br\/cri\/2024\/08\/01\/cmg-realiza-dialogo-global-oportunidades-mundiais-do-aprofundamento-da-reforma-da-china-na-nova-era-na-africa\/#primaryimage","url":"https:\/\/p3crires.cri.cn\/photoworkspace\/cri\/contentimg\/2024\/07\/28\/2024072820042516893.jpg","contentUrl":"https:\/\/p3crires.cri.cn\/photoworkspace\/cri\/contentimg\/2024\/07\/28\/2024072820042516893.jpg"},{"@type":"BreadcrumbList","@id":"https:\/\/diariodepe.com.br\/cri\/2024\/08\/01\/cmg-realiza-dialogo-global-oportunidades-mundiais-do-aprofundamento-da-reforma-da-china-na-nova-era-na-africa\/#breadcrumb","itemListElement":[{"@type":"ListItem","position":1,"name":"In\u00edcio","item":"https:\/\/diariodepe.com.br\/cri\/"},{"@type":"ListItem","position":2,"name":"CMG realiza di\u00e1logo global \u201cOportunidades Mundiais do Aprofundamento da Reforma da China na Nova Era\u201d na \u00c1frica"}]},{"@type":"WebSite","@id":"https:\/\/diariodepe.com.br\/cri\/#website","url":"https:\/\/diariodepe.com.br\/cri\/","name":"CRI e Diario de Pernambuco","description":"R\u00e1dio Internacional da China","publisher":{"@id":"https:\/\/diariodepe.com.br\/cri\/#organization"},"potentialAction":[{"@type":"SearchAction","target":{"@type":"EntryPoint","urlTemplate":"https:\/\/diariodepe.com.br\/cri\/?s={search_term_string}"},"query-input":{"@type":"PropertyValueSpecification","valueRequired":true,"valueName":"search_term_string"}}],"inLanguage":"pt-BR"},{"@type":"Organization","@id":"https:\/\/diariodepe.com.br\/cri\/#organization","name":"CRI e Diario de Pernambuco","url":"https:\/\/diariodepe.com.br\/cri\/","logo":{"@type":"ImageObject","inLanguage":"pt-BR","@id":"https:\/\/diariodepe.com.br\/cri\/#\/schema\/logo\/image\/","url":"https:\/\/diariodepe.com.br\/cri\/wp-content\/uploads\/sites\/2\/2022\/12\/cropped-Logo.jpg","contentUrl":"https:\/\/diariodepe.com.br\/cri\/wp-content\/uploads\/sites\/2\/2022\/12\/cropped-Logo.jpg","width":700,"height":59,"caption":"CRI e Diario de Pernambuco"},"image":{"@id":"https:\/\/diariodepe.com.br\/cri\/#\/schema\/logo\/image\/"}},{"@type":"Person","@id":"https:\/\/diariodepe.com.br\/cri\/#\/schema\/person\/121bb28d84f1a5b1205ef4ce9c2e0c6b","name":"Ismael Lucas S. Pereira","image":{"@type":"ImageObject","inLanguage":"pt-BR","@id":"https:\/\/secure.gravatar.com\/avatar\/887a0f3b5a7ceea963a48499fb883ffce6b5037362def025c52c2505b15d63e4?s=96&d=mm&r=g","url":"https:\/\/secure.gravatar.com\/avatar\/887a0f3b5a7ceea963a48499fb883ffce6b5037362def025c52c2505b15d63e4?s=96&d=mm&r=g","contentUrl":"https:\/\/secure.gravatar.com\/avatar\/887a0f3b5a7ceea963a48499fb883ffce6b5037362def025c52c2505b15d63e4?s=96&d=mm&r=g","caption":"Ismael Lucas S. Pereira"},"url":"https:\/\/diariodepe.com.br\/cri\/author\/ismael-lucas\/"}]}},"cc_featured_image_caption":{"caption_text":false,"source_text":false,"source_url":false},"amp_enabled":true,"_links":{"self":[{"href":"https:\/\/diariodepe.com.br\/cri\/wp-json\/wp\/v2\/posts\/5864","targetHints":{"allow":["GET"]}}],"collection":[{"href":"https:\/\/diariodepe.com.br\/cri\/wp-json\/wp\/v2\/posts"}],"about":[{"href":"https:\/\/diariodepe.com.br\/cri\/wp-json\/wp\/v2\/types\/post"}],"author":[{"embeddable":true,"href":"https:\/\/diariodepe.com.br\/cri\/wp-json\/wp\/v2\/users\/2"}],"replies":[{"embeddable":true,"href":"https:\/\/diariodepe.com.br\/cri\/wp-json\/wp\/v2\/comments?post=5864"}],"version-history":[{"count":1,"href":"https:\/\/diariodepe.com.br\/cri\/wp-json\/wp\/v2\/posts\/5864\/revisions"}],"predecessor-version":[{"id":5865,"href":"https:\/\/diariodepe.com.br\/cri\/wp-json\/wp\/v2\/posts\/5864\/revisions\/5865"}],"wp:attachment":[{"href":"https:\/\/diariodepe.com.br\/cri\/wp-json\/wp\/v2\/media?parent=5864"}],"wp:term":[{"taxonomy":"category","embeddable":true,"href":"https:\/\/diariodepe.com.br\/cri\/wp-json\/wp\/v2\/categories?post=5864"},{"taxonomy":"post_tag","embeddable":true,"href":"https:\/\/diariodepe.com.br\/cri\/wp-json\/wp\/v2\/tags?post=5864"}],"curies":[{"name":"wp","href":"https:\/\/api.w.org\/{rel}","templated":true}]}}