{"id":5860,"date":"2024-07-25T04:13:30","date_gmt":"2024-07-25T07:13:30","guid":{"rendered":"https:\/\/diariodepe.com.br\/cri\/?p=5860"},"modified":"2024-08-01T04:14:05","modified_gmt":"2024-08-01T07:14:05","slug":"buenos-aires-recebe-dialogo-global-oportunidades-mundiais-no-aprofundamento-da-reforma-da-china-na-nova-era","status":"publish","type":"post","link":"https:\/\/diariodepe.com.br\/cri\/2024\/07\/25\/buenos-aires-recebe-dialogo-global-oportunidades-mundiais-no-aprofundamento-da-reforma-da-china-na-nova-era\/","title":{"rendered":"Buenos Aires recebe di\u00e1logo global \u201cOportunidades mundiais no aprofundamento da reforma da China na nova era\u201d"},"content":{"rendered":"<p class=\"photo_img_20190808\"><img decoding=\"async\" src=\"https:\/\/p4crires.cri.cn\/photoworkspace\/cri\/contentimg\/2024\/07\/25\/2024072510494935525.jpg\" alt=\"\" width=\"1000\" \/>01<\/p>\n<p>O di\u00e1logo global \u201cOportunidades mundiais\u00a0no aprofundamento da reforma da China na nova era\u201d\u00a0foi realizado em Buenos Aires, capital da Argentina,\u00a0no \u00faltimo dia 22.<\/p>\n<p>O evento, organizado pelo Grupo de M\u00eddia da China (CMG, sigla em ingl\u00eas), contou com a participa\u00e7\u00e3o do embaixador chin\u00eas na Argentina, Wang Wei, tamb\u00e9m especialistas de Think Tanks, representantes da m\u00eddia, e professores e alunos da Universidade de Buenos Aires.<\/p>\n<p class=\"photo_img_20190808\"><img decoding=\"async\" src=\"https:\/\/p5crires.cri.cn\/photoworkspace\/cri\/contentimg\/2024\/07\/25\/2024072510495950501.jpg\" alt=\"\" width=\"1000\" \/><\/p>\n<p>Em uma mensagem por\u00a0v\u00eddeo, o presidente\u00a0do\u00a0CMG, Shen Haixiong, disse que o aprofundamento integral\u00a0da reforma da China na nova era \u00e9\u00a0um passo\u00a0crucial para promover a revitaliza\u00e7\u00e3o nacional e a constru\u00e7\u00e3o de um grande pa\u00eds por meio da moderniza\u00e7\u00e3o, oferecendo certamente novas oportunidades e novos impulsos para o desenvolvimento de outros pa\u00edses do mundo.<\/p>\n<p>Segundo Shen, o CMG tem o compromisso de contar as hist\u00f3rias da reforma e abertura e da moderniza\u00e7\u00e3o da China, esfor\u00e7ando-se para estabelecer pontes e la\u00e7os para o interc\u00e2mbio, bem como di\u00e1logo para a aprendizagem m\u00fatua entre a China e o resto do mundo.25<\/p>\n","protected":false},"excerpt":{"rendered":"<p>01 O di\u00e1logo global \u201cOportunidades mundiais\u00a0no aprofundamento da reforma da China na nova era\u201d\u00a0foi realizado em Buenos Aires, capital da Argentina,\u00a0no \u00faltimo dia 22. O evento, organizado pelo Grupo de M\u00eddia da China (CMG, sigla em ingl\u00eas), contou com a&#8230;<\/p>\n","protected":false},"author":2,"featured_media":0,"comment_status":"open","ping_status":"open","sticky":false,"template":"","format":"standard","meta":{"footnotes":""},"categories":[3],"tags":[],"class_list":["post-5860","post","type-post","status-publish","format-standard","hentry","category-china"],"yoast_head":"<!-- This site is optimized with the Yoast SEO plugin v27.4 - https:\/\/yoast.com\/product\/yoast-seo-wordpress\/ -->\n<title>Buenos Aires recebe di\u00e1logo global \u201cOportunidades mundiais no aprofundamento da reforma da China na nova era\u201d - CRI e Diario de Pernambuco<\/title>\n<meta name=\"robots\" content=\"index, follow, max-snippet:-1, max-image-preview:large, max-video-preview:-1\" \/>\n<link rel=\"canonical\" href=\"https:\/\/diariodepe.com.br\/cri\/2024\/07\/25\/buenos-aires-recebe-dialogo-global-oportunidades-mundiais-no-aprofundamento-da-reforma-da-china-na-nova-era\/\" \/>\n<meta property=\"og:locale\" content=\"pt_BR\" \/>\n<meta property=\"og:type\" content=\"article\" \/>\n<meta property=\"og:title\" content=\"Buenos Aires recebe di\u00e1logo global \u201cOportunidades mundiais no aprofundamento da reforma da China na nova era\u201d - CRI e Diario de Pernambuco\" \/>\n<meta property=\"og:description\" content=\"01 O di\u00e1logo global \u201cOportunidades mundiais\u00a0no aprofundamento da reforma da China na nova era\u201d\u00a0foi realizado em Buenos Aires, capital da Argentina,\u00a0no \u00faltimo dia 22. O evento, organizado pelo Grupo de M\u00eddia da China (CMG, sigla em ingl\u00eas), contou com a...\" \/>\n<meta property=\"og:url\" content=\"https:\/\/diariodepe.com.br\/cri\/2024\/07\/25\/buenos-aires-recebe-dialogo-global-oportunidades-mundiais-no-aprofundamento-da-reforma-da-china-na-nova-era\/\" \/>\n<meta property=\"og:site_name\" content=\"CRI e Diario de Pernambuco\" \/>\n<meta property=\"article:published_time\" content=\"2024-07-25T07:13:30+00:00\" \/>\n<meta property=\"article:modified_time\" content=\"2024-08-01T07:14:05+00:00\" \/>\n<meta property=\"og:image\" content=\"https:\/\/p4crires.cri.cn\/photoworkspace\/cri\/contentimg\/2024\/07\/25\/2024072510494935525.jpg\" \/>\n<meta name=\"author\" content=\"Ismael Lucas S. Pereira\" \/>\n<meta name=\"twitter:card\" content=\"summary_large_image\" \/>\n<meta name=\"twitter:label1\" content=\"Escrito por\" \/>\n\t<meta name=\"twitter:data1\" content=\"Ismael Lucas S. Pereira\" \/>\n\t<meta name=\"twitter:label2\" content=\"Est. tempo de leitura\" \/>\n\t<meta name=\"twitter:data2\" content=\"2 minutos\" \/>\n<script type=\"application\/ld+json\" class=\"yoast-schema-graph\">{\"@context\":\"https:\\\/\\\/schema.org\",\"@graph\":[{\"@type\":\"Article\",\"@id\":\"https:\\\/\\\/diariodepe.com.br\\\/cri\\\/2024\\\/07\\\/25\\\/buenos-aires-recebe-dialogo-global-oportunidades-mundiais-no-aprofundamento-da-reforma-da-china-na-nova-era\\\/#article\",\"isPartOf\":{\"@id\":\"https:\\\/\\\/diariodepe.com.br\\\/cri\\\/2024\\\/07\\\/25\\\/buenos-aires-recebe-dialogo-global-oportunidades-mundiais-no-aprofundamento-da-reforma-da-china-na-nova-era\\\/\"},\"author\":{\"name\":\"Ismael Lucas S. Pereira\",\"@id\":\"https:\\\/\\\/diariodepe.com.br\\\/cri\\\/#\\\/schema\\\/person\\\/121bb28d84f1a5b1205ef4ce9c2e0c6b\"},\"headline\":\"Buenos Aires recebe di\u00e1logo global \u201cOportunidades mundiais no aprofundamento da reforma da China na nova era\u201d\",\"datePublished\":\"2024-07-25T07:13:30+00:00\",\"dateModified\":\"2024-08-01T07:14:05+00:00\",\"mainEntityOfPage\":{\"@id\":\"https:\\\/\\\/diariodepe.com.br\\\/cri\\\/2024\\\/07\\\/25\\\/buenos-aires-recebe-dialogo-global-oportunidades-mundiais-no-aprofundamento-da-reforma-da-china-na-nova-era\\\/\"},\"wordCount\":204,\"commentCount\":0,\"publisher\":{\"@id\":\"https:\\\/\\\/diariodepe.com.br\\\/cri\\\/#organization\"},\"image\":{\"@id\":\"https:\\\/\\\/diariodepe.com.br\\\/cri\\\/2024\\\/07\\\/25\\\/buenos-aires-recebe-dialogo-global-oportunidades-mundiais-no-aprofundamento-da-reforma-da-china-na-nova-era\\\/#primaryimage\"},\"thumbnailUrl\":\"https:\\\/\\\/p4crires.cri.cn\\\/photoworkspace\\\/cri\\\/contentimg\\\/2024\\\/07\\\/25\\\/2024072510494935525.jpg\",\"articleSection\":[\"China\"],\"inLanguage\":\"pt-BR\",\"potentialAction\":[{\"@type\":\"CommentAction\",\"name\":\"Comment\",\"target\":[\"https:\\\/\\\/diariodepe.com.br\\\/cri\\\/2024\\\/07\\\/25\\\/buenos-aires-recebe-dialogo-global-oportunidades-mundiais-no-aprofundamento-da-reforma-da-china-na-nova-era\\\/#respond\"]}]},{\"@type\":\"WebPage\",\"@id\":\"https:\\\/\\\/diariodepe.com.br\\\/cri\\\/2024\\\/07\\\/25\\\/buenos-aires-recebe-dialogo-global-oportunidades-mundiais-no-aprofundamento-da-reforma-da-china-na-nova-era\\\/\",\"url\":\"https:\\\/\\\/diariodepe.com.br\\\/cri\\\/2024\\\/07\\\/25\\\/buenos-aires-recebe-dialogo-global-oportunidades-mundiais-no-aprofundamento-da-reforma-da-china-na-nova-era\\\/\",\"name\":\"Buenos Aires recebe di\u00e1logo global \u201cOportunidades mundiais no aprofundamento da reforma da China na nova era\u201d - CRI e Diario de Pernambuco\",\"isPartOf\":{\"@id\":\"https:\\\/\\\/diariodepe.com.br\\\/cri\\\/#website\"},\"primaryImageOfPage\":{\"@id\":\"https:\\\/\\\/diariodepe.com.br\\\/cri\\\/2024\\\/07\\\/25\\\/buenos-aires-recebe-dialogo-global-oportunidades-mundiais-no-aprofundamento-da-reforma-da-china-na-nova-era\\\/#primaryimage\"},\"image\":{\"@id\":\"https:\\\/\\\/diariodepe.com.br\\\/cri\\\/2024\\\/07\\\/25\\\/buenos-aires-recebe-dialogo-global-oportunidades-mundiais-no-aprofundamento-da-reforma-da-china-na-nova-era\\\/#primaryimage\"},\"thumbnailUrl\":\"https:\\\/\\\/p4crires.cri.cn\\\/photoworkspace\\\/cri\\\/contentimg\\\/2024\\\/07\\\/25\\\/2024072510494935525.jpg\",\"datePublished\":\"2024-07-25T07:13:30+00:00\",\"dateModified\":\"2024-08-01T07:14:05+00:00\",\"breadcrumb\":{\"@id\":\"https:\\\/\\\/diariodepe.com.br\\\/cri\\\/2024\\\/07\\\/25\\\/buenos-aires-recebe-dialogo-global-oportunidades-mundiais-no-aprofundamento-da-reforma-da-china-na-nova-era\\\/#breadcrumb\"},\"inLanguage\":\"pt-BR\",\"potentialAction\":[{\"@type\":\"ReadAction\",\"target\":[\"https:\\\/\\\/diariodepe.com.br\\\/cri\\\/2024\\\/07\\\/25\\\/buenos-aires-recebe-dialogo-global-oportunidades-mundiais-no-aprofundamento-da-reforma-da-china-na-nova-era\\\/\"]}]},{\"@type\":\"ImageObject\",\"inLanguage\":\"pt-BR\",\"@id\":\"https:\\\/\\\/diariodepe.com.br\\\/cri\\\/2024\\\/07\\\/25\\\/buenos-aires-recebe-dialogo-global-oportunidades-mundiais-no-aprofundamento-da-reforma-da-china-na-nova-era\\\/#primaryimage\",\"url\":\"https:\\\/\\\/p4crires.cri.cn\\\/photoworkspace\\\/cri\\\/contentimg\\\/2024\\\/07\\\/25\\\/2024072510494935525.jpg\",\"contentUrl\":\"https:\\\/\\\/p4crires.cri.cn\\\/photoworkspace\\\/cri\\\/contentimg\\\/2024\\\/07\\\/25\\\/2024072510494935525.jpg\"},{\"@type\":\"BreadcrumbList\",\"@id\":\"https:\\\/\\\/diariodepe.com.br\\\/cri\\\/2024\\\/07\\\/25\\\/buenos-aires-recebe-dialogo-global-oportunidades-mundiais-no-aprofundamento-da-reforma-da-china-na-nova-era\\\/#breadcrumb\",\"itemListElement\":[{\"@type\":\"ListItem\",\"position\":1,\"name\":\"In\u00edcio\",\"item\":\"https:\\\/\\\/diariodepe.com.br\\\/cri\\\/\"},{\"@type\":\"ListItem\",\"position\":2,\"name\":\"Buenos Aires recebe di\u00e1logo global \u201cOportunidades mundiais no aprofundamento da reforma da China na nova era\u201d\"}]},{\"@type\":\"WebSite\",\"@id\":\"https:\\\/\\\/diariodepe.com.br\\\/cri\\\/#website\",\"url\":\"https:\\\/\\\/diariodepe.com.br\\\/cri\\\/\",\"name\":\"CRI e Diario de Pernambuco\",\"description\":\"R\u00e1dio Internacional da China\",\"publisher\":{\"@id\":\"https:\\\/\\\/diariodepe.com.br\\\/cri\\\/#organization\"},\"potentialAction\":[{\"@type\":\"SearchAction\",\"target\":{\"@type\":\"EntryPoint\",\"urlTemplate\":\"https:\\\/\\\/diariodepe.com.br\\\/cri\\\/?s={search_term_string}\"},\"query-input\":{\"@type\":\"PropertyValueSpecification\",\"valueRequired\":true,\"valueName\":\"search_term_string\"}}],\"inLanguage\":\"pt-BR\"},{\"@type\":\"Organization\",\"@id\":\"https:\\\/\\\/diariodepe.com.br\\\/cri\\\/#organization\",\"name\":\"CRI e Diario de Pernambuco\",\"url\":\"https:\\\/\\\/diariodepe.com.br\\\/cri\\\/\",\"logo\":{\"@type\":\"ImageObject\",\"inLanguage\":\"pt-BR\",\"@id\":\"https:\\\/\\\/diariodepe.com.br\\\/cri\\\/#\\\/schema\\\/logo\\\/image\\\/\",\"url\":\"https:\\\/\\\/diariodepe.com.br\\\/cri\\\/wp-content\\\/uploads\\\/sites\\\/2\\\/2022\\\/12\\\/cropped-Logo.jpg\",\"contentUrl\":\"https:\\\/\\\/diariodepe.com.br\\\/cri\\\/wp-content\\\/uploads\\\/sites\\\/2\\\/2022\\\/12\\\/cropped-Logo.jpg\",\"width\":700,\"height\":59,\"caption\":\"CRI e Diario de Pernambuco\"},\"image\":{\"@id\":\"https:\\\/\\\/diariodepe.com.br\\\/cri\\\/#\\\/schema\\\/logo\\\/image\\\/\"}},{\"@type\":\"Person\",\"@id\":\"https:\\\/\\\/diariodepe.com.br\\\/cri\\\/#\\\/schema\\\/person\\\/121bb28d84f1a5b1205ef4ce9c2e0c6b\",\"name\":\"Ismael Lucas S. Pereira\",\"image\":{\"@type\":\"ImageObject\",\"inLanguage\":\"pt-BR\",\"@id\":\"https:\\\/\\\/secure.gravatar.com\\\/avatar\\\/887a0f3b5a7ceea963a48499fb883ffce6b5037362def025c52c2505b15d63e4?s=96&d=mm&r=g\",\"url\":\"https:\\\/\\\/secure.gravatar.com\\\/avatar\\\/887a0f3b5a7ceea963a48499fb883ffce6b5037362def025c52c2505b15d63e4?s=96&d=mm&r=g\",\"contentUrl\":\"https:\\\/\\\/secure.gravatar.com\\\/avatar\\\/887a0f3b5a7ceea963a48499fb883ffce6b5037362def025c52c2505b15d63e4?s=96&d=mm&r=g\",\"caption\":\"Ismael Lucas S. Pereira\"},\"url\":\"https:\\\/\\\/diariodepe.com.br\\\/cri\\\/author\\\/ismael-lucas\\\/\"}]}<\/script>\n<!-- \/ Yoast SEO plugin. -->","yoast_head_json":{"title":"Buenos Aires recebe di\u00e1logo global \u201cOportunidades mundiais no aprofundamento da reforma da China na nova era\u201d - CRI e Diario de Pernambuco","robots":{"index":"index","follow":"follow","max-snippet":"max-snippet:-1","max-image-preview":"max-image-preview:large","max-video-preview":"max-video-preview:-1"},"canonical":"https:\/\/diariodepe.com.br\/cri\/2024\/07\/25\/buenos-aires-recebe-dialogo-global-oportunidades-mundiais-no-aprofundamento-da-reforma-da-china-na-nova-era\/","og_locale":"pt_BR","og_type":"article","og_title":"Buenos Aires recebe di\u00e1logo global \u201cOportunidades mundiais no aprofundamento da reforma da China na nova era\u201d - CRI e Diario de Pernambuco","og_description":"01 O di\u00e1logo global \u201cOportunidades mundiais\u00a0no aprofundamento da reforma da China na nova era\u201d\u00a0foi realizado em Buenos Aires, capital da Argentina,\u00a0no \u00faltimo dia 22. O evento, organizado pelo Grupo de M\u00eddia da China (CMG, sigla em ingl\u00eas), contou com a...","og_url":"https:\/\/diariodepe.com.br\/cri\/2024\/07\/25\/buenos-aires-recebe-dialogo-global-oportunidades-mundiais-no-aprofundamento-da-reforma-da-china-na-nova-era\/","og_site_name":"CRI e Diario de Pernambuco","article_published_time":"2024-07-25T07:13:30+00:00","article_modified_time":"2024-08-01T07:14:05+00:00","og_image":[{"url":"https:\/\/p4crires.cri.cn\/photoworkspace\/cri\/contentimg\/2024\/07\/25\/2024072510494935525.jpg","type":"","width":"","height":""}],"author":"Ismael Lucas S. Pereira","twitter_card":"summary_large_image","twitter_misc":{"Escrito por":"Ismael Lucas S. Pereira","Est. tempo de leitura":"2 minutos"},"schema":{"@context":"https:\/\/schema.org","@graph":[{"@type":"Article","@id":"https:\/\/diariodepe.com.br\/cri\/2024\/07\/25\/buenos-aires-recebe-dialogo-global-oportunidades-mundiais-no-aprofundamento-da-reforma-da-china-na-nova-era\/#article","isPartOf":{"@id":"https:\/\/diariodepe.com.br\/cri\/2024\/07\/25\/buenos-aires-recebe-dialogo-global-oportunidades-mundiais-no-aprofundamento-da-reforma-da-china-na-nova-era\/"},"author":{"name":"Ismael Lucas S. Pereira","@id":"https:\/\/diariodepe.com.br\/cri\/#\/schema\/person\/121bb28d84f1a5b1205ef4ce9c2e0c6b"},"headline":"Buenos Aires recebe di\u00e1logo global \u201cOportunidades mundiais no aprofundamento da reforma da China na nova era\u201d","datePublished":"2024-07-25T07:13:30+00:00","dateModified":"2024-08-01T07:14:05+00:00","mainEntityOfPage":{"@id":"https:\/\/diariodepe.com.br\/cri\/2024\/07\/25\/buenos-aires-recebe-dialogo-global-oportunidades-mundiais-no-aprofundamento-da-reforma-da-china-na-nova-era\/"},"wordCount":204,"commentCount":0,"publisher":{"@id":"https:\/\/diariodepe.com.br\/cri\/#organization"},"image":{"@id":"https:\/\/diariodepe.com.br\/cri\/2024\/07\/25\/buenos-aires-recebe-dialogo-global-oportunidades-mundiais-no-aprofundamento-da-reforma-da-china-na-nova-era\/#primaryimage"},"thumbnailUrl":"https:\/\/p4crires.cri.cn\/photoworkspace\/cri\/contentimg\/2024\/07\/25\/2024072510494935525.jpg","articleSection":["China"],"inLanguage":"pt-BR","potentialAction":[{"@type":"CommentAction","name":"Comment","target":["https:\/\/diariodepe.com.br\/cri\/2024\/07\/25\/buenos-aires-recebe-dialogo-global-oportunidades-mundiais-no-aprofundamento-da-reforma-da-china-na-nova-era\/#respond"]}]},{"@type":"WebPage","@id":"https:\/\/diariodepe.com.br\/cri\/2024\/07\/25\/buenos-aires-recebe-dialogo-global-oportunidades-mundiais-no-aprofundamento-da-reforma-da-china-na-nova-era\/","url":"https:\/\/diariodepe.com.br\/cri\/2024\/07\/25\/buenos-aires-recebe-dialogo-global-oportunidades-mundiais-no-aprofundamento-da-reforma-da-china-na-nova-era\/","name":"Buenos Aires recebe di\u00e1logo global \u201cOportunidades mundiais no aprofundamento da reforma da China na nova era\u201d - CRI e Diario de Pernambuco","isPartOf":{"@id":"https:\/\/diariodepe.com.br\/cri\/#website"},"primaryImageOfPage":{"@id":"https:\/\/diariodepe.com.br\/cri\/2024\/07\/25\/buenos-aires-recebe-dialogo-global-oportunidades-mundiais-no-aprofundamento-da-reforma-da-china-na-nova-era\/#primaryimage"},"image":{"@id":"https:\/\/diariodepe.com.br\/cri\/2024\/07\/25\/buenos-aires-recebe-dialogo-global-oportunidades-mundiais-no-aprofundamento-da-reforma-da-china-na-nova-era\/#primaryimage"},"thumbnailUrl":"https:\/\/p4crires.cri.cn\/photoworkspace\/cri\/contentimg\/2024\/07\/25\/2024072510494935525.jpg","datePublished":"2024-07-25T07:13:30+00:00","dateModified":"2024-08-01T07:14:05+00:00","breadcrumb":{"@id":"https:\/\/diariodepe.com.br\/cri\/2024\/07\/25\/buenos-aires-recebe-dialogo-global-oportunidades-mundiais-no-aprofundamento-da-reforma-da-china-na-nova-era\/#breadcrumb"},"inLanguage":"pt-BR","potentialAction":[{"@type":"ReadAction","target":["https:\/\/diariodepe.com.br\/cri\/2024\/07\/25\/buenos-aires-recebe-dialogo-global-oportunidades-mundiais-no-aprofundamento-da-reforma-da-china-na-nova-era\/"]}]},{"@type":"ImageObject","inLanguage":"pt-BR","@id":"https:\/\/diariodepe.com.br\/cri\/2024\/07\/25\/buenos-aires-recebe-dialogo-global-oportunidades-mundiais-no-aprofundamento-da-reforma-da-china-na-nova-era\/#primaryimage","url":"https:\/\/p4crires.cri.cn\/photoworkspace\/cri\/contentimg\/2024\/07\/25\/2024072510494935525.jpg","contentUrl":"https:\/\/p4crires.cri.cn\/photoworkspace\/cri\/contentimg\/2024\/07\/25\/2024072510494935525.jpg"},{"@type":"BreadcrumbList","@id":"https:\/\/diariodepe.com.br\/cri\/2024\/07\/25\/buenos-aires-recebe-dialogo-global-oportunidades-mundiais-no-aprofundamento-da-reforma-da-china-na-nova-era\/#breadcrumb","itemListElement":[{"@type":"ListItem","position":1,"name":"In\u00edcio","item":"https:\/\/diariodepe.com.br\/cri\/"},{"@type":"ListItem","position":2,"name":"Buenos Aires recebe di\u00e1logo global \u201cOportunidades mundiais no aprofundamento da reforma da China na nova era\u201d"}]},{"@type":"WebSite","@id":"https:\/\/diariodepe.com.br\/cri\/#website","url":"https:\/\/diariodepe.com.br\/cri\/","name":"CRI e Diario de Pernambuco","description":"R\u00e1dio Internacional da China","publisher":{"@id":"https:\/\/diariodepe.com.br\/cri\/#organization"},"potentialAction":[{"@type":"SearchAction","target":{"@type":"EntryPoint","urlTemplate":"https:\/\/diariodepe.com.br\/cri\/?s={search_term_string}"},"query-input":{"@type":"PropertyValueSpecification","valueRequired":true,"valueName":"search_term_string"}}],"inLanguage":"pt-BR"},{"@type":"Organization","@id":"https:\/\/diariodepe.com.br\/cri\/#organization","name":"CRI e Diario de Pernambuco","url":"https:\/\/diariodepe.com.br\/cri\/","logo":{"@type":"ImageObject","inLanguage":"pt-BR","@id":"https:\/\/diariodepe.com.br\/cri\/#\/schema\/logo\/image\/","url":"https:\/\/diariodepe.com.br\/cri\/wp-content\/uploads\/sites\/2\/2022\/12\/cropped-Logo.jpg","contentUrl":"https:\/\/diariodepe.com.br\/cri\/wp-content\/uploads\/sites\/2\/2022\/12\/cropped-Logo.jpg","width":700,"height":59,"caption":"CRI e Diario de Pernambuco"},"image":{"@id":"https:\/\/diariodepe.com.br\/cri\/#\/schema\/logo\/image\/"}},{"@type":"Person","@id":"https:\/\/diariodepe.com.br\/cri\/#\/schema\/person\/121bb28d84f1a5b1205ef4ce9c2e0c6b","name":"Ismael Lucas S. Pereira","image":{"@type":"ImageObject","inLanguage":"pt-BR","@id":"https:\/\/secure.gravatar.com\/avatar\/887a0f3b5a7ceea963a48499fb883ffce6b5037362def025c52c2505b15d63e4?s=96&d=mm&r=g","url":"https:\/\/secure.gravatar.com\/avatar\/887a0f3b5a7ceea963a48499fb883ffce6b5037362def025c52c2505b15d63e4?s=96&d=mm&r=g","contentUrl":"https:\/\/secure.gravatar.com\/avatar\/887a0f3b5a7ceea963a48499fb883ffce6b5037362def025c52c2505b15d63e4?s=96&d=mm&r=g","caption":"Ismael Lucas S. Pereira"},"url":"https:\/\/diariodepe.com.br\/cri\/author\/ismael-lucas\/"}]}},"cc_featured_image_caption":{"caption_text":false,"source_text":false,"source_url":false},"amp_enabled":true,"_links":{"self":[{"href":"https:\/\/diariodepe.com.br\/cri\/wp-json\/wp\/v2\/posts\/5860","targetHints":{"allow":["GET"]}}],"collection":[{"href":"https:\/\/diariodepe.com.br\/cri\/wp-json\/wp\/v2\/posts"}],"about":[{"href":"https:\/\/diariodepe.com.br\/cri\/wp-json\/wp\/v2\/types\/post"}],"author":[{"embeddable":true,"href":"https:\/\/diariodepe.com.br\/cri\/wp-json\/wp\/v2\/users\/2"}],"replies":[{"embeddable":true,"href":"https:\/\/diariodepe.com.br\/cri\/wp-json\/wp\/v2\/comments?post=5860"}],"version-history":[{"count":1,"href":"https:\/\/diariodepe.com.br\/cri\/wp-json\/wp\/v2\/posts\/5860\/revisions"}],"predecessor-version":[{"id":5861,"href":"https:\/\/diariodepe.com.br\/cri\/wp-json\/wp\/v2\/posts\/5860\/revisions\/5861"}],"wp:attachment":[{"href":"https:\/\/diariodepe.com.br\/cri\/wp-json\/wp\/v2\/media?parent=5860"}],"wp:term":[{"taxonomy":"category","embeddable":true,"href":"https:\/\/diariodepe.com.br\/cri\/wp-json\/wp\/v2\/categories?post=5860"},{"taxonomy":"post_tag","embeddable":true,"href":"https:\/\/diariodepe.com.br\/cri\/wp-json\/wp\/v2\/tags?post=5860"}],"curies":[{"name":"wp","href":"https:\/\/api.w.org\/{rel}","templated":true}]}}