{"id":5858,"date":"2024-08-01T04:12:22","date_gmt":"2024-08-01T07:12:22","guid":{"rendered":"https:\/\/diariodepe.com.br\/cri\/?p=5858"},"modified":"2024-08-01T04:12:22","modified_gmt":"2024-08-01T07:12:22","slug":"e-realizado-dialogo-global-sobre-oportunidades-globais-do-aprofundamento-da-reforma-chinesa-na-nova-era","status":"publish","type":"post","link":"https:\/\/diariodepe.com.br\/cri\/2024\/08\/01\/e-realizado-dialogo-global-sobre-oportunidades-globais-do-aprofundamento-da-reforma-chinesa-na-nova-era\/","title":{"rendered":"\u00c9 realizado di\u00e1logo global sobre &#8220;Oportunidades Globais do Aprofundamento da Reforma Chinesa na Nova Era&#8221;"},"content":{"rendered":"<p class=\"photo_img_20190808\"><img decoding=\"async\" src=\"https:\/\/p3crires.cri.cn\/photoworkspace\/cri\/contentimg\/2024\/07\/23\/2024072319002771899.jpg\" alt=\"\" width=\"1000\" \/><\/p>\n<p>Foi realizado na segunda-feira (22) em Nova York o di\u00e1logo global &#8220;Oportunidades Globais do Aprofundamento da Reforma Chinesa na Nova Era&#8221;, organizado pelo Grupo de M\u00eddia da China (CMG, na sigla em ingl\u00eas). Quase 100 convidados de think tanks, setores empresariais e acad\u00eamicos\u00a0dos EUA realizaram interc\u00e2mbios aprofundados sobre as oportunidades trazidas pelo aprofundamento integral da reforma da China e pela promo\u00e7\u00e3o da moderniza\u00e7\u00e3o chinesa\u00a0para o desenvolvimento comum dos pa\u00edses e o progresso da civiliza\u00e7\u00e3o global.<\/p>\n<p class=\"photo_img_20190808\"><img decoding=\"async\" src=\"https:\/\/p4crires.cri.cn\/photoworkspace\/cri\/contentimg\/2024\/07\/23\/2024072321351823895.jpg\" alt=\"\" width=\"1000\" \/><\/p>\n<p>Na ocasi\u00e3o, o vice-chefe do Departamento de Comunica\u00e7\u00e3o do Comit\u00ea Central do Partido Comunista da China e presidente do CMG, Shen Haixiong, afirmou\u00a0que a 3\u00aa sess\u00e3o plen\u00e1ria do 20\u00ba Comit\u00ea Central do Partido Comunista da China (PCCh), que atraiu a aten\u00e7\u00e3o mundial, terminou com sucesso em Beijing, sendo um marco para a China na nova era. O aprofundamento integral da reforma da China na nova era \u00e9 um movimento cr\u00edtico para\u00a0promover de forma integral a constru\u00e7\u00e3o de um grande pa\u00eds e o grande empreendimento da revitaliza\u00e7\u00e3o nacional\u00a0por meio da moderniza\u00e7\u00e3o chinesa, e definitivamente dar\u00e1 um novo \u00edmpeto \u00e0 explora\u00e7\u00e3o da humanidade no\u00a0caminho para a moderniza\u00e7\u00e3o e um sistema social melhor, bem como novas oportunidades e novos \u00edmpetos\u00a0ao desenvolvimento de todos os pa\u00edses.<\/p>\n<p>Shen Haixiong disse que o CMG cooperou com institui\u00e7\u00f5es culturais, organiza\u00e7\u00f5es internacionais e think tanks de diferentes pa\u00edses para discutir e compartilhar as oportunidades globais do aprofundamento da reforma chinesa na nova era,\u00a0de modo a contribuir para a realiza\u00e7\u00e3o da moderniza\u00e7\u00e3o global de\u00a0desenvolvimento pac\u00edfico, coopera\u00e7\u00e3o mutuamente ben\u00e9fica e prosperidade comum.<\/p>\n","protected":false},"excerpt":{"rendered":"<p>Foi realizado na segunda-feira (22) em Nova York o di\u00e1logo global &#8220;Oportunidades Globais do Aprofundamento da Reforma Chinesa na Nova Era&#8221;, organizado pelo Grupo de M\u00eddia da China (CMG, na sigla em ingl\u00eas). Quase 100 convidados de think tanks, setores&#8230;<\/p>\n","protected":false},"author":2,"featured_media":0,"comment_status":"open","ping_status":"open","sticky":false,"template":"","format":"standard","meta":{"footnotes":""},"categories":[8],"tags":[],"class_list":["post-5858","post","type-post","status-publish","format-standard","hentry","category-internacional"],"yoast_head":"<!-- This site is optimized with the Yoast SEO plugin v27.4 - https:\/\/yoast.com\/product\/yoast-seo-wordpress\/ -->\n<title>\u00c9 realizado di\u00e1logo global sobre &quot;Oportunidades Globais do Aprofundamento da Reforma Chinesa na Nova Era&quot; - CRI e Diario de Pernambuco<\/title>\n<meta name=\"robots\" content=\"index, follow, max-snippet:-1, max-image-preview:large, max-video-preview:-1\" \/>\n<link rel=\"canonical\" href=\"https:\/\/diariodepe.com.br\/cri\/2024\/08\/01\/e-realizado-dialogo-global-sobre-oportunidades-globais-do-aprofundamento-da-reforma-chinesa-na-nova-era\/\" \/>\n<meta property=\"og:locale\" content=\"pt_BR\" \/>\n<meta property=\"og:type\" content=\"article\" \/>\n<meta property=\"og:title\" content=\"\u00c9 realizado di\u00e1logo global sobre &quot;Oportunidades Globais do Aprofundamento da Reforma Chinesa na Nova Era&quot; - CRI e Diario de Pernambuco\" \/>\n<meta property=\"og:description\" content=\"Foi realizado na segunda-feira (22) em Nova York o di\u00e1logo global &#8220;Oportunidades Globais do Aprofundamento da Reforma Chinesa na Nova Era&#8221;, organizado pelo Grupo de M\u00eddia da China (CMG, na sigla em ingl\u00eas). Quase 100 convidados de think tanks, setores...\" \/>\n<meta property=\"og:url\" content=\"https:\/\/diariodepe.com.br\/cri\/2024\/08\/01\/e-realizado-dialogo-global-sobre-oportunidades-globais-do-aprofundamento-da-reforma-chinesa-na-nova-era\/\" \/>\n<meta property=\"og:site_name\" content=\"CRI e Diario de Pernambuco\" \/>\n<meta property=\"article:published_time\" content=\"2024-08-01T07:12:22+00:00\" \/>\n<meta property=\"og:image\" content=\"https:\/\/p3crires.cri.cn\/photoworkspace\/cri\/contentimg\/2024\/07\/23\/2024072319002771899.jpg\" \/>\n<meta name=\"author\" content=\"Ismael Lucas S. Pereira\" \/>\n<meta name=\"twitter:card\" content=\"summary_large_image\" \/>\n<meta name=\"twitter:label1\" content=\"Escrito por\" \/>\n\t<meta name=\"twitter:data1\" content=\"Ismael Lucas S. Pereira\" \/>\n\t<meta name=\"twitter:label2\" content=\"Est. tempo de leitura\" \/>\n\t<meta name=\"twitter:data2\" content=\"2 minutos\" \/>\n<script type=\"application\/ld+json\" class=\"yoast-schema-graph\">{\"@context\":\"https:\\\/\\\/schema.org\",\"@graph\":[{\"@type\":\"Article\",\"@id\":\"https:\\\/\\\/diariodepe.com.br\\\/cri\\\/2024\\\/08\\\/01\\\/e-realizado-dialogo-global-sobre-oportunidades-globais-do-aprofundamento-da-reforma-chinesa-na-nova-era\\\/#article\",\"isPartOf\":{\"@id\":\"https:\\\/\\\/diariodepe.com.br\\\/cri\\\/2024\\\/08\\\/01\\\/e-realizado-dialogo-global-sobre-oportunidades-globais-do-aprofundamento-da-reforma-chinesa-na-nova-era\\\/\"},\"author\":{\"name\":\"Ismael Lucas S. Pereira\",\"@id\":\"https:\\\/\\\/diariodepe.com.br\\\/cri\\\/#\\\/schema\\\/person\\\/121bb28d84f1a5b1205ef4ce9c2e0c6b\"},\"headline\":\"\u00c9 realizado di\u00e1logo global sobre &#8220;Oportunidades Globais do Aprofundamento da Reforma Chinesa na Nova Era&#8221;\",\"datePublished\":\"2024-08-01T07:12:22+00:00\",\"mainEntityOfPage\":{\"@id\":\"https:\\\/\\\/diariodepe.com.br\\\/cri\\\/2024\\\/08\\\/01\\\/e-realizado-dialogo-global-sobre-oportunidades-globais-do-aprofundamento-da-reforma-chinesa-na-nova-era\\\/\"},\"wordCount\":295,\"commentCount\":0,\"publisher\":{\"@id\":\"https:\\\/\\\/diariodepe.com.br\\\/cri\\\/#organization\"},\"image\":{\"@id\":\"https:\\\/\\\/diariodepe.com.br\\\/cri\\\/2024\\\/08\\\/01\\\/e-realizado-dialogo-global-sobre-oportunidades-globais-do-aprofundamento-da-reforma-chinesa-na-nova-era\\\/#primaryimage\"},\"thumbnailUrl\":\"https:\\\/\\\/p3crires.cri.cn\\\/photoworkspace\\\/cri\\\/contentimg\\\/2024\\\/07\\\/23\\\/2024072319002771899.jpg\",\"articleSection\":[\"Internacional\"],\"inLanguage\":\"pt-BR\",\"potentialAction\":[{\"@type\":\"CommentAction\",\"name\":\"Comment\",\"target\":[\"https:\\\/\\\/diariodepe.com.br\\\/cri\\\/2024\\\/08\\\/01\\\/e-realizado-dialogo-global-sobre-oportunidades-globais-do-aprofundamento-da-reforma-chinesa-na-nova-era\\\/#respond\"]}]},{\"@type\":\"WebPage\",\"@id\":\"https:\\\/\\\/diariodepe.com.br\\\/cri\\\/2024\\\/08\\\/01\\\/e-realizado-dialogo-global-sobre-oportunidades-globais-do-aprofundamento-da-reforma-chinesa-na-nova-era\\\/\",\"url\":\"https:\\\/\\\/diariodepe.com.br\\\/cri\\\/2024\\\/08\\\/01\\\/e-realizado-dialogo-global-sobre-oportunidades-globais-do-aprofundamento-da-reforma-chinesa-na-nova-era\\\/\",\"name\":\"\u00c9 realizado di\u00e1logo global sobre \\\"Oportunidades Globais do Aprofundamento da Reforma Chinesa na Nova Era\\\" - CRI e Diario de Pernambuco\",\"isPartOf\":{\"@id\":\"https:\\\/\\\/diariodepe.com.br\\\/cri\\\/#website\"},\"primaryImageOfPage\":{\"@id\":\"https:\\\/\\\/diariodepe.com.br\\\/cri\\\/2024\\\/08\\\/01\\\/e-realizado-dialogo-global-sobre-oportunidades-globais-do-aprofundamento-da-reforma-chinesa-na-nova-era\\\/#primaryimage\"},\"image\":{\"@id\":\"https:\\\/\\\/diariodepe.com.br\\\/cri\\\/2024\\\/08\\\/01\\\/e-realizado-dialogo-global-sobre-oportunidades-globais-do-aprofundamento-da-reforma-chinesa-na-nova-era\\\/#primaryimage\"},\"thumbnailUrl\":\"https:\\\/\\\/p3crires.cri.cn\\\/photoworkspace\\\/cri\\\/contentimg\\\/2024\\\/07\\\/23\\\/2024072319002771899.jpg\",\"datePublished\":\"2024-08-01T07:12:22+00:00\",\"breadcrumb\":{\"@id\":\"https:\\\/\\\/diariodepe.com.br\\\/cri\\\/2024\\\/08\\\/01\\\/e-realizado-dialogo-global-sobre-oportunidades-globais-do-aprofundamento-da-reforma-chinesa-na-nova-era\\\/#breadcrumb\"},\"inLanguage\":\"pt-BR\",\"potentialAction\":[{\"@type\":\"ReadAction\",\"target\":[\"https:\\\/\\\/diariodepe.com.br\\\/cri\\\/2024\\\/08\\\/01\\\/e-realizado-dialogo-global-sobre-oportunidades-globais-do-aprofundamento-da-reforma-chinesa-na-nova-era\\\/\"]}]},{\"@type\":\"ImageObject\",\"inLanguage\":\"pt-BR\",\"@id\":\"https:\\\/\\\/diariodepe.com.br\\\/cri\\\/2024\\\/08\\\/01\\\/e-realizado-dialogo-global-sobre-oportunidades-globais-do-aprofundamento-da-reforma-chinesa-na-nova-era\\\/#primaryimage\",\"url\":\"https:\\\/\\\/p3crires.cri.cn\\\/photoworkspace\\\/cri\\\/contentimg\\\/2024\\\/07\\\/23\\\/2024072319002771899.jpg\",\"contentUrl\":\"https:\\\/\\\/p3crires.cri.cn\\\/photoworkspace\\\/cri\\\/contentimg\\\/2024\\\/07\\\/23\\\/2024072319002771899.jpg\"},{\"@type\":\"BreadcrumbList\",\"@id\":\"https:\\\/\\\/diariodepe.com.br\\\/cri\\\/2024\\\/08\\\/01\\\/e-realizado-dialogo-global-sobre-oportunidades-globais-do-aprofundamento-da-reforma-chinesa-na-nova-era\\\/#breadcrumb\",\"itemListElement\":[{\"@type\":\"ListItem\",\"position\":1,\"name\":\"In\u00edcio\",\"item\":\"https:\\\/\\\/diariodepe.com.br\\\/cri\\\/\"},{\"@type\":\"ListItem\",\"position\":2,\"name\":\"\u00c9 realizado di\u00e1logo global sobre &#8220;Oportunidades Globais do Aprofundamento da Reforma Chinesa na Nova Era&#8221;\"}]},{\"@type\":\"WebSite\",\"@id\":\"https:\\\/\\\/diariodepe.com.br\\\/cri\\\/#website\",\"url\":\"https:\\\/\\\/diariodepe.com.br\\\/cri\\\/\",\"name\":\"CRI e Diario de Pernambuco\",\"description\":\"R\u00e1dio Internacional da China\",\"publisher\":{\"@id\":\"https:\\\/\\\/diariodepe.com.br\\\/cri\\\/#organization\"},\"potentialAction\":[{\"@type\":\"SearchAction\",\"target\":{\"@type\":\"EntryPoint\",\"urlTemplate\":\"https:\\\/\\\/diariodepe.com.br\\\/cri\\\/?s={search_term_string}\"},\"query-input\":{\"@type\":\"PropertyValueSpecification\",\"valueRequired\":true,\"valueName\":\"search_term_string\"}}],\"inLanguage\":\"pt-BR\"},{\"@type\":\"Organization\",\"@id\":\"https:\\\/\\\/diariodepe.com.br\\\/cri\\\/#organization\",\"name\":\"CRI e Diario de Pernambuco\",\"url\":\"https:\\\/\\\/diariodepe.com.br\\\/cri\\\/\",\"logo\":{\"@type\":\"ImageObject\",\"inLanguage\":\"pt-BR\",\"@id\":\"https:\\\/\\\/diariodepe.com.br\\\/cri\\\/#\\\/schema\\\/logo\\\/image\\\/\",\"url\":\"https:\\\/\\\/diariodepe.com.br\\\/cri\\\/wp-content\\\/uploads\\\/sites\\\/2\\\/2022\\\/12\\\/cropped-Logo.jpg\",\"contentUrl\":\"https:\\\/\\\/diariodepe.com.br\\\/cri\\\/wp-content\\\/uploads\\\/sites\\\/2\\\/2022\\\/12\\\/cropped-Logo.jpg\",\"width\":700,\"height\":59,\"caption\":\"CRI e Diario de Pernambuco\"},\"image\":{\"@id\":\"https:\\\/\\\/diariodepe.com.br\\\/cri\\\/#\\\/schema\\\/logo\\\/image\\\/\"}},{\"@type\":\"Person\",\"@id\":\"https:\\\/\\\/diariodepe.com.br\\\/cri\\\/#\\\/schema\\\/person\\\/121bb28d84f1a5b1205ef4ce9c2e0c6b\",\"name\":\"Ismael Lucas S. Pereira\",\"image\":{\"@type\":\"ImageObject\",\"inLanguage\":\"pt-BR\",\"@id\":\"https:\\\/\\\/secure.gravatar.com\\\/avatar\\\/887a0f3b5a7ceea963a48499fb883ffce6b5037362def025c52c2505b15d63e4?s=96&d=mm&r=g\",\"url\":\"https:\\\/\\\/secure.gravatar.com\\\/avatar\\\/887a0f3b5a7ceea963a48499fb883ffce6b5037362def025c52c2505b15d63e4?s=96&d=mm&r=g\",\"contentUrl\":\"https:\\\/\\\/secure.gravatar.com\\\/avatar\\\/887a0f3b5a7ceea963a48499fb883ffce6b5037362def025c52c2505b15d63e4?s=96&d=mm&r=g\",\"caption\":\"Ismael Lucas S. Pereira\"},\"url\":\"https:\\\/\\\/diariodepe.com.br\\\/cri\\\/author\\\/ismael-lucas\\\/\"}]}<\/script>\n<!-- \/ Yoast SEO plugin. -->","yoast_head_json":{"title":"\u00c9 realizado di\u00e1logo global sobre \"Oportunidades Globais do Aprofundamento da Reforma Chinesa na Nova Era\" - CRI e Diario de Pernambuco","robots":{"index":"index","follow":"follow","max-snippet":"max-snippet:-1","max-image-preview":"max-image-preview:large","max-video-preview":"max-video-preview:-1"},"canonical":"https:\/\/diariodepe.com.br\/cri\/2024\/08\/01\/e-realizado-dialogo-global-sobre-oportunidades-globais-do-aprofundamento-da-reforma-chinesa-na-nova-era\/","og_locale":"pt_BR","og_type":"article","og_title":"\u00c9 realizado di\u00e1logo global sobre \"Oportunidades Globais do Aprofundamento da Reforma Chinesa na Nova Era\" - CRI e Diario de Pernambuco","og_description":"Foi realizado na segunda-feira (22) em Nova York o di\u00e1logo global &#8220;Oportunidades Globais do Aprofundamento da Reforma Chinesa na Nova Era&#8221;, organizado pelo Grupo de M\u00eddia da China (CMG, na sigla em ingl\u00eas). Quase 100 convidados de think tanks, setores...","og_url":"https:\/\/diariodepe.com.br\/cri\/2024\/08\/01\/e-realizado-dialogo-global-sobre-oportunidades-globais-do-aprofundamento-da-reforma-chinesa-na-nova-era\/","og_site_name":"CRI e Diario de Pernambuco","article_published_time":"2024-08-01T07:12:22+00:00","og_image":[{"url":"https:\/\/p3crires.cri.cn\/photoworkspace\/cri\/contentimg\/2024\/07\/23\/2024072319002771899.jpg","type":"","width":"","height":""}],"author":"Ismael Lucas S. Pereira","twitter_card":"summary_large_image","twitter_misc":{"Escrito por":"Ismael Lucas S. Pereira","Est. tempo de leitura":"2 minutos"},"schema":{"@context":"https:\/\/schema.org","@graph":[{"@type":"Article","@id":"https:\/\/diariodepe.com.br\/cri\/2024\/08\/01\/e-realizado-dialogo-global-sobre-oportunidades-globais-do-aprofundamento-da-reforma-chinesa-na-nova-era\/#article","isPartOf":{"@id":"https:\/\/diariodepe.com.br\/cri\/2024\/08\/01\/e-realizado-dialogo-global-sobre-oportunidades-globais-do-aprofundamento-da-reforma-chinesa-na-nova-era\/"},"author":{"name":"Ismael Lucas S. Pereira","@id":"https:\/\/diariodepe.com.br\/cri\/#\/schema\/person\/121bb28d84f1a5b1205ef4ce9c2e0c6b"},"headline":"\u00c9 realizado di\u00e1logo global sobre &#8220;Oportunidades Globais do Aprofundamento da Reforma Chinesa na Nova Era&#8221;","datePublished":"2024-08-01T07:12:22+00:00","mainEntityOfPage":{"@id":"https:\/\/diariodepe.com.br\/cri\/2024\/08\/01\/e-realizado-dialogo-global-sobre-oportunidades-globais-do-aprofundamento-da-reforma-chinesa-na-nova-era\/"},"wordCount":295,"commentCount":0,"publisher":{"@id":"https:\/\/diariodepe.com.br\/cri\/#organization"},"image":{"@id":"https:\/\/diariodepe.com.br\/cri\/2024\/08\/01\/e-realizado-dialogo-global-sobre-oportunidades-globais-do-aprofundamento-da-reforma-chinesa-na-nova-era\/#primaryimage"},"thumbnailUrl":"https:\/\/p3crires.cri.cn\/photoworkspace\/cri\/contentimg\/2024\/07\/23\/2024072319002771899.jpg","articleSection":["Internacional"],"inLanguage":"pt-BR","potentialAction":[{"@type":"CommentAction","name":"Comment","target":["https:\/\/diariodepe.com.br\/cri\/2024\/08\/01\/e-realizado-dialogo-global-sobre-oportunidades-globais-do-aprofundamento-da-reforma-chinesa-na-nova-era\/#respond"]}]},{"@type":"WebPage","@id":"https:\/\/diariodepe.com.br\/cri\/2024\/08\/01\/e-realizado-dialogo-global-sobre-oportunidades-globais-do-aprofundamento-da-reforma-chinesa-na-nova-era\/","url":"https:\/\/diariodepe.com.br\/cri\/2024\/08\/01\/e-realizado-dialogo-global-sobre-oportunidades-globais-do-aprofundamento-da-reforma-chinesa-na-nova-era\/","name":"\u00c9 realizado di\u00e1logo global sobre \"Oportunidades Globais do Aprofundamento da Reforma Chinesa na Nova Era\" - CRI e Diario de Pernambuco","isPartOf":{"@id":"https:\/\/diariodepe.com.br\/cri\/#website"},"primaryImageOfPage":{"@id":"https:\/\/diariodepe.com.br\/cri\/2024\/08\/01\/e-realizado-dialogo-global-sobre-oportunidades-globais-do-aprofundamento-da-reforma-chinesa-na-nova-era\/#primaryimage"},"image":{"@id":"https:\/\/diariodepe.com.br\/cri\/2024\/08\/01\/e-realizado-dialogo-global-sobre-oportunidades-globais-do-aprofundamento-da-reforma-chinesa-na-nova-era\/#primaryimage"},"thumbnailUrl":"https:\/\/p3crires.cri.cn\/photoworkspace\/cri\/contentimg\/2024\/07\/23\/2024072319002771899.jpg","datePublished":"2024-08-01T07:12:22+00:00","breadcrumb":{"@id":"https:\/\/diariodepe.com.br\/cri\/2024\/08\/01\/e-realizado-dialogo-global-sobre-oportunidades-globais-do-aprofundamento-da-reforma-chinesa-na-nova-era\/#breadcrumb"},"inLanguage":"pt-BR","potentialAction":[{"@type":"ReadAction","target":["https:\/\/diariodepe.com.br\/cri\/2024\/08\/01\/e-realizado-dialogo-global-sobre-oportunidades-globais-do-aprofundamento-da-reforma-chinesa-na-nova-era\/"]}]},{"@type":"ImageObject","inLanguage":"pt-BR","@id":"https:\/\/diariodepe.com.br\/cri\/2024\/08\/01\/e-realizado-dialogo-global-sobre-oportunidades-globais-do-aprofundamento-da-reforma-chinesa-na-nova-era\/#primaryimage","url":"https:\/\/p3crires.cri.cn\/photoworkspace\/cri\/contentimg\/2024\/07\/23\/2024072319002771899.jpg","contentUrl":"https:\/\/p3crires.cri.cn\/photoworkspace\/cri\/contentimg\/2024\/07\/23\/2024072319002771899.jpg"},{"@type":"BreadcrumbList","@id":"https:\/\/diariodepe.com.br\/cri\/2024\/08\/01\/e-realizado-dialogo-global-sobre-oportunidades-globais-do-aprofundamento-da-reforma-chinesa-na-nova-era\/#breadcrumb","itemListElement":[{"@type":"ListItem","position":1,"name":"In\u00edcio","item":"https:\/\/diariodepe.com.br\/cri\/"},{"@type":"ListItem","position":2,"name":"\u00c9 realizado di\u00e1logo global sobre &#8220;Oportunidades Globais do Aprofundamento da Reforma Chinesa na Nova Era&#8221;"}]},{"@type":"WebSite","@id":"https:\/\/diariodepe.com.br\/cri\/#website","url":"https:\/\/diariodepe.com.br\/cri\/","name":"CRI e Diario de Pernambuco","description":"R\u00e1dio Internacional da China","publisher":{"@id":"https:\/\/diariodepe.com.br\/cri\/#organization"},"potentialAction":[{"@type":"SearchAction","target":{"@type":"EntryPoint","urlTemplate":"https:\/\/diariodepe.com.br\/cri\/?s={search_term_string}"},"query-input":{"@type":"PropertyValueSpecification","valueRequired":true,"valueName":"search_term_string"}}],"inLanguage":"pt-BR"},{"@type":"Organization","@id":"https:\/\/diariodepe.com.br\/cri\/#organization","name":"CRI e Diario de Pernambuco","url":"https:\/\/diariodepe.com.br\/cri\/","logo":{"@type":"ImageObject","inLanguage":"pt-BR","@id":"https:\/\/diariodepe.com.br\/cri\/#\/schema\/logo\/image\/","url":"https:\/\/diariodepe.com.br\/cri\/wp-content\/uploads\/sites\/2\/2022\/12\/cropped-Logo.jpg","contentUrl":"https:\/\/diariodepe.com.br\/cri\/wp-content\/uploads\/sites\/2\/2022\/12\/cropped-Logo.jpg","width":700,"height":59,"caption":"CRI e Diario de Pernambuco"},"image":{"@id":"https:\/\/diariodepe.com.br\/cri\/#\/schema\/logo\/image\/"}},{"@type":"Person","@id":"https:\/\/diariodepe.com.br\/cri\/#\/schema\/person\/121bb28d84f1a5b1205ef4ce9c2e0c6b","name":"Ismael Lucas S. Pereira","image":{"@type":"ImageObject","inLanguage":"pt-BR","@id":"https:\/\/secure.gravatar.com\/avatar\/887a0f3b5a7ceea963a48499fb883ffce6b5037362def025c52c2505b15d63e4?s=96&d=mm&r=g","url":"https:\/\/secure.gravatar.com\/avatar\/887a0f3b5a7ceea963a48499fb883ffce6b5037362def025c52c2505b15d63e4?s=96&d=mm&r=g","contentUrl":"https:\/\/secure.gravatar.com\/avatar\/887a0f3b5a7ceea963a48499fb883ffce6b5037362def025c52c2505b15d63e4?s=96&d=mm&r=g","caption":"Ismael Lucas S. Pereira"},"url":"https:\/\/diariodepe.com.br\/cri\/author\/ismael-lucas\/"}]}},"cc_featured_image_caption":{"caption_text":false,"source_text":false,"source_url":false},"amp_enabled":true,"_links":{"self":[{"href":"https:\/\/diariodepe.com.br\/cri\/wp-json\/wp\/v2\/posts\/5858","targetHints":{"allow":["GET"]}}],"collection":[{"href":"https:\/\/diariodepe.com.br\/cri\/wp-json\/wp\/v2\/posts"}],"about":[{"href":"https:\/\/diariodepe.com.br\/cri\/wp-json\/wp\/v2\/types\/post"}],"author":[{"embeddable":true,"href":"https:\/\/diariodepe.com.br\/cri\/wp-json\/wp\/v2\/users\/2"}],"replies":[{"embeddable":true,"href":"https:\/\/diariodepe.com.br\/cri\/wp-json\/wp\/v2\/comments?post=5858"}],"version-history":[{"count":1,"href":"https:\/\/diariodepe.com.br\/cri\/wp-json\/wp\/v2\/posts\/5858\/revisions"}],"predecessor-version":[{"id":5859,"href":"https:\/\/diariodepe.com.br\/cri\/wp-json\/wp\/v2\/posts\/5858\/revisions\/5859"}],"wp:attachment":[{"href":"https:\/\/diariodepe.com.br\/cri\/wp-json\/wp\/v2\/media?parent=5858"}],"wp:term":[{"taxonomy":"category","embeddable":true,"href":"https:\/\/diariodepe.com.br\/cri\/wp-json\/wp\/v2\/categories?post=5858"},{"taxonomy":"post_tag","embeddable":true,"href":"https:\/\/diariodepe.com.br\/cri\/wp-json\/wp\/v2\/tags?post=5858"}],"curies":[{"name":"wp","href":"https:\/\/api.w.org\/{rel}","templated":true}]}}