{"id":5850,"date":"2024-07-29T03:58:36","date_gmt":"2024-07-29T06:58:36","guid":{"rendered":"https:\/\/diariodepe.com.br\/cri\/?p=5850"},"modified":"2024-07-29T03:58:36","modified_gmt":"2024-07-29T06:58:36","slug":"a-china-no-caminho-da-solucao-politica-e-da-paz-para-o-conflito-ucraniano","status":"publish","type":"post","link":"https:\/\/diariodepe.com.br\/cri\/2024\/07\/29\/a-china-no-caminho-da-solucao-politica-e-da-paz-para-o-conflito-ucraniano\/","title":{"rendered":"A China, no caminho da solu\u00e7\u00e3o pol\u00edtica e da paz para o conflito ucraniano"},"content":{"rendered":"<p class=\"photo_img_20190808\" data-spm-anchor-id=\"0.0.0.i2\"><img decoding=\"async\" src=\"https:\/\/p5crires.cri.cn\/photoworkspace\/cri\/contentimg\/2024\/07\/29\/2024072914511995645.jpg\" alt=\"\" \/><\/p>\n<p>Por Ant\u00f4nio dos Santos Queir\u00f3s, professor e investigador, Universidade de Lisboa<\/p>\n<p>Desde o in\u00edcio do confronto militar direto entre a Ucr\u00e2nia e a Federa\u00e7\u00e3o Russa, a diplomacia chinesa intensificou os seus esfor\u00e7os para conter a guerra e apoiar uma solu\u00e7\u00e3o pol\u00edtica que permita assegurar a estabilidade e a paz.\u00a0Neste contexto, o ministro das Rela\u00e7\u00f5es Exteriores da China, Wang Yi, recebeu recentemente (24 de julho) uma delega\u00e7\u00e3o chefiada pelo ministro das Rela\u00e7\u00f5es Exteriores da Ucr\u00e2nia, Dmytro Kuleba,\u00a0em Guangzhou, sul da China,\u00a0e, numa mensagem \u00e0 comunica\u00e7\u00e3o social internacional, o ministro ucraniano afirmou que recebeu &#8220;um sinal&#8221; de que o governo chin\u00eas est\u00e1 a trabalhar numa &#8220;solu\u00e7\u00e3o permanente&#8221; para a guerra, enquanto elogiava a posi\u00e7\u00e3o da China em defesa da soberania e da integridade das na\u00e7\u00f5es.<\/p>\n<p>Este an\u00fancio, deve conduzir-nos ao reconhecimento da verdadeira pol\u00edtica diplom\u00e1tica da China, tantas vezes deturpada e manipulada a ocidente, em particular\u00a0do documento \u201cA posi\u00e7\u00e3o da China sobre a solu\u00e7\u00e3o pol\u00edtica da crise na Ucr\u00e2nia\u201d (Fevereiro de 2023), mas tamb\u00e9m a tomar conhecimento do conte\u00fado pol\u00edtico das conversa\u00e7\u00f5es que o pr\u00f3prio presidente\u00a0da China,\u00a0Xi\u00a0Jinping,\u00a0realizou com os\u00a0presidentes\u00a0da Federa\u00e7\u00e3o Russa e da Ucr\u00e2nia.<\/p>\n<p>Diplomacia para a paz<\/p>\n<p>Recordo a confer\u00eancia internacional promovida a partir de Kiev, na fase cr\u00edtica da guerra, \u201cAnalyzing the Sinophone Narratives on the Russian Invasion in Ukraine\u201d, 14 October 2022, organizada pelo A. Krymskyi Institute of Oriental Studies \u00a0(National Academy \u00a0of \u00a0Sciences \u00a0of \u00a0Ukraine) e \u00a0Ukrainian Association \u00a0of \u00a0Sinologists, onde intervim\u00a0para desmontar not\u00edcias falsas e fal\u00e1cias e dar not\u00edcia da posi\u00e7\u00e3o chinesa, e a publica\u00e7\u00e3o e divulga\u00e7\u00e3o na sua revista oficial, The Chinese Studies, ap\u00f3s revis\u00e3o cient\u00edfica, do correspondente artigo. Com ele se pretendia revelar os dois princ\u00edpios fundamentais que definem permanentemente a consci\u00eancia nacional da China e a posi\u00e7\u00e3o do\u00a0seu\u00a0governo\u00a0sobre a pol\u00edcia internacional: o respeito pela soberania e integridade territorial e a coexist\u00eancia pac\u00edfica.<\/p>\n<p>Os melhores princ\u00edpios da filosofia pol\u00edtica cl\u00e1ssica da China foram reintegrados na filosofia pol\u00edtica da nova democracia e do socialismo chin\u00eas. Lao Zi escreveu que devemos respeitar as leis intr\u00ednsecas da natureza e das coisas. A agir sem for\u00e7ar. O que que significa, agir com a m\u00ednima interfer\u00eancia, mas com firmeza e sentido moral. O caminho da paz cruza a pol\u00edtica dos cinco princ\u00edpios da coexist\u00eancia pac\u00edfica, elaborados por\u00a0Mao\u00a0Zedong\u00a0\u00a0e Zhou Enlai. &#8220;Salvaguardar a paz no mundo&#8221; foi tamb\u00e9m, uma das tr\u00eas tarefas hist\u00f3ricas do caminho do socialismo chin\u00eas, proclamado por Deng Xiaoping. A\u00a0declara\u00e7\u00e3o pol\u00edtica chinesa, ap\u00f3s o di\u00e1logo telef\u00f3nico de 25 de fevereiro de 2022, quando o presidente Xi Jinping falou com o presidente Vladimir Putin, logo postulava: &#8220;A China incentiva a R\u00fassia a resolver o conflito atrav\u00e9s de negocia\u00e7\u00f5es com a Ucr\u00e2nia. H\u00e1 muito que a China mant\u00e9m a posi\u00e7\u00e3o b\u00e1sica de respeitar a soberania e a integridade territorial de todos os pa\u00edses e respeitar os prop\u00f3sitos e princ\u00edpios da Carta das Na\u00e7\u00f5es Unidas&#8221;.\u00a0A R\u00fassia iniciou as primeiras negocia\u00e7\u00f5es de paz, no dia seguinte.<\/p>\n<p>Os Cinco Princ\u00edpios da Coexist\u00eancia Pac\u00edfica j\u00e1 enformavam tamb\u00e9m os 30 artigos da Declara\u00e7\u00e3o Universal dos Direitos do Homem (ONU, 1948), para a qual a nova china contribuiu decisivamente, e que foram integrados no pre\u00e2mbulo da Constitui\u00e7\u00e3o da sua Rep\u00fablica Popular, adotados depois pelo Movimento N\u00e3o Alinhado e pela Organiza\u00e7\u00e3o Mundial do Com\u00e9rcio, \u00a0reproduzidos atualmente no\u00a0Brics e na Iniciativa Cintur\u00e3o e Rota, os quais \u00a0est\u00e3o presentes em todos os acordos internacionais da China.<\/p>\n<p>\u201cAgir, sem agir\u201d, significa que o discurso pol\u00edtico tamb\u00e9m tem de ser cordial e contido. O presidente Xi Jinping acrescentou ent\u00e3o\u00a0que\u00a0&#8220;\u00e9\u00a0importante rejeitar a mentalidade de Guerra Fria e chegar a um mecanismo de seguran\u00e7a europeia atrav\u00e9s da negocia\u00e7\u00e3o&#8221;. Em s\u00edntese: a China n\u00e3o apoiava a guerra, mas n\u00e3o concordava com a escalada das san\u00e7\u00f5es nem do conflito militar, considerando que pessoas inocentes s\u00e3o atingidas, as san\u00e7\u00f5es n\u00e3o respeitam o direito internacional, e podem empurrar o mundo para a recess\u00e3o e o caos econ\u00f3mico e o risco de guerra total se agigantava.<\/p>\n<p>Prosseguindo nesta mesma linha, o presidente Xi Jinping prop\u00f4s a Iniciativa de\u00a0Seguran\u00e7a Global, na Confer\u00eancia Anual do F\u00f3rum de Boao para a \u00c1sia, em abril\u00a0de 2022, guiada pelo &#8220;princ\u00edpio da seguran\u00e7a indivis\u00edvel&#8221;, que rejeita o caminho da constru\u00e7\u00e3o da pr\u00f3pria seguran\u00e7a em detrimento da seguran\u00e7a dos outros. Este princ\u00edpio, em conson\u00e2ncia com os princ\u00edpios da ONU, defende a soberania e a integridade de todos os pa\u00edses, a n\u00e3o interfer\u00eancia nos seus assuntos internos e respeita os diferentes regimes pol\u00edticos e sociais fruto da hist\u00f3ria dos seus povos<\/p>\n<p>J\u00e1 em 2023 (27 de abril), nas conversa\u00e7\u00f5es diretas entre o presidente Zelensky e o presidente Xi, como quando as Na\u00e7\u00f5es Unidas discutiram a anexa\u00e7\u00e3o pela R\u00fassia das Rep\u00fablicas dissidentes, a China reafirmou a sua \u201cparceria estrat\u00e9gica com a Ucr\u00e2nia\u201d e o embaixador ucraniano recebeu, atrav\u00e9s do seu hom\u00f3logo chin\u00eas, uma mensagem do pr\u00f3prio presidente Xi reafirmando a posi\u00e7\u00e3o do princ\u00edpio da China de defesa da integridade e soberania do seu pa\u00eds, conforme a Carta das Na\u00e7\u00f5es Unidas.<\/p>\n<p>Tr\u00eas pilares para a paz<\/p>\n<p>Finalmente, a RPCh colocou sob a mesa negocial tr\u00eas pilares, assentes sobre os princ\u00edpios inviol\u00e1veis do Direito Internacional e da Carta das Na\u00e7\u00f5es Unidas, para a paz na Ucr\u00e2nia e na Eur\u00e1sia:<\/p>\n<p>Primeiro pilar &#8211;\u00a0Respeitar a soberania de todos os pa\u00edses, A soberania, independ\u00eancia e integridade territorial de todos os pa\u00edses devem ser efetivamente preservadas_ confrontando assim a pol\u00edtica de guerra civil do regime ucraniano sa\u00eddo do golpe militar de 2014, mas tamb\u00e9m a invas\u00e3o lan\u00e7ada pela Federa\u00e7\u00e3o Russa.<\/p>\n<p>Segundo pilar &#8211;\u00a0A Suspens\u00e3o de San\u00e7\u00f5es Unilaterais, n\u00e3o autorizadas pelo Conselho de Seguran\u00e7a da ONU, confrontando a pol\u00edtica de guerra econ\u00f3mica da NATO e da UE.<\/p>\n<p>Assim sendo, e invocando o primeiro destes princ\u00edpios, o presidente Zelensky, respondeu ent\u00e3o que a posi\u00e7\u00e3o da China &#8220;\u00e9 positiva \u201cafirmando que a declara\u00e7\u00e3o &#8220;respeita a nossa integridade territorial&#8221;. Do lado russo, a porta-voz presidencial afirmou que a R\u00fassia \u201cest\u00e1 disposta a procurar a solu\u00e7\u00e3o dos objetivos da opera\u00e7\u00e3o militar especial pelas vias pol\u00edtico-diplom\u00e1ticas\u201d<\/p>\n<p>A solu\u00e7\u00e3o pol\u00edtica proposta pela China incorporava ainda a redu\u00e7\u00e3o de riscos estrat\u00e9gicos, segundo os princ\u00edpios de que Armas Nucleares N\u00e3o Devem Ser usadas e Guerras Nucleares N\u00e3o Devem Ser Travadas. &#8211; O terceiro pilar.<\/p>\n<p>Foi secundada pelo Brasil e pelos pa\u00edses do Sul, que constitu\u00edam \u201co clube da paz\u201d e mereceu o apoio da comunidade internacional em todos os quadrantes pol\u00edticos.<\/p>\n<p>&nbsp;<\/p>\n","protected":false},"excerpt":{"rendered":"<p>Por Ant\u00f4nio dos Santos Queir\u00f3s, professor e investigador, Universidade de Lisboa Desde o in\u00edcio do confronto militar direto entre a Ucr\u00e2nia e a Federa\u00e7\u00e3o Russa, a diplomacia chinesa intensificou os seus esfor\u00e7os para conter a guerra e apoiar uma solu\u00e7\u00e3o&#8230;<\/p>\n","protected":false},"author":2,"featured_media":0,"comment_status":"open","ping_status":"open","sticky":false,"template":"","format":"standard","meta":{"footnotes":""},"categories":[7],"tags":[],"class_list":["post-5850","post","type-post","status-publish","format-standard","hentry","category-visao"],"yoast_head":"<!-- This site is optimized with the Yoast SEO plugin v27.4 - https:\/\/yoast.com\/product\/yoast-seo-wordpress\/ -->\n<title>A China, no caminho da solu\u00e7\u00e3o pol\u00edtica e da paz para o conflito ucraniano - CRI e Diario de Pernambuco<\/title>\n<meta name=\"robots\" content=\"index, follow, max-snippet:-1, max-image-preview:large, max-video-preview:-1\" \/>\n<link rel=\"canonical\" href=\"https:\/\/diariodepe.com.br\/cri\/2024\/07\/29\/a-china-no-caminho-da-solucao-politica-e-da-paz-para-o-conflito-ucraniano\/\" \/>\n<meta property=\"og:locale\" content=\"pt_BR\" \/>\n<meta property=\"og:type\" content=\"article\" \/>\n<meta property=\"og:title\" content=\"A China, no caminho da solu\u00e7\u00e3o pol\u00edtica e da paz para o conflito ucraniano - CRI e Diario de Pernambuco\" \/>\n<meta property=\"og:description\" content=\"Por Ant\u00f4nio dos Santos Queir\u00f3s, professor e investigador, Universidade de Lisboa Desde o in\u00edcio do confronto militar direto entre a Ucr\u00e2nia e a Federa\u00e7\u00e3o Russa, a diplomacia chinesa intensificou os seus esfor\u00e7os para conter a guerra e apoiar uma solu\u00e7\u00e3o...\" \/>\n<meta property=\"og:url\" content=\"https:\/\/diariodepe.com.br\/cri\/2024\/07\/29\/a-china-no-caminho-da-solucao-politica-e-da-paz-para-o-conflito-ucraniano\/\" \/>\n<meta property=\"og:site_name\" content=\"CRI e Diario de Pernambuco\" \/>\n<meta property=\"article:published_time\" content=\"2024-07-29T06:58:36+00:00\" \/>\n<meta property=\"og:image\" content=\"https:\/\/p5crires.cri.cn\/photoworkspace\/cri\/contentimg\/2024\/07\/29\/2024072914511995645.jpg\" \/>\n<meta name=\"author\" content=\"Ismael Lucas S. Pereira\" \/>\n<meta name=\"twitter:card\" content=\"summary_large_image\" \/>\n<meta name=\"twitter:label1\" content=\"Escrito por\" \/>\n\t<meta name=\"twitter:data1\" content=\"Ismael Lucas S. Pereira\" \/>\n\t<meta name=\"twitter:label2\" content=\"Est. tempo de leitura\" \/>\n\t<meta name=\"twitter:data2\" content=\"7 minutos\" \/>\n<script type=\"application\/ld+json\" class=\"yoast-schema-graph\">{\"@context\":\"https:\\\/\\\/schema.org\",\"@graph\":[{\"@type\":\"Article\",\"@id\":\"https:\\\/\\\/diariodepe.com.br\\\/cri\\\/2024\\\/07\\\/29\\\/a-china-no-caminho-da-solucao-politica-e-da-paz-para-o-conflito-ucraniano\\\/#article\",\"isPartOf\":{\"@id\":\"https:\\\/\\\/diariodepe.com.br\\\/cri\\\/2024\\\/07\\\/29\\\/a-china-no-caminho-da-solucao-politica-e-da-paz-para-o-conflito-ucraniano\\\/\"},\"author\":{\"name\":\"Ismael Lucas S. Pereira\",\"@id\":\"https:\\\/\\\/diariodepe.com.br\\\/cri\\\/#\\\/schema\\\/person\\\/121bb28d84f1a5b1205ef4ce9c2e0c6b\"},\"headline\":\"A China, no caminho da solu\u00e7\u00e3o pol\u00edtica e da paz para o conflito ucraniano\",\"datePublished\":\"2024-07-29T06:58:36+00:00\",\"mainEntityOfPage\":{\"@id\":\"https:\\\/\\\/diariodepe.com.br\\\/cri\\\/2024\\\/07\\\/29\\\/a-china-no-caminho-da-solucao-politica-e-da-paz-para-o-conflito-ucraniano\\\/\"},\"wordCount\":1243,\"commentCount\":0,\"publisher\":{\"@id\":\"https:\\\/\\\/diariodepe.com.br\\\/cri\\\/#organization\"},\"image\":{\"@id\":\"https:\\\/\\\/diariodepe.com.br\\\/cri\\\/2024\\\/07\\\/29\\\/a-china-no-caminho-da-solucao-politica-e-da-paz-para-o-conflito-ucraniano\\\/#primaryimage\"},\"thumbnailUrl\":\"https:\\\/\\\/p5crires.cri.cn\\\/photoworkspace\\\/cri\\\/contentimg\\\/2024\\\/07\\\/29\\\/2024072914511995645.jpg\",\"articleSection\":[\"Vis\u00e3o\"],\"inLanguage\":\"pt-BR\",\"potentialAction\":[{\"@type\":\"CommentAction\",\"name\":\"Comment\",\"target\":[\"https:\\\/\\\/diariodepe.com.br\\\/cri\\\/2024\\\/07\\\/29\\\/a-china-no-caminho-da-solucao-politica-e-da-paz-para-o-conflito-ucraniano\\\/#respond\"]}]},{\"@type\":\"WebPage\",\"@id\":\"https:\\\/\\\/diariodepe.com.br\\\/cri\\\/2024\\\/07\\\/29\\\/a-china-no-caminho-da-solucao-politica-e-da-paz-para-o-conflito-ucraniano\\\/\",\"url\":\"https:\\\/\\\/diariodepe.com.br\\\/cri\\\/2024\\\/07\\\/29\\\/a-china-no-caminho-da-solucao-politica-e-da-paz-para-o-conflito-ucraniano\\\/\",\"name\":\"A China, no caminho da solu\u00e7\u00e3o pol\u00edtica e da paz para o conflito ucraniano - CRI e Diario de Pernambuco\",\"isPartOf\":{\"@id\":\"https:\\\/\\\/diariodepe.com.br\\\/cri\\\/#website\"},\"primaryImageOfPage\":{\"@id\":\"https:\\\/\\\/diariodepe.com.br\\\/cri\\\/2024\\\/07\\\/29\\\/a-china-no-caminho-da-solucao-politica-e-da-paz-para-o-conflito-ucraniano\\\/#primaryimage\"},\"image\":{\"@id\":\"https:\\\/\\\/diariodepe.com.br\\\/cri\\\/2024\\\/07\\\/29\\\/a-china-no-caminho-da-solucao-politica-e-da-paz-para-o-conflito-ucraniano\\\/#primaryimage\"},\"thumbnailUrl\":\"https:\\\/\\\/p5crires.cri.cn\\\/photoworkspace\\\/cri\\\/contentimg\\\/2024\\\/07\\\/29\\\/2024072914511995645.jpg\",\"datePublished\":\"2024-07-29T06:58:36+00:00\",\"breadcrumb\":{\"@id\":\"https:\\\/\\\/diariodepe.com.br\\\/cri\\\/2024\\\/07\\\/29\\\/a-china-no-caminho-da-solucao-politica-e-da-paz-para-o-conflito-ucraniano\\\/#breadcrumb\"},\"inLanguage\":\"pt-BR\",\"potentialAction\":[{\"@type\":\"ReadAction\",\"target\":[\"https:\\\/\\\/diariodepe.com.br\\\/cri\\\/2024\\\/07\\\/29\\\/a-china-no-caminho-da-solucao-politica-e-da-paz-para-o-conflito-ucraniano\\\/\"]}]},{\"@type\":\"ImageObject\",\"inLanguage\":\"pt-BR\",\"@id\":\"https:\\\/\\\/diariodepe.com.br\\\/cri\\\/2024\\\/07\\\/29\\\/a-china-no-caminho-da-solucao-politica-e-da-paz-para-o-conflito-ucraniano\\\/#primaryimage\",\"url\":\"https:\\\/\\\/p5crires.cri.cn\\\/photoworkspace\\\/cri\\\/contentimg\\\/2024\\\/07\\\/29\\\/2024072914511995645.jpg\",\"contentUrl\":\"https:\\\/\\\/p5crires.cri.cn\\\/photoworkspace\\\/cri\\\/contentimg\\\/2024\\\/07\\\/29\\\/2024072914511995645.jpg\"},{\"@type\":\"BreadcrumbList\",\"@id\":\"https:\\\/\\\/diariodepe.com.br\\\/cri\\\/2024\\\/07\\\/29\\\/a-china-no-caminho-da-solucao-politica-e-da-paz-para-o-conflito-ucraniano\\\/#breadcrumb\",\"itemListElement\":[{\"@type\":\"ListItem\",\"position\":1,\"name\":\"In\u00edcio\",\"item\":\"https:\\\/\\\/diariodepe.com.br\\\/cri\\\/\"},{\"@type\":\"ListItem\",\"position\":2,\"name\":\"A China, no caminho da solu\u00e7\u00e3o pol\u00edtica e da paz para o conflito ucraniano\"}]},{\"@type\":\"WebSite\",\"@id\":\"https:\\\/\\\/diariodepe.com.br\\\/cri\\\/#website\",\"url\":\"https:\\\/\\\/diariodepe.com.br\\\/cri\\\/\",\"name\":\"CRI e Diario de Pernambuco\",\"description\":\"R\u00e1dio Internacional da China\",\"publisher\":{\"@id\":\"https:\\\/\\\/diariodepe.com.br\\\/cri\\\/#organization\"},\"potentialAction\":[{\"@type\":\"SearchAction\",\"target\":{\"@type\":\"EntryPoint\",\"urlTemplate\":\"https:\\\/\\\/diariodepe.com.br\\\/cri\\\/?s={search_term_string}\"},\"query-input\":{\"@type\":\"PropertyValueSpecification\",\"valueRequired\":true,\"valueName\":\"search_term_string\"}}],\"inLanguage\":\"pt-BR\"},{\"@type\":\"Organization\",\"@id\":\"https:\\\/\\\/diariodepe.com.br\\\/cri\\\/#organization\",\"name\":\"CRI e Diario de Pernambuco\",\"url\":\"https:\\\/\\\/diariodepe.com.br\\\/cri\\\/\",\"logo\":{\"@type\":\"ImageObject\",\"inLanguage\":\"pt-BR\",\"@id\":\"https:\\\/\\\/diariodepe.com.br\\\/cri\\\/#\\\/schema\\\/logo\\\/image\\\/\",\"url\":\"https:\\\/\\\/diariodepe.com.br\\\/cri\\\/wp-content\\\/uploads\\\/sites\\\/2\\\/2022\\\/12\\\/cropped-Logo.jpg\",\"contentUrl\":\"https:\\\/\\\/diariodepe.com.br\\\/cri\\\/wp-content\\\/uploads\\\/sites\\\/2\\\/2022\\\/12\\\/cropped-Logo.jpg\",\"width\":700,\"height\":59,\"caption\":\"CRI e Diario de Pernambuco\"},\"image\":{\"@id\":\"https:\\\/\\\/diariodepe.com.br\\\/cri\\\/#\\\/schema\\\/logo\\\/image\\\/\"}},{\"@type\":\"Person\",\"@id\":\"https:\\\/\\\/diariodepe.com.br\\\/cri\\\/#\\\/schema\\\/person\\\/121bb28d84f1a5b1205ef4ce9c2e0c6b\",\"name\":\"Ismael Lucas S. Pereira\",\"image\":{\"@type\":\"ImageObject\",\"inLanguage\":\"pt-BR\",\"@id\":\"https:\\\/\\\/secure.gravatar.com\\\/avatar\\\/887a0f3b5a7ceea963a48499fb883ffce6b5037362def025c52c2505b15d63e4?s=96&d=mm&r=g\",\"url\":\"https:\\\/\\\/secure.gravatar.com\\\/avatar\\\/887a0f3b5a7ceea963a48499fb883ffce6b5037362def025c52c2505b15d63e4?s=96&d=mm&r=g\",\"contentUrl\":\"https:\\\/\\\/secure.gravatar.com\\\/avatar\\\/887a0f3b5a7ceea963a48499fb883ffce6b5037362def025c52c2505b15d63e4?s=96&d=mm&r=g\",\"caption\":\"Ismael Lucas S. Pereira\"},\"url\":\"https:\\\/\\\/diariodepe.com.br\\\/cri\\\/author\\\/ismael-lucas\\\/\"}]}<\/script>\n<!-- \/ Yoast SEO plugin. -->","yoast_head_json":{"title":"A China, no caminho da solu\u00e7\u00e3o pol\u00edtica e da paz para o conflito ucraniano - CRI e Diario de Pernambuco","robots":{"index":"index","follow":"follow","max-snippet":"max-snippet:-1","max-image-preview":"max-image-preview:large","max-video-preview":"max-video-preview:-1"},"canonical":"https:\/\/diariodepe.com.br\/cri\/2024\/07\/29\/a-china-no-caminho-da-solucao-politica-e-da-paz-para-o-conflito-ucraniano\/","og_locale":"pt_BR","og_type":"article","og_title":"A China, no caminho da solu\u00e7\u00e3o pol\u00edtica e da paz para o conflito ucraniano - CRI e Diario de Pernambuco","og_description":"Por Ant\u00f4nio dos Santos Queir\u00f3s, professor e investigador, Universidade de Lisboa Desde o in\u00edcio do confronto militar direto entre a Ucr\u00e2nia e a Federa\u00e7\u00e3o Russa, a diplomacia chinesa intensificou os seus esfor\u00e7os para conter a guerra e apoiar uma solu\u00e7\u00e3o...","og_url":"https:\/\/diariodepe.com.br\/cri\/2024\/07\/29\/a-china-no-caminho-da-solucao-politica-e-da-paz-para-o-conflito-ucraniano\/","og_site_name":"CRI e Diario de Pernambuco","article_published_time":"2024-07-29T06:58:36+00:00","og_image":[{"url":"https:\/\/p5crires.cri.cn\/photoworkspace\/cri\/contentimg\/2024\/07\/29\/2024072914511995645.jpg","type":"","width":"","height":""}],"author":"Ismael Lucas S. Pereira","twitter_card":"summary_large_image","twitter_misc":{"Escrito por":"Ismael Lucas S. Pereira","Est. tempo de leitura":"7 minutos"},"schema":{"@context":"https:\/\/schema.org","@graph":[{"@type":"Article","@id":"https:\/\/diariodepe.com.br\/cri\/2024\/07\/29\/a-china-no-caminho-da-solucao-politica-e-da-paz-para-o-conflito-ucraniano\/#article","isPartOf":{"@id":"https:\/\/diariodepe.com.br\/cri\/2024\/07\/29\/a-china-no-caminho-da-solucao-politica-e-da-paz-para-o-conflito-ucraniano\/"},"author":{"name":"Ismael Lucas S. Pereira","@id":"https:\/\/diariodepe.com.br\/cri\/#\/schema\/person\/121bb28d84f1a5b1205ef4ce9c2e0c6b"},"headline":"A China, no caminho da solu\u00e7\u00e3o pol\u00edtica e da paz para o conflito ucraniano","datePublished":"2024-07-29T06:58:36+00:00","mainEntityOfPage":{"@id":"https:\/\/diariodepe.com.br\/cri\/2024\/07\/29\/a-china-no-caminho-da-solucao-politica-e-da-paz-para-o-conflito-ucraniano\/"},"wordCount":1243,"commentCount":0,"publisher":{"@id":"https:\/\/diariodepe.com.br\/cri\/#organization"},"image":{"@id":"https:\/\/diariodepe.com.br\/cri\/2024\/07\/29\/a-china-no-caminho-da-solucao-politica-e-da-paz-para-o-conflito-ucraniano\/#primaryimage"},"thumbnailUrl":"https:\/\/p5crires.cri.cn\/photoworkspace\/cri\/contentimg\/2024\/07\/29\/2024072914511995645.jpg","articleSection":["Vis\u00e3o"],"inLanguage":"pt-BR","potentialAction":[{"@type":"CommentAction","name":"Comment","target":["https:\/\/diariodepe.com.br\/cri\/2024\/07\/29\/a-china-no-caminho-da-solucao-politica-e-da-paz-para-o-conflito-ucraniano\/#respond"]}]},{"@type":"WebPage","@id":"https:\/\/diariodepe.com.br\/cri\/2024\/07\/29\/a-china-no-caminho-da-solucao-politica-e-da-paz-para-o-conflito-ucraniano\/","url":"https:\/\/diariodepe.com.br\/cri\/2024\/07\/29\/a-china-no-caminho-da-solucao-politica-e-da-paz-para-o-conflito-ucraniano\/","name":"A China, no caminho da solu\u00e7\u00e3o pol\u00edtica e da paz para o conflito ucraniano - CRI e Diario de Pernambuco","isPartOf":{"@id":"https:\/\/diariodepe.com.br\/cri\/#website"},"primaryImageOfPage":{"@id":"https:\/\/diariodepe.com.br\/cri\/2024\/07\/29\/a-china-no-caminho-da-solucao-politica-e-da-paz-para-o-conflito-ucraniano\/#primaryimage"},"image":{"@id":"https:\/\/diariodepe.com.br\/cri\/2024\/07\/29\/a-china-no-caminho-da-solucao-politica-e-da-paz-para-o-conflito-ucraniano\/#primaryimage"},"thumbnailUrl":"https:\/\/p5crires.cri.cn\/photoworkspace\/cri\/contentimg\/2024\/07\/29\/2024072914511995645.jpg","datePublished":"2024-07-29T06:58:36+00:00","breadcrumb":{"@id":"https:\/\/diariodepe.com.br\/cri\/2024\/07\/29\/a-china-no-caminho-da-solucao-politica-e-da-paz-para-o-conflito-ucraniano\/#breadcrumb"},"inLanguage":"pt-BR","potentialAction":[{"@type":"ReadAction","target":["https:\/\/diariodepe.com.br\/cri\/2024\/07\/29\/a-china-no-caminho-da-solucao-politica-e-da-paz-para-o-conflito-ucraniano\/"]}]},{"@type":"ImageObject","inLanguage":"pt-BR","@id":"https:\/\/diariodepe.com.br\/cri\/2024\/07\/29\/a-china-no-caminho-da-solucao-politica-e-da-paz-para-o-conflito-ucraniano\/#primaryimage","url":"https:\/\/p5crires.cri.cn\/photoworkspace\/cri\/contentimg\/2024\/07\/29\/2024072914511995645.jpg","contentUrl":"https:\/\/p5crires.cri.cn\/photoworkspace\/cri\/contentimg\/2024\/07\/29\/2024072914511995645.jpg"},{"@type":"BreadcrumbList","@id":"https:\/\/diariodepe.com.br\/cri\/2024\/07\/29\/a-china-no-caminho-da-solucao-politica-e-da-paz-para-o-conflito-ucraniano\/#breadcrumb","itemListElement":[{"@type":"ListItem","position":1,"name":"In\u00edcio","item":"https:\/\/diariodepe.com.br\/cri\/"},{"@type":"ListItem","position":2,"name":"A China, no caminho da solu\u00e7\u00e3o pol\u00edtica e da paz para o conflito ucraniano"}]},{"@type":"WebSite","@id":"https:\/\/diariodepe.com.br\/cri\/#website","url":"https:\/\/diariodepe.com.br\/cri\/","name":"CRI e Diario de Pernambuco","description":"R\u00e1dio Internacional da China","publisher":{"@id":"https:\/\/diariodepe.com.br\/cri\/#organization"},"potentialAction":[{"@type":"SearchAction","target":{"@type":"EntryPoint","urlTemplate":"https:\/\/diariodepe.com.br\/cri\/?s={search_term_string}"},"query-input":{"@type":"PropertyValueSpecification","valueRequired":true,"valueName":"search_term_string"}}],"inLanguage":"pt-BR"},{"@type":"Organization","@id":"https:\/\/diariodepe.com.br\/cri\/#organization","name":"CRI e Diario de Pernambuco","url":"https:\/\/diariodepe.com.br\/cri\/","logo":{"@type":"ImageObject","inLanguage":"pt-BR","@id":"https:\/\/diariodepe.com.br\/cri\/#\/schema\/logo\/image\/","url":"https:\/\/diariodepe.com.br\/cri\/wp-content\/uploads\/sites\/2\/2022\/12\/cropped-Logo.jpg","contentUrl":"https:\/\/diariodepe.com.br\/cri\/wp-content\/uploads\/sites\/2\/2022\/12\/cropped-Logo.jpg","width":700,"height":59,"caption":"CRI e Diario de Pernambuco"},"image":{"@id":"https:\/\/diariodepe.com.br\/cri\/#\/schema\/logo\/image\/"}},{"@type":"Person","@id":"https:\/\/diariodepe.com.br\/cri\/#\/schema\/person\/121bb28d84f1a5b1205ef4ce9c2e0c6b","name":"Ismael Lucas S. Pereira","image":{"@type":"ImageObject","inLanguage":"pt-BR","@id":"https:\/\/secure.gravatar.com\/avatar\/887a0f3b5a7ceea963a48499fb883ffce6b5037362def025c52c2505b15d63e4?s=96&d=mm&r=g","url":"https:\/\/secure.gravatar.com\/avatar\/887a0f3b5a7ceea963a48499fb883ffce6b5037362def025c52c2505b15d63e4?s=96&d=mm&r=g","contentUrl":"https:\/\/secure.gravatar.com\/avatar\/887a0f3b5a7ceea963a48499fb883ffce6b5037362def025c52c2505b15d63e4?s=96&d=mm&r=g","caption":"Ismael Lucas S. Pereira"},"url":"https:\/\/diariodepe.com.br\/cri\/author\/ismael-lucas\/"}]}},"cc_featured_image_caption":{"caption_text":false,"source_text":false,"source_url":false},"amp_enabled":true,"_links":{"self":[{"href":"https:\/\/diariodepe.com.br\/cri\/wp-json\/wp\/v2\/posts\/5850","targetHints":{"allow":["GET"]}}],"collection":[{"href":"https:\/\/diariodepe.com.br\/cri\/wp-json\/wp\/v2\/posts"}],"about":[{"href":"https:\/\/diariodepe.com.br\/cri\/wp-json\/wp\/v2\/types\/post"}],"author":[{"embeddable":true,"href":"https:\/\/diariodepe.com.br\/cri\/wp-json\/wp\/v2\/users\/2"}],"replies":[{"embeddable":true,"href":"https:\/\/diariodepe.com.br\/cri\/wp-json\/wp\/v2\/comments?post=5850"}],"version-history":[{"count":1,"href":"https:\/\/diariodepe.com.br\/cri\/wp-json\/wp\/v2\/posts\/5850\/revisions"}],"predecessor-version":[{"id":5851,"href":"https:\/\/diariodepe.com.br\/cri\/wp-json\/wp\/v2\/posts\/5850\/revisions\/5851"}],"wp:attachment":[{"href":"https:\/\/diariodepe.com.br\/cri\/wp-json\/wp\/v2\/media?parent=5850"}],"wp:term":[{"taxonomy":"category","embeddable":true,"href":"https:\/\/diariodepe.com.br\/cri\/wp-json\/wp\/v2\/categories?post=5850"},{"taxonomy":"post_tag","embeddable":true,"href":"https:\/\/diariodepe.com.br\/cri\/wp-json\/wp\/v2\/tags?post=5850"}],"curies":[{"name":"wp","href":"https:\/\/api.w.org\/{rel}","templated":true}]}}