{"id":5832,"date":"2024-07-24T23:28:38","date_gmt":"2024-07-25T02:28:38","guid":{"rendered":"https:\/\/diariodepe.com.br\/cri\/?p=5832"},"modified":"2024-07-24T23:28:38","modified_gmt":"2024-07-25T02:28:38","slug":"chancelaria-chinesa-chanceleres-da-china-e-ucrania-realizam-conversacoes","status":"publish","type":"post","link":"https:\/\/diariodepe.com.br\/cri\/2024\/07\/24\/chancelaria-chinesa-chanceleres-da-china-e-ucrania-realizam-conversacoes\/","title":{"rendered":"Chancelaria chinesa: chanceleres da China e Ucr\u00e2nia realizam conversa\u00e7\u00f5es"},"content":{"rendered":"<p data-spm-anchor-id=\"0.0.0.i1\">A porta-voz da Chancelaria chinesa, Mao Ning, apresentou hoje (24) atualiza\u00e7\u00f5es do encontro entre o chanceler chin\u00eas, Wang Yi, e seu hom\u00f4nimo ucraniano, Dmytro Kuleba.<\/p>\n<p>Segundo ela, na reuni\u00e3o, Wang Yi lembrou que China e a Ucr\u00e2nia s\u00e3o pa\u00edses amigos e preservam uma amizade e coopera\u00e7\u00e3o ao longo dos anos de interc\u00e2mbio. H\u00e1 mais de uma d\u00e9cada, os dois\u00a0pa\u00edses\u00a0j\u00e1\u00a0haviam estabelecido\u00a0uma parceria estrat\u00e9gica caraterizada pelo respeito m\u00fatuo, tratamento igualit\u00e1rio e coopera\u00e7\u00e3o de benef\u00edcios rec\u00edprocos. Os dois chefes de Estado reiteram que devem tratar e planejar as rela\u00e7\u00f5es bilaterais a partir de uma perspectiva de longo prazo para promover a parceria bilateral. Com base nisso, devem manter a comunica\u00e7\u00e3o, refor\u00e7ar a confian\u00e7a m\u00fatua, preservar a heran\u00e7a\u00a0da amizade tradicional\u00a0e encorajar\u00a0as trocas amistosas\u00a0entre povos, a fim de impulsionar o desenvolvimento est\u00e1vel e saud\u00e1vel das rela\u00e7\u00f5es sino-ucranianas.<\/p>\n<p>O chanceler chin\u00eas salientou que, no primeiro semestre deste ano, o volume do\u00a0com\u00e9rcio bilateral mostrou um r\u00e1pido impulso de crescimento, refletindo\u00a0a margem e o potencial de colabora\u00e7\u00e3o\u00a0entre os dois pa\u00edses. Os dois lados devem lan\u00e7ar plenamente m\u00e3o\u00a0do mecanismo de coopera\u00e7\u00e3o\u00a0para\u00a0fortalecer sua dimens\u00e3o pr\u00e1tica\u00a0em v\u00e1rios campos.<\/p>\n<p>Os ministros das Rela\u00e7\u00f5es Exteriores trocaram, ainda,\u00a0opini\u00f5es sobre a crise na Ucr\u00e2nia. Wang Yi apontou que a crise ucraniana j\u00e1 est\u00e1 em seu terceiro ano e ainda sofre\u00a0riscos\u00a0de escalonamento e transbordamento. A parte chinesa trabalha firmemente por uma solu\u00e7\u00e3o pol\u00edtica. O presidente chin\u00eas, Xi Jinping, apresentou quatro\u00a0princ\u00edpios para tal resolu\u00e7\u00e3o. Com base nisso, a China e o Brasil publicaram um consenso em seis pontos,\u00a0que foi aplaudido pela comunidade internacional.<\/p>\n<p>O lado chin\u00eas\u00a0considera que a solu\u00e7\u00e3o de todos os conflitos deve ser resolvida atrav\u00e9s de negocia\u00e7\u00f5es. A China continua desempenhando seu papel construtivo para o cessar-fogo e a retomada do di\u00e1logo. Al\u00e9m disso, tem acompanhado\u00a0a situa\u00e7\u00e3o humanit\u00e1ria na Ucr\u00e2nia e continuar\u00e1 fornecendo bens de assist\u00eancia ao pa\u00eds.<\/p>\n<p>Por sua vez, o chanceler ucraniano afirmou\u00a0que a China \u00e9 um grande pa\u00eds,\u00a0e que\u00a0atribui alta import\u00e2ncia \u00e0s suas opini\u00f5es, havendo se debru\u00e7ado com aten\u00e7\u00e3o sobre\u00a0o consenso em seis pontos promovido pela China e pelo Brasil. Ele revelou que a Ucr\u00e2nia est\u00e1 disposta a iniciar uma negocia\u00e7\u00e3o com a R\u00fassia de forma racional e pragm\u00e1tica, a fim de alcan\u00e7ar uma paz imparcial e duradoura.<\/p>\n","protected":false},"excerpt":{"rendered":"<p>A porta-voz da Chancelaria chinesa, Mao Ning, apresentou hoje (24) atualiza\u00e7\u00f5es do encontro entre o chanceler chin\u00eas, Wang Yi, e seu hom\u00f4nimo ucraniano, Dmytro Kuleba. Segundo ela, na reuni\u00e3o, Wang Yi lembrou que China e a Ucr\u00e2nia s\u00e3o pa\u00edses amigos&#8230;<\/p>\n","protected":false},"author":2,"featured_media":0,"comment_status":"open","ping_status":"open","sticky":false,"template":"","format":"standard","meta":{"footnotes":""},"categories":[3],"tags":[],"class_list":["post-5832","post","type-post","status-publish","format-standard","hentry","category-china"],"yoast_head":"<!-- This site is optimized with the Yoast SEO plugin v27.4 - https:\/\/yoast.com\/product\/yoast-seo-wordpress\/ -->\n<title>Chancelaria chinesa: chanceleres da China e Ucr\u00e2nia realizam conversa\u00e7\u00f5es - CRI e Diario de Pernambuco<\/title>\n<meta name=\"robots\" content=\"index, follow, max-snippet:-1, max-image-preview:large, max-video-preview:-1\" \/>\n<link rel=\"canonical\" href=\"https:\/\/diariodepe.com.br\/cri\/2024\/07\/24\/chancelaria-chinesa-chanceleres-da-china-e-ucrania-realizam-conversacoes\/\" \/>\n<meta property=\"og:locale\" content=\"pt_BR\" \/>\n<meta property=\"og:type\" content=\"article\" \/>\n<meta property=\"og:title\" content=\"Chancelaria chinesa: chanceleres da China e Ucr\u00e2nia realizam conversa\u00e7\u00f5es - CRI e Diario de Pernambuco\" \/>\n<meta property=\"og:description\" content=\"A porta-voz da Chancelaria chinesa, Mao Ning, apresentou hoje (24) atualiza\u00e7\u00f5es do encontro entre o chanceler chin\u00eas, Wang Yi, e seu hom\u00f4nimo ucraniano, Dmytro Kuleba. Segundo ela, na reuni\u00e3o, Wang Yi lembrou que China e a Ucr\u00e2nia s\u00e3o pa\u00edses amigos...\" \/>\n<meta property=\"og:url\" content=\"https:\/\/diariodepe.com.br\/cri\/2024\/07\/24\/chancelaria-chinesa-chanceleres-da-china-e-ucrania-realizam-conversacoes\/\" \/>\n<meta property=\"og:site_name\" content=\"CRI e Diario de Pernambuco\" \/>\n<meta property=\"article:published_time\" content=\"2024-07-25T02:28:38+00:00\" \/>\n<meta name=\"author\" content=\"Ismael Lucas S. Pereira\" \/>\n<meta name=\"twitter:card\" content=\"summary_large_image\" \/>\n<meta name=\"twitter:label1\" content=\"Escrito por\" \/>\n\t<meta name=\"twitter:data1\" content=\"Ismael Lucas S. Pereira\" \/>\n\t<meta name=\"twitter:label2\" content=\"Est. tempo de leitura\" \/>\n\t<meta name=\"twitter:data2\" content=\"3 minutos\" \/>\n<script type=\"application\/ld+json\" class=\"yoast-schema-graph\">{\"@context\":\"https:\\\/\\\/schema.org\",\"@graph\":[{\"@type\":\"Article\",\"@id\":\"https:\\\/\\\/diariodepe.com.br\\\/cri\\\/2024\\\/07\\\/24\\\/chancelaria-chinesa-chanceleres-da-china-e-ucrania-realizam-conversacoes\\\/#article\",\"isPartOf\":{\"@id\":\"https:\\\/\\\/diariodepe.com.br\\\/cri\\\/2024\\\/07\\\/24\\\/chancelaria-chinesa-chanceleres-da-china-e-ucrania-realizam-conversacoes\\\/\"},\"author\":{\"name\":\"Ismael Lucas S. Pereira\",\"@id\":\"https:\\\/\\\/diariodepe.com.br\\\/cri\\\/#\\\/schema\\\/person\\\/121bb28d84f1a5b1205ef4ce9c2e0c6b\"},\"headline\":\"Chancelaria chinesa: chanceleres da China e Ucr\u00e2nia realizam conversa\u00e7\u00f5es\",\"datePublished\":\"2024-07-25T02:28:38+00:00\",\"mainEntityOfPage\":{\"@id\":\"https:\\\/\\\/diariodepe.com.br\\\/cri\\\/2024\\\/07\\\/24\\\/chancelaria-chinesa-chanceleres-da-china-e-ucrania-realizam-conversacoes\\\/\"},\"wordCount\":457,\"commentCount\":0,\"publisher\":{\"@id\":\"https:\\\/\\\/diariodepe.com.br\\\/cri\\\/#organization\"},\"articleSection\":[\"China\"],\"inLanguage\":\"pt-BR\",\"potentialAction\":[{\"@type\":\"CommentAction\",\"name\":\"Comment\",\"target\":[\"https:\\\/\\\/diariodepe.com.br\\\/cri\\\/2024\\\/07\\\/24\\\/chancelaria-chinesa-chanceleres-da-china-e-ucrania-realizam-conversacoes\\\/#respond\"]}]},{\"@type\":\"WebPage\",\"@id\":\"https:\\\/\\\/diariodepe.com.br\\\/cri\\\/2024\\\/07\\\/24\\\/chancelaria-chinesa-chanceleres-da-china-e-ucrania-realizam-conversacoes\\\/\",\"url\":\"https:\\\/\\\/diariodepe.com.br\\\/cri\\\/2024\\\/07\\\/24\\\/chancelaria-chinesa-chanceleres-da-china-e-ucrania-realizam-conversacoes\\\/\",\"name\":\"Chancelaria chinesa: chanceleres da China e Ucr\u00e2nia realizam conversa\u00e7\u00f5es - CRI e Diario de Pernambuco\",\"isPartOf\":{\"@id\":\"https:\\\/\\\/diariodepe.com.br\\\/cri\\\/#website\"},\"datePublished\":\"2024-07-25T02:28:38+00:00\",\"breadcrumb\":{\"@id\":\"https:\\\/\\\/diariodepe.com.br\\\/cri\\\/2024\\\/07\\\/24\\\/chancelaria-chinesa-chanceleres-da-china-e-ucrania-realizam-conversacoes\\\/#breadcrumb\"},\"inLanguage\":\"pt-BR\",\"potentialAction\":[{\"@type\":\"ReadAction\",\"target\":[\"https:\\\/\\\/diariodepe.com.br\\\/cri\\\/2024\\\/07\\\/24\\\/chancelaria-chinesa-chanceleres-da-china-e-ucrania-realizam-conversacoes\\\/\"]}]},{\"@type\":\"BreadcrumbList\",\"@id\":\"https:\\\/\\\/diariodepe.com.br\\\/cri\\\/2024\\\/07\\\/24\\\/chancelaria-chinesa-chanceleres-da-china-e-ucrania-realizam-conversacoes\\\/#breadcrumb\",\"itemListElement\":[{\"@type\":\"ListItem\",\"position\":1,\"name\":\"In\u00edcio\",\"item\":\"https:\\\/\\\/diariodepe.com.br\\\/cri\\\/\"},{\"@type\":\"ListItem\",\"position\":2,\"name\":\"Chancelaria chinesa: chanceleres da China e Ucr\u00e2nia realizam conversa\u00e7\u00f5es\"}]},{\"@type\":\"WebSite\",\"@id\":\"https:\\\/\\\/diariodepe.com.br\\\/cri\\\/#website\",\"url\":\"https:\\\/\\\/diariodepe.com.br\\\/cri\\\/\",\"name\":\"CRI e Diario de Pernambuco\",\"description\":\"R\u00e1dio Internacional da China\",\"publisher\":{\"@id\":\"https:\\\/\\\/diariodepe.com.br\\\/cri\\\/#organization\"},\"potentialAction\":[{\"@type\":\"SearchAction\",\"target\":{\"@type\":\"EntryPoint\",\"urlTemplate\":\"https:\\\/\\\/diariodepe.com.br\\\/cri\\\/?s={search_term_string}\"},\"query-input\":{\"@type\":\"PropertyValueSpecification\",\"valueRequired\":true,\"valueName\":\"search_term_string\"}}],\"inLanguage\":\"pt-BR\"},{\"@type\":\"Organization\",\"@id\":\"https:\\\/\\\/diariodepe.com.br\\\/cri\\\/#organization\",\"name\":\"CRI e Diario de Pernambuco\",\"url\":\"https:\\\/\\\/diariodepe.com.br\\\/cri\\\/\",\"logo\":{\"@type\":\"ImageObject\",\"inLanguage\":\"pt-BR\",\"@id\":\"https:\\\/\\\/diariodepe.com.br\\\/cri\\\/#\\\/schema\\\/logo\\\/image\\\/\",\"url\":\"https:\\\/\\\/diariodepe.com.br\\\/cri\\\/wp-content\\\/uploads\\\/sites\\\/2\\\/2022\\\/12\\\/cropped-Logo.jpg\",\"contentUrl\":\"https:\\\/\\\/diariodepe.com.br\\\/cri\\\/wp-content\\\/uploads\\\/sites\\\/2\\\/2022\\\/12\\\/cropped-Logo.jpg\",\"width\":700,\"height\":59,\"caption\":\"CRI e Diario de Pernambuco\"},\"image\":{\"@id\":\"https:\\\/\\\/diariodepe.com.br\\\/cri\\\/#\\\/schema\\\/logo\\\/image\\\/\"}},{\"@type\":\"Person\",\"@id\":\"https:\\\/\\\/diariodepe.com.br\\\/cri\\\/#\\\/schema\\\/person\\\/121bb28d84f1a5b1205ef4ce9c2e0c6b\",\"name\":\"Ismael Lucas S. Pereira\",\"image\":{\"@type\":\"ImageObject\",\"inLanguage\":\"pt-BR\",\"@id\":\"https:\\\/\\\/secure.gravatar.com\\\/avatar\\\/887a0f3b5a7ceea963a48499fb883ffce6b5037362def025c52c2505b15d63e4?s=96&d=mm&r=g\",\"url\":\"https:\\\/\\\/secure.gravatar.com\\\/avatar\\\/887a0f3b5a7ceea963a48499fb883ffce6b5037362def025c52c2505b15d63e4?s=96&d=mm&r=g\",\"contentUrl\":\"https:\\\/\\\/secure.gravatar.com\\\/avatar\\\/887a0f3b5a7ceea963a48499fb883ffce6b5037362def025c52c2505b15d63e4?s=96&d=mm&r=g\",\"caption\":\"Ismael Lucas S. Pereira\"},\"url\":\"https:\\\/\\\/diariodepe.com.br\\\/cri\\\/author\\\/ismael-lucas\\\/\"}]}<\/script>\n<!-- \/ Yoast SEO plugin. -->","yoast_head_json":{"title":"Chancelaria chinesa: chanceleres da China e Ucr\u00e2nia realizam conversa\u00e7\u00f5es - CRI e Diario de Pernambuco","robots":{"index":"index","follow":"follow","max-snippet":"max-snippet:-1","max-image-preview":"max-image-preview:large","max-video-preview":"max-video-preview:-1"},"canonical":"https:\/\/diariodepe.com.br\/cri\/2024\/07\/24\/chancelaria-chinesa-chanceleres-da-china-e-ucrania-realizam-conversacoes\/","og_locale":"pt_BR","og_type":"article","og_title":"Chancelaria chinesa: chanceleres da China e Ucr\u00e2nia realizam conversa\u00e7\u00f5es - CRI e Diario de Pernambuco","og_description":"A porta-voz da Chancelaria chinesa, Mao Ning, apresentou hoje (24) atualiza\u00e7\u00f5es do encontro entre o chanceler chin\u00eas, Wang Yi, e seu hom\u00f4nimo ucraniano, Dmytro Kuleba. Segundo ela, na reuni\u00e3o, Wang Yi lembrou que China e a Ucr\u00e2nia s\u00e3o pa\u00edses amigos...","og_url":"https:\/\/diariodepe.com.br\/cri\/2024\/07\/24\/chancelaria-chinesa-chanceleres-da-china-e-ucrania-realizam-conversacoes\/","og_site_name":"CRI e Diario de Pernambuco","article_published_time":"2024-07-25T02:28:38+00:00","author":"Ismael Lucas S. Pereira","twitter_card":"summary_large_image","twitter_misc":{"Escrito por":"Ismael Lucas S. Pereira","Est. tempo de leitura":"3 minutos"},"schema":{"@context":"https:\/\/schema.org","@graph":[{"@type":"Article","@id":"https:\/\/diariodepe.com.br\/cri\/2024\/07\/24\/chancelaria-chinesa-chanceleres-da-china-e-ucrania-realizam-conversacoes\/#article","isPartOf":{"@id":"https:\/\/diariodepe.com.br\/cri\/2024\/07\/24\/chancelaria-chinesa-chanceleres-da-china-e-ucrania-realizam-conversacoes\/"},"author":{"name":"Ismael Lucas S. Pereira","@id":"https:\/\/diariodepe.com.br\/cri\/#\/schema\/person\/121bb28d84f1a5b1205ef4ce9c2e0c6b"},"headline":"Chancelaria chinesa: chanceleres da China e Ucr\u00e2nia realizam conversa\u00e7\u00f5es","datePublished":"2024-07-25T02:28:38+00:00","mainEntityOfPage":{"@id":"https:\/\/diariodepe.com.br\/cri\/2024\/07\/24\/chancelaria-chinesa-chanceleres-da-china-e-ucrania-realizam-conversacoes\/"},"wordCount":457,"commentCount":0,"publisher":{"@id":"https:\/\/diariodepe.com.br\/cri\/#organization"},"articleSection":["China"],"inLanguage":"pt-BR","potentialAction":[{"@type":"CommentAction","name":"Comment","target":["https:\/\/diariodepe.com.br\/cri\/2024\/07\/24\/chancelaria-chinesa-chanceleres-da-china-e-ucrania-realizam-conversacoes\/#respond"]}]},{"@type":"WebPage","@id":"https:\/\/diariodepe.com.br\/cri\/2024\/07\/24\/chancelaria-chinesa-chanceleres-da-china-e-ucrania-realizam-conversacoes\/","url":"https:\/\/diariodepe.com.br\/cri\/2024\/07\/24\/chancelaria-chinesa-chanceleres-da-china-e-ucrania-realizam-conversacoes\/","name":"Chancelaria chinesa: chanceleres da China e Ucr\u00e2nia realizam conversa\u00e7\u00f5es - CRI e Diario de Pernambuco","isPartOf":{"@id":"https:\/\/diariodepe.com.br\/cri\/#website"},"datePublished":"2024-07-25T02:28:38+00:00","breadcrumb":{"@id":"https:\/\/diariodepe.com.br\/cri\/2024\/07\/24\/chancelaria-chinesa-chanceleres-da-china-e-ucrania-realizam-conversacoes\/#breadcrumb"},"inLanguage":"pt-BR","potentialAction":[{"@type":"ReadAction","target":["https:\/\/diariodepe.com.br\/cri\/2024\/07\/24\/chancelaria-chinesa-chanceleres-da-china-e-ucrania-realizam-conversacoes\/"]}]},{"@type":"BreadcrumbList","@id":"https:\/\/diariodepe.com.br\/cri\/2024\/07\/24\/chancelaria-chinesa-chanceleres-da-china-e-ucrania-realizam-conversacoes\/#breadcrumb","itemListElement":[{"@type":"ListItem","position":1,"name":"In\u00edcio","item":"https:\/\/diariodepe.com.br\/cri\/"},{"@type":"ListItem","position":2,"name":"Chancelaria chinesa: chanceleres da China e Ucr\u00e2nia realizam conversa\u00e7\u00f5es"}]},{"@type":"WebSite","@id":"https:\/\/diariodepe.com.br\/cri\/#website","url":"https:\/\/diariodepe.com.br\/cri\/","name":"CRI e Diario de Pernambuco","description":"R\u00e1dio Internacional da China","publisher":{"@id":"https:\/\/diariodepe.com.br\/cri\/#organization"},"potentialAction":[{"@type":"SearchAction","target":{"@type":"EntryPoint","urlTemplate":"https:\/\/diariodepe.com.br\/cri\/?s={search_term_string}"},"query-input":{"@type":"PropertyValueSpecification","valueRequired":true,"valueName":"search_term_string"}}],"inLanguage":"pt-BR"},{"@type":"Organization","@id":"https:\/\/diariodepe.com.br\/cri\/#organization","name":"CRI e Diario de Pernambuco","url":"https:\/\/diariodepe.com.br\/cri\/","logo":{"@type":"ImageObject","inLanguage":"pt-BR","@id":"https:\/\/diariodepe.com.br\/cri\/#\/schema\/logo\/image\/","url":"https:\/\/diariodepe.com.br\/cri\/wp-content\/uploads\/sites\/2\/2022\/12\/cropped-Logo.jpg","contentUrl":"https:\/\/diariodepe.com.br\/cri\/wp-content\/uploads\/sites\/2\/2022\/12\/cropped-Logo.jpg","width":700,"height":59,"caption":"CRI e Diario de Pernambuco"},"image":{"@id":"https:\/\/diariodepe.com.br\/cri\/#\/schema\/logo\/image\/"}},{"@type":"Person","@id":"https:\/\/diariodepe.com.br\/cri\/#\/schema\/person\/121bb28d84f1a5b1205ef4ce9c2e0c6b","name":"Ismael Lucas S. Pereira","image":{"@type":"ImageObject","inLanguage":"pt-BR","@id":"https:\/\/secure.gravatar.com\/avatar\/887a0f3b5a7ceea963a48499fb883ffce6b5037362def025c52c2505b15d63e4?s=96&d=mm&r=g","url":"https:\/\/secure.gravatar.com\/avatar\/887a0f3b5a7ceea963a48499fb883ffce6b5037362def025c52c2505b15d63e4?s=96&d=mm&r=g","contentUrl":"https:\/\/secure.gravatar.com\/avatar\/887a0f3b5a7ceea963a48499fb883ffce6b5037362def025c52c2505b15d63e4?s=96&d=mm&r=g","caption":"Ismael Lucas S. Pereira"},"url":"https:\/\/diariodepe.com.br\/cri\/author\/ismael-lucas\/"}]}},"cc_featured_image_caption":{"caption_text":false,"source_text":false,"source_url":false},"amp_enabled":true,"_links":{"self":[{"href":"https:\/\/diariodepe.com.br\/cri\/wp-json\/wp\/v2\/posts\/5832","targetHints":{"allow":["GET"]}}],"collection":[{"href":"https:\/\/diariodepe.com.br\/cri\/wp-json\/wp\/v2\/posts"}],"about":[{"href":"https:\/\/diariodepe.com.br\/cri\/wp-json\/wp\/v2\/types\/post"}],"author":[{"embeddable":true,"href":"https:\/\/diariodepe.com.br\/cri\/wp-json\/wp\/v2\/users\/2"}],"replies":[{"embeddable":true,"href":"https:\/\/diariodepe.com.br\/cri\/wp-json\/wp\/v2\/comments?post=5832"}],"version-history":[{"count":1,"href":"https:\/\/diariodepe.com.br\/cri\/wp-json\/wp\/v2\/posts\/5832\/revisions"}],"predecessor-version":[{"id":5833,"href":"https:\/\/diariodepe.com.br\/cri\/wp-json\/wp\/v2\/posts\/5832\/revisions\/5833"}],"wp:attachment":[{"href":"https:\/\/diariodepe.com.br\/cri\/wp-json\/wp\/v2\/media?parent=5832"}],"wp:term":[{"taxonomy":"category","embeddable":true,"href":"https:\/\/diariodepe.com.br\/cri\/wp-json\/wp\/v2\/categories?post=5832"},{"taxonomy":"post_tag","embeddable":true,"href":"https:\/\/diariodepe.com.br\/cri\/wp-json\/wp\/v2\/tags?post=5832"}],"curies":[{"name":"wp","href":"https:\/\/api.w.org\/{rel}","templated":true}]}}