{"id":583,"date":"2023-02-11T11:16:05","date_gmt":"2023-02-11T14:16:05","guid":{"rendered":"https:\/\/diariodepe.com.br\/cri\/?p=583"},"modified":"2023-02-11T11:16:06","modified_gmt":"2023-02-11T14:16:06","slug":"44-anos-de-relacoes-portugal-china-ampliar-os-beneficios-mutuos-da-parceria-estrategica","status":"publish","type":"post","link":"https:\/\/diariodepe.com.br\/cri\/2023\/02\/11\/44-anos-de-relacoes-portugal-china-ampliar-os-beneficios-mutuos-da-parceria-estrategica\/","title":{"rendered":"<strong>44 anos de Rela\u00e7\u00f5es Portugal-China: ampliar os benef\u00edcios m\u00fatuos da parceria estrat\u00e9gica<\/strong>"},"content":{"rendered":"\n<p>Por Rui Lourido, historiador portugu\u00eas e presidente do Observat\u00f3rio da China<\/p>\n\n\n\n<p>A 8 de fevereiro de 2023 comemoram-se os 44 anos de rela\u00e7\u00f5es diplom\u00e1ticas, estabelecidas entre Portugal e a China. Portugal tem, nos \u00faltimos anos, participado do&nbsp;Cintur\u00e3o e Rota, iniciativa lan\u00e7ada h\u00e1 10 anos pela China, contribuindo desta forma para uma comunidade de futuro compartilhado entre os dois pa\u00edses.<\/p>\n\n\n\n<p>Em abril de 2022, o primeiro-ministro portugu\u00eas, Ant\u00f3nio Costa, reafirmou mais uma vez, n\u00e3o s\u00f3 a defesa do aprofundamento da coopera\u00e7\u00e3o entre Portugal e China, a ambi\u00e7\u00e3o de Portugal ser um aliado da China na abertura de grandes mercados como o da Uni\u00e3o Europeia (UE), da Am\u00e9rica Latina e da \u00c1frica, em especial com os pa\u00edses de l\u00edngua portuguesa. Estas declara\u00e7\u00f5es do primeiro-ministro foram proferidas na cerim\u00f3nia de abertura da reuni\u00e3o extraordin\u00e1ria ministerial do F\u00f3rum para a Coopera\u00e7\u00e3o Econ\u00f3mica e Comercial entre a China e os Pa\u00edses de L\u00edngua Portuguesa (F\u00f3rum de Macau). Na sua interven\u00e7\u00e3o, defendeu ser importante a intensifica\u00e7\u00e3o dos investimentos chineses para a recupera\u00e7\u00e3o das economias dos pa\u00edses de l\u00edngua portuguesa, atingidas pelo impacto da pandemia de Covid-19 e pela guerra na Ucr\u00e2nia. Por sua vez, o F\u00f3rum de Macau informou que o seu fundo alavancou um investimento total de mais de 4 mil milh\u00f5es de d\u00f3lares (3,7 mil milh\u00f5es de euros), atrav\u00e9s de empresas chinesas, junto dos pa\u00edses de l\u00edngua portuguesa.<\/p>\n\n\n\n<p>O agravamento das ten\u00e7\u00f5es internacionais, motivadas pela guerra e pela tentativa de isolar a China, tem criado limita\u00e7\u00f5es a pa\u00edses, como Portugal, que tem uma longa tradi\u00e7\u00e3o de relacionamento intenso com a China. Contudo, o facto de Portugal ser a na\u00e7\u00e3o europeia com as mais longas (desde o s\u00e9culo XVI) rela\u00e7\u00f5es pac\u00edficas e de amizade com a China, \u00e9 um motivo de orgulho nacional. A circunst\u00e2ncia de Portugal ter sido, igualmente, pioneiro na difus\u00e3o da sofisticada e avan\u00e7ada civiliza\u00e7\u00e3o chinesa \u00e0s restantes na\u00e7\u00f5es ocidentais (o que viria a influenciar a moda europeia, com um gosto \u00e0 chinesa \u2013 a Chinoiserie), consubstancia a ponte civilizacional mais duradoura e profunda entre a Europa e a China.<\/p>\n\n\n\n<p>Para refor\u00e7ar o relacionamento pac\u00edfico em n\u00edvel mundial, a China criou em 2013 a iniciativa Cintur\u00e3o e Rota (BRI, na sigla em ingl\u00eas). Nestes 10 anos de exist\u00eancia, a iniciativa demonstrou ter contribu\u00eddo para o desenvolvimento econ\u00f3mico dos pa\u00edses participantes, com base em benef\u00edcios m\u00fatuos e na n\u00e3o inger\u00eancia nos assuntos internos. Proliferaram infraestruturas para o desenvolvimento social, como estradas, pontes, caminhos de ferro modernos e velozes, hospitais e equipamentos de sa\u00fade, entre outros. Mas esta coopera\u00e7\u00e3o n\u00e3o foi s\u00f3 na \u00c1sia e na \u00c1frica, tamb\u00e9m na Europa, a abertura da China contribuiu para evitar a recess\u00e3o econ\u00f3mica do mundo no per\u00edodo de pandemia e continua a contribuir para o seu desenvolvimento econ\u00f3mico. Nomeadamente a iniciativa transporta por via mar\u00edtima (por ex. at\u00e9 aos portos gregos) e por via-f\u00e9rrea, at\u00e9 \u00e0 Pol\u00f3nia, Alemanha e Espanha, entre outras na\u00e7\u00f5es, in\u00fameros comboios de mercadorias essenciais.<\/p>\n\n\n\n<p>Portugal foi um dos 57 pa\u00edses fundadores do Banco Asi\u00e1tico de Investimento em Infraestrutura (BAII, em 2015), um dos pilares para o investimento no Cintur\u00e3o e Rota. Entre as largas dezenas de pa\u00edses que t\u00eam vindo a assinar acordos de participa\u00e7\u00e3o nesta iniciativa, Portugal tamb\u00e9m assinou o seu acordo, em dezembro de 2018, durante a visita de Estado do presidente da China, Xi Jinping. Na altura, foram igualmente assinados pelos dois pa\u00edses, 17 acordos de coopera\u00e7\u00e3o (incluindo 10 memorandos de entendimento), abrangendo m\u00faltiplas \u00e1reas, da cultura \u00e0 energia, com\u00e9rcio e servi\u00e7os, transportes, novas tecnologias como o 5G. Estes acordos t\u00eam vindo a potenciar a coopera\u00e7\u00e3o bilateral Portugal-China e em mercados terceiros. O Porto de Sines e a sua liga\u00e7\u00e3o \u00e0 rede ferrovi\u00e1ria transeuropeia e eurasi\u00e1tica ser\u00e3o igualmente valorizados.<\/p>\n\n\n\n<p>A China \u00e9 o maior parceiro comercial de Portugal na \u00c1sia. De acordo com os dados de estat\u00edsticas dos Servi\u00e7os da Alf\u00e2ndega da China, as trocas comerciais entre a China e Portugal aumentaram em 2022.&nbsp;De acordo com os dados de&nbsp;estat\u00edsticas dos Servi\u00e7os da Alf\u00e2ndega da China, as trocas comerciais entre a China e Portugal aumentaram em 2022. As trocas comerciais entre janeiro e dezembro totalizaram 8.424.476 mil euros, as exporta\u00e7\u00f5es da China foram de 5.587.011 mil euros e as importa\u00e7\u00f5es da China foram de&nbsp;2.837.465 mil euros. Estes valores representaram uma varia\u00e7\u00e3o hom\u00f3loga total de&nbsp;2.4%.&nbsp;Com&nbsp;os pa\u00edses de l\u00edngua portuguesa, as trocas comerciais de janeiro a dezembro de 2022 foram de&nbsp;200.077 mil milh\u00f5es euros,&nbsp;registando&nbsp;um aumento hom\u00f3logo de&nbsp;6.27%.<\/p>\n\n\n\n<p>O embaixador da China em Portugal, Zhao Bentang, tem destacado o importante papel de Portugal como \u201cum parceiro end\u00f3geno\u201d para o refor\u00e7o do Cintur\u00e3o e Rota. Este embaixador afirmou que as rela\u00e7\u00f5es entre os dois pa\u00edses s\u00e3o exemplares e que a China colaborar\u00e1 com Portugal, promovendo a coopera\u00e7\u00e3o bilateral em todas as \u00e1reas, para atingir novos patamares de desenvolvimento. Estas declara\u00e7\u00f5es t\u00eam vindo a ser reafirmadas, como aconteceu na abertura da 3\u00aa Confer\u00eancia Internacional de Coopera\u00e7\u00e3o Portugal-China, promovida pelo Observat\u00f3rio da China e pela Uni\u00e3o das Associa\u00e7\u00f5es de Coopera\u00e7\u00e3o Amizade Portugal-China (dezembro 2021), que contou com a presen\u00e7a do ministro do Mar portugu\u00eas, e do secret\u00e1rio de Estado para a Internacionaliza\u00e7\u00e3o, e, recentemente, aquando das comemora\u00e7\u00f5es do Ano Novo Chin\u00eas 2023.<\/p>\n\n\n\n<p>Portugal tem aprofundado a sua parceria estrat\u00e9gica com a China, a qual apreciou a posi\u00e7\u00e3o do governo de Portugal de reafirmar a pol\u00edtica da exist\u00eancia de uma s\u00f3 China, cuja capital \u00e9 Beijing.<\/p>\n\n\n\n<p>Consideramos fundamental reativar o Acordo Global de Investimento entre a UE&nbsp;e a China, assinado em 2020, e suspenso no ano seguinte, pois \u00e9 o acordo mais favor\u00e1vel ao desenvolvimento da Europa e a sua implementa\u00e7\u00e3o contribuir\u00e1 significativamente para ultrapassar a atual crise econ\u00f3mica europeia.<\/p>\n\n\n\n<p>Por outro lado, Portugal e a Europa necessitam de reafirmar a autonomia dos seus interesses estrat\u00e9gicos, recusando o clima de Guerra Fria e de clivagem entre blocos geopol\u00edticos, neste mundo multipolar, para poderem contribuir determinantemente para a paz e para a resolu\u00e7\u00e3o dos principais problemas da humanidade, como s\u00e3o as altera\u00e7\u00f5es clim\u00e1ticas e o crescimento do fosso entre pobres e ricos. \u00c9 urgente a colabora\u00e7\u00e3o entre todas as na\u00e7\u00f5es para melhorar a governan\u00e7a global&nbsp;e criarmos uma comunidade de futuro compartilhado da humanidade. &nbsp;<\/p>\n","protected":false},"excerpt":{"rendered":"<p>Por Rui Lourido, historiador portugu\u00eas e presidente do Observat\u00f3rio da China A 8 de fevereiro de 2023 comemoram-se os 44 anos de rela\u00e7\u00f5es diplom\u00e1ticas, estabelecidas entre Portugal e a China. Portugal tem, nos \u00faltimos anos, participado do&nbsp;Cintur\u00e3o e Rota, iniciativa&#8230;<\/p>\n","protected":false},"author":2,"featured_media":0,"comment_status":"open","ping_status":"open","sticky":false,"template":"","format":"standard","meta":{"footnotes":""},"categories":[7],"tags":[],"class_list":["post-583","post","type-post","status-publish","format-standard","hentry","category-visao"],"yoast_head":"<!-- This site is optimized with the Yoast SEO plugin v27.4 - https:\/\/yoast.com\/product\/yoast-seo-wordpress\/ -->\n<title>44 anos de Rela\u00e7\u00f5es Portugal-China: ampliar os benef\u00edcios m\u00fatuos da parceria estrat\u00e9gica - CRI e Diario de Pernambuco<\/title>\n<meta name=\"robots\" content=\"index, follow, max-snippet:-1, max-image-preview:large, max-video-preview:-1\" \/>\n<link rel=\"canonical\" href=\"https:\/\/diariodepe.com.br\/cri\/2023\/02\/11\/44-anos-de-relacoes-portugal-china-ampliar-os-beneficios-mutuos-da-parceria-estrategica\/\" \/>\n<meta property=\"og:locale\" content=\"pt_BR\" \/>\n<meta property=\"og:type\" content=\"article\" \/>\n<meta property=\"og:title\" content=\"44 anos de Rela\u00e7\u00f5es Portugal-China: ampliar os benef\u00edcios m\u00fatuos da parceria estrat\u00e9gica - CRI e Diario de Pernambuco\" \/>\n<meta property=\"og:description\" content=\"Por Rui Lourido, historiador portugu\u00eas e presidente do Observat\u00f3rio da China A 8 de fevereiro de 2023 comemoram-se os 44 anos de rela\u00e7\u00f5es diplom\u00e1ticas, estabelecidas entre Portugal e a China. Portugal tem, nos \u00faltimos anos, participado do&nbsp;Cintur\u00e3o e Rota, iniciativa...\" \/>\n<meta property=\"og:url\" content=\"https:\/\/diariodepe.com.br\/cri\/2023\/02\/11\/44-anos-de-relacoes-portugal-china-ampliar-os-beneficios-mutuos-da-parceria-estrategica\/\" \/>\n<meta property=\"og:site_name\" content=\"CRI e Diario de Pernambuco\" \/>\n<meta property=\"article:published_time\" content=\"2023-02-11T14:16:05+00:00\" \/>\n<meta property=\"article:modified_time\" content=\"2023-02-11T14:16:06+00:00\" \/>\n<meta name=\"author\" content=\"Ismael Lucas S. Pereira\" \/>\n<meta name=\"twitter:card\" content=\"summary_large_image\" \/>\n<meta name=\"twitter:label1\" content=\"Escrito por\" \/>\n\t<meta name=\"twitter:data1\" content=\"Ismael Lucas S. Pereira\" \/>\n\t<meta name=\"twitter:label2\" content=\"Est. tempo de leitura\" \/>\n\t<meta name=\"twitter:data2\" content=\"6 minutos\" \/>\n<script type=\"application\/ld+json\" class=\"yoast-schema-graph\">{\"@context\":\"https:\\\/\\\/schema.org\",\"@graph\":[{\"@type\":\"Article\",\"@id\":\"https:\\\/\\\/diariodepe.com.br\\\/cri\\\/2023\\\/02\\\/11\\\/44-anos-de-relacoes-portugal-china-ampliar-os-beneficios-mutuos-da-parceria-estrategica\\\/#article\",\"isPartOf\":{\"@id\":\"https:\\\/\\\/diariodepe.com.br\\\/cri\\\/2023\\\/02\\\/11\\\/44-anos-de-relacoes-portugal-china-ampliar-os-beneficios-mutuos-da-parceria-estrategica\\\/\"},\"author\":{\"name\":\"Ismael Lucas S. Pereira\",\"@id\":\"https:\\\/\\\/diariodepe.com.br\\\/cri\\\/#\\\/schema\\\/person\\\/121bb28d84f1a5b1205ef4ce9c2e0c6b\"},\"headline\":\"44 anos de Rela\u00e7\u00f5es Portugal-China: ampliar os benef\u00edcios m\u00fatuos da parceria estrat\u00e9gica\",\"datePublished\":\"2023-02-11T14:16:05+00:00\",\"dateModified\":\"2023-02-11T14:16:06+00:00\",\"mainEntityOfPage\":{\"@id\":\"https:\\\/\\\/diariodepe.com.br\\\/cri\\\/2023\\\/02\\\/11\\\/44-anos-de-relacoes-portugal-china-ampliar-os-beneficios-mutuos-da-parceria-estrategica\\\/\"},\"wordCount\":1156,\"commentCount\":0,\"publisher\":{\"@id\":\"https:\\\/\\\/diariodepe.com.br\\\/cri\\\/#organization\"},\"articleSection\":[\"Vis\u00e3o\"],\"inLanguage\":\"pt-BR\",\"potentialAction\":[{\"@type\":\"CommentAction\",\"name\":\"Comment\",\"target\":[\"https:\\\/\\\/diariodepe.com.br\\\/cri\\\/2023\\\/02\\\/11\\\/44-anos-de-relacoes-portugal-china-ampliar-os-beneficios-mutuos-da-parceria-estrategica\\\/#respond\"]}]},{\"@type\":\"WebPage\",\"@id\":\"https:\\\/\\\/diariodepe.com.br\\\/cri\\\/2023\\\/02\\\/11\\\/44-anos-de-relacoes-portugal-china-ampliar-os-beneficios-mutuos-da-parceria-estrategica\\\/\",\"url\":\"https:\\\/\\\/diariodepe.com.br\\\/cri\\\/2023\\\/02\\\/11\\\/44-anos-de-relacoes-portugal-china-ampliar-os-beneficios-mutuos-da-parceria-estrategica\\\/\",\"name\":\"44 anos de Rela\u00e7\u00f5es Portugal-China: ampliar os benef\u00edcios m\u00fatuos da parceria estrat\u00e9gica - CRI e Diario de Pernambuco\",\"isPartOf\":{\"@id\":\"https:\\\/\\\/diariodepe.com.br\\\/cri\\\/#website\"},\"datePublished\":\"2023-02-11T14:16:05+00:00\",\"dateModified\":\"2023-02-11T14:16:06+00:00\",\"breadcrumb\":{\"@id\":\"https:\\\/\\\/diariodepe.com.br\\\/cri\\\/2023\\\/02\\\/11\\\/44-anos-de-relacoes-portugal-china-ampliar-os-beneficios-mutuos-da-parceria-estrategica\\\/#breadcrumb\"},\"inLanguage\":\"pt-BR\",\"potentialAction\":[{\"@type\":\"ReadAction\",\"target\":[\"https:\\\/\\\/diariodepe.com.br\\\/cri\\\/2023\\\/02\\\/11\\\/44-anos-de-relacoes-portugal-china-ampliar-os-beneficios-mutuos-da-parceria-estrategica\\\/\"]}]},{\"@type\":\"BreadcrumbList\",\"@id\":\"https:\\\/\\\/diariodepe.com.br\\\/cri\\\/2023\\\/02\\\/11\\\/44-anos-de-relacoes-portugal-china-ampliar-os-beneficios-mutuos-da-parceria-estrategica\\\/#breadcrumb\",\"itemListElement\":[{\"@type\":\"ListItem\",\"position\":1,\"name\":\"In\u00edcio\",\"item\":\"https:\\\/\\\/diariodepe.com.br\\\/cri\\\/\"},{\"@type\":\"ListItem\",\"position\":2,\"name\":\"44 anos de Rela\u00e7\u00f5es Portugal-China: ampliar os benef\u00edcios m\u00fatuos da parceria estrat\u00e9gica\"}]},{\"@type\":\"WebSite\",\"@id\":\"https:\\\/\\\/diariodepe.com.br\\\/cri\\\/#website\",\"url\":\"https:\\\/\\\/diariodepe.com.br\\\/cri\\\/\",\"name\":\"CRI e Diario de Pernambuco\",\"description\":\"R\u00e1dio Internacional da China\",\"publisher\":{\"@id\":\"https:\\\/\\\/diariodepe.com.br\\\/cri\\\/#organization\"},\"potentialAction\":[{\"@type\":\"SearchAction\",\"target\":{\"@type\":\"EntryPoint\",\"urlTemplate\":\"https:\\\/\\\/diariodepe.com.br\\\/cri\\\/?s={search_term_string}\"},\"query-input\":{\"@type\":\"PropertyValueSpecification\",\"valueRequired\":true,\"valueName\":\"search_term_string\"}}],\"inLanguage\":\"pt-BR\"},{\"@type\":\"Organization\",\"@id\":\"https:\\\/\\\/diariodepe.com.br\\\/cri\\\/#organization\",\"name\":\"CRI e Diario de Pernambuco\",\"url\":\"https:\\\/\\\/diariodepe.com.br\\\/cri\\\/\",\"logo\":{\"@type\":\"ImageObject\",\"inLanguage\":\"pt-BR\",\"@id\":\"https:\\\/\\\/diariodepe.com.br\\\/cri\\\/#\\\/schema\\\/logo\\\/image\\\/\",\"url\":\"https:\\\/\\\/diariodepe.com.br\\\/cri\\\/wp-content\\\/uploads\\\/sites\\\/2\\\/2022\\\/12\\\/cropped-Logo.jpg\",\"contentUrl\":\"https:\\\/\\\/diariodepe.com.br\\\/cri\\\/wp-content\\\/uploads\\\/sites\\\/2\\\/2022\\\/12\\\/cropped-Logo.jpg\",\"width\":700,\"height\":59,\"caption\":\"CRI e Diario de Pernambuco\"},\"image\":{\"@id\":\"https:\\\/\\\/diariodepe.com.br\\\/cri\\\/#\\\/schema\\\/logo\\\/image\\\/\"}},{\"@type\":\"Person\",\"@id\":\"https:\\\/\\\/diariodepe.com.br\\\/cri\\\/#\\\/schema\\\/person\\\/121bb28d84f1a5b1205ef4ce9c2e0c6b\",\"name\":\"Ismael Lucas S. Pereira\",\"image\":{\"@type\":\"ImageObject\",\"inLanguage\":\"pt-BR\",\"@id\":\"https:\\\/\\\/secure.gravatar.com\\\/avatar\\\/887a0f3b5a7ceea963a48499fb883ffce6b5037362def025c52c2505b15d63e4?s=96&d=mm&r=g\",\"url\":\"https:\\\/\\\/secure.gravatar.com\\\/avatar\\\/887a0f3b5a7ceea963a48499fb883ffce6b5037362def025c52c2505b15d63e4?s=96&d=mm&r=g\",\"contentUrl\":\"https:\\\/\\\/secure.gravatar.com\\\/avatar\\\/887a0f3b5a7ceea963a48499fb883ffce6b5037362def025c52c2505b15d63e4?s=96&d=mm&r=g\",\"caption\":\"Ismael Lucas S. Pereira\"},\"url\":\"https:\\\/\\\/diariodepe.com.br\\\/cri\\\/author\\\/ismael-lucas\\\/\"}]}<\/script>\n<!-- \/ Yoast SEO plugin. -->","yoast_head_json":{"title":"44 anos de Rela\u00e7\u00f5es Portugal-China: ampliar os benef\u00edcios m\u00fatuos da parceria estrat\u00e9gica - CRI e Diario de Pernambuco","robots":{"index":"index","follow":"follow","max-snippet":"max-snippet:-1","max-image-preview":"max-image-preview:large","max-video-preview":"max-video-preview:-1"},"canonical":"https:\/\/diariodepe.com.br\/cri\/2023\/02\/11\/44-anos-de-relacoes-portugal-china-ampliar-os-beneficios-mutuos-da-parceria-estrategica\/","og_locale":"pt_BR","og_type":"article","og_title":"44 anos de Rela\u00e7\u00f5es Portugal-China: ampliar os benef\u00edcios m\u00fatuos da parceria estrat\u00e9gica - CRI e Diario de Pernambuco","og_description":"Por Rui Lourido, historiador portugu\u00eas e presidente do Observat\u00f3rio da China A 8 de fevereiro de 2023 comemoram-se os 44 anos de rela\u00e7\u00f5es diplom\u00e1ticas, estabelecidas entre Portugal e a China. Portugal tem, nos \u00faltimos anos, participado do&nbsp;Cintur\u00e3o e Rota, iniciativa...","og_url":"https:\/\/diariodepe.com.br\/cri\/2023\/02\/11\/44-anos-de-relacoes-portugal-china-ampliar-os-beneficios-mutuos-da-parceria-estrategica\/","og_site_name":"CRI e Diario de Pernambuco","article_published_time":"2023-02-11T14:16:05+00:00","article_modified_time":"2023-02-11T14:16:06+00:00","author":"Ismael Lucas S. Pereira","twitter_card":"summary_large_image","twitter_misc":{"Escrito por":"Ismael Lucas S. Pereira","Est. tempo de leitura":"6 minutos"},"schema":{"@context":"https:\/\/schema.org","@graph":[{"@type":"Article","@id":"https:\/\/diariodepe.com.br\/cri\/2023\/02\/11\/44-anos-de-relacoes-portugal-china-ampliar-os-beneficios-mutuos-da-parceria-estrategica\/#article","isPartOf":{"@id":"https:\/\/diariodepe.com.br\/cri\/2023\/02\/11\/44-anos-de-relacoes-portugal-china-ampliar-os-beneficios-mutuos-da-parceria-estrategica\/"},"author":{"name":"Ismael Lucas S. Pereira","@id":"https:\/\/diariodepe.com.br\/cri\/#\/schema\/person\/121bb28d84f1a5b1205ef4ce9c2e0c6b"},"headline":"44 anos de Rela\u00e7\u00f5es Portugal-China: ampliar os benef\u00edcios m\u00fatuos da parceria estrat\u00e9gica","datePublished":"2023-02-11T14:16:05+00:00","dateModified":"2023-02-11T14:16:06+00:00","mainEntityOfPage":{"@id":"https:\/\/diariodepe.com.br\/cri\/2023\/02\/11\/44-anos-de-relacoes-portugal-china-ampliar-os-beneficios-mutuos-da-parceria-estrategica\/"},"wordCount":1156,"commentCount":0,"publisher":{"@id":"https:\/\/diariodepe.com.br\/cri\/#organization"},"articleSection":["Vis\u00e3o"],"inLanguage":"pt-BR","potentialAction":[{"@type":"CommentAction","name":"Comment","target":["https:\/\/diariodepe.com.br\/cri\/2023\/02\/11\/44-anos-de-relacoes-portugal-china-ampliar-os-beneficios-mutuos-da-parceria-estrategica\/#respond"]}]},{"@type":"WebPage","@id":"https:\/\/diariodepe.com.br\/cri\/2023\/02\/11\/44-anos-de-relacoes-portugal-china-ampliar-os-beneficios-mutuos-da-parceria-estrategica\/","url":"https:\/\/diariodepe.com.br\/cri\/2023\/02\/11\/44-anos-de-relacoes-portugal-china-ampliar-os-beneficios-mutuos-da-parceria-estrategica\/","name":"44 anos de Rela\u00e7\u00f5es Portugal-China: ampliar os benef\u00edcios m\u00fatuos da parceria estrat\u00e9gica - CRI e Diario de Pernambuco","isPartOf":{"@id":"https:\/\/diariodepe.com.br\/cri\/#website"},"datePublished":"2023-02-11T14:16:05+00:00","dateModified":"2023-02-11T14:16:06+00:00","breadcrumb":{"@id":"https:\/\/diariodepe.com.br\/cri\/2023\/02\/11\/44-anos-de-relacoes-portugal-china-ampliar-os-beneficios-mutuos-da-parceria-estrategica\/#breadcrumb"},"inLanguage":"pt-BR","potentialAction":[{"@type":"ReadAction","target":["https:\/\/diariodepe.com.br\/cri\/2023\/02\/11\/44-anos-de-relacoes-portugal-china-ampliar-os-beneficios-mutuos-da-parceria-estrategica\/"]}]},{"@type":"BreadcrumbList","@id":"https:\/\/diariodepe.com.br\/cri\/2023\/02\/11\/44-anos-de-relacoes-portugal-china-ampliar-os-beneficios-mutuos-da-parceria-estrategica\/#breadcrumb","itemListElement":[{"@type":"ListItem","position":1,"name":"In\u00edcio","item":"https:\/\/diariodepe.com.br\/cri\/"},{"@type":"ListItem","position":2,"name":"44 anos de Rela\u00e7\u00f5es Portugal-China: ampliar os benef\u00edcios m\u00fatuos da parceria estrat\u00e9gica"}]},{"@type":"WebSite","@id":"https:\/\/diariodepe.com.br\/cri\/#website","url":"https:\/\/diariodepe.com.br\/cri\/","name":"CRI e Diario de Pernambuco","description":"R\u00e1dio Internacional da China","publisher":{"@id":"https:\/\/diariodepe.com.br\/cri\/#organization"},"potentialAction":[{"@type":"SearchAction","target":{"@type":"EntryPoint","urlTemplate":"https:\/\/diariodepe.com.br\/cri\/?s={search_term_string}"},"query-input":{"@type":"PropertyValueSpecification","valueRequired":true,"valueName":"search_term_string"}}],"inLanguage":"pt-BR"},{"@type":"Organization","@id":"https:\/\/diariodepe.com.br\/cri\/#organization","name":"CRI e Diario de Pernambuco","url":"https:\/\/diariodepe.com.br\/cri\/","logo":{"@type":"ImageObject","inLanguage":"pt-BR","@id":"https:\/\/diariodepe.com.br\/cri\/#\/schema\/logo\/image\/","url":"https:\/\/diariodepe.com.br\/cri\/wp-content\/uploads\/sites\/2\/2022\/12\/cropped-Logo.jpg","contentUrl":"https:\/\/diariodepe.com.br\/cri\/wp-content\/uploads\/sites\/2\/2022\/12\/cropped-Logo.jpg","width":700,"height":59,"caption":"CRI e Diario de Pernambuco"},"image":{"@id":"https:\/\/diariodepe.com.br\/cri\/#\/schema\/logo\/image\/"}},{"@type":"Person","@id":"https:\/\/diariodepe.com.br\/cri\/#\/schema\/person\/121bb28d84f1a5b1205ef4ce9c2e0c6b","name":"Ismael Lucas S. Pereira","image":{"@type":"ImageObject","inLanguage":"pt-BR","@id":"https:\/\/secure.gravatar.com\/avatar\/887a0f3b5a7ceea963a48499fb883ffce6b5037362def025c52c2505b15d63e4?s=96&d=mm&r=g","url":"https:\/\/secure.gravatar.com\/avatar\/887a0f3b5a7ceea963a48499fb883ffce6b5037362def025c52c2505b15d63e4?s=96&d=mm&r=g","contentUrl":"https:\/\/secure.gravatar.com\/avatar\/887a0f3b5a7ceea963a48499fb883ffce6b5037362def025c52c2505b15d63e4?s=96&d=mm&r=g","caption":"Ismael Lucas S. Pereira"},"url":"https:\/\/diariodepe.com.br\/cri\/author\/ismael-lucas\/"}]}},"cc_featured_image_caption":{"caption_text":"","source_text":"","source_url":""},"amp_enabled":true,"_links":{"self":[{"href":"https:\/\/diariodepe.com.br\/cri\/wp-json\/wp\/v2\/posts\/583","targetHints":{"allow":["GET"]}}],"collection":[{"href":"https:\/\/diariodepe.com.br\/cri\/wp-json\/wp\/v2\/posts"}],"about":[{"href":"https:\/\/diariodepe.com.br\/cri\/wp-json\/wp\/v2\/types\/post"}],"author":[{"embeddable":true,"href":"https:\/\/diariodepe.com.br\/cri\/wp-json\/wp\/v2\/users\/2"}],"replies":[{"embeddable":true,"href":"https:\/\/diariodepe.com.br\/cri\/wp-json\/wp\/v2\/comments?post=583"}],"version-history":[{"count":1,"href":"https:\/\/diariodepe.com.br\/cri\/wp-json\/wp\/v2\/posts\/583\/revisions"}],"predecessor-version":[{"id":585,"href":"https:\/\/diariodepe.com.br\/cri\/wp-json\/wp\/v2\/posts\/583\/revisions\/585"}],"wp:attachment":[{"href":"https:\/\/diariodepe.com.br\/cri\/wp-json\/wp\/v2\/media?parent=583"}],"wp:term":[{"taxonomy":"category","embeddable":true,"href":"https:\/\/diariodepe.com.br\/cri\/wp-json\/wp\/v2\/categories?post=583"},{"taxonomy":"post_tag","embeddable":true,"href":"https:\/\/diariodepe.com.br\/cri\/wp-json\/wp\/v2\/tags?post=583"}],"curies":[{"name":"wp","href":"https:\/\/api.w.org\/{rel}","templated":true}]}}