{"id":5795,"date":"2024-07-19T04:10:10","date_gmt":"2024-07-19T07:10:10","guid":{"rendered":"https:\/\/diariodepe.com.br\/cri\/?p=5795"},"modified":"2024-07-19T04:10:10","modified_gmt":"2024-07-19T07:10:10","slug":"aprofundamento-da-reforma-e-foco-da-pauta-da-3a-sessao-plenaria-do-20o-comite-central-do-pcch","status":"publish","type":"post","link":"https:\/\/diariodepe.com.br\/cri\/2024\/07\/19\/aprofundamento-da-reforma-e-foco-da-pauta-da-3a-sessao-plenaria-do-20o-comite-central-do-pcch\/","title":{"rendered":"Aprofundamento da reforma \u00e9 foco da pauta da 3\u00aa sess\u00e3o plen\u00e1ria do 20\u00ba Comit\u00ea Central do PCCh"},"content":{"rendered":"<p>A 3\u00aa sess\u00e3o plen\u00e1ria do 20\u00ba Comit\u00ea Central do Partido Comunista da China (PCCh), que come\u00e7ou ontem (15) em Beijing, tem como foco medidas estrat\u00e9gicas para aprofundar a reforma e promover a moderniza\u00e7\u00e3o chinesa. A reforma e abertura constituem uma medida importante para a China contempor\u00e2nea alcan\u00e7ar grandes avan\u00e7os acompanhando a tend\u00eancia dos tempos. Essa estrat\u00e9gia \u00e9 fundamental para determinar o desenrolar da moderniza\u00e7\u00e3o do pa\u00eds.<\/p>\n<p>Foram divulgados tamb\u00e9m ontem dados econ\u00f4micos do primeiro semestre. O PIB do pa\u00eds, por exemplo, cresceu 5%, ultrapassando 61 trilh\u00f5es de yuans. A produ\u00e7\u00e3o industrial aumentou 5,3% ano a ano em junho. Em uma base mensal, a produ\u00e7\u00e3o industrial de junho subiu 0,42%. Durante o per\u00edodo de janeiro a junho, foi registrada alta anual de 6%.<\/p>\n<p>A Administra\u00e7\u00e3o Nacional de Imigra\u00e7\u00e3o da China anunciou a amplia\u00e7\u00e3o para 37 do n\u00famero de portos cobertos pela pol\u00edtica de isen\u00e7\u00e3o de visto para tr\u00e2nsito de 144 horas. Trata-se de mais uma medida para o pa\u00eds continuar a promover a abertura de alto n\u00edvel ao exterior.<\/p>\n","protected":false},"excerpt":{"rendered":"<p>A 3\u00aa sess\u00e3o plen\u00e1ria do 20\u00ba Comit\u00ea Central do Partido Comunista da China (PCCh), que come\u00e7ou ontem (15) em Beijing, tem como foco medidas estrat\u00e9gicas para aprofundar a reforma e promover a moderniza\u00e7\u00e3o chinesa. A reforma e abertura constituem uma&#8230;<\/p>\n","protected":false},"author":2,"featured_media":0,"comment_status":"open","ping_status":"open","sticky":false,"template":"","format":"standard","meta":{"footnotes":""},"categories":[3],"tags":[],"class_list":["post-5795","post","type-post","status-publish","format-standard","hentry","category-china"],"yoast_head":"<!-- This site is optimized with the Yoast SEO plugin v27.4 - https:\/\/yoast.com\/product\/yoast-seo-wordpress\/ -->\n<title>Aprofundamento da reforma \u00e9 foco da pauta da 3\u00aa sess\u00e3o plen\u00e1ria do 20\u00ba Comit\u00ea Central do PCCh - CRI e Diario de Pernambuco<\/title>\n<meta name=\"robots\" content=\"index, follow, max-snippet:-1, max-image-preview:large, max-video-preview:-1\" \/>\n<link rel=\"canonical\" href=\"https:\/\/diariodepe.com.br\/cri\/2024\/07\/19\/aprofundamento-da-reforma-e-foco-da-pauta-da-3a-sessao-plenaria-do-20o-comite-central-do-pcch\/\" \/>\n<meta property=\"og:locale\" content=\"pt_BR\" \/>\n<meta property=\"og:type\" content=\"article\" \/>\n<meta property=\"og:title\" content=\"Aprofundamento da reforma \u00e9 foco da pauta da 3\u00aa sess\u00e3o plen\u00e1ria do 20\u00ba Comit\u00ea Central do PCCh - CRI e Diario de Pernambuco\" \/>\n<meta property=\"og:description\" content=\"A 3\u00aa sess\u00e3o plen\u00e1ria do 20\u00ba Comit\u00ea Central do Partido Comunista da China (PCCh), que come\u00e7ou ontem (15) em Beijing, tem como foco medidas estrat\u00e9gicas para aprofundar a reforma e promover a moderniza\u00e7\u00e3o chinesa. A reforma e abertura constituem uma...\" \/>\n<meta property=\"og:url\" content=\"https:\/\/diariodepe.com.br\/cri\/2024\/07\/19\/aprofundamento-da-reforma-e-foco-da-pauta-da-3a-sessao-plenaria-do-20o-comite-central-do-pcch\/\" \/>\n<meta property=\"og:site_name\" content=\"CRI e Diario de Pernambuco\" \/>\n<meta property=\"article:published_time\" content=\"2024-07-19T07:10:10+00:00\" \/>\n<meta name=\"author\" content=\"Ismael Lucas S. Pereira\" \/>\n<meta name=\"twitter:card\" content=\"summary_large_image\" \/>\n<meta name=\"twitter:label1\" content=\"Escrito por\" \/>\n\t<meta name=\"twitter:data1\" content=\"Ismael Lucas S. Pereira\" \/>\n<script type=\"application\/ld+json\" class=\"yoast-schema-graph\">{\"@context\":\"https:\\\/\\\/schema.org\",\"@graph\":[{\"@type\":\"Article\",\"@id\":\"https:\\\/\\\/diariodepe.com.br\\\/cri\\\/2024\\\/07\\\/19\\\/aprofundamento-da-reforma-e-foco-da-pauta-da-3a-sessao-plenaria-do-20o-comite-central-do-pcch\\\/#article\",\"isPartOf\":{\"@id\":\"https:\\\/\\\/diariodepe.com.br\\\/cri\\\/2024\\\/07\\\/19\\\/aprofundamento-da-reforma-e-foco-da-pauta-da-3a-sessao-plenaria-do-20o-comite-central-do-pcch\\\/\"},\"author\":{\"name\":\"Ismael Lucas S. Pereira\",\"@id\":\"https:\\\/\\\/diariodepe.com.br\\\/cri\\\/#\\\/schema\\\/person\\\/121bb28d84f1a5b1205ef4ce9c2e0c6b\"},\"headline\":\"Aprofundamento da reforma \u00e9 foco da pauta da 3\u00aa sess\u00e3o plen\u00e1ria do 20\u00ba Comit\u00ea Central do PCCh\",\"datePublished\":\"2024-07-19T07:10:10+00:00\",\"mainEntityOfPage\":{\"@id\":\"https:\\\/\\\/diariodepe.com.br\\\/cri\\\/2024\\\/07\\\/19\\\/aprofundamento-da-reforma-e-foco-da-pauta-da-3a-sessao-plenaria-do-20o-comite-central-do-pcch\\\/\"},\"wordCount\":201,\"commentCount\":0,\"publisher\":{\"@id\":\"https:\\\/\\\/diariodepe.com.br\\\/cri\\\/#organization\"},\"articleSection\":[\"China\"],\"inLanguage\":\"pt-BR\",\"potentialAction\":[{\"@type\":\"CommentAction\",\"name\":\"Comment\",\"target\":[\"https:\\\/\\\/diariodepe.com.br\\\/cri\\\/2024\\\/07\\\/19\\\/aprofundamento-da-reforma-e-foco-da-pauta-da-3a-sessao-plenaria-do-20o-comite-central-do-pcch\\\/#respond\"]}]},{\"@type\":\"WebPage\",\"@id\":\"https:\\\/\\\/diariodepe.com.br\\\/cri\\\/2024\\\/07\\\/19\\\/aprofundamento-da-reforma-e-foco-da-pauta-da-3a-sessao-plenaria-do-20o-comite-central-do-pcch\\\/\",\"url\":\"https:\\\/\\\/diariodepe.com.br\\\/cri\\\/2024\\\/07\\\/19\\\/aprofundamento-da-reforma-e-foco-da-pauta-da-3a-sessao-plenaria-do-20o-comite-central-do-pcch\\\/\",\"name\":\"Aprofundamento da reforma \u00e9 foco da pauta da 3\u00aa sess\u00e3o plen\u00e1ria do 20\u00ba Comit\u00ea Central do PCCh - CRI e Diario de Pernambuco\",\"isPartOf\":{\"@id\":\"https:\\\/\\\/diariodepe.com.br\\\/cri\\\/#website\"},\"datePublished\":\"2024-07-19T07:10:10+00:00\",\"breadcrumb\":{\"@id\":\"https:\\\/\\\/diariodepe.com.br\\\/cri\\\/2024\\\/07\\\/19\\\/aprofundamento-da-reforma-e-foco-da-pauta-da-3a-sessao-plenaria-do-20o-comite-central-do-pcch\\\/#breadcrumb\"},\"inLanguage\":\"pt-BR\",\"potentialAction\":[{\"@type\":\"ReadAction\",\"target\":[\"https:\\\/\\\/diariodepe.com.br\\\/cri\\\/2024\\\/07\\\/19\\\/aprofundamento-da-reforma-e-foco-da-pauta-da-3a-sessao-plenaria-do-20o-comite-central-do-pcch\\\/\"]}]},{\"@type\":\"BreadcrumbList\",\"@id\":\"https:\\\/\\\/diariodepe.com.br\\\/cri\\\/2024\\\/07\\\/19\\\/aprofundamento-da-reforma-e-foco-da-pauta-da-3a-sessao-plenaria-do-20o-comite-central-do-pcch\\\/#breadcrumb\",\"itemListElement\":[{\"@type\":\"ListItem\",\"position\":1,\"name\":\"In\u00edcio\",\"item\":\"https:\\\/\\\/diariodepe.com.br\\\/cri\\\/\"},{\"@type\":\"ListItem\",\"position\":2,\"name\":\"Aprofundamento da reforma \u00e9 foco da pauta da 3\u00aa sess\u00e3o plen\u00e1ria do 20\u00ba Comit\u00ea Central do PCCh\"}]},{\"@type\":\"WebSite\",\"@id\":\"https:\\\/\\\/diariodepe.com.br\\\/cri\\\/#website\",\"url\":\"https:\\\/\\\/diariodepe.com.br\\\/cri\\\/\",\"name\":\"CRI e Diario de Pernambuco\",\"description\":\"R\u00e1dio Internacional da China\",\"publisher\":{\"@id\":\"https:\\\/\\\/diariodepe.com.br\\\/cri\\\/#organization\"},\"potentialAction\":[{\"@type\":\"SearchAction\",\"target\":{\"@type\":\"EntryPoint\",\"urlTemplate\":\"https:\\\/\\\/diariodepe.com.br\\\/cri\\\/?s={search_term_string}\"},\"query-input\":{\"@type\":\"PropertyValueSpecification\",\"valueRequired\":true,\"valueName\":\"search_term_string\"}}],\"inLanguage\":\"pt-BR\"},{\"@type\":\"Organization\",\"@id\":\"https:\\\/\\\/diariodepe.com.br\\\/cri\\\/#organization\",\"name\":\"CRI e Diario de Pernambuco\",\"url\":\"https:\\\/\\\/diariodepe.com.br\\\/cri\\\/\",\"logo\":{\"@type\":\"ImageObject\",\"inLanguage\":\"pt-BR\",\"@id\":\"https:\\\/\\\/diariodepe.com.br\\\/cri\\\/#\\\/schema\\\/logo\\\/image\\\/\",\"url\":\"https:\\\/\\\/diariodepe.com.br\\\/cri\\\/wp-content\\\/uploads\\\/sites\\\/2\\\/2022\\\/12\\\/cropped-Logo.jpg\",\"contentUrl\":\"https:\\\/\\\/diariodepe.com.br\\\/cri\\\/wp-content\\\/uploads\\\/sites\\\/2\\\/2022\\\/12\\\/cropped-Logo.jpg\",\"width\":700,\"height\":59,\"caption\":\"CRI e Diario de Pernambuco\"},\"image\":{\"@id\":\"https:\\\/\\\/diariodepe.com.br\\\/cri\\\/#\\\/schema\\\/logo\\\/image\\\/\"}},{\"@type\":\"Person\",\"@id\":\"https:\\\/\\\/diariodepe.com.br\\\/cri\\\/#\\\/schema\\\/person\\\/121bb28d84f1a5b1205ef4ce9c2e0c6b\",\"name\":\"Ismael Lucas S. Pereira\",\"image\":{\"@type\":\"ImageObject\",\"inLanguage\":\"pt-BR\",\"@id\":\"https:\\\/\\\/secure.gravatar.com\\\/avatar\\\/887a0f3b5a7ceea963a48499fb883ffce6b5037362def025c52c2505b15d63e4?s=96&d=mm&r=g\",\"url\":\"https:\\\/\\\/secure.gravatar.com\\\/avatar\\\/887a0f3b5a7ceea963a48499fb883ffce6b5037362def025c52c2505b15d63e4?s=96&d=mm&r=g\",\"contentUrl\":\"https:\\\/\\\/secure.gravatar.com\\\/avatar\\\/887a0f3b5a7ceea963a48499fb883ffce6b5037362def025c52c2505b15d63e4?s=96&d=mm&r=g\",\"caption\":\"Ismael Lucas S. Pereira\"},\"url\":\"https:\\\/\\\/diariodepe.com.br\\\/cri\\\/author\\\/ismael-lucas\\\/\"}]}<\/script>\n<!-- \/ Yoast SEO plugin. -->","yoast_head_json":{"title":"Aprofundamento da reforma \u00e9 foco da pauta da 3\u00aa sess\u00e3o plen\u00e1ria do 20\u00ba Comit\u00ea Central do PCCh - CRI e Diario de Pernambuco","robots":{"index":"index","follow":"follow","max-snippet":"max-snippet:-1","max-image-preview":"max-image-preview:large","max-video-preview":"max-video-preview:-1"},"canonical":"https:\/\/diariodepe.com.br\/cri\/2024\/07\/19\/aprofundamento-da-reforma-e-foco-da-pauta-da-3a-sessao-plenaria-do-20o-comite-central-do-pcch\/","og_locale":"pt_BR","og_type":"article","og_title":"Aprofundamento da reforma \u00e9 foco da pauta da 3\u00aa sess\u00e3o plen\u00e1ria do 20\u00ba Comit\u00ea Central do PCCh - CRI e Diario de Pernambuco","og_description":"A 3\u00aa sess\u00e3o plen\u00e1ria do 20\u00ba Comit\u00ea Central do Partido Comunista da China (PCCh), que come\u00e7ou ontem (15) em Beijing, tem como foco medidas estrat\u00e9gicas para aprofundar a reforma e promover a moderniza\u00e7\u00e3o chinesa. A reforma e abertura constituem uma...","og_url":"https:\/\/diariodepe.com.br\/cri\/2024\/07\/19\/aprofundamento-da-reforma-e-foco-da-pauta-da-3a-sessao-plenaria-do-20o-comite-central-do-pcch\/","og_site_name":"CRI e Diario de Pernambuco","article_published_time":"2024-07-19T07:10:10+00:00","author":"Ismael Lucas S. Pereira","twitter_card":"summary_large_image","twitter_misc":{"Escrito por":"Ismael Lucas S. Pereira"},"schema":{"@context":"https:\/\/schema.org","@graph":[{"@type":"Article","@id":"https:\/\/diariodepe.com.br\/cri\/2024\/07\/19\/aprofundamento-da-reforma-e-foco-da-pauta-da-3a-sessao-plenaria-do-20o-comite-central-do-pcch\/#article","isPartOf":{"@id":"https:\/\/diariodepe.com.br\/cri\/2024\/07\/19\/aprofundamento-da-reforma-e-foco-da-pauta-da-3a-sessao-plenaria-do-20o-comite-central-do-pcch\/"},"author":{"name":"Ismael Lucas S. Pereira","@id":"https:\/\/diariodepe.com.br\/cri\/#\/schema\/person\/121bb28d84f1a5b1205ef4ce9c2e0c6b"},"headline":"Aprofundamento da reforma \u00e9 foco da pauta da 3\u00aa sess\u00e3o plen\u00e1ria do 20\u00ba Comit\u00ea Central do PCCh","datePublished":"2024-07-19T07:10:10+00:00","mainEntityOfPage":{"@id":"https:\/\/diariodepe.com.br\/cri\/2024\/07\/19\/aprofundamento-da-reforma-e-foco-da-pauta-da-3a-sessao-plenaria-do-20o-comite-central-do-pcch\/"},"wordCount":201,"commentCount":0,"publisher":{"@id":"https:\/\/diariodepe.com.br\/cri\/#organization"},"articleSection":["China"],"inLanguage":"pt-BR","potentialAction":[{"@type":"CommentAction","name":"Comment","target":["https:\/\/diariodepe.com.br\/cri\/2024\/07\/19\/aprofundamento-da-reforma-e-foco-da-pauta-da-3a-sessao-plenaria-do-20o-comite-central-do-pcch\/#respond"]}]},{"@type":"WebPage","@id":"https:\/\/diariodepe.com.br\/cri\/2024\/07\/19\/aprofundamento-da-reforma-e-foco-da-pauta-da-3a-sessao-plenaria-do-20o-comite-central-do-pcch\/","url":"https:\/\/diariodepe.com.br\/cri\/2024\/07\/19\/aprofundamento-da-reforma-e-foco-da-pauta-da-3a-sessao-plenaria-do-20o-comite-central-do-pcch\/","name":"Aprofundamento da reforma \u00e9 foco da pauta da 3\u00aa sess\u00e3o plen\u00e1ria do 20\u00ba Comit\u00ea Central do PCCh - CRI e Diario de Pernambuco","isPartOf":{"@id":"https:\/\/diariodepe.com.br\/cri\/#website"},"datePublished":"2024-07-19T07:10:10+00:00","breadcrumb":{"@id":"https:\/\/diariodepe.com.br\/cri\/2024\/07\/19\/aprofundamento-da-reforma-e-foco-da-pauta-da-3a-sessao-plenaria-do-20o-comite-central-do-pcch\/#breadcrumb"},"inLanguage":"pt-BR","potentialAction":[{"@type":"ReadAction","target":["https:\/\/diariodepe.com.br\/cri\/2024\/07\/19\/aprofundamento-da-reforma-e-foco-da-pauta-da-3a-sessao-plenaria-do-20o-comite-central-do-pcch\/"]}]},{"@type":"BreadcrumbList","@id":"https:\/\/diariodepe.com.br\/cri\/2024\/07\/19\/aprofundamento-da-reforma-e-foco-da-pauta-da-3a-sessao-plenaria-do-20o-comite-central-do-pcch\/#breadcrumb","itemListElement":[{"@type":"ListItem","position":1,"name":"In\u00edcio","item":"https:\/\/diariodepe.com.br\/cri\/"},{"@type":"ListItem","position":2,"name":"Aprofundamento da reforma \u00e9 foco da pauta da 3\u00aa sess\u00e3o plen\u00e1ria do 20\u00ba Comit\u00ea Central do PCCh"}]},{"@type":"WebSite","@id":"https:\/\/diariodepe.com.br\/cri\/#website","url":"https:\/\/diariodepe.com.br\/cri\/","name":"CRI e Diario de Pernambuco","description":"R\u00e1dio Internacional da China","publisher":{"@id":"https:\/\/diariodepe.com.br\/cri\/#organization"},"potentialAction":[{"@type":"SearchAction","target":{"@type":"EntryPoint","urlTemplate":"https:\/\/diariodepe.com.br\/cri\/?s={search_term_string}"},"query-input":{"@type":"PropertyValueSpecification","valueRequired":true,"valueName":"search_term_string"}}],"inLanguage":"pt-BR"},{"@type":"Organization","@id":"https:\/\/diariodepe.com.br\/cri\/#organization","name":"CRI e Diario de Pernambuco","url":"https:\/\/diariodepe.com.br\/cri\/","logo":{"@type":"ImageObject","inLanguage":"pt-BR","@id":"https:\/\/diariodepe.com.br\/cri\/#\/schema\/logo\/image\/","url":"https:\/\/diariodepe.com.br\/cri\/wp-content\/uploads\/sites\/2\/2022\/12\/cropped-Logo.jpg","contentUrl":"https:\/\/diariodepe.com.br\/cri\/wp-content\/uploads\/sites\/2\/2022\/12\/cropped-Logo.jpg","width":700,"height":59,"caption":"CRI e Diario de Pernambuco"},"image":{"@id":"https:\/\/diariodepe.com.br\/cri\/#\/schema\/logo\/image\/"}},{"@type":"Person","@id":"https:\/\/diariodepe.com.br\/cri\/#\/schema\/person\/121bb28d84f1a5b1205ef4ce9c2e0c6b","name":"Ismael Lucas S. Pereira","image":{"@type":"ImageObject","inLanguage":"pt-BR","@id":"https:\/\/secure.gravatar.com\/avatar\/887a0f3b5a7ceea963a48499fb883ffce6b5037362def025c52c2505b15d63e4?s=96&d=mm&r=g","url":"https:\/\/secure.gravatar.com\/avatar\/887a0f3b5a7ceea963a48499fb883ffce6b5037362def025c52c2505b15d63e4?s=96&d=mm&r=g","contentUrl":"https:\/\/secure.gravatar.com\/avatar\/887a0f3b5a7ceea963a48499fb883ffce6b5037362def025c52c2505b15d63e4?s=96&d=mm&r=g","caption":"Ismael Lucas S. Pereira"},"url":"https:\/\/diariodepe.com.br\/cri\/author\/ismael-lucas\/"}]}},"cc_featured_image_caption":{"caption_text":false,"source_text":false,"source_url":false},"amp_enabled":true,"_links":{"self":[{"href":"https:\/\/diariodepe.com.br\/cri\/wp-json\/wp\/v2\/posts\/5795","targetHints":{"allow":["GET"]}}],"collection":[{"href":"https:\/\/diariodepe.com.br\/cri\/wp-json\/wp\/v2\/posts"}],"about":[{"href":"https:\/\/diariodepe.com.br\/cri\/wp-json\/wp\/v2\/types\/post"}],"author":[{"embeddable":true,"href":"https:\/\/diariodepe.com.br\/cri\/wp-json\/wp\/v2\/users\/2"}],"replies":[{"embeddable":true,"href":"https:\/\/diariodepe.com.br\/cri\/wp-json\/wp\/v2\/comments?post=5795"}],"version-history":[{"count":1,"href":"https:\/\/diariodepe.com.br\/cri\/wp-json\/wp\/v2\/posts\/5795\/revisions"}],"predecessor-version":[{"id":5796,"href":"https:\/\/diariodepe.com.br\/cri\/wp-json\/wp\/v2\/posts\/5795\/revisions\/5796"}],"wp:attachment":[{"href":"https:\/\/diariodepe.com.br\/cri\/wp-json\/wp\/v2\/media?parent=5795"}],"wp:term":[{"taxonomy":"category","embeddable":true,"href":"https:\/\/diariodepe.com.br\/cri\/wp-json\/wp\/v2\/categories?post=5795"},{"taxonomy":"post_tag","embeddable":true,"href":"https:\/\/diariodepe.com.br\/cri\/wp-json\/wp\/v2\/tags?post=5795"}],"curies":[{"name":"wp","href":"https:\/\/api.w.org\/{rel}","templated":true}]}}