{"id":5781,"date":"2024-07-19T03:05:04","date_gmt":"2024-07-19T06:05:04","guid":{"rendered":"https:\/\/diariodepe.com.br\/cri\/?p=5781"},"modified":"2024-07-19T03:05:04","modified_gmt":"2024-07-19T06:05:04","slug":"3a-sessao-plenaria-do-20o-comite-central-do-pcch-elabora-mais-de-300-medidas-para-aprofundar-reformas","status":"publish","type":"post","link":"https:\/\/diariodepe.com.br\/cri\/2024\/07\/19\/3a-sessao-plenaria-do-20o-comite-central-do-pcch-elabora-mais-de-300-medidas-para-aprofundar-reformas\/","title":{"rendered":"3\u00aa sess\u00e3o plen\u00e1ria do 20\u00ba Comit\u00ea Central do PCCh elabora mais de 300 medidas para aprofundar reformas"},"content":{"rendered":"<p>Na coletiva de imprensa realizada nesta sexta-feira (19), o vice-chefe do Escrit\u00f3rio de Pesquisa de Pol\u00edticas do Comit\u00ea Central do PCCh, Tang Fangyu, revelou que foram elaboradas mais de 300 medidas para aprofundar as reformas do pa\u00eds na 3\u00aa sess\u00e3o plen\u00e1ria do 20\u00ba Comit\u00ea Central do Partido Comunista da China (PCCh) que terminou ontem (18) em Beijing.<\/p>\n<p>Na reuni\u00e3o, foi aprovada a Decis\u00e3o do Comit\u00ea Central do PCCh de Continuar Aprofundando Integralmente as Reformas e Promovendo a Moderniza\u00e7\u00e3o Chinesa.<\/p>\n<p>Segundo Tang, todas as medidas s\u00e3o conte\u00fados relacionados com sistemas, mecanismos e institui\u00e7\u00f5es. Algumas delas s\u00e3o aprimoramento e melhoria de medidas antigas e outras s\u00e3o novas voltadas \u00e0s reformas.<\/p>\n<p>Os participantes do plen\u00e1rio concordam unanimemente que a Decis\u00e3o \u00e9 mais um importante documento program\u00e1tico na hist\u00f3ria do PCCh.<\/p>\n","protected":false},"excerpt":{"rendered":"<p>Na coletiva de imprensa realizada nesta sexta-feira (19), o vice-chefe do Escrit\u00f3rio de Pesquisa de Pol\u00edticas do Comit\u00ea Central do PCCh, Tang Fangyu, revelou que foram elaboradas mais de 300 medidas para aprofundar as reformas do pa\u00eds na 3\u00aa sess\u00e3o&#8230;<\/p>\n","protected":false},"author":2,"featured_media":0,"comment_status":"open","ping_status":"open","sticky":false,"template":"","format":"standard","meta":{"footnotes":""},"categories":[3],"tags":[],"class_list":["post-5781","post","type-post","status-publish","format-standard","hentry","category-china"],"yoast_head":"<!-- This site is optimized with the Yoast SEO plugin v27.4 - https:\/\/yoast.com\/product\/yoast-seo-wordpress\/ -->\n<title>3\u00aa sess\u00e3o plen\u00e1ria do 20\u00ba Comit\u00ea Central do PCCh elabora mais de 300 medidas para aprofundar reformas - CRI e Diario de Pernambuco<\/title>\n<meta name=\"robots\" content=\"index, follow, max-snippet:-1, max-image-preview:large, max-video-preview:-1\" \/>\n<link rel=\"canonical\" href=\"https:\/\/diariodepe.com.br\/cri\/2024\/07\/19\/3a-sessao-plenaria-do-20o-comite-central-do-pcch-elabora-mais-de-300-medidas-para-aprofundar-reformas\/\" \/>\n<meta property=\"og:locale\" content=\"pt_BR\" \/>\n<meta property=\"og:type\" content=\"article\" \/>\n<meta property=\"og:title\" content=\"3\u00aa sess\u00e3o plen\u00e1ria do 20\u00ba Comit\u00ea Central do PCCh elabora mais de 300 medidas para aprofundar reformas - CRI e Diario de Pernambuco\" \/>\n<meta property=\"og:description\" content=\"Na coletiva de imprensa realizada nesta sexta-feira (19), o vice-chefe do Escrit\u00f3rio de Pesquisa de Pol\u00edticas do Comit\u00ea Central do PCCh, Tang Fangyu, revelou que foram elaboradas mais de 300 medidas para aprofundar as reformas do pa\u00eds na 3\u00aa sess\u00e3o...\" \/>\n<meta property=\"og:url\" content=\"https:\/\/diariodepe.com.br\/cri\/2024\/07\/19\/3a-sessao-plenaria-do-20o-comite-central-do-pcch-elabora-mais-de-300-medidas-para-aprofundar-reformas\/\" \/>\n<meta property=\"og:site_name\" content=\"CRI e Diario de Pernambuco\" \/>\n<meta property=\"article:published_time\" content=\"2024-07-19T06:05:04+00:00\" \/>\n<meta name=\"author\" content=\"Ismael Lucas S. Pereira\" \/>\n<meta name=\"twitter:card\" content=\"summary_large_image\" \/>\n<meta name=\"twitter:label1\" content=\"Escrito por\" \/>\n\t<meta name=\"twitter:data1\" content=\"Ismael Lucas S. Pereira\" \/>\n\t<meta name=\"twitter:label2\" content=\"Est. tempo de leitura\" \/>\n\t<meta name=\"twitter:data2\" content=\"1 minuto\" \/>\n<script type=\"application\/ld+json\" class=\"yoast-schema-graph\">{\"@context\":\"https:\\\/\\\/schema.org\",\"@graph\":[{\"@type\":\"Article\",\"@id\":\"https:\\\/\\\/diariodepe.com.br\\\/cri\\\/2024\\\/07\\\/19\\\/3a-sessao-plenaria-do-20o-comite-central-do-pcch-elabora-mais-de-300-medidas-para-aprofundar-reformas\\\/#article\",\"isPartOf\":{\"@id\":\"https:\\\/\\\/diariodepe.com.br\\\/cri\\\/2024\\\/07\\\/19\\\/3a-sessao-plenaria-do-20o-comite-central-do-pcch-elabora-mais-de-300-medidas-para-aprofundar-reformas\\\/\"},\"author\":{\"name\":\"Ismael Lucas S. Pereira\",\"@id\":\"https:\\\/\\\/diariodepe.com.br\\\/cri\\\/#\\\/schema\\\/person\\\/121bb28d84f1a5b1205ef4ce9c2e0c6b\"},\"headline\":\"3\u00aa sess\u00e3o plen\u00e1ria do 20\u00ba Comit\u00ea Central do PCCh elabora mais de 300 medidas para aprofundar reformas\",\"datePublished\":\"2024-07-19T06:05:04+00:00\",\"mainEntityOfPage\":{\"@id\":\"https:\\\/\\\/diariodepe.com.br\\\/cri\\\/2024\\\/07\\\/19\\\/3a-sessao-plenaria-do-20o-comite-central-do-pcch-elabora-mais-de-300-medidas-para-aprofundar-reformas\\\/\"},\"wordCount\":154,\"commentCount\":0,\"publisher\":{\"@id\":\"https:\\\/\\\/diariodepe.com.br\\\/cri\\\/#organization\"},\"articleSection\":[\"China\"],\"inLanguage\":\"pt-BR\",\"potentialAction\":[{\"@type\":\"CommentAction\",\"name\":\"Comment\",\"target\":[\"https:\\\/\\\/diariodepe.com.br\\\/cri\\\/2024\\\/07\\\/19\\\/3a-sessao-plenaria-do-20o-comite-central-do-pcch-elabora-mais-de-300-medidas-para-aprofundar-reformas\\\/#respond\"]}]},{\"@type\":\"WebPage\",\"@id\":\"https:\\\/\\\/diariodepe.com.br\\\/cri\\\/2024\\\/07\\\/19\\\/3a-sessao-plenaria-do-20o-comite-central-do-pcch-elabora-mais-de-300-medidas-para-aprofundar-reformas\\\/\",\"url\":\"https:\\\/\\\/diariodepe.com.br\\\/cri\\\/2024\\\/07\\\/19\\\/3a-sessao-plenaria-do-20o-comite-central-do-pcch-elabora-mais-de-300-medidas-para-aprofundar-reformas\\\/\",\"name\":\"3\u00aa sess\u00e3o plen\u00e1ria do 20\u00ba Comit\u00ea Central do PCCh elabora mais de 300 medidas para aprofundar reformas - CRI e Diario de Pernambuco\",\"isPartOf\":{\"@id\":\"https:\\\/\\\/diariodepe.com.br\\\/cri\\\/#website\"},\"datePublished\":\"2024-07-19T06:05:04+00:00\",\"breadcrumb\":{\"@id\":\"https:\\\/\\\/diariodepe.com.br\\\/cri\\\/2024\\\/07\\\/19\\\/3a-sessao-plenaria-do-20o-comite-central-do-pcch-elabora-mais-de-300-medidas-para-aprofundar-reformas\\\/#breadcrumb\"},\"inLanguage\":\"pt-BR\",\"potentialAction\":[{\"@type\":\"ReadAction\",\"target\":[\"https:\\\/\\\/diariodepe.com.br\\\/cri\\\/2024\\\/07\\\/19\\\/3a-sessao-plenaria-do-20o-comite-central-do-pcch-elabora-mais-de-300-medidas-para-aprofundar-reformas\\\/\"]}]},{\"@type\":\"BreadcrumbList\",\"@id\":\"https:\\\/\\\/diariodepe.com.br\\\/cri\\\/2024\\\/07\\\/19\\\/3a-sessao-plenaria-do-20o-comite-central-do-pcch-elabora-mais-de-300-medidas-para-aprofundar-reformas\\\/#breadcrumb\",\"itemListElement\":[{\"@type\":\"ListItem\",\"position\":1,\"name\":\"In\u00edcio\",\"item\":\"https:\\\/\\\/diariodepe.com.br\\\/cri\\\/\"},{\"@type\":\"ListItem\",\"position\":2,\"name\":\"3\u00aa sess\u00e3o plen\u00e1ria do 20\u00ba Comit\u00ea Central do PCCh elabora mais de 300 medidas para aprofundar reformas\"}]},{\"@type\":\"WebSite\",\"@id\":\"https:\\\/\\\/diariodepe.com.br\\\/cri\\\/#website\",\"url\":\"https:\\\/\\\/diariodepe.com.br\\\/cri\\\/\",\"name\":\"CRI e Diario de Pernambuco\",\"description\":\"R\u00e1dio Internacional da China\",\"publisher\":{\"@id\":\"https:\\\/\\\/diariodepe.com.br\\\/cri\\\/#organization\"},\"potentialAction\":[{\"@type\":\"SearchAction\",\"target\":{\"@type\":\"EntryPoint\",\"urlTemplate\":\"https:\\\/\\\/diariodepe.com.br\\\/cri\\\/?s={search_term_string}\"},\"query-input\":{\"@type\":\"PropertyValueSpecification\",\"valueRequired\":true,\"valueName\":\"search_term_string\"}}],\"inLanguage\":\"pt-BR\"},{\"@type\":\"Organization\",\"@id\":\"https:\\\/\\\/diariodepe.com.br\\\/cri\\\/#organization\",\"name\":\"CRI e Diario de Pernambuco\",\"url\":\"https:\\\/\\\/diariodepe.com.br\\\/cri\\\/\",\"logo\":{\"@type\":\"ImageObject\",\"inLanguage\":\"pt-BR\",\"@id\":\"https:\\\/\\\/diariodepe.com.br\\\/cri\\\/#\\\/schema\\\/logo\\\/image\\\/\",\"url\":\"https:\\\/\\\/diariodepe.com.br\\\/cri\\\/wp-content\\\/uploads\\\/sites\\\/2\\\/2022\\\/12\\\/cropped-Logo.jpg\",\"contentUrl\":\"https:\\\/\\\/diariodepe.com.br\\\/cri\\\/wp-content\\\/uploads\\\/sites\\\/2\\\/2022\\\/12\\\/cropped-Logo.jpg\",\"width\":700,\"height\":59,\"caption\":\"CRI e Diario de Pernambuco\"},\"image\":{\"@id\":\"https:\\\/\\\/diariodepe.com.br\\\/cri\\\/#\\\/schema\\\/logo\\\/image\\\/\"}},{\"@type\":\"Person\",\"@id\":\"https:\\\/\\\/diariodepe.com.br\\\/cri\\\/#\\\/schema\\\/person\\\/121bb28d84f1a5b1205ef4ce9c2e0c6b\",\"name\":\"Ismael Lucas S. Pereira\",\"image\":{\"@type\":\"ImageObject\",\"inLanguage\":\"pt-BR\",\"@id\":\"https:\\\/\\\/secure.gravatar.com\\\/avatar\\\/887a0f3b5a7ceea963a48499fb883ffce6b5037362def025c52c2505b15d63e4?s=96&d=mm&r=g\",\"url\":\"https:\\\/\\\/secure.gravatar.com\\\/avatar\\\/887a0f3b5a7ceea963a48499fb883ffce6b5037362def025c52c2505b15d63e4?s=96&d=mm&r=g\",\"contentUrl\":\"https:\\\/\\\/secure.gravatar.com\\\/avatar\\\/887a0f3b5a7ceea963a48499fb883ffce6b5037362def025c52c2505b15d63e4?s=96&d=mm&r=g\",\"caption\":\"Ismael Lucas S. Pereira\"},\"url\":\"https:\\\/\\\/diariodepe.com.br\\\/cri\\\/author\\\/ismael-lucas\\\/\"}]}<\/script>\n<!-- \/ Yoast SEO plugin. -->","yoast_head_json":{"title":"3\u00aa sess\u00e3o plen\u00e1ria do 20\u00ba Comit\u00ea Central do PCCh elabora mais de 300 medidas para aprofundar reformas - CRI e Diario de Pernambuco","robots":{"index":"index","follow":"follow","max-snippet":"max-snippet:-1","max-image-preview":"max-image-preview:large","max-video-preview":"max-video-preview:-1"},"canonical":"https:\/\/diariodepe.com.br\/cri\/2024\/07\/19\/3a-sessao-plenaria-do-20o-comite-central-do-pcch-elabora-mais-de-300-medidas-para-aprofundar-reformas\/","og_locale":"pt_BR","og_type":"article","og_title":"3\u00aa sess\u00e3o plen\u00e1ria do 20\u00ba Comit\u00ea Central do PCCh elabora mais de 300 medidas para aprofundar reformas - CRI e Diario de Pernambuco","og_description":"Na coletiva de imprensa realizada nesta sexta-feira (19), o vice-chefe do Escrit\u00f3rio de Pesquisa de Pol\u00edticas do Comit\u00ea Central do PCCh, Tang Fangyu, revelou que foram elaboradas mais de 300 medidas para aprofundar as reformas do pa\u00eds na 3\u00aa sess\u00e3o...","og_url":"https:\/\/diariodepe.com.br\/cri\/2024\/07\/19\/3a-sessao-plenaria-do-20o-comite-central-do-pcch-elabora-mais-de-300-medidas-para-aprofundar-reformas\/","og_site_name":"CRI e Diario de Pernambuco","article_published_time":"2024-07-19T06:05:04+00:00","author":"Ismael Lucas S. Pereira","twitter_card":"summary_large_image","twitter_misc":{"Escrito por":"Ismael Lucas S. Pereira","Est. tempo de leitura":"1 minuto"},"schema":{"@context":"https:\/\/schema.org","@graph":[{"@type":"Article","@id":"https:\/\/diariodepe.com.br\/cri\/2024\/07\/19\/3a-sessao-plenaria-do-20o-comite-central-do-pcch-elabora-mais-de-300-medidas-para-aprofundar-reformas\/#article","isPartOf":{"@id":"https:\/\/diariodepe.com.br\/cri\/2024\/07\/19\/3a-sessao-plenaria-do-20o-comite-central-do-pcch-elabora-mais-de-300-medidas-para-aprofundar-reformas\/"},"author":{"name":"Ismael Lucas S. Pereira","@id":"https:\/\/diariodepe.com.br\/cri\/#\/schema\/person\/121bb28d84f1a5b1205ef4ce9c2e0c6b"},"headline":"3\u00aa sess\u00e3o plen\u00e1ria do 20\u00ba Comit\u00ea Central do PCCh elabora mais de 300 medidas para aprofundar reformas","datePublished":"2024-07-19T06:05:04+00:00","mainEntityOfPage":{"@id":"https:\/\/diariodepe.com.br\/cri\/2024\/07\/19\/3a-sessao-plenaria-do-20o-comite-central-do-pcch-elabora-mais-de-300-medidas-para-aprofundar-reformas\/"},"wordCount":154,"commentCount":0,"publisher":{"@id":"https:\/\/diariodepe.com.br\/cri\/#organization"},"articleSection":["China"],"inLanguage":"pt-BR","potentialAction":[{"@type":"CommentAction","name":"Comment","target":["https:\/\/diariodepe.com.br\/cri\/2024\/07\/19\/3a-sessao-plenaria-do-20o-comite-central-do-pcch-elabora-mais-de-300-medidas-para-aprofundar-reformas\/#respond"]}]},{"@type":"WebPage","@id":"https:\/\/diariodepe.com.br\/cri\/2024\/07\/19\/3a-sessao-plenaria-do-20o-comite-central-do-pcch-elabora-mais-de-300-medidas-para-aprofundar-reformas\/","url":"https:\/\/diariodepe.com.br\/cri\/2024\/07\/19\/3a-sessao-plenaria-do-20o-comite-central-do-pcch-elabora-mais-de-300-medidas-para-aprofundar-reformas\/","name":"3\u00aa sess\u00e3o plen\u00e1ria do 20\u00ba Comit\u00ea Central do PCCh elabora mais de 300 medidas para aprofundar reformas - CRI e Diario de Pernambuco","isPartOf":{"@id":"https:\/\/diariodepe.com.br\/cri\/#website"},"datePublished":"2024-07-19T06:05:04+00:00","breadcrumb":{"@id":"https:\/\/diariodepe.com.br\/cri\/2024\/07\/19\/3a-sessao-plenaria-do-20o-comite-central-do-pcch-elabora-mais-de-300-medidas-para-aprofundar-reformas\/#breadcrumb"},"inLanguage":"pt-BR","potentialAction":[{"@type":"ReadAction","target":["https:\/\/diariodepe.com.br\/cri\/2024\/07\/19\/3a-sessao-plenaria-do-20o-comite-central-do-pcch-elabora-mais-de-300-medidas-para-aprofundar-reformas\/"]}]},{"@type":"BreadcrumbList","@id":"https:\/\/diariodepe.com.br\/cri\/2024\/07\/19\/3a-sessao-plenaria-do-20o-comite-central-do-pcch-elabora-mais-de-300-medidas-para-aprofundar-reformas\/#breadcrumb","itemListElement":[{"@type":"ListItem","position":1,"name":"In\u00edcio","item":"https:\/\/diariodepe.com.br\/cri\/"},{"@type":"ListItem","position":2,"name":"3\u00aa sess\u00e3o plen\u00e1ria do 20\u00ba Comit\u00ea Central do PCCh elabora mais de 300 medidas para aprofundar reformas"}]},{"@type":"WebSite","@id":"https:\/\/diariodepe.com.br\/cri\/#website","url":"https:\/\/diariodepe.com.br\/cri\/","name":"CRI e Diario de Pernambuco","description":"R\u00e1dio Internacional da China","publisher":{"@id":"https:\/\/diariodepe.com.br\/cri\/#organization"},"potentialAction":[{"@type":"SearchAction","target":{"@type":"EntryPoint","urlTemplate":"https:\/\/diariodepe.com.br\/cri\/?s={search_term_string}"},"query-input":{"@type":"PropertyValueSpecification","valueRequired":true,"valueName":"search_term_string"}}],"inLanguage":"pt-BR"},{"@type":"Organization","@id":"https:\/\/diariodepe.com.br\/cri\/#organization","name":"CRI e Diario de Pernambuco","url":"https:\/\/diariodepe.com.br\/cri\/","logo":{"@type":"ImageObject","inLanguage":"pt-BR","@id":"https:\/\/diariodepe.com.br\/cri\/#\/schema\/logo\/image\/","url":"https:\/\/diariodepe.com.br\/cri\/wp-content\/uploads\/sites\/2\/2022\/12\/cropped-Logo.jpg","contentUrl":"https:\/\/diariodepe.com.br\/cri\/wp-content\/uploads\/sites\/2\/2022\/12\/cropped-Logo.jpg","width":700,"height":59,"caption":"CRI e Diario de Pernambuco"},"image":{"@id":"https:\/\/diariodepe.com.br\/cri\/#\/schema\/logo\/image\/"}},{"@type":"Person","@id":"https:\/\/diariodepe.com.br\/cri\/#\/schema\/person\/121bb28d84f1a5b1205ef4ce9c2e0c6b","name":"Ismael Lucas S. Pereira","image":{"@type":"ImageObject","inLanguage":"pt-BR","@id":"https:\/\/secure.gravatar.com\/avatar\/887a0f3b5a7ceea963a48499fb883ffce6b5037362def025c52c2505b15d63e4?s=96&d=mm&r=g","url":"https:\/\/secure.gravatar.com\/avatar\/887a0f3b5a7ceea963a48499fb883ffce6b5037362def025c52c2505b15d63e4?s=96&d=mm&r=g","contentUrl":"https:\/\/secure.gravatar.com\/avatar\/887a0f3b5a7ceea963a48499fb883ffce6b5037362def025c52c2505b15d63e4?s=96&d=mm&r=g","caption":"Ismael Lucas S. Pereira"},"url":"https:\/\/diariodepe.com.br\/cri\/author\/ismael-lucas\/"}]}},"cc_featured_image_caption":{"caption_text":false,"source_text":false,"source_url":false},"amp_enabled":true,"_links":{"self":[{"href":"https:\/\/diariodepe.com.br\/cri\/wp-json\/wp\/v2\/posts\/5781","targetHints":{"allow":["GET"]}}],"collection":[{"href":"https:\/\/diariodepe.com.br\/cri\/wp-json\/wp\/v2\/posts"}],"about":[{"href":"https:\/\/diariodepe.com.br\/cri\/wp-json\/wp\/v2\/types\/post"}],"author":[{"embeddable":true,"href":"https:\/\/diariodepe.com.br\/cri\/wp-json\/wp\/v2\/users\/2"}],"replies":[{"embeddable":true,"href":"https:\/\/diariodepe.com.br\/cri\/wp-json\/wp\/v2\/comments?post=5781"}],"version-history":[{"count":1,"href":"https:\/\/diariodepe.com.br\/cri\/wp-json\/wp\/v2\/posts\/5781\/revisions"}],"predecessor-version":[{"id":5782,"href":"https:\/\/diariodepe.com.br\/cri\/wp-json\/wp\/v2\/posts\/5781\/revisions\/5782"}],"wp:attachment":[{"href":"https:\/\/diariodepe.com.br\/cri\/wp-json\/wp\/v2\/media?parent=5781"}],"wp:term":[{"taxonomy":"category","embeddable":true,"href":"https:\/\/diariodepe.com.br\/cri\/wp-json\/wp\/v2\/categories?post=5781"},{"taxonomy":"post_tag","embeddable":true,"href":"https:\/\/diariodepe.com.br\/cri\/wp-json\/wp\/v2\/tags?post=5781"}],"curies":[{"name":"wp","href":"https:\/\/api.w.org\/{rel}","templated":true}]}}