{"id":5750,"date":"2024-07-15T05:33:53","date_gmt":"2024-07-15T08:33:53","guid":{"rendered":"https:\/\/diariodepe.com.br\/cri\/?p=5750"},"modified":"2024-07-15T05:33:53","modified_gmt":"2024-07-15T08:33:53","slug":"culpar-a-china-pela-crise-na-ucrania-deve-estar-fora-de-cogitacao-para-otan","status":"publish","type":"post","link":"https:\/\/diariodepe.com.br\/cri\/2024\/07\/15\/culpar-a-china-pela-crise-na-ucrania-deve-estar-fora-de-cogitacao-para-otan\/","title":{"rendered":"Culpar a China pela crise na Ucr\u00e2nia deve estar fora de cogita\u00e7\u00e3o para OTAN"},"content":{"rendered":"<p>A\u00a0C\u00fapula da OTAN em Washington emitiu nesta quarta-feira uma declara\u00e7\u00e3o alegando que a China constitui um desafio aos interesses, seguran\u00e7a e valores da OTAN,\u00a0acusando falsamente o pa\u00eds de ser a \u201capoiante decisiva\u201d do conflito entre a R\u00fassia e a Ucr\u00e2nia.<\/p>\n<p>At\u00e9 o dia de hoje, esse confronto direto\u00a0j\u00e1 se estendeu por\u00a0quase dois anos e meio. Quanto \u00e0 causa desta trag\u00e9dia, a comunidade internacional est\u00e1 se tornando cada vez mais sensata. Cada vez mais pessoas percebem que desde o fim da Guerra Fria, a OTAN, sob a lideran\u00e7a dos EUA, vem se expandindo para o leste, espremendo constantemente o espa\u00e7o de seguran\u00e7a da R\u00fassia. \u00c9 exatamente isso a causa profunda do conflito. De uma perspectiva geopol\u00edtica, os EUA o \u201cinduziram\u201d com o objetivo de enfraquecer a R\u00fassia e, ao mesmo tempo, manter a Europa firmemente nas suas m\u00e3os. Ap\u00f3s o desencadear da contenda, o\u00a0pa\u00eds norte-americana e as demais\u00a0na\u00e7\u00f5es\u00a0ocidentais n\u00e3o pararam de escalar as tens\u00f5es,\u00a0por meio do oferecimento de\u00a0assist\u00eancia\u00a0militar\u00a0\u00e0 Ucr\u00e2nia\u00a0e da imposi\u00e7\u00e3o de san\u00e7\u00f5es \u00e0 R\u00fassia. As medidas, no entanto, mergulharam o pa\u00eds\u00a0na guerra e fizeram a Europa pagar um pre\u00e7o elevado nos dom\u00ednios pol\u00edtico, econ\u00f4mico\u00a0e de seguran\u00e7a.<\/p>\n<p>Para concretizar os seus interesses hegem\u00f4nicos, os EUA ainda n\u00e3o pretendem parar. No final de maio deste ano, a OTAN anunciou que continuaria a procurar apoio militar a longo prazo para fornecer pelo menos 40 bilh\u00f5es de euros por ano \u00e0\u00a0Ucr\u00e2nia. Ainda nesta c\u00fapula, a organiza\u00e7\u00e3o do Atl\u00e2ntico Norte\u00a0afirmou a oferta ao pa\u00eds europeu\u00a0cinco sistemas estrat\u00e9gicos de defesa a\u00e9rea &#8220;Patriot&#8221; e dezenas de sistemas t\u00e1ticos de defesa a\u00e9rea nos pr\u00f3ximos meses.<\/p>\n<p>Para encobrir a sua responsabilidade no confronto R\u00fassia-Ucr\u00e2nia, a OTAN tentou usar a China como \u201cbode expiat\u00f3rio\u201d atrav\u00e9s de\u00a0narrativas falsas. Ainda antes da c\u00fapula, a organiza\u00e7\u00e3o criticou e amea\u00e7ou frequentemente\u00a0o pa\u00eds asi\u00e1tico, difamando a coopera\u00e7\u00e3o econ\u00f4mica e comercial normal entre a China e a R\u00fassia e caluniando o pa\u00eds asi\u00e1tico de fornecer apoio militar \u00e0 R\u00fassia. \u00a0Alguns pol\u00edticos ocidentais at\u00e9 disseram que a chave para acabar com a contenda russo-ucraniana\u00a0est\u00e1 nas m\u00e3os da China. E os fatos? Os EUA e certos pa\u00edses ocidentais ainda n\u00e3o conseguiram mostrar provas, a ponto de que\u00a0o chefe das For\u00e7as Armadas estadunidenses ter admitido\u00a0que a China n\u00e3o forneceu assist\u00eancia militar \u00e0 R\u00fassia no conflito entre a R\u00fassia e a Ucr\u00e2nia.<\/p>\n<p>Como todos sabem, a China n\u00e3o \u00e9 a criadora,\u00a0nem parte envolvida na crise da Ucr\u00e2nia. A posi\u00e7\u00e3o chinesa em rea\u00e7\u00e3o \u00e0 quest\u00e3o tem sido de\u00a0promover a negocia\u00e7\u00e3o da paz e a solu\u00e7\u00e3o pol\u00edtica, o que vem sendo\u00a0amplamente reconhecido pela comunidade internacional. Ap\u00f3s a eclos\u00e3o do conflito, a China nunca forneceu armas letais a nenhuma das partes no conflito e sempre controlou rigorosamente a exporta\u00e7\u00e3o de produtos de dupla utiliza\u00e7\u00e3o militar e civil.<\/p>\n<p data-spm-anchor-id=\"0.0.0.i1\">Um dito chin\u00eas diz: \u201ccabe\u00a0\u00e0 pessoa quem amarra o sino a responsabilidade de desat\u00e1-lo\u201d. \u00a0Washington e a OTAN deveriam\u00a0refletir e tomar medidas concretas para aliviar a situa\u00e7\u00e3o.<\/p>\n","protected":false},"excerpt":{"rendered":"<p>A\u00a0C\u00fapula da OTAN em Washington emitiu nesta quarta-feira uma declara\u00e7\u00e3o alegando que a China constitui um desafio aos interesses, seguran\u00e7a e valores da OTAN,\u00a0acusando falsamente o pa\u00eds de ser a \u201capoiante decisiva\u201d do conflito entre a R\u00fassia e a Ucr\u00e2nia&#8230;.<\/p>\n","protected":false},"author":2,"featured_media":0,"comment_status":"open","ping_status":"open","sticky":false,"template":"","format":"standard","meta":{"footnotes":""},"categories":[3],"tags":[],"class_list":["post-5750","post","type-post","status-publish","format-standard","hentry","category-china"],"yoast_head":"<!-- This site is optimized with the Yoast SEO plugin v27.4 - https:\/\/yoast.com\/product\/yoast-seo-wordpress\/ -->\n<title>Culpar a China pela crise na Ucr\u00e2nia deve estar fora de cogita\u00e7\u00e3o para OTAN - CRI e Diario de Pernambuco<\/title>\n<meta name=\"robots\" content=\"index, follow, max-snippet:-1, max-image-preview:large, max-video-preview:-1\" \/>\n<link rel=\"canonical\" href=\"https:\/\/diariodepe.com.br\/cri\/2024\/07\/15\/culpar-a-china-pela-crise-na-ucrania-deve-estar-fora-de-cogitacao-para-otan\/\" \/>\n<meta property=\"og:locale\" content=\"pt_BR\" \/>\n<meta property=\"og:type\" content=\"article\" \/>\n<meta property=\"og:title\" content=\"Culpar a China pela crise na Ucr\u00e2nia deve estar fora de cogita\u00e7\u00e3o para OTAN - CRI e Diario de Pernambuco\" \/>\n<meta property=\"og:description\" content=\"A\u00a0C\u00fapula da OTAN em Washington emitiu nesta quarta-feira uma declara\u00e7\u00e3o alegando que a China constitui um desafio aos interesses, seguran\u00e7a e valores da OTAN,\u00a0acusando falsamente o pa\u00eds de ser a \u201capoiante decisiva\u201d do conflito entre a R\u00fassia e a Ucr\u00e2nia....\" \/>\n<meta property=\"og:url\" content=\"https:\/\/diariodepe.com.br\/cri\/2024\/07\/15\/culpar-a-china-pela-crise-na-ucrania-deve-estar-fora-de-cogitacao-para-otan\/\" \/>\n<meta property=\"og:site_name\" content=\"CRI e Diario de Pernambuco\" \/>\n<meta property=\"article:published_time\" content=\"2024-07-15T08:33:53+00:00\" \/>\n<meta name=\"author\" content=\"Ismael Lucas S. Pereira\" \/>\n<meta name=\"twitter:card\" content=\"summary_large_image\" \/>\n<meta name=\"twitter:label1\" content=\"Escrito por\" \/>\n\t<meta name=\"twitter:data1\" content=\"Ismael Lucas S. Pereira\" \/>\n\t<meta name=\"twitter:label2\" content=\"Est. tempo de leitura\" \/>\n\t<meta name=\"twitter:data2\" content=\"3 minutos\" \/>\n<script type=\"application\/ld+json\" class=\"yoast-schema-graph\">{\"@context\":\"https:\\\/\\\/schema.org\",\"@graph\":[{\"@type\":\"Article\",\"@id\":\"https:\\\/\\\/diariodepe.com.br\\\/cri\\\/2024\\\/07\\\/15\\\/culpar-a-china-pela-crise-na-ucrania-deve-estar-fora-de-cogitacao-para-otan\\\/#article\",\"isPartOf\":{\"@id\":\"https:\\\/\\\/diariodepe.com.br\\\/cri\\\/2024\\\/07\\\/15\\\/culpar-a-china-pela-crise-na-ucrania-deve-estar-fora-de-cogitacao-para-otan\\\/\"},\"author\":{\"name\":\"Ismael Lucas S. Pereira\",\"@id\":\"https:\\\/\\\/diariodepe.com.br\\\/cri\\\/#\\\/schema\\\/person\\\/121bb28d84f1a5b1205ef4ce9c2e0c6b\"},\"headline\":\"Culpar a China pela crise na Ucr\u00e2nia deve estar fora de cogita\u00e7\u00e3o para OTAN\",\"datePublished\":\"2024-07-15T08:33:53+00:00\",\"mainEntityOfPage\":{\"@id\":\"https:\\\/\\\/diariodepe.com.br\\\/cri\\\/2024\\\/07\\\/15\\\/culpar-a-china-pela-crise-na-ucrania-deve-estar-fora-de-cogitacao-para-otan\\\/\"},\"wordCount\":586,\"commentCount\":0,\"publisher\":{\"@id\":\"https:\\\/\\\/diariodepe.com.br\\\/cri\\\/#organization\"},\"articleSection\":[\"China\"],\"inLanguage\":\"pt-BR\",\"potentialAction\":[{\"@type\":\"CommentAction\",\"name\":\"Comment\",\"target\":[\"https:\\\/\\\/diariodepe.com.br\\\/cri\\\/2024\\\/07\\\/15\\\/culpar-a-china-pela-crise-na-ucrania-deve-estar-fora-de-cogitacao-para-otan\\\/#respond\"]}]},{\"@type\":\"WebPage\",\"@id\":\"https:\\\/\\\/diariodepe.com.br\\\/cri\\\/2024\\\/07\\\/15\\\/culpar-a-china-pela-crise-na-ucrania-deve-estar-fora-de-cogitacao-para-otan\\\/\",\"url\":\"https:\\\/\\\/diariodepe.com.br\\\/cri\\\/2024\\\/07\\\/15\\\/culpar-a-china-pela-crise-na-ucrania-deve-estar-fora-de-cogitacao-para-otan\\\/\",\"name\":\"Culpar a China pela crise na Ucr\u00e2nia deve estar fora de cogita\u00e7\u00e3o para OTAN - CRI e Diario de Pernambuco\",\"isPartOf\":{\"@id\":\"https:\\\/\\\/diariodepe.com.br\\\/cri\\\/#website\"},\"datePublished\":\"2024-07-15T08:33:53+00:00\",\"breadcrumb\":{\"@id\":\"https:\\\/\\\/diariodepe.com.br\\\/cri\\\/2024\\\/07\\\/15\\\/culpar-a-china-pela-crise-na-ucrania-deve-estar-fora-de-cogitacao-para-otan\\\/#breadcrumb\"},\"inLanguage\":\"pt-BR\",\"potentialAction\":[{\"@type\":\"ReadAction\",\"target\":[\"https:\\\/\\\/diariodepe.com.br\\\/cri\\\/2024\\\/07\\\/15\\\/culpar-a-china-pela-crise-na-ucrania-deve-estar-fora-de-cogitacao-para-otan\\\/\"]}]},{\"@type\":\"BreadcrumbList\",\"@id\":\"https:\\\/\\\/diariodepe.com.br\\\/cri\\\/2024\\\/07\\\/15\\\/culpar-a-china-pela-crise-na-ucrania-deve-estar-fora-de-cogitacao-para-otan\\\/#breadcrumb\",\"itemListElement\":[{\"@type\":\"ListItem\",\"position\":1,\"name\":\"In\u00edcio\",\"item\":\"https:\\\/\\\/diariodepe.com.br\\\/cri\\\/\"},{\"@type\":\"ListItem\",\"position\":2,\"name\":\"Culpar a China pela crise na Ucr\u00e2nia deve estar fora de cogita\u00e7\u00e3o para OTAN\"}]},{\"@type\":\"WebSite\",\"@id\":\"https:\\\/\\\/diariodepe.com.br\\\/cri\\\/#website\",\"url\":\"https:\\\/\\\/diariodepe.com.br\\\/cri\\\/\",\"name\":\"CRI e Diario de Pernambuco\",\"description\":\"R\u00e1dio Internacional da China\",\"publisher\":{\"@id\":\"https:\\\/\\\/diariodepe.com.br\\\/cri\\\/#organization\"},\"potentialAction\":[{\"@type\":\"SearchAction\",\"target\":{\"@type\":\"EntryPoint\",\"urlTemplate\":\"https:\\\/\\\/diariodepe.com.br\\\/cri\\\/?s={search_term_string}\"},\"query-input\":{\"@type\":\"PropertyValueSpecification\",\"valueRequired\":true,\"valueName\":\"search_term_string\"}}],\"inLanguage\":\"pt-BR\"},{\"@type\":\"Organization\",\"@id\":\"https:\\\/\\\/diariodepe.com.br\\\/cri\\\/#organization\",\"name\":\"CRI e Diario de Pernambuco\",\"url\":\"https:\\\/\\\/diariodepe.com.br\\\/cri\\\/\",\"logo\":{\"@type\":\"ImageObject\",\"inLanguage\":\"pt-BR\",\"@id\":\"https:\\\/\\\/diariodepe.com.br\\\/cri\\\/#\\\/schema\\\/logo\\\/image\\\/\",\"url\":\"https:\\\/\\\/diariodepe.com.br\\\/cri\\\/wp-content\\\/uploads\\\/sites\\\/2\\\/2022\\\/12\\\/cropped-Logo.jpg\",\"contentUrl\":\"https:\\\/\\\/diariodepe.com.br\\\/cri\\\/wp-content\\\/uploads\\\/sites\\\/2\\\/2022\\\/12\\\/cropped-Logo.jpg\",\"width\":700,\"height\":59,\"caption\":\"CRI e Diario de Pernambuco\"},\"image\":{\"@id\":\"https:\\\/\\\/diariodepe.com.br\\\/cri\\\/#\\\/schema\\\/logo\\\/image\\\/\"}},{\"@type\":\"Person\",\"@id\":\"https:\\\/\\\/diariodepe.com.br\\\/cri\\\/#\\\/schema\\\/person\\\/121bb28d84f1a5b1205ef4ce9c2e0c6b\",\"name\":\"Ismael Lucas S. Pereira\",\"image\":{\"@type\":\"ImageObject\",\"inLanguage\":\"pt-BR\",\"@id\":\"https:\\\/\\\/secure.gravatar.com\\\/avatar\\\/887a0f3b5a7ceea963a48499fb883ffce6b5037362def025c52c2505b15d63e4?s=96&d=mm&r=g\",\"url\":\"https:\\\/\\\/secure.gravatar.com\\\/avatar\\\/887a0f3b5a7ceea963a48499fb883ffce6b5037362def025c52c2505b15d63e4?s=96&d=mm&r=g\",\"contentUrl\":\"https:\\\/\\\/secure.gravatar.com\\\/avatar\\\/887a0f3b5a7ceea963a48499fb883ffce6b5037362def025c52c2505b15d63e4?s=96&d=mm&r=g\",\"caption\":\"Ismael Lucas S. Pereira\"},\"url\":\"https:\\\/\\\/diariodepe.com.br\\\/cri\\\/author\\\/ismael-lucas\\\/\"}]}<\/script>\n<!-- \/ Yoast SEO plugin. -->","yoast_head_json":{"title":"Culpar a China pela crise na Ucr\u00e2nia deve estar fora de cogita\u00e7\u00e3o para OTAN - CRI e Diario de Pernambuco","robots":{"index":"index","follow":"follow","max-snippet":"max-snippet:-1","max-image-preview":"max-image-preview:large","max-video-preview":"max-video-preview:-1"},"canonical":"https:\/\/diariodepe.com.br\/cri\/2024\/07\/15\/culpar-a-china-pela-crise-na-ucrania-deve-estar-fora-de-cogitacao-para-otan\/","og_locale":"pt_BR","og_type":"article","og_title":"Culpar a China pela crise na Ucr\u00e2nia deve estar fora de cogita\u00e7\u00e3o para OTAN - CRI e Diario de Pernambuco","og_description":"A\u00a0C\u00fapula da OTAN em Washington emitiu nesta quarta-feira uma declara\u00e7\u00e3o alegando que a China constitui um desafio aos interesses, seguran\u00e7a e valores da OTAN,\u00a0acusando falsamente o pa\u00eds de ser a \u201capoiante decisiva\u201d do conflito entre a R\u00fassia e a Ucr\u00e2nia....","og_url":"https:\/\/diariodepe.com.br\/cri\/2024\/07\/15\/culpar-a-china-pela-crise-na-ucrania-deve-estar-fora-de-cogitacao-para-otan\/","og_site_name":"CRI e Diario de Pernambuco","article_published_time":"2024-07-15T08:33:53+00:00","author":"Ismael Lucas S. Pereira","twitter_card":"summary_large_image","twitter_misc":{"Escrito por":"Ismael Lucas S. Pereira","Est. tempo de leitura":"3 minutos"},"schema":{"@context":"https:\/\/schema.org","@graph":[{"@type":"Article","@id":"https:\/\/diariodepe.com.br\/cri\/2024\/07\/15\/culpar-a-china-pela-crise-na-ucrania-deve-estar-fora-de-cogitacao-para-otan\/#article","isPartOf":{"@id":"https:\/\/diariodepe.com.br\/cri\/2024\/07\/15\/culpar-a-china-pela-crise-na-ucrania-deve-estar-fora-de-cogitacao-para-otan\/"},"author":{"name":"Ismael Lucas S. Pereira","@id":"https:\/\/diariodepe.com.br\/cri\/#\/schema\/person\/121bb28d84f1a5b1205ef4ce9c2e0c6b"},"headline":"Culpar a China pela crise na Ucr\u00e2nia deve estar fora de cogita\u00e7\u00e3o para OTAN","datePublished":"2024-07-15T08:33:53+00:00","mainEntityOfPage":{"@id":"https:\/\/diariodepe.com.br\/cri\/2024\/07\/15\/culpar-a-china-pela-crise-na-ucrania-deve-estar-fora-de-cogitacao-para-otan\/"},"wordCount":586,"commentCount":0,"publisher":{"@id":"https:\/\/diariodepe.com.br\/cri\/#organization"},"articleSection":["China"],"inLanguage":"pt-BR","potentialAction":[{"@type":"CommentAction","name":"Comment","target":["https:\/\/diariodepe.com.br\/cri\/2024\/07\/15\/culpar-a-china-pela-crise-na-ucrania-deve-estar-fora-de-cogitacao-para-otan\/#respond"]}]},{"@type":"WebPage","@id":"https:\/\/diariodepe.com.br\/cri\/2024\/07\/15\/culpar-a-china-pela-crise-na-ucrania-deve-estar-fora-de-cogitacao-para-otan\/","url":"https:\/\/diariodepe.com.br\/cri\/2024\/07\/15\/culpar-a-china-pela-crise-na-ucrania-deve-estar-fora-de-cogitacao-para-otan\/","name":"Culpar a China pela crise na Ucr\u00e2nia deve estar fora de cogita\u00e7\u00e3o para OTAN - CRI e Diario de Pernambuco","isPartOf":{"@id":"https:\/\/diariodepe.com.br\/cri\/#website"},"datePublished":"2024-07-15T08:33:53+00:00","breadcrumb":{"@id":"https:\/\/diariodepe.com.br\/cri\/2024\/07\/15\/culpar-a-china-pela-crise-na-ucrania-deve-estar-fora-de-cogitacao-para-otan\/#breadcrumb"},"inLanguage":"pt-BR","potentialAction":[{"@type":"ReadAction","target":["https:\/\/diariodepe.com.br\/cri\/2024\/07\/15\/culpar-a-china-pela-crise-na-ucrania-deve-estar-fora-de-cogitacao-para-otan\/"]}]},{"@type":"BreadcrumbList","@id":"https:\/\/diariodepe.com.br\/cri\/2024\/07\/15\/culpar-a-china-pela-crise-na-ucrania-deve-estar-fora-de-cogitacao-para-otan\/#breadcrumb","itemListElement":[{"@type":"ListItem","position":1,"name":"In\u00edcio","item":"https:\/\/diariodepe.com.br\/cri\/"},{"@type":"ListItem","position":2,"name":"Culpar a China pela crise na Ucr\u00e2nia deve estar fora de cogita\u00e7\u00e3o para OTAN"}]},{"@type":"WebSite","@id":"https:\/\/diariodepe.com.br\/cri\/#website","url":"https:\/\/diariodepe.com.br\/cri\/","name":"CRI e Diario de Pernambuco","description":"R\u00e1dio Internacional da China","publisher":{"@id":"https:\/\/diariodepe.com.br\/cri\/#organization"},"potentialAction":[{"@type":"SearchAction","target":{"@type":"EntryPoint","urlTemplate":"https:\/\/diariodepe.com.br\/cri\/?s={search_term_string}"},"query-input":{"@type":"PropertyValueSpecification","valueRequired":true,"valueName":"search_term_string"}}],"inLanguage":"pt-BR"},{"@type":"Organization","@id":"https:\/\/diariodepe.com.br\/cri\/#organization","name":"CRI e Diario de Pernambuco","url":"https:\/\/diariodepe.com.br\/cri\/","logo":{"@type":"ImageObject","inLanguage":"pt-BR","@id":"https:\/\/diariodepe.com.br\/cri\/#\/schema\/logo\/image\/","url":"https:\/\/diariodepe.com.br\/cri\/wp-content\/uploads\/sites\/2\/2022\/12\/cropped-Logo.jpg","contentUrl":"https:\/\/diariodepe.com.br\/cri\/wp-content\/uploads\/sites\/2\/2022\/12\/cropped-Logo.jpg","width":700,"height":59,"caption":"CRI e Diario de Pernambuco"},"image":{"@id":"https:\/\/diariodepe.com.br\/cri\/#\/schema\/logo\/image\/"}},{"@type":"Person","@id":"https:\/\/diariodepe.com.br\/cri\/#\/schema\/person\/121bb28d84f1a5b1205ef4ce9c2e0c6b","name":"Ismael Lucas S. Pereira","image":{"@type":"ImageObject","inLanguage":"pt-BR","@id":"https:\/\/secure.gravatar.com\/avatar\/887a0f3b5a7ceea963a48499fb883ffce6b5037362def025c52c2505b15d63e4?s=96&d=mm&r=g","url":"https:\/\/secure.gravatar.com\/avatar\/887a0f3b5a7ceea963a48499fb883ffce6b5037362def025c52c2505b15d63e4?s=96&d=mm&r=g","contentUrl":"https:\/\/secure.gravatar.com\/avatar\/887a0f3b5a7ceea963a48499fb883ffce6b5037362def025c52c2505b15d63e4?s=96&d=mm&r=g","caption":"Ismael Lucas S. Pereira"},"url":"https:\/\/diariodepe.com.br\/cri\/author\/ismael-lucas\/"}]}},"cc_featured_image_caption":{"caption_text":false,"source_text":false,"source_url":false},"amp_enabled":true,"_links":{"self":[{"href":"https:\/\/diariodepe.com.br\/cri\/wp-json\/wp\/v2\/posts\/5750","targetHints":{"allow":["GET"]}}],"collection":[{"href":"https:\/\/diariodepe.com.br\/cri\/wp-json\/wp\/v2\/posts"}],"about":[{"href":"https:\/\/diariodepe.com.br\/cri\/wp-json\/wp\/v2\/types\/post"}],"author":[{"embeddable":true,"href":"https:\/\/diariodepe.com.br\/cri\/wp-json\/wp\/v2\/users\/2"}],"replies":[{"embeddable":true,"href":"https:\/\/diariodepe.com.br\/cri\/wp-json\/wp\/v2\/comments?post=5750"}],"version-history":[{"count":1,"href":"https:\/\/diariodepe.com.br\/cri\/wp-json\/wp\/v2\/posts\/5750\/revisions"}],"predecessor-version":[{"id":5751,"href":"https:\/\/diariodepe.com.br\/cri\/wp-json\/wp\/v2\/posts\/5750\/revisions\/5751"}],"wp:attachment":[{"href":"https:\/\/diariodepe.com.br\/cri\/wp-json\/wp\/v2\/media?parent=5750"}],"wp:term":[{"taxonomy":"category","embeddable":true,"href":"https:\/\/diariodepe.com.br\/cri\/wp-json\/wp\/v2\/categories?post=5750"},{"taxonomy":"post_tag","embeddable":true,"href":"https:\/\/diariodepe.com.br\/cri\/wp-json\/wp\/v2\/tags?post=5750"}],"curies":[{"name":"wp","href":"https:\/\/api.w.org\/{rel}","templated":true}]}}