{"id":5748,"date":"2024-07-15T05:33:17","date_gmt":"2024-07-15T08:33:17","guid":{"rendered":"https:\/\/diariodepe.com.br\/cri\/?p=5748"},"modified":"2024-07-15T05:33:17","modified_gmt":"2024-07-15T08:33:17","slug":"seminario-sobre-a-festa-de-gala-de-inteligencia-artificial-da-china-2024-do-cmg-e-realizado-em-beijing","status":"publish","type":"post","link":"https:\/\/diariodepe.com.br\/cri\/2024\/07\/15\/seminario-sobre-a-festa-de-gala-de-inteligencia-artificial-da-china-2024-do-cmg-e-realizado-em-beijing\/","title":{"rendered":"Semin\u00e1rio sobre a \u201cFesta de Gala de Intelig\u00eancia Artificial da China 2024\u201d do CMG \u00e9 realizado em Beijing"},"content":{"rendered":"<p>O semin\u00e1rio sobre a \u201cFesta de Gala de Intelig\u00eancia Artificial da China 2024\u201d, do Grupo de M\u00eddia da China (CMG, em sua sigla em ingl\u00eas), foi realizado em Beijing. O vice-diretor do Departamento de Comunica\u00e7\u00e3o do Comit\u00ea Central do Partido Comunista da China (PCCh) e presidente do CMG, Shen Haixiong, e v\u00e1rios acad\u00eamicos e profissionais das \u00e1reas de arte e de Intelig\u00eancia Artificial (IA) participaram do evento.<\/p>\n<p>Shen Haixiong destacou que o CMG insiste no aumento da produtividade por meio da inova\u00e7\u00e3o em Ci\u00eancia e Tecnologia, segue a tend\u00eancia de desenvolvimento da IA e promove ativamente sua aplica\u00e7\u00e3o inovadora no campo audiovisual. Foram lan\u00e7ados v\u00e1rios programas produzidos com IA generativa, que atra\u00edram bastante aten\u00e7\u00e3o do p\u00fablico.<\/p>\n<p>O CMG continuar\u00e1 realizando o plano &#8220;AI+&#8221;, promover\u00e1 vigorosamente a integra\u00e7\u00e3o da inova\u00e7\u00e3o cient\u00edfica e tecnol\u00f3gica e a criatividade da m\u00eddia e realizar\u00e1 uma coopera\u00e7\u00e3o global mais ampla no setor midi\u00e1tico.<\/p>\n","protected":false},"excerpt":{"rendered":"<p>O semin\u00e1rio sobre a \u201cFesta de Gala de Intelig\u00eancia Artificial da China 2024\u201d, do Grupo de M\u00eddia da China (CMG, em sua sigla em ingl\u00eas), foi realizado em Beijing. O vice-diretor do Departamento de Comunica\u00e7\u00e3o do Comit\u00ea Central do Partido&#8230;<\/p>\n","protected":false},"author":2,"featured_media":0,"comment_status":"open","ping_status":"open","sticky":false,"template":"","format":"standard","meta":{"footnotes":""},"categories":[3],"tags":[],"class_list":["post-5748","post","type-post","status-publish","format-standard","hentry","category-china"],"yoast_head":"<!-- This site is optimized with the Yoast SEO plugin v27.4 - https:\/\/yoast.com\/product\/yoast-seo-wordpress\/ -->\n<title>Semin\u00e1rio sobre a \u201cFesta de Gala de Intelig\u00eancia Artificial da China 2024\u201d do CMG \u00e9 realizado em Beijing - CRI e Diario de Pernambuco<\/title>\n<meta name=\"robots\" content=\"index, follow, max-snippet:-1, max-image-preview:large, max-video-preview:-1\" \/>\n<link rel=\"canonical\" href=\"https:\/\/diariodepe.com.br\/cri\/2024\/07\/15\/seminario-sobre-a-festa-de-gala-de-inteligencia-artificial-da-china-2024-do-cmg-e-realizado-em-beijing\/\" \/>\n<meta property=\"og:locale\" content=\"pt_BR\" \/>\n<meta property=\"og:type\" content=\"article\" \/>\n<meta property=\"og:title\" content=\"Semin\u00e1rio sobre a \u201cFesta de Gala de Intelig\u00eancia Artificial da China 2024\u201d do CMG \u00e9 realizado em Beijing - CRI e Diario de Pernambuco\" \/>\n<meta property=\"og:description\" content=\"O semin\u00e1rio sobre a \u201cFesta de Gala de Intelig\u00eancia Artificial da China 2024\u201d, do Grupo de M\u00eddia da China (CMG, em sua sigla em ingl\u00eas), foi realizado em Beijing. O vice-diretor do Departamento de Comunica\u00e7\u00e3o do Comit\u00ea Central do Partido...\" \/>\n<meta property=\"og:url\" content=\"https:\/\/diariodepe.com.br\/cri\/2024\/07\/15\/seminario-sobre-a-festa-de-gala-de-inteligencia-artificial-da-china-2024-do-cmg-e-realizado-em-beijing\/\" \/>\n<meta property=\"og:site_name\" content=\"CRI e Diario de Pernambuco\" \/>\n<meta property=\"article:published_time\" content=\"2024-07-15T08:33:17+00:00\" \/>\n<meta name=\"author\" content=\"Ismael Lucas S. Pereira\" \/>\n<meta name=\"twitter:card\" content=\"summary_large_image\" \/>\n<meta name=\"twitter:label1\" content=\"Escrito por\" \/>\n\t<meta name=\"twitter:data1\" content=\"Ismael Lucas S. Pereira\" \/>\n\t<meta name=\"twitter:label2\" content=\"Est. tempo de leitura\" \/>\n\t<meta name=\"twitter:data2\" content=\"1 minuto\" \/>\n<script type=\"application\/ld+json\" class=\"yoast-schema-graph\">{\"@context\":\"https:\\\/\\\/schema.org\",\"@graph\":[{\"@type\":\"Article\",\"@id\":\"https:\\\/\\\/diariodepe.com.br\\\/cri\\\/2024\\\/07\\\/15\\\/seminario-sobre-a-festa-de-gala-de-inteligencia-artificial-da-china-2024-do-cmg-e-realizado-em-beijing\\\/#article\",\"isPartOf\":{\"@id\":\"https:\\\/\\\/diariodepe.com.br\\\/cri\\\/2024\\\/07\\\/15\\\/seminario-sobre-a-festa-de-gala-de-inteligencia-artificial-da-china-2024-do-cmg-e-realizado-em-beijing\\\/\"},\"author\":{\"name\":\"Ismael Lucas S. Pereira\",\"@id\":\"https:\\\/\\\/diariodepe.com.br\\\/cri\\\/#\\\/schema\\\/person\\\/121bb28d84f1a5b1205ef4ce9c2e0c6b\"},\"headline\":\"Semin\u00e1rio sobre a \u201cFesta de Gala de Intelig\u00eancia Artificial da China 2024\u201d do CMG \u00e9 realizado em Beijing\",\"datePublished\":\"2024-07-15T08:33:17+00:00\",\"mainEntityOfPage\":{\"@id\":\"https:\\\/\\\/diariodepe.com.br\\\/cri\\\/2024\\\/07\\\/15\\\/seminario-sobre-a-festa-de-gala-de-inteligencia-artificial-da-china-2024-do-cmg-e-realizado-em-beijing\\\/\"},\"wordCount\":188,\"commentCount\":0,\"publisher\":{\"@id\":\"https:\\\/\\\/diariodepe.com.br\\\/cri\\\/#organization\"},\"articleSection\":[\"China\"],\"inLanguage\":\"pt-BR\",\"potentialAction\":[{\"@type\":\"CommentAction\",\"name\":\"Comment\",\"target\":[\"https:\\\/\\\/diariodepe.com.br\\\/cri\\\/2024\\\/07\\\/15\\\/seminario-sobre-a-festa-de-gala-de-inteligencia-artificial-da-china-2024-do-cmg-e-realizado-em-beijing\\\/#respond\"]}]},{\"@type\":\"WebPage\",\"@id\":\"https:\\\/\\\/diariodepe.com.br\\\/cri\\\/2024\\\/07\\\/15\\\/seminario-sobre-a-festa-de-gala-de-inteligencia-artificial-da-china-2024-do-cmg-e-realizado-em-beijing\\\/\",\"url\":\"https:\\\/\\\/diariodepe.com.br\\\/cri\\\/2024\\\/07\\\/15\\\/seminario-sobre-a-festa-de-gala-de-inteligencia-artificial-da-china-2024-do-cmg-e-realizado-em-beijing\\\/\",\"name\":\"Semin\u00e1rio sobre a \u201cFesta de Gala de Intelig\u00eancia Artificial da China 2024\u201d do CMG \u00e9 realizado em Beijing - CRI e Diario de Pernambuco\",\"isPartOf\":{\"@id\":\"https:\\\/\\\/diariodepe.com.br\\\/cri\\\/#website\"},\"datePublished\":\"2024-07-15T08:33:17+00:00\",\"breadcrumb\":{\"@id\":\"https:\\\/\\\/diariodepe.com.br\\\/cri\\\/2024\\\/07\\\/15\\\/seminario-sobre-a-festa-de-gala-de-inteligencia-artificial-da-china-2024-do-cmg-e-realizado-em-beijing\\\/#breadcrumb\"},\"inLanguage\":\"pt-BR\",\"potentialAction\":[{\"@type\":\"ReadAction\",\"target\":[\"https:\\\/\\\/diariodepe.com.br\\\/cri\\\/2024\\\/07\\\/15\\\/seminario-sobre-a-festa-de-gala-de-inteligencia-artificial-da-china-2024-do-cmg-e-realizado-em-beijing\\\/\"]}]},{\"@type\":\"BreadcrumbList\",\"@id\":\"https:\\\/\\\/diariodepe.com.br\\\/cri\\\/2024\\\/07\\\/15\\\/seminario-sobre-a-festa-de-gala-de-inteligencia-artificial-da-china-2024-do-cmg-e-realizado-em-beijing\\\/#breadcrumb\",\"itemListElement\":[{\"@type\":\"ListItem\",\"position\":1,\"name\":\"In\u00edcio\",\"item\":\"https:\\\/\\\/diariodepe.com.br\\\/cri\\\/\"},{\"@type\":\"ListItem\",\"position\":2,\"name\":\"Semin\u00e1rio sobre a \u201cFesta de Gala de Intelig\u00eancia Artificial da China 2024\u201d do CMG \u00e9 realizado em Beijing\"}]},{\"@type\":\"WebSite\",\"@id\":\"https:\\\/\\\/diariodepe.com.br\\\/cri\\\/#website\",\"url\":\"https:\\\/\\\/diariodepe.com.br\\\/cri\\\/\",\"name\":\"CRI e Diario de Pernambuco\",\"description\":\"R\u00e1dio Internacional da China\",\"publisher\":{\"@id\":\"https:\\\/\\\/diariodepe.com.br\\\/cri\\\/#organization\"},\"potentialAction\":[{\"@type\":\"SearchAction\",\"target\":{\"@type\":\"EntryPoint\",\"urlTemplate\":\"https:\\\/\\\/diariodepe.com.br\\\/cri\\\/?s={search_term_string}\"},\"query-input\":{\"@type\":\"PropertyValueSpecification\",\"valueRequired\":true,\"valueName\":\"search_term_string\"}}],\"inLanguage\":\"pt-BR\"},{\"@type\":\"Organization\",\"@id\":\"https:\\\/\\\/diariodepe.com.br\\\/cri\\\/#organization\",\"name\":\"CRI e Diario de Pernambuco\",\"url\":\"https:\\\/\\\/diariodepe.com.br\\\/cri\\\/\",\"logo\":{\"@type\":\"ImageObject\",\"inLanguage\":\"pt-BR\",\"@id\":\"https:\\\/\\\/diariodepe.com.br\\\/cri\\\/#\\\/schema\\\/logo\\\/image\\\/\",\"url\":\"https:\\\/\\\/diariodepe.com.br\\\/cri\\\/wp-content\\\/uploads\\\/sites\\\/2\\\/2022\\\/12\\\/cropped-Logo.jpg\",\"contentUrl\":\"https:\\\/\\\/diariodepe.com.br\\\/cri\\\/wp-content\\\/uploads\\\/sites\\\/2\\\/2022\\\/12\\\/cropped-Logo.jpg\",\"width\":700,\"height\":59,\"caption\":\"CRI e Diario de Pernambuco\"},\"image\":{\"@id\":\"https:\\\/\\\/diariodepe.com.br\\\/cri\\\/#\\\/schema\\\/logo\\\/image\\\/\"}},{\"@type\":\"Person\",\"@id\":\"https:\\\/\\\/diariodepe.com.br\\\/cri\\\/#\\\/schema\\\/person\\\/121bb28d84f1a5b1205ef4ce9c2e0c6b\",\"name\":\"Ismael Lucas S. Pereira\",\"image\":{\"@type\":\"ImageObject\",\"inLanguage\":\"pt-BR\",\"@id\":\"https:\\\/\\\/secure.gravatar.com\\\/avatar\\\/887a0f3b5a7ceea963a48499fb883ffce6b5037362def025c52c2505b15d63e4?s=96&d=mm&r=g\",\"url\":\"https:\\\/\\\/secure.gravatar.com\\\/avatar\\\/887a0f3b5a7ceea963a48499fb883ffce6b5037362def025c52c2505b15d63e4?s=96&d=mm&r=g\",\"contentUrl\":\"https:\\\/\\\/secure.gravatar.com\\\/avatar\\\/887a0f3b5a7ceea963a48499fb883ffce6b5037362def025c52c2505b15d63e4?s=96&d=mm&r=g\",\"caption\":\"Ismael Lucas S. Pereira\"},\"url\":\"https:\\\/\\\/diariodepe.com.br\\\/cri\\\/author\\\/ismael-lucas\\\/\"}]}<\/script>\n<!-- \/ Yoast SEO plugin. -->","yoast_head_json":{"title":"Semin\u00e1rio sobre a \u201cFesta de Gala de Intelig\u00eancia Artificial da China 2024\u201d do CMG \u00e9 realizado em Beijing - CRI e Diario de Pernambuco","robots":{"index":"index","follow":"follow","max-snippet":"max-snippet:-1","max-image-preview":"max-image-preview:large","max-video-preview":"max-video-preview:-1"},"canonical":"https:\/\/diariodepe.com.br\/cri\/2024\/07\/15\/seminario-sobre-a-festa-de-gala-de-inteligencia-artificial-da-china-2024-do-cmg-e-realizado-em-beijing\/","og_locale":"pt_BR","og_type":"article","og_title":"Semin\u00e1rio sobre a \u201cFesta de Gala de Intelig\u00eancia Artificial da China 2024\u201d do CMG \u00e9 realizado em Beijing - CRI e Diario de Pernambuco","og_description":"O semin\u00e1rio sobre a \u201cFesta de Gala de Intelig\u00eancia Artificial da China 2024\u201d, do Grupo de M\u00eddia da China (CMG, em sua sigla em ingl\u00eas), foi realizado em Beijing. O vice-diretor do Departamento de Comunica\u00e7\u00e3o do Comit\u00ea Central do Partido...","og_url":"https:\/\/diariodepe.com.br\/cri\/2024\/07\/15\/seminario-sobre-a-festa-de-gala-de-inteligencia-artificial-da-china-2024-do-cmg-e-realizado-em-beijing\/","og_site_name":"CRI e Diario de Pernambuco","article_published_time":"2024-07-15T08:33:17+00:00","author":"Ismael Lucas S. Pereira","twitter_card":"summary_large_image","twitter_misc":{"Escrito por":"Ismael Lucas S. Pereira","Est. tempo de leitura":"1 minuto"},"schema":{"@context":"https:\/\/schema.org","@graph":[{"@type":"Article","@id":"https:\/\/diariodepe.com.br\/cri\/2024\/07\/15\/seminario-sobre-a-festa-de-gala-de-inteligencia-artificial-da-china-2024-do-cmg-e-realizado-em-beijing\/#article","isPartOf":{"@id":"https:\/\/diariodepe.com.br\/cri\/2024\/07\/15\/seminario-sobre-a-festa-de-gala-de-inteligencia-artificial-da-china-2024-do-cmg-e-realizado-em-beijing\/"},"author":{"name":"Ismael Lucas S. Pereira","@id":"https:\/\/diariodepe.com.br\/cri\/#\/schema\/person\/121bb28d84f1a5b1205ef4ce9c2e0c6b"},"headline":"Semin\u00e1rio sobre a \u201cFesta de Gala de Intelig\u00eancia Artificial da China 2024\u201d do CMG \u00e9 realizado em Beijing","datePublished":"2024-07-15T08:33:17+00:00","mainEntityOfPage":{"@id":"https:\/\/diariodepe.com.br\/cri\/2024\/07\/15\/seminario-sobre-a-festa-de-gala-de-inteligencia-artificial-da-china-2024-do-cmg-e-realizado-em-beijing\/"},"wordCount":188,"commentCount":0,"publisher":{"@id":"https:\/\/diariodepe.com.br\/cri\/#organization"},"articleSection":["China"],"inLanguage":"pt-BR","potentialAction":[{"@type":"CommentAction","name":"Comment","target":["https:\/\/diariodepe.com.br\/cri\/2024\/07\/15\/seminario-sobre-a-festa-de-gala-de-inteligencia-artificial-da-china-2024-do-cmg-e-realizado-em-beijing\/#respond"]}]},{"@type":"WebPage","@id":"https:\/\/diariodepe.com.br\/cri\/2024\/07\/15\/seminario-sobre-a-festa-de-gala-de-inteligencia-artificial-da-china-2024-do-cmg-e-realizado-em-beijing\/","url":"https:\/\/diariodepe.com.br\/cri\/2024\/07\/15\/seminario-sobre-a-festa-de-gala-de-inteligencia-artificial-da-china-2024-do-cmg-e-realizado-em-beijing\/","name":"Semin\u00e1rio sobre a \u201cFesta de Gala de Intelig\u00eancia Artificial da China 2024\u201d do CMG \u00e9 realizado em Beijing - CRI e Diario de Pernambuco","isPartOf":{"@id":"https:\/\/diariodepe.com.br\/cri\/#website"},"datePublished":"2024-07-15T08:33:17+00:00","breadcrumb":{"@id":"https:\/\/diariodepe.com.br\/cri\/2024\/07\/15\/seminario-sobre-a-festa-de-gala-de-inteligencia-artificial-da-china-2024-do-cmg-e-realizado-em-beijing\/#breadcrumb"},"inLanguage":"pt-BR","potentialAction":[{"@type":"ReadAction","target":["https:\/\/diariodepe.com.br\/cri\/2024\/07\/15\/seminario-sobre-a-festa-de-gala-de-inteligencia-artificial-da-china-2024-do-cmg-e-realizado-em-beijing\/"]}]},{"@type":"BreadcrumbList","@id":"https:\/\/diariodepe.com.br\/cri\/2024\/07\/15\/seminario-sobre-a-festa-de-gala-de-inteligencia-artificial-da-china-2024-do-cmg-e-realizado-em-beijing\/#breadcrumb","itemListElement":[{"@type":"ListItem","position":1,"name":"In\u00edcio","item":"https:\/\/diariodepe.com.br\/cri\/"},{"@type":"ListItem","position":2,"name":"Semin\u00e1rio sobre a \u201cFesta de Gala de Intelig\u00eancia Artificial da China 2024\u201d do CMG \u00e9 realizado em Beijing"}]},{"@type":"WebSite","@id":"https:\/\/diariodepe.com.br\/cri\/#website","url":"https:\/\/diariodepe.com.br\/cri\/","name":"CRI e Diario de Pernambuco","description":"R\u00e1dio Internacional da China","publisher":{"@id":"https:\/\/diariodepe.com.br\/cri\/#organization"},"potentialAction":[{"@type":"SearchAction","target":{"@type":"EntryPoint","urlTemplate":"https:\/\/diariodepe.com.br\/cri\/?s={search_term_string}"},"query-input":{"@type":"PropertyValueSpecification","valueRequired":true,"valueName":"search_term_string"}}],"inLanguage":"pt-BR"},{"@type":"Organization","@id":"https:\/\/diariodepe.com.br\/cri\/#organization","name":"CRI e Diario de Pernambuco","url":"https:\/\/diariodepe.com.br\/cri\/","logo":{"@type":"ImageObject","inLanguage":"pt-BR","@id":"https:\/\/diariodepe.com.br\/cri\/#\/schema\/logo\/image\/","url":"https:\/\/diariodepe.com.br\/cri\/wp-content\/uploads\/sites\/2\/2022\/12\/cropped-Logo.jpg","contentUrl":"https:\/\/diariodepe.com.br\/cri\/wp-content\/uploads\/sites\/2\/2022\/12\/cropped-Logo.jpg","width":700,"height":59,"caption":"CRI e Diario de Pernambuco"},"image":{"@id":"https:\/\/diariodepe.com.br\/cri\/#\/schema\/logo\/image\/"}},{"@type":"Person","@id":"https:\/\/diariodepe.com.br\/cri\/#\/schema\/person\/121bb28d84f1a5b1205ef4ce9c2e0c6b","name":"Ismael Lucas S. Pereira","image":{"@type":"ImageObject","inLanguage":"pt-BR","@id":"https:\/\/secure.gravatar.com\/avatar\/887a0f3b5a7ceea963a48499fb883ffce6b5037362def025c52c2505b15d63e4?s=96&d=mm&r=g","url":"https:\/\/secure.gravatar.com\/avatar\/887a0f3b5a7ceea963a48499fb883ffce6b5037362def025c52c2505b15d63e4?s=96&d=mm&r=g","contentUrl":"https:\/\/secure.gravatar.com\/avatar\/887a0f3b5a7ceea963a48499fb883ffce6b5037362def025c52c2505b15d63e4?s=96&d=mm&r=g","caption":"Ismael Lucas S. Pereira"},"url":"https:\/\/diariodepe.com.br\/cri\/author\/ismael-lucas\/"}]}},"cc_featured_image_caption":{"caption_text":false,"source_text":false,"source_url":false},"amp_enabled":true,"_links":{"self":[{"href":"https:\/\/diariodepe.com.br\/cri\/wp-json\/wp\/v2\/posts\/5748","targetHints":{"allow":["GET"]}}],"collection":[{"href":"https:\/\/diariodepe.com.br\/cri\/wp-json\/wp\/v2\/posts"}],"about":[{"href":"https:\/\/diariodepe.com.br\/cri\/wp-json\/wp\/v2\/types\/post"}],"author":[{"embeddable":true,"href":"https:\/\/diariodepe.com.br\/cri\/wp-json\/wp\/v2\/users\/2"}],"replies":[{"embeddable":true,"href":"https:\/\/diariodepe.com.br\/cri\/wp-json\/wp\/v2\/comments?post=5748"}],"version-history":[{"count":1,"href":"https:\/\/diariodepe.com.br\/cri\/wp-json\/wp\/v2\/posts\/5748\/revisions"}],"predecessor-version":[{"id":5749,"href":"https:\/\/diariodepe.com.br\/cri\/wp-json\/wp\/v2\/posts\/5748\/revisions\/5749"}],"wp:attachment":[{"href":"https:\/\/diariodepe.com.br\/cri\/wp-json\/wp\/v2\/media?parent=5748"}],"wp:term":[{"taxonomy":"category","embeddable":true,"href":"https:\/\/diariodepe.com.br\/cri\/wp-json\/wp\/v2\/categories?post=5748"},{"taxonomy":"post_tag","embeddable":true,"href":"https:\/\/diariodepe.com.br\/cri\/wp-json\/wp\/v2\/tags?post=5748"}],"curies":[{"name":"wp","href":"https:\/\/api.w.org\/{rel}","templated":true}]}}