{"id":5744,"date":"2024-07-15T05:32:22","date_gmt":"2024-07-15T08:32:22","guid":{"rendered":"https:\/\/diariodepe.com.br\/cri\/?p=5744"},"modified":"2024-07-15T05:32:22","modified_gmt":"2024-07-15T08:32:22","slug":"dois-relatorios-confirmam-que-filipinas-tem-destruido-o-ambiente-ecologico-do-mar-do-sul-da-china-2","status":"publish","type":"post","link":"https:\/\/diariodepe.com.br\/cri\/2024\/07\/15\/dois-relatorios-confirmam-que-filipinas-tem-destruido-o-ambiente-ecologico-do-mar-do-sul-da-china-2\/","title":{"rendered":"Dois relat\u00f3rios confirmam que Filipinas tem destru\u00eddo o ambiente ecol\u00f3gico do Mar do Sul da China"},"content":{"rendered":"<p data-spm-anchor-id=\"0.0.0.i1\">Nos \u00faltimos dois dias, as autoridades chinesas divulgaram dois relat\u00f3rios de grande impacto sobre o Mar do Sul da China. Um deles discorre sobre a investiga\u00e7\u00e3o e a avalia\u00e7\u00e3o do ambiente ecol\u00f3gico das\u00a0\u00e1guas\u00a0da Ilha de Huangyan, publicado\u00a0no dia 10;\u00a0o outro \u00e9 sobre a destrui\u00e7\u00e3o do ecossistema nos recifes de coral pelo navio filipino que est\u00e1 encalhado ilegalmente no recife chin\u00eas de Ren&#8217;ai.<\/p>\n<p>Com base em dados de detec\u00e7\u00e3o remota por sat\u00e9lite e de pesquisas no local, a China descobriu que o navio militar\u00a0filipino, que segue\u00a0ilicitamente \u201cestacionado\u201d no recife chin\u00eas de Ren\u2019ai por 25 anos, danificou seriamente a diversidade, a estabilidade e a sustentabilidade do ecossistema de recifes de coral. Entre ouros impactos, a \u00e1rea de cobertura de corais na \u00e1rea caiu significativamente, sobretudo ao redor do navio filipino. Al\u00e9m disso, os res\u00edduos produzidos por seres humanos\u00a0est\u00e3o espalhados pela \u00e1rea.<\/p>\n<p>Em contraste, a fauna e a flora da Ilha de Huangyan,\u00a0sob a prote\u00e7\u00e3o e supervis\u00e3o da China,\u00a0mostram\u00a0um cen\u00e1rio vibrante. De acordo com uma pesquisa realizada conjuntamente por v\u00e1rios departamentos e institui\u00e7\u00f5es profissionais de maio a junho, a qualidade da \u00e1gua do mar e\u00a0dos sedimentos marinhos na \u00e1rea \u00e9 de\u00a0primeira categoria, e as quantidades residuais de metais pesados, hidrocarbonetos de petr\u00f3leo e outros poluentes nas amostras de peixes est\u00e3o todas abaixo\u00a0dos limites-padr\u00e3o de avalia\u00e7\u00e3o.<\/p>\n<p>O resultado \u00e9 um reflexo do trabalho chin\u00eas\u00a0na prote\u00e7\u00e3o do ambiente marinho. O pa\u00eds\u00a0implementou, por exemplo,\u00a0uma proibi\u00e7\u00e3o sazonal de pesca no Mar do Sul da China desde 1999, estabelecendo claramente per\u00edodos e zonas de pesca fechados, o que desempenhou um papel insubstitu\u00edvel e importante na manuten\u00e7\u00e3o do ambiente marinho na regi\u00e3o. Al\u00e9m disso, realizou uma s\u00e9rie de projetos de restaura\u00e7\u00e3o ecol\u00f3gica de recifes de coral\u00a0naquela \u00e1rea, restaurando com sucesso aproximadamente 300 mil metros quadrados\u00a0at\u00e9 agora.<\/p>\n<p>Os aspectos\u00a0de prote\u00e7\u00e3o ambiental marinha relacionam-se\u00a0ao bem-estar humano, e a quest\u00e3o\u00a0do Mar do Sul da China n\u00e3o deve tornar-se uma ferramenta pol\u00edtica para certos pa\u00edses promoverem o confronto geopol\u00edtico e perseguirem interesses ego\u00edstas.<\/p>\n","protected":false},"excerpt":{"rendered":"<p>Nos \u00faltimos dois dias, as autoridades chinesas divulgaram dois relat\u00f3rios de grande impacto sobre o Mar do Sul da China. Um deles discorre sobre a investiga\u00e7\u00e3o e a avalia\u00e7\u00e3o do ambiente ecol\u00f3gico das\u00a0\u00e1guas\u00a0da Ilha de Huangyan, publicado\u00a0no dia 10;\u00a0o outro&#8230;<\/p>\n","protected":false},"author":2,"featured_media":0,"comment_status":"open","ping_status":"open","sticky":false,"template":"","format":"standard","meta":{"footnotes":""},"categories":[7],"tags":[],"class_list":["post-5744","post","type-post","status-publish","format-standard","hentry","category-visao"],"yoast_head":"<!-- This site is optimized with the Yoast SEO plugin v27.4 - https:\/\/yoast.com\/product\/yoast-seo-wordpress\/ -->\n<title>Dois relat\u00f3rios confirmam que Filipinas tem destru\u00eddo o ambiente ecol\u00f3gico do Mar do Sul da China - CRI e Diario de Pernambuco<\/title>\n<meta name=\"robots\" content=\"index, follow, max-snippet:-1, max-image-preview:large, max-video-preview:-1\" \/>\n<link rel=\"canonical\" href=\"https:\/\/diariodepe.com.br\/cri\/2024\/07\/15\/dois-relatorios-confirmam-que-filipinas-tem-destruido-o-ambiente-ecologico-do-mar-do-sul-da-china-2\/\" \/>\n<meta property=\"og:locale\" content=\"pt_BR\" \/>\n<meta property=\"og:type\" content=\"article\" \/>\n<meta property=\"og:title\" content=\"Dois relat\u00f3rios confirmam que Filipinas tem destru\u00eddo o ambiente ecol\u00f3gico do Mar do Sul da China - CRI e Diario de Pernambuco\" \/>\n<meta property=\"og:description\" content=\"Nos \u00faltimos dois dias, as autoridades chinesas divulgaram dois relat\u00f3rios de grande impacto sobre o Mar do Sul da China. Um deles discorre sobre a investiga\u00e7\u00e3o e a avalia\u00e7\u00e3o do ambiente ecol\u00f3gico das\u00a0\u00e1guas\u00a0da Ilha de Huangyan, publicado\u00a0no dia 10;\u00a0o outro...\" \/>\n<meta property=\"og:url\" content=\"https:\/\/diariodepe.com.br\/cri\/2024\/07\/15\/dois-relatorios-confirmam-que-filipinas-tem-destruido-o-ambiente-ecologico-do-mar-do-sul-da-china-2\/\" \/>\n<meta property=\"og:site_name\" content=\"CRI e Diario de Pernambuco\" \/>\n<meta property=\"article:published_time\" content=\"2024-07-15T08:32:22+00:00\" \/>\n<meta name=\"author\" content=\"Ismael Lucas S. Pereira\" \/>\n<meta name=\"twitter:card\" content=\"summary_large_image\" \/>\n<meta name=\"twitter:label1\" content=\"Escrito por\" \/>\n\t<meta name=\"twitter:data1\" content=\"Ismael Lucas S. Pereira\" \/>\n\t<meta name=\"twitter:label2\" content=\"Est. tempo de leitura\" \/>\n\t<meta name=\"twitter:data2\" content=\"2 minutos\" \/>\n<script type=\"application\/ld+json\" class=\"yoast-schema-graph\">{\"@context\":\"https:\\\/\\\/schema.org\",\"@graph\":[{\"@type\":\"Article\",\"@id\":\"https:\\\/\\\/diariodepe.com.br\\\/cri\\\/2024\\\/07\\\/15\\\/dois-relatorios-confirmam-que-filipinas-tem-destruido-o-ambiente-ecologico-do-mar-do-sul-da-china-2\\\/#article\",\"isPartOf\":{\"@id\":\"https:\\\/\\\/diariodepe.com.br\\\/cri\\\/2024\\\/07\\\/15\\\/dois-relatorios-confirmam-que-filipinas-tem-destruido-o-ambiente-ecologico-do-mar-do-sul-da-china-2\\\/\"},\"author\":{\"name\":\"Ismael Lucas S. Pereira\",\"@id\":\"https:\\\/\\\/diariodepe.com.br\\\/cri\\\/#\\\/schema\\\/person\\\/121bb28d84f1a5b1205ef4ce9c2e0c6b\"},\"headline\":\"Dois relat\u00f3rios confirmam que Filipinas tem destru\u00eddo o ambiente ecol\u00f3gico do Mar do Sul da China\",\"datePublished\":\"2024-07-15T08:32:22+00:00\",\"mainEntityOfPage\":{\"@id\":\"https:\\\/\\\/diariodepe.com.br\\\/cri\\\/2024\\\/07\\\/15\\\/dois-relatorios-confirmam-que-filipinas-tem-destruido-o-ambiente-ecologico-do-mar-do-sul-da-china-2\\\/\"},\"wordCount\":395,\"commentCount\":0,\"publisher\":{\"@id\":\"https:\\\/\\\/diariodepe.com.br\\\/cri\\\/#organization\"},\"articleSection\":[\"Vis\u00e3o\"],\"inLanguage\":\"pt-BR\",\"potentialAction\":[{\"@type\":\"CommentAction\",\"name\":\"Comment\",\"target\":[\"https:\\\/\\\/diariodepe.com.br\\\/cri\\\/2024\\\/07\\\/15\\\/dois-relatorios-confirmam-que-filipinas-tem-destruido-o-ambiente-ecologico-do-mar-do-sul-da-china-2\\\/#respond\"]}]},{\"@type\":\"WebPage\",\"@id\":\"https:\\\/\\\/diariodepe.com.br\\\/cri\\\/2024\\\/07\\\/15\\\/dois-relatorios-confirmam-que-filipinas-tem-destruido-o-ambiente-ecologico-do-mar-do-sul-da-china-2\\\/\",\"url\":\"https:\\\/\\\/diariodepe.com.br\\\/cri\\\/2024\\\/07\\\/15\\\/dois-relatorios-confirmam-que-filipinas-tem-destruido-o-ambiente-ecologico-do-mar-do-sul-da-china-2\\\/\",\"name\":\"Dois relat\u00f3rios confirmam que Filipinas tem destru\u00eddo o ambiente ecol\u00f3gico do Mar do Sul da China - CRI e Diario de Pernambuco\",\"isPartOf\":{\"@id\":\"https:\\\/\\\/diariodepe.com.br\\\/cri\\\/#website\"},\"datePublished\":\"2024-07-15T08:32:22+00:00\",\"breadcrumb\":{\"@id\":\"https:\\\/\\\/diariodepe.com.br\\\/cri\\\/2024\\\/07\\\/15\\\/dois-relatorios-confirmam-que-filipinas-tem-destruido-o-ambiente-ecologico-do-mar-do-sul-da-china-2\\\/#breadcrumb\"},\"inLanguage\":\"pt-BR\",\"potentialAction\":[{\"@type\":\"ReadAction\",\"target\":[\"https:\\\/\\\/diariodepe.com.br\\\/cri\\\/2024\\\/07\\\/15\\\/dois-relatorios-confirmam-que-filipinas-tem-destruido-o-ambiente-ecologico-do-mar-do-sul-da-china-2\\\/\"]}]},{\"@type\":\"BreadcrumbList\",\"@id\":\"https:\\\/\\\/diariodepe.com.br\\\/cri\\\/2024\\\/07\\\/15\\\/dois-relatorios-confirmam-que-filipinas-tem-destruido-o-ambiente-ecologico-do-mar-do-sul-da-china-2\\\/#breadcrumb\",\"itemListElement\":[{\"@type\":\"ListItem\",\"position\":1,\"name\":\"In\u00edcio\",\"item\":\"https:\\\/\\\/diariodepe.com.br\\\/cri\\\/\"},{\"@type\":\"ListItem\",\"position\":2,\"name\":\"Dois relat\u00f3rios confirmam que Filipinas tem destru\u00eddo o ambiente ecol\u00f3gico do Mar do Sul da China\"}]},{\"@type\":\"WebSite\",\"@id\":\"https:\\\/\\\/diariodepe.com.br\\\/cri\\\/#website\",\"url\":\"https:\\\/\\\/diariodepe.com.br\\\/cri\\\/\",\"name\":\"CRI e Diario de Pernambuco\",\"description\":\"R\u00e1dio Internacional da China\",\"publisher\":{\"@id\":\"https:\\\/\\\/diariodepe.com.br\\\/cri\\\/#organization\"},\"potentialAction\":[{\"@type\":\"SearchAction\",\"target\":{\"@type\":\"EntryPoint\",\"urlTemplate\":\"https:\\\/\\\/diariodepe.com.br\\\/cri\\\/?s={search_term_string}\"},\"query-input\":{\"@type\":\"PropertyValueSpecification\",\"valueRequired\":true,\"valueName\":\"search_term_string\"}}],\"inLanguage\":\"pt-BR\"},{\"@type\":\"Organization\",\"@id\":\"https:\\\/\\\/diariodepe.com.br\\\/cri\\\/#organization\",\"name\":\"CRI e Diario de Pernambuco\",\"url\":\"https:\\\/\\\/diariodepe.com.br\\\/cri\\\/\",\"logo\":{\"@type\":\"ImageObject\",\"inLanguage\":\"pt-BR\",\"@id\":\"https:\\\/\\\/diariodepe.com.br\\\/cri\\\/#\\\/schema\\\/logo\\\/image\\\/\",\"url\":\"https:\\\/\\\/diariodepe.com.br\\\/cri\\\/wp-content\\\/uploads\\\/sites\\\/2\\\/2022\\\/12\\\/cropped-Logo.jpg\",\"contentUrl\":\"https:\\\/\\\/diariodepe.com.br\\\/cri\\\/wp-content\\\/uploads\\\/sites\\\/2\\\/2022\\\/12\\\/cropped-Logo.jpg\",\"width\":700,\"height\":59,\"caption\":\"CRI e Diario de Pernambuco\"},\"image\":{\"@id\":\"https:\\\/\\\/diariodepe.com.br\\\/cri\\\/#\\\/schema\\\/logo\\\/image\\\/\"}},{\"@type\":\"Person\",\"@id\":\"https:\\\/\\\/diariodepe.com.br\\\/cri\\\/#\\\/schema\\\/person\\\/121bb28d84f1a5b1205ef4ce9c2e0c6b\",\"name\":\"Ismael Lucas S. Pereira\",\"image\":{\"@type\":\"ImageObject\",\"inLanguage\":\"pt-BR\",\"@id\":\"https:\\\/\\\/secure.gravatar.com\\\/avatar\\\/887a0f3b5a7ceea963a48499fb883ffce6b5037362def025c52c2505b15d63e4?s=96&d=mm&r=g\",\"url\":\"https:\\\/\\\/secure.gravatar.com\\\/avatar\\\/887a0f3b5a7ceea963a48499fb883ffce6b5037362def025c52c2505b15d63e4?s=96&d=mm&r=g\",\"contentUrl\":\"https:\\\/\\\/secure.gravatar.com\\\/avatar\\\/887a0f3b5a7ceea963a48499fb883ffce6b5037362def025c52c2505b15d63e4?s=96&d=mm&r=g\",\"caption\":\"Ismael Lucas S. Pereira\"},\"url\":\"https:\\\/\\\/diariodepe.com.br\\\/cri\\\/author\\\/ismael-lucas\\\/\"}]}<\/script>\n<!-- \/ Yoast SEO plugin. -->","yoast_head_json":{"title":"Dois relat\u00f3rios confirmam que Filipinas tem destru\u00eddo o ambiente ecol\u00f3gico do Mar do Sul da China - CRI e Diario de Pernambuco","robots":{"index":"index","follow":"follow","max-snippet":"max-snippet:-1","max-image-preview":"max-image-preview:large","max-video-preview":"max-video-preview:-1"},"canonical":"https:\/\/diariodepe.com.br\/cri\/2024\/07\/15\/dois-relatorios-confirmam-que-filipinas-tem-destruido-o-ambiente-ecologico-do-mar-do-sul-da-china-2\/","og_locale":"pt_BR","og_type":"article","og_title":"Dois relat\u00f3rios confirmam que Filipinas tem destru\u00eddo o ambiente ecol\u00f3gico do Mar do Sul da China - CRI e Diario de Pernambuco","og_description":"Nos \u00faltimos dois dias, as autoridades chinesas divulgaram dois relat\u00f3rios de grande impacto sobre o Mar do Sul da China. Um deles discorre sobre a investiga\u00e7\u00e3o e a avalia\u00e7\u00e3o do ambiente ecol\u00f3gico das\u00a0\u00e1guas\u00a0da Ilha de Huangyan, publicado\u00a0no dia 10;\u00a0o outro...","og_url":"https:\/\/diariodepe.com.br\/cri\/2024\/07\/15\/dois-relatorios-confirmam-que-filipinas-tem-destruido-o-ambiente-ecologico-do-mar-do-sul-da-china-2\/","og_site_name":"CRI e Diario de Pernambuco","article_published_time":"2024-07-15T08:32:22+00:00","author":"Ismael Lucas S. Pereira","twitter_card":"summary_large_image","twitter_misc":{"Escrito por":"Ismael Lucas S. Pereira","Est. tempo de leitura":"2 minutos"},"schema":{"@context":"https:\/\/schema.org","@graph":[{"@type":"Article","@id":"https:\/\/diariodepe.com.br\/cri\/2024\/07\/15\/dois-relatorios-confirmam-que-filipinas-tem-destruido-o-ambiente-ecologico-do-mar-do-sul-da-china-2\/#article","isPartOf":{"@id":"https:\/\/diariodepe.com.br\/cri\/2024\/07\/15\/dois-relatorios-confirmam-que-filipinas-tem-destruido-o-ambiente-ecologico-do-mar-do-sul-da-china-2\/"},"author":{"name":"Ismael Lucas S. Pereira","@id":"https:\/\/diariodepe.com.br\/cri\/#\/schema\/person\/121bb28d84f1a5b1205ef4ce9c2e0c6b"},"headline":"Dois relat\u00f3rios confirmam que Filipinas tem destru\u00eddo o ambiente ecol\u00f3gico do Mar do Sul da China","datePublished":"2024-07-15T08:32:22+00:00","mainEntityOfPage":{"@id":"https:\/\/diariodepe.com.br\/cri\/2024\/07\/15\/dois-relatorios-confirmam-que-filipinas-tem-destruido-o-ambiente-ecologico-do-mar-do-sul-da-china-2\/"},"wordCount":395,"commentCount":0,"publisher":{"@id":"https:\/\/diariodepe.com.br\/cri\/#organization"},"articleSection":["Vis\u00e3o"],"inLanguage":"pt-BR","potentialAction":[{"@type":"CommentAction","name":"Comment","target":["https:\/\/diariodepe.com.br\/cri\/2024\/07\/15\/dois-relatorios-confirmam-que-filipinas-tem-destruido-o-ambiente-ecologico-do-mar-do-sul-da-china-2\/#respond"]}]},{"@type":"WebPage","@id":"https:\/\/diariodepe.com.br\/cri\/2024\/07\/15\/dois-relatorios-confirmam-que-filipinas-tem-destruido-o-ambiente-ecologico-do-mar-do-sul-da-china-2\/","url":"https:\/\/diariodepe.com.br\/cri\/2024\/07\/15\/dois-relatorios-confirmam-que-filipinas-tem-destruido-o-ambiente-ecologico-do-mar-do-sul-da-china-2\/","name":"Dois relat\u00f3rios confirmam que Filipinas tem destru\u00eddo o ambiente ecol\u00f3gico do Mar do Sul da China - CRI e Diario de Pernambuco","isPartOf":{"@id":"https:\/\/diariodepe.com.br\/cri\/#website"},"datePublished":"2024-07-15T08:32:22+00:00","breadcrumb":{"@id":"https:\/\/diariodepe.com.br\/cri\/2024\/07\/15\/dois-relatorios-confirmam-que-filipinas-tem-destruido-o-ambiente-ecologico-do-mar-do-sul-da-china-2\/#breadcrumb"},"inLanguage":"pt-BR","potentialAction":[{"@type":"ReadAction","target":["https:\/\/diariodepe.com.br\/cri\/2024\/07\/15\/dois-relatorios-confirmam-que-filipinas-tem-destruido-o-ambiente-ecologico-do-mar-do-sul-da-china-2\/"]}]},{"@type":"BreadcrumbList","@id":"https:\/\/diariodepe.com.br\/cri\/2024\/07\/15\/dois-relatorios-confirmam-que-filipinas-tem-destruido-o-ambiente-ecologico-do-mar-do-sul-da-china-2\/#breadcrumb","itemListElement":[{"@type":"ListItem","position":1,"name":"In\u00edcio","item":"https:\/\/diariodepe.com.br\/cri\/"},{"@type":"ListItem","position":2,"name":"Dois relat\u00f3rios confirmam que Filipinas tem destru\u00eddo o ambiente ecol\u00f3gico do Mar do Sul da China"}]},{"@type":"WebSite","@id":"https:\/\/diariodepe.com.br\/cri\/#website","url":"https:\/\/diariodepe.com.br\/cri\/","name":"CRI e Diario de Pernambuco","description":"R\u00e1dio Internacional da China","publisher":{"@id":"https:\/\/diariodepe.com.br\/cri\/#organization"},"potentialAction":[{"@type":"SearchAction","target":{"@type":"EntryPoint","urlTemplate":"https:\/\/diariodepe.com.br\/cri\/?s={search_term_string}"},"query-input":{"@type":"PropertyValueSpecification","valueRequired":true,"valueName":"search_term_string"}}],"inLanguage":"pt-BR"},{"@type":"Organization","@id":"https:\/\/diariodepe.com.br\/cri\/#organization","name":"CRI e Diario de Pernambuco","url":"https:\/\/diariodepe.com.br\/cri\/","logo":{"@type":"ImageObject","inLanguage":"pt-BR","@id":"https:\/\/diariodepe.com.br\/cri\/#\/schema\/logo\/image\/","url":"https:\/\/diariodepe.com.br\/cri\/wp-content\/uploads\/sites\/2\/2022\/12\/cropped-Logo.jpg","contentUrl":"https:\/\/diariodepe.com.br\/cri\/wp-content\/uploads\/sites\/2\/2022\/12\/cropped-Logo.jpg","width":700,"height":59,"caption":"CRI e Diario de Pernambuco"},"image":{"@id":"https:\/\/diariodepe.com.br\/cri\/#\/schema\/logo\/image\/"}},{"@type":"Person","@id":"https:\/\/diariodepe.com.br\/cri\/#\/schema\/person\/121bb28d84f1a5b1205ef4ce9c2e0c6b","name":"Ismael Lucas S. Pereira","image":{"@type":"ImageObject","inLanguage":"pt-BR","@id":"https:\/\/secure.gravatar.com\/avatar\/887a0f3b5a7ceea963a48499fb883ffce6b5037362def025c52c2505b15d63e4?s=96&d=mm&r=g","url":"https:\/\/secure.gravatar.com\/avatar\/887a0f3b5a7ceea963a48499fb883ffce6b5037362def025c52c2505b15d63e4?s=96&d=mm&r=g","contentUrl":"https:\/\/secure.gravatar.com\/avatar\/887a0f3b5a7ceea963a48499fb883ffce6b5037362def025c52c2505b15d63e4?s=96&d=mm&r=g","caption":"Ismael Lucas S. Pereira"},"url":"https:\/\/diariodepe.com.br\/cri\/author\/ismael-lucas\/"}]}},"cc_featured_image_caption":{"caption_text":false,"source_text":false,"source_url":false},"amp_enabled":true,"_links":{"self":[{"href":"https:\/\/diariodepe.com.br\/cri\/wp-json\/wp\/v2\/posts\/5744","targetHints":{"allow":["GET"]}}],"collection":[{"href":"https:\/\/diariodepe.com.br\/cri\/wp-json\/wp\/v2\/posts"}],"about":[{"href":"https:\/\/diariodepe.com.br\/cri\/wp-json\/wp\/v2\/types\/post"}],"author":[{"embeddable":true,"href":"https:\/\/diariodepe.com.br\/cri\/wp-json\/wp\/v2\/users\/2"}],"replies":[{"embeddable":true,"href":"https:\/\/diariodepe.com.br\/cri\/wp-json\/wp\/v2\/comments?post=5744"}],"version-history":[{"count":1,"href":"https:\/\/diariodepe.com.br\/cri\/wp-json\/wp\/v2\/posts\/5744\/revisions"}],"predecessor-version":[{"id":5745,"href":"https:\/\/diariodepe.com.br\/cri\/wp-json\/wp\/v2\/posts\/5744\/revisions\/5745"}],"wp:attachment":[{"href":"https:\/\/diariodepe.com.br\/cri\/wp-json\/wp\/v2\/media?parent=5744"}],"wp:term":[{"taxonomy":"category","embeddable":true,"href":"https:\/\/diariodepe.com.br\/cri\/wp-json\/wp\/v2\/categories?post=5744"},{"taxonomy":"post_tag","embeddable":true,"href":"https:\/\/diariodepe.com.br\/cri\/wp-json\/wp\/v2\/tags?post=5744"}],"curies":[{"name":"wp","href":"https:\/\/api.w.org\/{rel}","templated":true}]}}