{"id":5742,"date":"2024-07-15T05:31:45","date_gmt":"2024-07-15T08:31:45","guid":{"rendered":"https:\/\/diariodepe.com.br\/cri\/?p=5742"},"modified":"2024-07-15T05:31:45","modified_gmt":"2024-07-15T08:31:45","slug":"presidentes-da-china-e-da-guine-bissau-realizam-conversacoes-em-beijing","status":"publish","type":"post","link":"https:\/\/diariodepe.com.br\/cri\/2024\/07\/15\/presidentes-da-china-e-da-guine-bissau-realizam-conversacoes-em-beijing\/","title":{"rendered":"Presidentes da China e da Guin\u00e9-Bissau realizam conversa\u00e7\u00f5es em Beijing"},"content":{"rendered":"<p>O presidente da China, Xi Jinping, realizou conversa\u00e7\u00f5es com seu hom\u00f3logo da Rep\u00fablica da Guin\u00e9-Bissau, Umaro Sissoco Embal\u00f3, na tarde desta quarta-feira (10), em Beijing.<\/p>\n<p>O l\u00edder chin\u00eas salientou que os dois pa\u00edses possuem uma hist\u00f3ria de amizade especial. Nos \u00faltimos anos, os la\u00e7os entre ambos t\u00eam sido aprofundados, a confian\u00e7a pol\u00edtica m\u00fatua tornou-se mais forte, a coopera\u00e7\u00e3o pragm\u00e1tica, mais ampla e a coordena\u00e7\u00e3o internacional, mais estreita. A China v\u00ea as suas rela\u00e7\u00f5es com a Guin\u00e9-Bissau de uma perspectiva estrat\u00e9gica e de longo prazo. \u201cProponho elevar as rela\u00e7\u00f5es bilaterais para uma parceria estrat\u00e9gica, de modo a injetar um novo impulso ao desenvolvimento dos la\u00e7os bilaterais\u201d, assinalou Xi Jinping.<\/p>\n<p>Xi Jinping disse que a China est\u00e1 disposta a intensificar\u00a0os\u00a0interc\u00e2mbios amistosos em todos os n\u00edveis com a Guin\u00e9-Bissau, refor\u00e7ar a troca\u00a0de experi\u00eancias de governan\u00e7a de Estado e expandir a coopera\u00e7\u00e3o na agricultura, minera\u00e7\u00e3o, infraestruturas, economia azul e outros campos,\u00a0sob a orienta\u00e7\u00e3o da Iniciativa Cintur\u00e3o e Rota. A China acolhe a entrada de produtos agr\u00edcolas de qualidade da Guin\u00e9-Bissau no mercado chin\u00eas, e incentiva as empresas chinesas a investir no pa\u00eds africano, ajudando-o a transformar o seu potencial de recursos em um motor de desenvolvimento. A China continuar\u00e1 a enviar especialistas\u00a0na produ\u00e7\u00e3o em arroz e equipes m\u00e9dicas para ajudar a Guin\u00e9-Bissau a garantir a seguran\u00e7a alimentar e desenvolver sua sa\u00fade p\u00fablica. Os dois pa\u00edses devem refor\u00e7ar os interc\u00e2mbios e a coopera\u00e7\u00e3o nas \u00e1reas da educa\u00e7\u00e3o, da juventude e de outros dom\u00ednios, a fim de promover a compreens\u00e3o entre seus\u00a0povos. A China continuar\u00e1 a fornecer bolsas de estudo governamentais e vagas de forma\u00e7\u00e3o para ajudar seu parceiro guineense\u00a0a formar mais talentos necess\u00e1rios para o desenvolvimento nacional.<\/p>\n<p>Segundo Xi Jinping, tanto a China como o continente africano t\u00eam civiliza\u00e7\u00f5es espl\u00eandidas, e tamb\u00e9m\u00a0hist\u00f3rias dolorosas de coloniza\u00e7\u00e3o e invas\u00e3o, por isso, ambos os lados valorizam e buscam a independ\u00eancia e a liberta\u00e7\u00e3o nacional. O F\u00f3rum da Coopera\u00e7\u00e3o China-\u00c1frica \u00e9 uma plataforma importante para\u00a0praticarem os Cinco Princ\u00edpios de Coexist\u00eancia Pac\u00edfica e promoverem o desenvolvimento comum. H\u00e1 duas semanas, uma grande cerim\u00f4nia em Beijng para comemorar o 70\u00ba anivers\u00e1rio da promulga\u00e7\u00e3o de tais preceitos foi realizada, e neste outono, a capital chinesa acolher\u00e1 mais uma edi\u00e7\u00e3o do F\u00f3rum China-\u00c1frica. A China est\u00e1 disposta a trabalhar com a Guin\u00e9-Bissau e outros pa\u00edses africanos para levar adiante os Cinco Princ\u00edpios de Coexist\u00eancia Pac\u00edfica, concretizar os programas de coopera\u00e7\u00e3o China-\u00c1frica, salvaguardar os interesses comuns dos pa\u00edses em desenvolvimento e a equidade e justi\u00e7a internacionais, construir conjuntamente a comunidade de futuro compartilhado China-\u00c1frica de alto n\u00edvel.<\/p>\n<p>O presidente da Guin\u00e9-Bissau, Umaro Sissoco Embal\u00f3, por sua vez, salientou que,\u00a0desde o momento em que chegou \u00e0\u00a0China, sua delega\u00e7\u00e3o j\u00e1 sentiu profundamente a amizade sincera do povo chin\u00eas para com seus irm\u00e3os africanos. A Guin\u00e9-Bissau e a China t\u00eam rela\u00e7\u00f5es boas e s\u00f3lidas e ambas\u00a0sempre se apoiaram firmemente. Seu pa\u00eds\u00a0continuamente permaneceu\u00a0ao lado chin\u00eas, respeita fortemente\u00a0o princ\u00edpio de Uma S\u00f3 China e apoia firmemente sua posi\u00e7\u00e3o em rela\u00e7\u00e3o a Taiwan e outras quest\u00f5es de interesse fundamental. A Guin\u00e9-Bissau admira as grandes conquistas de desenvolvimento da China e a considera\u00a0como a sua maior prioridade diplom\u00e1tica e parceiro mais importante. O pa\u00eds espera aprender com os conceitos e experi\u00eancias de desenvolvimento\u00a0chineses, refor\u00e7ar a coopera\u00e7\u00e3o para o investimento econ\u00f4mico e comercial, bem como em infraestruturas, minerais e energia, entre os outros, a fim de ajudar o desenvolvimento nacional.<\/p>\n<p>Segundo o presidente Sissoco Embal\u00f3, a Guin\u00e9-Bissau aprecia verdadeiramente o importante papel e as contribui\u00e7\u00f5es positivas da China na ajuda ao desenvolvimento do continente africano e apoia ativamente o pa\u00eds asi\u00e1tico na concretiza\u00e7\u00e3o da nova edi\u00e7\u00e3o da C\u00fapula do F\u00f3rum da Coopera\u00e7\u00e3o China-\u00c1frica. Seu Estado aprova\u00a0as\u00a0iniciativas do Cintur\u00e3o e Rota e de Desenvolvimento, de Seguran\u00e7a\u00a0de Civiliza\u00e7\u00e3o globais propostas pelo presidente Xi Jinping, e est\u00e1 disposta a intensificar a coordena\u00e7\u00e3o com a China nos assuntos multilaterais, para promover a constru\u00e7\u00e3o da comunidade de futuro compartilhado para a humanidade.<\/p>\n<p>Ap\u00f3s as conversa\u00e7\u00f5es, os dois chefes de Estado testemunharam conjuntamente a assinatura de uma s\u00e9rie de documentos de coopera\u00e7\u00e3o bilateral sobre a implementa\u00e7\u00e3o das iniciativas de Desenvolvimento Global, de desenvolvimento econ\u00f4mico, de inspe\u00e7\u00e3o aduaneira e quarentena, e em geologia e minera\u00e7\u00e3o.<\/p>\n<p>Os dois l\u00edderes tamb\u00e9m emitiram a Declara\u00e7\u00e3o Conjunta entre a Rep\u00fablica Popular da China e a Rep\u00fablica da Guin\u00e9-Bissau sobre o Estabelecimento de Parceria Estrat\u00e9gica.<\/p>\n","protected":false},"excerpt":{"rendered":"<p>O presidente da China, Xi Jinping, realizou conversa\u00e7\u00f5es com seu hom\u00f3logo da Rep\u00fablica da Guin\u00e9-Bissau, Umaro Sissoco Embal\u00f3, na tarde desta quarta-feira (10), em Beijing. O l\u00edder chin\u00eas salientou que os dois pa\u00edses possuem uma hist\u00f3ria de amizade especial. Nos&#8230;<\/p>\n","protected":false},"author":2,"featured_media":0,"comment_status":"open","ping_status":"open","sticky":false,"template":"","format":"standard","meta":{"footnotes":""},"categories":[3],"tags":[],"class_list":["post-5742","post","type-post","status-publish","format-standard","hentry","category-china"],"yoast_head":"<!-- This site is optimized with the Yoast SEO plugin v27.4 - https:\/\/yoast.com\/product\/yoast-seo-wordpress\/ -->\n<title>Presidentes da China e da Guin\u00e9-Bissau realizam conversa\u00e7\u00f5es em Beijing - CRI e Diario de Pernambuco<\/title>\n<meta name=\"robots\" content=\"index, follow, max-snippet:-1, max-image-preview:large, max-video-preview:-1\" \/>\n<link rel=\"canonical\" href=\"https:\/\/diariodepe.com.br\/cri\/2024\/07\/15\/presidentes-da-china-e-da-guine-bissau-realizam-conversacoes-em-beijing\/\" \/>\n<meta property=\"og:locale\" content=\"pt_BR\" \/>\n<meta property=\"og:type\" content=\"article\" \/>\n<meta property=\"og:title\" content=\"Presidentes da China e da Guin\u00e9-Bissau realizam conversa\u00e7\u00f5es em Beijing - CRI e Diario de Pernambuco\" \/>\n<meta property=\"og:description\" content=\"O presidente da China, Xi Jinping, realizou conversa\u00e7\u00f5es com seu hom\u00f3logo da Rep\u00fablica da Guin\u00e9-Bissau, Umaro Sissoco Embal\u00f3, na tarde desta quarta-feira (10), em Beijing. O l\u00edder chin\u00eas salientou que os dois pa\u00edses possuem uma hist\u00f3ria de amizade especial. Nos...\" \/>\n<meta property=\"og:url\" content=\"https:\/\/diariodepe.com.br\/cri\/2024\/07\/15\/presidentes-da-china-e-da-guine-bissau-realizam-conversacoes-em-beijing\/\" \/>\n<meta property=\"og:site_name\" content=\"CRI e Diario de Pernambuco\" \/>\n<meta property=\"article:published_time\" content=\"2024-07-15T08:31:45+00:00\" \/>\n<meta name=\"author\" content=\"Ismael Lucas S. Pereira\" \/>\n<meta name=\"twitter:card\" content=\"summary_large_image\" \/>\n<meta name=\"twitter:label1\" content=\"Escrito por\" \/>\n\t<meta name=\"twitter:data1\" content=\"Ismael Lucas S. Pereira\" \/>\n\t<meta name=\"twitter:label2\" content=\"Est. tempo de leitura\" \/>\n\t<meta name=\"twitter:data2\" content=\"4 minutos\" \/>\n<script type=\"application\/ld+json\" class=\"yoast-schema-graph\">{\"@context\":\"https:\\\/\\\/schema.org\",\"@graph\":[{\"@type\":\"Article\",\"@id\":\"https:\\\/\\\/diariodepe.com.br\\\/cri\\\/2024\\\/07\\\/15\\\/presidentes-da-china-e-da-guine-bissau-realizam-conversacoes-em-beijing\\\/#article\",\"isPartOf\":{\"@id\":\"https:\\\/\\\/diariodepe.com.br\\\/cri\\\/2024\\\/07\\\/15\\\/presidentes-da-china-e-da-guine-bissau-realizam-conversacoes-em-beijing\\\/\"},\"author\":{\"name\":\"Ismael Lucas S. Pereira\",\"@id\":\"https:\\\/\\\/diariodepe.com.br\\\/cri\\\/#\\\/schema\\\/person\\\/121bb28d84f1a5b1205ef4ce9c2e0c6b\"},\"headline\":\"Presidentes da China e da Guin\u00e9-Bissau realizam conversa\u00e7\u00f5es em Beijing\",\"datePublished\":\"2024-07-15T08:31:45+00:00\",\"mainEntityOfPage\":{\"@id\":\"https:\\\/\\\/diariodepe.com.br\\\/cri\\\/2024\\\/07\\\/15\\\/presidentes-da-china-e-da-guine-bissau-realizam-conversacoes-em-beijing\\\/\"},\"wordCount\":863,\"commentCount\":0,\"publisher\":{\"@id\":\"https:\\\/\\\/diariodepe.com.br\\\/cri\\\/#organization\"},\"articleSection\":[\"China\"],\"inLanguage\":\"pt-BR\",\"potentialAction\":[{\"@type\":\"CommentAction\",\"name\":\"Comment\",\"target\":[\"https:\\\/\\\/diariodepe.com.br\\\/cri\\\/2024\\\/07\\\/15\\\/presidentes-da-china-e-da-guine-bissau-realizam-conversacoes-em-beijing\\\/#respond\"]}]},{\"@type\":\"WebPage\",\"@id\":\"https:\\\/\\\/diariodepe.com.br\\\/cri\\\/2024\\\/07\\\/15\\\/presidentes-da-china-e-da-guine-bissau-realizam-conversacoes-em-beijing\\\/\",\"url\":\"https:\\\/\\\/diariodepe.com.br\\\/cri\\\/2024\\\/07\\\/15\\\/presidentes-da-china-e-da-guine-bissau-realizam-conversacoes-em-beijing\\\/\",\"name\":\"Presidentes da China e da Guin\u00e9-Bissau realizam conversa\u00e7\u00f5es em Beijing - CRI e Diario de Pernambuco\",\"isPartOf\":{\"@id\":\"https:\\\/\\\/diariodepe.com.br\\\/cri\\\/#website\"},\"datePublished\":\"2024-07-15T08:31:45+00:00\",\"breadcrumb\":{\"@id\":\"https:\\\/\\\/diariodepe.com.br\\\/cri\\\/2024\\\/07\\\/15\\\/presidentes-da-china-e-da-guine-bissau-realizam-conversacoes-em-beijing\\\/#breadcrumb\"},\"inLanguage\":\"pt-BR\",\"potentialAction\":[{\"@type\":\"ReadAction\",\"target\":[\"https:\\\/\\\/diariodepe.com.br\\\/cri\\\/2024\\\/07\\\/15\\\/presidentes-da-china-e-da-guine-bissau-realizam-conversacoes-em-beijing\\\/\"]}]},{\"@type\":\"BreadcrumbList\",\"@id\":\"https:\\\/\\\/diariodepe.com.br\\\/cri\\\/2024\\\/07\\\/15\\\/presidentes-da-china-e-da-guine-bissau-realizam-conversacoes-em-beijing\\\/#breadcrumb\",\"itemListElement\":[{\"@type\":\"ListItem\",\"position\":1,\"name\":\"In\u00edcio\",\"item\":\"https:\\\/\\\/diariodepe.com.br\\\/cri\\\/\"},{\"@type\":\"ListItem\",\"position\":2,\"name\":\"Presidentes da China e da Guin\u00e9-Bissau realizam conversa\u00e7\u00f5es em Beijing\"}]},{\"@type\":\"WebSite\",\"@id\":\"https:\\\/\\\/diariodepe.com.br\\\/cri\\\/#website\",\"url\":\"https:\\\/\\\/diariodepe.com.br\\\/cri\\\/\",\"name\":\"CRI e Diario de Pernambuco\",\"description\":\"R\u00e1dio Internacional da China\",\"publisher\":{\"@id\":\"https:\\\/\\\/diariodepe.com.br\\\/cri\\\/#organization\"},\"potentialAction\":[{\"@type\":\"SearchAction\",\"target\":{\"@type\":\"EntryPoint\",\"urlTemplate\":\"https:\\\/\\\/diariodepe.com.br\\\/cri\\\/?s={search_term_string}\"},\"query-input\":{\"@type\":\"PropertyValueSpecification\",\"valueRequired\":true,\"valueName\":\"search_term_string\"}}],\"inLanguage\":\"pt-BR\"},{\"@type\":\"Organization\",\"@id\":\"https:\\\/\\\/diariodepe.com.br\\\/cri\\\/#organization\",\"name\":\"CRI e Diario de Pernambuco\",\"url\":\"https:\\\/\\\/diariodepe.com.br\\\/cri\\\/\",\"logo\":{\"@type\":\"ImageObject\",\"inLanguage\":\"pt-BR\",\"@id\":\"https:\\\/\\\/diariodepe.com.br\\\/cri\\\/#\\\/schema\\\/logo\\\/image\\\/\",\"url\":\"https:\\\/\\\/diariodepe.com.br\\\/cri\\\/wp-content\\\/uploads\\\/sites\\\/2\\\/2022\\\/12\\\/cropped-Logo.jpg\",\"contentUrl\":\"https:\\\/\\\/diariodepe.com.br\\\/cri\\\/wp-content\\\/uploads\\\/sites\\\/2\\\/2022\\\/12\\\/cropped-Logo.jpg\",\"width\":700,\"height\":59,\"caption\":\"CRI e Diario de Pernambuco\"},\"image\":{\"@id\":\"https:\\\/\\\/diariodepe.com.br\\\/cri\\\/#\\\/schema\\\/logo\\\/image\\\/\"}},{\"@type\":\"Person\",\"@id\":\"https:\\\/\\\/diariodepe.com.br\\\/cri\\\/#\\\/schema\\\/person\\\/121bb28d84f1a5b1205ef4ce9c2e0c6b\",\"name\":\"Ismael Lucas S. Pereira\",\"image\":{\"@type\":\"ImageObject\",\"inLanguage\":\"pt-BR\",\"@id\":\"https:\\\/\\\/secure.gravatar.com\\\/avatar\\\/887a0f3b5a7ceea963a48499fb883ffce6b5037362def025c52c2505b15d63e4?s=96&d=mm&r=g\",\"url\":\"https:\\\/\\\/secure.gravatar.com\\\/avatar\\\/887a0f3b5a7ceea963a48499fb883ffce6b5037362def025c52c2505b15d63e4?s=96&d=mm&r=g\",\"contentUrl\":\"https:\\\/\\\/secure.gravatar.com\\\/avatar\\\/887a0f3b5a7ceea963a48499fb883ffce6b5037362def025c52c2505b15d63e4?s=96&d=mm&r=g\",\"caption\":\"Ismael Lucas S. Pereira\"},\"url\":\"https:\\\/\\\/diariodepe.com.br\\\/cri\\\/author\\\/ismael-lucas\\\/\"}]}<\/script>\n<!-- \/ Yoast SEO plugin. -->","yoast_head_json":{"title":"Presidentes da China e da Guin\u00e9-Bissau realizam conversa\u00e7\u00f5es em Beijing - CRI e Diario de Pernambuco","robots":{"index":"index","follow":"follow","max-snippet":"max-snippet:-1","max-image-preview":"max-image-preview:large","max-video-preview":"max-video-preview:-1"},"canonical":"https:\/\/diariodepe.com.br\/cri\/2024\/07\/15\/presidentes-da-china-e-da-guine-bissau-realizam-conversacoes-em-beijing\/","og_locale":"pt_BR","og_type":"article","og_title":"Presidentes da China e da Guin\u00e9-Bissau realizam conversa\u00e7\u00f5es em Beijing - CRI e Diario de Pernambuco","og_description":"O presidente da China, Xi Jinping, realizou conversa\u00e7\u00f5es com seu hom\u00f3logo da Rep\u00fablica da Guin\u00e9-Bissau, Umaro Sissoco Embal\u00f3, na tarde desta quarta-feira (10), em Beijing. O l\u00edder chin\u00eas salientou que os dois pa\u00edses possuem uma hist\u00f3ria de amizade especial. Nos...","og_url":"https:\/\/diariodepe.com.br\/cri\/2024\/07\/15\/presidentes-da-china-e-da-guine-bissau-realizam-conversacoes-em-beijing\/","og_site_name":"CRI e Diario de Pernambuco","article_published_time":"2024-07-15T08:31:45+00:00","author":"Ismael Lucas S. Pereira","twitter_card":"summary_large_image","twitter_misc":{"Escrito por":"Ismael Lucas S. Pereira","Est. tempo de leitura":"4 minutos"},"schema":{"@context":"https:\/\/schema.org","@graph":[{"@type":"Article","@id":"https:\/\/diariodepe.com.br\/cri\/2024\/07\/15\/presidentes-da-china-e-da-guine-bissau-realizam-conversacoes-em-beijing\/#article","isPartOf":{"@id":"https:\/\/diariodepe.com.br\/cri\/2024\/07\/15\/presidentes-da-china-e-da-guine-bissau-realizam-conversacoes-em-beijing\/"},"author":{"name":"Ismael Lucas S. Pereira","@id":"https:\/\/diariodepe.com.br\/cri\/#\/schema\/person\/121bb28d84f1a5b1205ef4ce9c2e0c6b"},"headline":"Presidentes da China e da Guin\u00e9-Bissau realizam conversa\u00e7\u00f5es em Beijing","datePublished":"2024-07-15T08:31:45+00:00","mainEntityOfPage":{"@id":"https:\/\/diariodepe.com.br\/cri\/2024\/07\/15\/presidentes-da-china-e-da-guine-bissau-realizam-conversacoes-em-beijing\/"},"wordCount":863,"commentCount":0,"publisher":{"@id":"https:\/\/diariodepe.com.br\/cri\/#organization"},"articleSection":["China"],"inLanguage":"pt-BR","potentialAction":[{"@type":"CommentAction","name":"Comment","target":["https:\/\/diariodepe.com.br\/cri\/2024\/07\/15\/presidentes-da-china-e-da-guine-bissau-realizam-conversacoes-em-beijing\/#respond"]}]},{"@type":"WebPage","@id":"https:\/\/diariodepe.com.br\/cri\/2024\/07\/15\/presidentes-da-china-e-da-guine-bissau-realizam-conversacoes-em-beijing\/","url":"https:\/\/diariodepe.com.br\/cri\/2024\/07\/15\/presidentes-da-china-e-da-guine-bissau-realizam-conversacoes-em-beijing\/","name":"Presidentes da China e da Guin\u00e9-Bissau realizam conversa\u00e7\u00f5es em Beijing - CRI e Diario de Pernambuco","isPartOf":{"@id":"https:\/\/diariodepe.com.br\/cri\/#website"},"datePublished":"2024-07-15T08:31:45+00:00","breadcrumb":{"@id":"https:\/\/diariodepe.com.br\/cri\/2024\/07\/15\/presidentes-da-china-e-da-guine-bissau-realizam-conversacoes-em-beijing\/#breadcrumb"},"inLanguage":"pt-BR","potentialAction":[{"@type":"ReadAction","target":["https:\/\/diariodepe.com.br\/cri\/2024\/07\/15\/presidentes-da-china-e-da-guine-bissau-realizam-conversacoes-em-beijing\/"]}]},{"@type":"BreadcrumbList","@id":"https:\/\/diariodepe.com.br\/cri\/2024\/07\/15\/presidentes-da-china-e-da-guine-bissau-realizam-conversacoes-em-beijing\/#breadcrumb","itemListElement":[{"@type":"ListItem","position":1,"name":"In\u00edcio","item":"https:\/\/diariodepe.com.br\/cri\/"},{"@type":"ListItem","position":2,"name":"Presidentes da China e da Guin\u00e9-Bissau realizam conversa\u00e7\u00f5es em Beijing"}]},{"@type":"WebSite","@id":"https:\/\/diariodepe.com.br\/cri\/#website","url":"https:\/\/diariodepe.com.br\/cri\/","name":"CRI e Diario de Pernambuco","description":"R\u00e1dio Internacional da China","publisher":{"@id":"https:\/\/diariodepe.com.br\/cri\/#organization"},"potentialAction":[{"@type":"SearchAction","target":{"@type":"EntryPoint","urlTemplate":"https:\/\/diariodepe.com.br\/cri\/?s={search_term_string}"},"query-input":{"@type":"PropertyValueSpecification","valueRequired":true,"valueName":"search_term_string"}}],"inLanguage":"pt-BR"},{"@type":"Organization","@id":"https:\/\/diariodepe.com.br\/cri\/#organization","name":"CRI e Diario de Pernambuco","url":"https:\/\/diariodepe.com.br\/cri\/","logo":{"@type":"ImageObject","inLanguage":"pt-BR","@id":"https:\/\/diariodepe.com.br\/cri\/#\/schema\/logo\/image\/","url":"https:\/\/diariodepe.com.br\/cri\/wp-content\/uploads\/sites\/2\/2022\/12\/cropped-Logo.jpg","contentUrl":"https:\/\/diariodepe.com.br\/cri\/wp-content\/uploads\/sites\/2\/2022\/12\/cropped-Logo.jpg","width":700,"height":59,"caption":"CRI e Diario de Pernambuco"},"image":{"@id":"https:\/\/diariodepe.com.br\/cri\/#\/schema\/logo\/image\/"}},{"@type":"Person","@id":"https:\/\/diariodepe.com.br\/cri\/#\/schema\/person\/121bb28d84f1a5b1205ef4ce9c2e0c6b","name":"Ismael Lucas S. Pereira","image":{"@type":"ImageObject","inLanguage":"pt-BR","@id":"https:\/\/secure.gravatar.com\/avatar\/887a0f3b5a7ceea963a48499fb883ffce6b5037362def025c52c2505b15d63e4?s=96&d=mm&r=g","url":"https:\/\/secure.gravatar.com\/avatar\/887a0f3b5a7ceea963a48499fb883ffce6b5037362def025c52c2505b15d63e4?s=96&d=mm&r=g","contentUrl":"https:\/\/secure.gravatar.com\/avatar\/887a0f3b5a7ceea963a48499fb883ffce6b5037362def025c52c2505b15d63e4?s=96&d=mm&r=g","caption":"Ismael Lucas S. Pereira"},"url":"https:\/\/diariodepe.com.br\/cri\/author\/ismael-lucas\/"}]}},"cc_featured_image_caption":{"caption_text":false,"source_text":false,"source_url":false},"amp_enabled":true,"_links":{"self":[{"href":"https:\/\/diariodepe.com.br\/cri\/wp-json\/wp\/v2\/posts\/5742","targetHints":{"allow":["GET"]}}],"collection":[{"href":"https:\/\/diariodepe.com.br\/cri\/wp-json\/wp\/v2\/posts"}],"about":[{"href":"https:\/\/diariodepe.com.br\/cri\/wp-json\/wp\/v2\/types\/post"}],"author":[{"embeddable":true,"href":"https:\/\/diariodepe.com.br\/cri\/wp-json\/wp\/v2\/users\/2"}],"replies":[{"embeddable":true,"href":"https:\/\/diariodepe.com.br\/cri\/wp-json\/wp\/v2\/comments?post=5742"}],"version-history":[{"count":1,"href":"https:\/\/diariodepe.com.br\/cri\/wp-json\/wp\/v2\/posts\/5742\/revisions"}],"predecessor-version":[{"id":5743,"href":"https:\/\/diariodepe.com.br\/cri\/wp-json\/wp\/v2\/posts\/5742\/revisions\/5743"}],"wp:attachment":[{"href":"https:\/\/diariodepe.com.br\/cri\/wp-json\/wp\/v2\/media?parent=5742"}],"wp:term":[{"taxonomy":"category","embeddable":true,"href":"https:\/\/diariodepe.com.br\/cri\/wp-json\/wp\/v2\/categories?post=5742"},{"taxonomy":"post_tag","embeddable":true,"href":"https:\/\/diariodepe.com.br\/cri\/wp-json\/wp\/v2\/tags?post=5742"}],"curies":[{"name":"wp","href":"https:\/\/api.w.org\/{rel}","templated":true}]}}