{"id":5740,"date":"2024-07-15T05:31:13","date_gmt":"2024-07-15T08:31:13","guid":{"rendered":"https:\/\/diariodepe.com.br\/cri\/?p=5740"},"modified":"2024-07-15T05:31:13","modified_gmt":"2024-07-15T08:31:13","slug":"cmg-promove-festival-de-inovacao-cientifica-e-tecnologica-da-china","status":"publish","type":"post","link":"https:\/\/diariodepe.com.br\/cri\/2024\/07\/15\/cmg-promove-festival-de-inovacao-cientifica-e-tecnologica-da-china\/","title":{"rendered":"CMG promove Festival de Inova\u00e7\u00e3o Cient\u00edfica e Tecnol\u00f3gica da China"},"content":{"rendered":"<p>O lan\u00e7amento do Festival de Inova\u00e7\u00e3o Cient\u00edfica e Tecnol\u00f3gica da China e a inaugura\u00e7\u00e3o do Observat\u00f3rio de Inova\u00e7\u00e3o Cient\u00edfica e Tecnol\u00f3gica do Grupo de M\u00eddia da China (CMG, em sua sigla em ingl\u00eas) foram realizados nesta quarta-feira (10), em Beijing.<\/p>\n<p>Com o objetivo de criar programas de Ci\u00eancia e Tecnologia (C&amp;T) de alta qualidade, o CMG estabeleceu um painel consultivo de acad\u00eamicos. O Festival de Inova\u00e7\u00e3o Cient\u00edfica e Tecnol\u00f3gica da China apresentar\u00e1 as \u00e1reas de ponta e promover\u00e1 a C&amp;T de forma imaginativa, tornando-se uma nova marca do CMG, ap\u00f3s as j\u00e1 consolidadas cerim\u00f4nias de Gala do Festival da Primavera e do Meio Outono.<\/p>\n<p>O primeiro Observat\u00f3rio de Inova\u00e7\u00e3o Cient\u00edfica e Tecnol\u00f3gica do Grupo foi inaugurado no mesmo dia em Hefei, na prov\u00edncia de Anhui. Ser\u00e3o criados em todo o pa\u00eds dez institui\u00e7\u00f5es do tipo, com o objetivo de observar, registrar e apresentar de forma abrangente as conquistas cient\u00edficas e tecnol\u00f3gicas e a din\u00e2mica da inova\u00e7\u00e3o nas cidades chinesas.<\/p>\n","protected":false},"excerpt":{"rendered":"<p>O lan\u00e7amento do Festival de Inova\u00e7\u00e3o Cient\u00edfica e Tecnol\u00f3gica da China e a inaugura\u00e7\u00e3o do Observat\u00f3rio de Inova\u00e7\u00e3o Cient\u00edfica e Tecnol\u00f3gica do Grupo de M\u00eddia da China (CMG, em sua sigla em ingl\u00eas) foram realizados nesta quarta-feira (10), em Beijing&#8230;.<\/p>\n","protected":false},"author":2,"featured_media":0,"comment_status":"open","ping_status":"open","sticky":false,"template":"","format":"standard","meta":{"footnotes":""},"categories":[3],"tags":[],"class_list":["post-5740","post","type-post","status-publish","format-standard","hentry","category-china"],"yoast_head":"<!-- This site is optimized with the Yoast SEO plugin v27.4 - https:\/\/yoast.com\/product\/yoast-seo-wordpress\/ -->\n<title>CMG promove Festival de Inova\u00e7\u00e3o Cient\u00edfica e Tecnol\u00f3gica da China - CRI e Diario de Pernambuco<\/title>\n<meta name=\"robots\" content=\"index, follow, max-snippet:-1, max-image-preview:large, max-video-preview:-1\" \/>\n<link rel=\"canonical\" href=\"https:\/\/diariodepe.com.br\/cri\/2024\/07\/15\/cmg-promove-festival-de-inovacao-cientifica-e-tecnologica-da-china\/\" \/>\n<meta property=\"og:locale\" content=\"pt_BR\" \/>\n<meta property=\"og:type\" content=\"article\" \/>\n<meta property=\"og:title\" content=\"CMG promove Festival de Inova\u00e7\u00e3o Cient\u00edfica e Tecnol\u00f3gica da China - CRI e Diario de Pernambuco\" \/>\n<meta property=\"og:description\" content=\"O lan\u00e7amento do Festival de Inova\u00e7\u00e3o Cient\u00edfica e Tecnol\u00f3gica da China e a inaugura\u00e7\u00e3o do Observat\u00f3rio de Inova\u00e7\u00e3o Cient\u00edfica e Tecnol\u00f3gica do Grupo de M\u00eddia da China (CMG, em sua sigla em ingl\u00eas) foram realizados nesta quarta-feira (10), em Beijing....\" \/>\n<meta property=\"og:url\" content=\"https:\/\/diariodepe.com.br\/cri\/2024\/07\/15\/cmg-promove-festival-de-inovacao-cientifica-e-tecnologica-da-china\/\" \/>\n<meta property=\"og:site_name\" content=\"CRI e Diario de Pernambuco\" \/>\n<meta property=\"article:published_time\" content=\"2024-07-15T08:31:13+00:00\" \/>\n<meta name=\"author\" content=\"Ismael Lucas S. Pereira\" \/>\n<meta name=\"twitter:card\" content=\"summary_large_image\" \/>\n<meta name=\"twitter:label1\" content=\"Escrito por\" \/>\n\t<meta name=\"twitter:data1\" content=\"Ismael Lucas S. Pereira\" \/>\n\t<meta name=\"twitter:label2\" content=\"Est. tempo de leitura\" \/>\n\t<meta name=\"twitter:data2\" content=\"1 minuto\" \/>\n<script type=\"application\/ld+json\" class=\"yoast-schema-graph\">{\"@context\":\"https:\\\/\\\/schema.org\",\"@graph\":[{\"@type\":\"Article\",\"@id\":\"https:\\\/\\\/diariodepe.com.br\\\/cri\\\/2024\\\/07\\\/15\\\/cmg-promove-festival-de-inovacao-cientifica-e-tecnologica-da-china\\\/#article\",\"isPartOf\":{\"@id\":\"https:\\\/\\\/diariodepe.com.br\\\/cri\\\/2024\\\/07\\\/15\\\/cmg-promove-festival-de-inovacao-cientifica-e-tecnologica-da-china\\\/\"},\"author\":{\"name\":\"Ismael Lucas S. Pereira\",\"@id\":\"https:\\\/\\\/diariodepe.com.br\\\/cri\\\/#\\\/schema\\\/person\\\/121bb28d84f1a5b1205ef4ce9c2e0c6b\"},\"headline\":\"CMG promove Festival de Inova\u00e7\u00e3o Cient\u00edfica e Tecnol\u00f3gica da China\",\"datePublished\":\"2024-07-15T08:31:13+00:00\",\"mainEntityOfPage\":{\"@id\":\"https:\\\/\\\/diariodepe.com.br\\\/cri\\\/2024\\\/07\\\/15\\\/cmg-promove-festival-de-inovacao-cientifica-e-tecnologica-da-china\\\/\"},\"wordCount\":205,\"commentCount\":0,\"publisher\":{\"@id\":\"https:\\\/\\\/diariodepe.com.br\\\/cri\\\/#organization\"},\"articleSection\":[\"China\"],\"inLanguage\":\"pt-BR\",\"potentialAction\":[{\"@type\":\"CommentAction\",\"name\":\"Comment\",\"target\":[\"https:\\\/\\\/diariodepe.com.br\\\/cri\\\/2024\\\/07\\\/15\\\/cmg-promove-festival-de-inovacao-cientifica-e-tecnologica-da-china\\\/#respond\"]}]},{\"@type\":\"WebPage\",\"@id\":\"https:\\\/\\\/diariodepe.com.br\\\/cri\\\/2024\\\/07\\\/15\\\/cmg-promove-festival-de-inovacao-cientifica-e-tecnologica-da-china\\\/\",\"url\":\"https:\\\/\\\/diariodepe.com.br\\\/cri\\\/2024\\\/07\\\/15\\\/cmg-promove-festival-de-inovacao-cientifica-e-tecnologica-da-china\\\/\",\"name\":\"CMG promove Festival de Inova\u00e7\u00e3o Cient\u00edfica e Tecnol\u00f3gica da China - CRI e Diario de Pernambuco\",\"isPartOf\":{\"@id\":\"https:\\\/\\\/diariodepe.com.br\\\/cri\\\/#website\"},\"datePublished\":\"2024-07-15T08:31:13+00:00\",\"breadcrumb\":{\"@id\":\"https:\\\/\\\/diariodepe.com.br\\\/cri\\\/2024\\\/07\\\/15\\\/cmg-promove-festival-de-inovacao-cientifica-e-tecnologica-da-china\\\/#breadcrumb\"},\"inLanguage\":\"pt-BR\",\"potentialAction\":[{\"@type\":\"ReadAction\",\"target\":[\"https:\\\/\\\/diariodepe.com.br\\\/cri\\\/2024\\\/07\\\/15\\\/cmg-promove-festival-de-inovacao-cientifica-e-tecnologica-da-china\\\/\"]}]},{\"@type\":\"BreadcrumbList\",\"@id\":\"https:\\\/\\\/diariodepe.com.br\\\/cri\\\/2024\\\/07\\\/15\\\/cmg-promove-festival-de-inovacao-cientifica-e-tecnologica-da-china\\\/#breadcrumb\",\"itemListElement\":[{\"@type\":\"ListItem\",\"position\":1,\"name\":\"In\u00edcio\",\"item\":\"https:\\\/\\\/diariodepe.com.br\\\/cri\\\/\"},{\"@type\":\"ListItem\",\"position\":2,\"name\":\"CMG promove Festival de Inova\u00e7\u00e3o Cient\u00edfica e Tecnol\u00f3gica da China\"}]},{\"@type\":\"WebSite\",\"@id\":\"https:\\\/\\\/diariodepe.com.br\\\/cri\\\/#website\",\"url\":\"https:\\\/\\\/diariodepe.com.br\\\/cri\\\/\",\"name\":\"CRI e Diario de Pernambuco\",\"description\":\"R\u00e1dio Internacional da China\",\"publisher\":{\"@id\":\"https:\\\/\\\/diariodepe.com.br\\\/cri\\\/#organization\"},\"potentialAction\":[{\"@type\":\"SearchAction\",\"target\":{\"@type\":\"EntryPoint\",\"urlTemplate\":\"https:\\\/\\\/diariodepe.com.br\\\/cri\\\/?s={search_term_string}\"},\"query-input\":{\"@type\":\"PropertyValueSpecification\",\"valueRequired\":true,\"valueName\":\"search_term_string\"}}],\"inLanguage\":\"pt-BR\"},{\"@type\":\"Organization\",\"@id\":\"https:\\\/\\\/diariodepe.com.br\\\/cri\\\/#organization\",\"name\":\"CRI e Diario de Pernambuco\",\"url\":\"https:\\\/\\\/diariodepe.com.br\\\/cri\\\/\",\"logo\":{\"@type\":\"ImageObject\",\"inLanguage\":\"pt-BR\",\"@id\":\"https:\\\/\\\/diariodepe.com.br\\\/cri\\\/#\\\/schema\\\/logo\\\/image\\\/\",\"url\":\"https:\\\/\\\/diariodepe.com.br\\\/cri\\\/wp-content\\\/uploads\\\/sites\\\/2\\\/2022\\\/12\\\/cropped-Logo.jpg\",\"contentUrl\":\"https:\\\/\\\/diariodepe.com.br\\\/cri\\\/wp-content\\\/uploads\\\/sites\\\/2\\\/2022\\\/12\\\/cropped-Logo.jpg\",\"width\":700,\"height\":59,\"caption\":\"CRI e Diario de Pernambuco\"},\"image\":{\"@id\":\"https:\\\/\\\/diariodepe.com.br\\\/cri\\\/#\\\/schema\\\/logo\\\/image\\\/\"}},{\"@type\":\"Person\",\"@id\":\"https:\\\/\\\/diariodepe.com.br\\\/cri\\\/#\\\/schema\\\/person\\\/121bb28d84f1a5b1205ef4ce9c2e0c6b\",\"name\":\"Ismael Lucas S. Pereira\",\"image\":{\"@type\":\"ImageObject\",\"inLanguage\":\"pt-BR\",\"@id\":\"https:\\\/\\\/secure.gravatar.com\\\/avatar\\\/887a0f3b5a7ceea963a48499fb883ffce6b5037362def025c52c2505b15d63e4?s=96&d=mm&r=g\",\"url\":\"https:\\\/\\\/secure.gravatar.com\\\/avatar\\\/887a0f3b5a7ceea963a48499fb883ffce6b5037362def025c52c2505b15d63e4?s=96&d=mm&r=g\",\"contentUrl\":\"https:\\\/\\\/secure.gravatar.com\\\/avatar\\\/887a0f3b5a7ceea963a48499fb883ffce6b5037362def025c52c2505b15d63e4?s=96&d=mm&r=g\",\"caption\":\"Ismael Lucas S. Pereira\"},\"url\":\"https:\\\/\\\/diariodepe.com.br\\\/cri\\\/author\\\/ismael-lucas\\\/\"}]}<\/script>\n<!-- \/ Yoast SEO plugin. -->","yoast_head_json":{"title":"CMG promove Festival de Inova\u00e7\u00e3o Cient\u00edfica e Tecnol\u00f3gica da China - CRI e Diario de Pernambuco","robots":{"index":"index","follow":"follow","max-snippet":"max-snippet:-1","max-image-preview":"max-image-preview:large","max-video-preview":"max-video-preview:-1"},"canonical":"https:\/\/diariodepe.com.br\/cri\/2024\/07\/15\/cmg-promove-festival-de-inovacao-cientifica-e-tecnologica-da-china\/","og_locale":"pt_BR","og_type":"article","og_title":"CMG promove Festival de Inova\u00e7\u00e3o Cient\u00edfica e Tecnol\u00f3gica da China - CRI e Diario de Pernambuco","og_description":"O lan\u00e7amento do Festival de Inova\u00e7\u00e3o Cient\u00edfica e Tecnol\u00f3gica da China e a inaugura\u00e7\u00e3o do Observat\u00f3rio de Inova\u00e7\u00e3o Cient\u00edfica e Tecnol\u00f3gica do Grupo de M\u00eddia da China (CMG, em sua sigla em ingl\u00eas) foram realizados nesta quarta-feira (10), em Beijing....","og_url":"https:\/\/diariodepe.com.br\/cri\/2024\/07\/15\/cmg-promove-festival-de-inovacao-cientifica-e-tecnologica-da-china\/","og_site_name":"CRI e Diario de Pernambuco","article_published_time":"2024-07-15T08:31:13+00:00","author":"Ismael Lucas S. Pereira","twitter_card":"summary_large_image","twitter_misc":{"Escrito por":"Ismael Lucas S. Pereira","Est. tempo de leitura":"1 minuto"},"schema":{"@context":"https:\/\/schema.org","@graph":[{"@type":"Article","@id":"https:\/\/diariodepe.com.br\/cri\/2024\/07\/15\/cmg-promove-festival-de-inovacao-cientifica-e-tecnologica-da-china\/#article","isPartOf":{"@id":"https:\/\/diariodepe.com.br\/cri\/2024\/07\/15\/cmg-promove-festival-de-inovacao-cientifica-e-tecnologica-da-china\/"},"author":{"name":"Ismael Lucas S. Pereira","@id":"https:\/\/diariodepe.com.br\/cri\/#\/schema\/person\/121bb28d84f1a5b1205ef4ce9c2e0c6b"},"headline":"CMG promove Festival de Inova\u00e7\u00e3o Cient\u00edfica e Tecnol\u00f3gica da China","datePublished":"2024-07-15T08:31:13+00:00","mainEntityOfPage":{"@id":"https:\/\/diariodepe.com.br\/cri\/2024\/07\/15\/cmg-promove-festival-de-inovacao-cientifica-e-tecnologica-da-china\/"},"wordCount":205,"commentCount":0,"publisher":{"@id":"https:\/\/diariodepe.com.br\/cri\/#organization"},"articleSection":["China"],"inLanguage":"pt-BR","potentialAction":[{"@type":"CommentAction","name":"Comment","target":["https:\/\/diariodepe.com.br\/cri\/2024\/07\/15\/cmg-promove-festival-de-inovacao-cientifica-e-tecnologica-da-china\/#respond"]}]},{"@type":"WebPage","@id":"https:\/\/diariodepe.com.br\/cri\/2024\/07\/15\/cmg-promove-festival-de-inovacao-cientifica-e-tecnologica-da-china\/","url":"https:\/\/diariodepe.com.br\/cri\/2024\/07\/15\/cmg-promove-festival-de-inovacao-cientifica-e-tecnologica-da-china\/","name":"CMG promove Festival de Inova\u00e7\u00e3o Cient\u00edfica e Tecnol\u00f3gica da China - CRI e Diario de Pernambuco","isPartOf":{"@id":"https:\/\/diariodepe.com.br\/cri\/#website"},"datePublished":"2024-07-15T08:31:13+00:00","breadcrumb":{"@id":"https:\/\/diariodepe.com.br\/cri\/2024\/07\/15\/cmg-promove-festival-de-inovacao-cientifica-e-tecnologica-da-china\/#breadcrumb"},"inLanguage":"pt-BR","potentialAction":[{"@type":"ReadAction","target":["https:\/\/diariodepe.com.br\/cri\/2024\/07\/15\/cmg-promove-festival-de-inovacao-cientifica-e-tecnologica-da-china\/"]}]},{"@type":"BreadcrumbList","@id":"https:\/\/diariodepe.com.br\/cri\/2024\/07\/15\/cmg-promove-festival-de-inovacao-cientifica-e-tecnologica-da-china\/#breadcrumb","itemListElement":[{"@type":"ListItem","position":1,"name":"In\u00edcio","item":"https:\/\/diariodepe.com.br\/cri\/"},{"@type":"ListItem","position":2,"name":"CMG promove Festival de Inova\u00e7\u00e3o Cient\u00edfica e Tecnol\u00f3gica da China"}]},{"@type":"WebSite","@id":"https:\/\/diariodepe.com.br\/cri\/#website","url":"https:\/\/diariodepe.com.br\/cri\/","name":"CRI e Diario de Pernambuco","description":"R\u00e1dio Internacional da China","publisher":{"@id":"https:\/\/diariodepe.com.br\/cri\/#organization"},"potentialAction":[{"@type":"SearchAction","target":{"@type":"EntryPoint","urlTemplate":"https:\/\/diariodepe.com.br\/cri\/?s={search_term_string}"},"query-input":{"@type":"PropertyValueSpecification","valueRequired":true,"valueName":"search_term_string"}}],"inLanguage":"pt-BR"},{"@type":"Organization","@id":"https:\/\/diariodepe.com.br\/cri\/#organization","name":"CRI e Diario de Pernambuco","url":"https:\/\/diariodepe.com.br\/cri\/","logo":{"@type":"ImageObject","inLanguage":"pt-BR","@id":"https:\/\/diariodepe.com.br\/cri\/#\/schema\/logo\/image\/","url":"https:\/\/diariodepe.com.br\/cri\/wp-content\/uploads\/sites\/2\/2022\/12\/cropped-Logo.jpg","contentUrl":"https:\/\/diariodepe.com.br\/cri\/wp-content\/uploads\/sites\/2\/2022\/12\/cropped-Logo.jpg","width":700,"height":59,"caption":"CRI e Diario de Pernambuco"},"image":{"@id":"https:\/\/diariodepe.com.br\/cri\/#\/schema\/logo\/image\/"}},{"@type":"Person","@id":"https:\/\/diariodepe.com.br\/cri\/#\/schema\/person\/121bb28d84f1a5b1205ef4ce9c2e0c6b","name":"Ismael Lucas S. Pereira","image":{"@type":"ImageObject","inLanguage":"pt-BR","@id":"https:\/\/secure.gravatar.com\/avatar\/887a0f3b5a7ceea963a48499fb883ffce6b5037362def025c52c2505b15d63e4?s=96&d=mm&r=g","url":"https:\/\/secure.gravatar.com\/avatar\/887a0f3b5a7ceea963a48499fb883ffce6b5037362def025c52c2505b15d63e4?s=96&d=mm&r=g","contentUrl":"https:\/\/secure.gravatar.com\/avatar\/887a0f3b5a7ceea963a48499fb883ffce6b5037362def025c52c2505b15d63e4?s=96&d=mm&r=g","caption":"Ismael Lucas S. Pereira"},"url":"https:\/\/diariodepe.com.br\/cri\/author\/ismael-lucas\/"}]}},"cc_featured_image_caption":{"caption_text":false,"source_text":false,"source_url":false},"amp_enabled":true,"_links":{"self":[{"href":"https:\/\/diariodepe.com.br\/cri\/wp-json\/wp\/v2\/posts\/5740","targetHints":{"allow":["GET"]}}],"collection":[{"href":"https:\/\/diariodepe.com.br\/cri\/wp-json\/wp\/v2\/posts"}],"about":[{"href":"https:\/\/diariodepe.com.br\/cri\/wp-json\/wp\/v2\/types\/post"}],"author":[{"embeddable":true,"href":"https:\/\/diariodepe.com.br\/cri\/wp-json\/wp\/v2\/users\/2"}],"replies":[{"embeddable":true,"href":"https:\/\/diariodepe.com.br\/cri\/wp-json\/wp\/v2\/comments?post=5740"}],"version-history":[{"count":1,"href":"https:\/\/diariodepe.com.br\/cri\/wp-json\/wp\/v2\/posts\/5740\/revisions"}],"predecessor-version":[{"id":5741,"href":"https:\/\/diariodepe.com.br\/cri\/wp-json\/wp\/v2\/posts\/5740\/revisions\/5741"}],"wp:attachment":[{"href":"https:\/\/diariodepe.com.br\/cri\/wp-json\/wp\/v2\/media?parent=5740"}],"wp:term":[{"taxonomy":"category","embeddable":true,"href":"https:\/\/diariodepe.com.br\/cri\/wp-json\/wp\/v2\/categories?post=5740"},{"taxonomy":"post_tag","embeddable":true,"href":"https:\/\/diariodepe.com.br\/cri\/wp-json\/wp\/v2\/tags?post=5740"}],"curies":[{"name":"wp","href":"https:\/\/api.w.org\/{rel}","templated":true}]}}