{"id":5734,"date":"2024-07-15T05:29:39","date_gmt":"2024-07-15T08:29:39","guid":{"rendered":"https:\/\/diariodepe.com.br\/cri\/?p=5734"},"modified":"2024-07-15T05:29:39","modified_gmt":"2024-07-15T08:29:39","slug":"usar-a-china-como-desculpa-nao-concretizara-o-sonho-da-asia-pacifico-da-otan","status":"publish","type":"post","link":"https:\/\/diariodepe.com.br\/cri\/2024\/07\/15\/usar-a-china-como-desculpa-nao-concretizara-o-sonho-da-asia-pacifico-da-otan\/","title":{"rendered":"Usar a China como desculpa n\u00e3o concretizar\u00e1 o \u201cSonho da \u00c1sia-Pac\u00edfico\u201d da OTAN"},"content":{"rendered":"<p>A c\u00fapula da OTAN foi inaugurada nesta ter\u00e7a-feira (9) em Washington. Este ano marca o 75\u00ba anivers\u00e1rio da funda\u00e7\u00e3o da organiza\u00e7\u00e3o. Os Estados Unidos declararam que esta edi\u00e7\u00e3o \u00e9 \u201ca cimeira mais ambiciosa desde o fim da Guerra Fria\u201d. No entanto, \u00e0 semelhan\u00e7a das reuni\u00f5es dos \u00faltimos tr\u00eas anos, a agenda desta edi\u00e7\u00e3o n\u00e3o tem nada de novo, sendo ainda o refor\u00e7o das capacidades militares, a assist\u00eancia \u00e0 Ucr\u00e2nia e o plano de parceria global.<\/p>\n<p>Sendo uma heran\u00e7a da Guerra Fria e o maior grupo militar do mundo, a OTAN tem sido, desde a sua forma\u00e7\u00e3o, uma ferramenta dos Estados Unidos para desenvolver confrontos entre alian\u00e7as\u00a0e excluir outros pa\u00edses. Nos \u00faltimos anos, a organiza\u00e7\u00e3o militar emitiu declara\u00e7\u00f5es exagerando\u00a0com a ideia\u00a0de\u00a0\u201camea\u00e7a chinesa\u201d, tentando fazer da China um \u201cinimigo imagin\u00e1rio\u201d.<\/p>\n<p>Apesar de os Estados Unidos estarem constantemente fazendo manipula\u00e7\u00f5es para construir uma chamada \u201cvers\u00e3o \u00c1sia-Pac\u00edfico da OTAN\u201d, o bloco militar, no entanto, tem dificuldade de construir um \u201ccerco\u201d contra a China na \u00c1sia, e tamb\u00e9m\u00a0de\u00a0construir uma \u201cnova estrutura de seguran\u00e7a\u201d na regi\u00e3o.<\/p>\n<p>Em primeiro lugar, a maioria dos pa\u00edses da \u00c1sia-Pac\u00edfico n\u00e3o aceita nem acolhe a OTAN. Os Estados Unidos consideram a OTAN como uma ferramenta estrat\u00e9gica para manter a hegemonia, mas a grande maioria dos pa\u00edses da \u00c1sia-Pac\u00edfico odeia e se op\u00f5e \u00e0 hegemonia. Viktor Orb\u00e1n, \u00a0primeiro-ministro da Hungria, pa\u00eds da presid\u00eancia rotativa da Uni\u00e3o Europeia, publicou recentemente um artigo em Newsweek, alertando que a OTAN estaria cometendo suic\u00eddio se escolhesse o conflito em vez da coopera\u00e7\u00e3o, e a guerra em vez da paz.<\/p>\n<p>Em segundo lugar, dentro da OTAN\u00a0h\u00e1 tamb\u00e9m muitos membros que resistem \u00e0 expans\u00e3o do bloco\u00a0para a \u00c1sia-Pacifico. Os membros europeus querem se concentrar nas quest\u00f5es de seguran\u00e7a da pr\u00f3pria Europa. Eles acreditam que a utiliza\u00e7\u00e3o dos recursos fornecidos pelos seus pa\u00edses na regi\u00e3o \u00c1sia-Pac\u00edfico enfraquecer\u00e1 as fun\u00e7\u00f5es de seguran\u00e7a da OTAN na Europa.<\/p>\n<p>Embora a OTAN exagere com a\u00a0tal\u00a0\u201camea\u00e7a da China\u201d, a maioria dos seus membros mant\u00e9m rela\u00e7\u00f5es est\u00e1veis com o governo chin\u00eas, e a grande maioria dos pa\u00edses da regi\u00e3o \u00c1sia-Pac\u00edfico tamb\u00e9m concorda que a China \u00e9 a \u00e2ncora da estabilidade e prosperidade regional e at\u00e9\u00a0mesmo\u00a0global. Quanto ao Jap\u00e3o, \u00e0 Coreia do Sul, \u00e0 Austr\u00e1lia\u00a0e\u00a0\u00e0 Nova Zel\u00e2ndia que a OTAN atraiu, \u00e9 dif\u00edcil para eles desistirem\u00a0da coopera\u00e7\u00e3o pr\u00e1tica com a China\u00a0a fim de servir os Estados Unidos sem considerar os seus pr\u00f3prios interesses.<\/p>\n","protected":false},"excerpt":{"rendered":"<p>A c\u00fapula da OTAN foi inaugurada nesta ter\u00e7a-feira (9) em Washington. Este ano marca o 75\u00ba anivers\u00e1rio da funda\u00e7\u00e3o da organiza\u00e7\u00e3o. Os Estados Unidos declararam que esta edi\u00e7\u00e3o \u00e9 \u201ca cimeira mais ambiciosa desde o fim da Guerra Fria\u201d. No&#8230;<\/p>\n","protected":false},"author":2,"featured_media":0,"comment_status":"open","ping_status":"open","sticky":false,"template":"","format":"standard","meta":{"footnotes":""},"categories":[3],"tags":[],"class_list":["post-5734","post","type-post","status-publish","format-standard","hentry","category-china"],"yoast_head":"<!-- This site is optimized with the Yoast SEO plugin v27.4 - https:\/\/yoast.com\/product\/yoast-seo-wordpress\/ -->\n<title>Usar a China como desculpa n\u00e3o concretizar\u00e1 o \u201cSonho da \u00c1sia-Pac\u00edfico\u201d da OTAN - CRI e Diario de Pernambuco<\/title>\n<meta name=\"robots\" content=\"index, follow, max-snippet:-1, max-image-preview:large, max-video-preview:-1\" \/>\n<link rel=\"canonical\" href=\"https:\/\/diariodepe.com.br\/cri\/2024\/07\/15\/usar-a-china-como-desculpa-nao-concretizara-o-sonho-da-asia-pacifico-da-otan\/\" \/>\n<meta property=\"og:locale\" content=\"pt_BR\" \/>\n<meta property=\"og:type\" content=\"article\" \/>\n<meta property=\"og:title\" content=\"Usar a China como desculpa n\u00e3o concretizar\u00e1 o \u201cSonho da \u00c1sia-Pac\u00edfico\u201d da OTAN - CRI e Diario de Pernambuco\" \/>\n<meta property=\"og:description\" content=\"A c\u00fapula da OTAN foi inaugurada nesta ter\u00e7a-feira (9) em Washington. Este ano marca o 75\u00ba anivers\u00e1rio da funda\u00e7\u00e3o da organiza\u00e7\u00e3o. Os Estados Unidos declararam que esta edi\u00e7\u00e3o \u00e9 \u201ca cimeira mais ambiciosa desde o fim da Guerra Fria\u201d. No...\" \/>\n<meta property=\"og:url\" content=\"https:\/\/diariodepe.com.br\/cri\/2024\/07\/15\/usar-a-china-como-desculpa-nao-concretizara-o-sonho-da-asia-pacifico-da-otan\/\" \/>\n<meta property=\"og:site_name\" content=\"CRI e Diario de Pernambuco\" \/>\n<meta property=\"article:published_time\" content=\"2024-07-15T08:29:39+00:00\" \/>\n<meta name=\"author\" content=\"Ismael Lucas S. Pereira\" \/>\n<meta name=\"twitter:card\" content=\"summary_large_image\" \/>\n<meta name=\"twitter:label1\" content=\"Escrito por\" \/>\n\t<meta name=\"twitter:data1\" content=\"Ismael Lucas S. Pereira\" \/>\n\t<meta name=\"twitter:label2\" content=\"Est. tempo de leitura\" \/>\n\t<meta name=\"twitter:data2\" content=\"3 minutos\" \/>\n<script type=\"application\/ld+json\" class=\"yoast-schema-graph\">{\"@context\":\"https:\\\/\\\/schema.org\",\"@graph\":[{\"@type\":\"Article\",\"@id\":\"https:\\\/\\\/diariodepe.com.br\\\/cri\\\/2024\\\/07\\\/15\\\/usar-a-china-como-desculpa-nao-concretizara-o-sonho-da-asia-pacifico-da-otan\\\/#article\",\"isPartOf\":{\"@id\":\"https:\\\/\\\/diariodepe.com.br\\\/cri\\\/2024\\\/07\\\/15\\\/usar-a-china-como-desculpa-nao-concretizara-o-sonho-da-asia-pacifico-da-otan\\\/\"},\"author\":{\"name\":\"Ismael Lucas S. Pereira\",\"@id\":\"https:\\\/\\\/diariodepe.com.br\\\/cri\\\/#\\\/schema\\\/person\\\/121bb28d84f1a5b1205ef4ce9c2e0c6b\"},\"headline\":\"Usar a China como desculpa n\u00e3o concretizar\u00e1 o \u201cSonho da \u00c1sia-Pac\u00edfico\u201d da OTAN\",\"datePublished\":\"2024-07-15T08:29:39+00:00\",\"mainEntityOfPage\":{\"@id\":\"https:\\\/\\\/diariodepe.com.br\\\/cri\\\/2024\\\/07\\\/15\\\/usar-a-china-como-desculpa-nao-concretizara-o-sonho-da-asia-pacifico-da-otan\\\/\"},\"wordCount\":474,\"commentCount\":0,\"publisher\":{\"@id\":\"https:\\\/\\\/diariodepe.com.br\\\/cri\\\/#organization\"},\"articleSection\":[\"China\"],\"inLanguage\":\"pt-BR\",\"potentialAction\":[{\"@type\":\"CommentAction\",\"name\":\"Comment\",\"target\":[\"https:\\\/\\\/diariodepe.com.br\\\/cri\\\/2024\\\/07\\\/15\\\/usar-a-china-como-desculpa-nao-concretizara-o-sonho-da-asia-pacifico-da-otan\\\/#respond\"]}]},{\"@type\":\"WebPage\",\"@id\":\"https:\\\/\\\/diariodepe.com.br\\\/cri\\\/2024\\\/07\\\/15\\\/usar-a-china-como-desculpa-nao-concretizara-o-sonho-da-asia-pacifico-da-otan\\\/\",\"url\":\"https:\\\/\\\/diariodepe.com.br\\\/cri\\\/2024\\\/07\\\/15\\\/usar-a-china-como-desculpa-nao-concretizara-o-sonho-da-asia-pacifico-da-otan\\\/\",\"name\":\"Usar a China como desculpa n\u00e3o concretizar\u00e1 o \u201cSonho da \u00c1sia-Pac\u00edfico\u201d da OTAN - CRI e Diario de Pernambuco\",\"isPartOf\":{\"@id\":\"https:\\\/\\\/diariodepe.com.br\\\/cri\\\/#website\"},\"datePublished\":\"2024-07-15T08:29:39+00:00\",\"breadcrumb\":{\"@id\":\"https:\\\/\\\/diariodepe.com.br\\\/cri\\\/2024\\\/07\\\/15\\\/usar-a-china-como-desculpa-nao-concretizara-o-sonho-da-asia-pacifico-da-otan\\\/#breadcrumb\"},\"inLanguage\":\"pt-BR\",\"potentialAction\":[{\"@type\":\"ReadAction\",\"target\":[\"https:\\\/\\\/diariodepe.com.br\\\/cri\\\/2024\\\/07\\\/15\\\/usar-a-china-como-desculpa-nao-concretizara-o-sonho-da-asia-pacifico-da-otan\\\/\"]}]},{\"@type\":\"BreadcrumbList\",\"@id\":\"https:\\\/\\\/diariodepe.com.br\\\/cri\\\/2024\\\/07\\\/15\\\/usar-a-china-como-desculpa-nao-concretizara-o-sonho-da-asia-pacifico-da-otan\\\/#breadcrumb\",\"itemListElement\":[{\"@type\":\"ListItem\",\"position\":1,\"name\":\"In\u00edcio\",\"item\":\"https:\\\/\\\/diariodepe.com.br\\\/cri\\\/\"},{\"@type\":\"ListItem\",\"position\":2,\"name\":\"Usar a China como desculpa n\u00e3o concretizar\u00e1 o \u201cSonho da \u00c1sia-Pac\u00edfico\u201d da OTAN\"}]},{\"@type\":\"WebSite\",\"@id\":\"https:\\\/\\\/diariodepe.com.br\\\/cri\\\/#website\",\"url\":\"https:\\\/\\\/diariodepe.com.br\\\/cri\\\/\",\"name\":\"CRI e Diario de Pernambuco\",\"description\":\"R\u00e1dio Internacional da China\",\"publisher\":{\"@id\":\"https:\\\/\\\/diariodepe.com.br\\\/cri\\\/#organization\"},\"potentialAction\":[{\"@type\":\"SearchAction\",\"target\":{\"@type\":\"EntryPoint\",\"urlTemplate\":\"https:\\\/\\\/diariodepe.com.br\\\/cri\\\/?s={search_term_string}\"},\"query-input\":{\"@type\":\"PropertyValueSpecification\",\"valueRequired\":true,\"valueName\":\"search_term_string\"}}],\"inLanguage\":\"pt-BR\"},{\"@type\":\"Organization\",\"@id\":\"https:\\\/\\\/diariodepe.com.br\\\/cri\\\/#organization\",\"name\":\"CRI e Diario de Pernambuco\",\"url\":\"https:\\\/\\\/diariodepe.com.br\\\/cri\\\/\",\"logo\":{\"@type\":\"ImageObject\",\"inLanguage\":\"pt-BR\",\"@id\":\"https:\\\/\\\/diariodepe.com.br\\\/cri\\\/#\\\/schema\\\/logo\\\/image\\\/\",\"url\":\"https:\\\/\\\/diariodepe.com.br\\\/cri\\\/wp-content\\\/uploads\\\/sites\\\/2\\\/2022\\\/12\\\/cropped-Logo.jpg\",\"contentUrl\":\"https:\\\/\\\/diariodepe.com.br\\\/cri\\\/wp-content\\\/uploads\\\/sites\\\/2\\\/2022\\\/12\\\/cropped-Logo.jpg\",\"width\":700,\"height\":59,\"caption\":\"CRI e Diario de Pernambuco\"},\"image\":{\"@id\":\"https:\\\/\\\/diariodepe.com.br\\\/cri\\\/#\\\/schema\\\/logo\\\/image\\\/\"}},{\"@type\":\"Person\",\"@id\":\"https:\\\/\\\/diariodepe.com.br\\\/cri\\\/#\\\/schema\\\/person\\\/121bb28d84f1a5b1205ef4ce9c2e0c6b\",\"name\":\"Ismael Lucas S. Pereira\",\"image\":{\"@type\":\"ImageObject\",\"inLanguage\":\"pt-BR\",\"@id\":\"https:\\\/\\\/secure.gravatar.com\\\/avatar\\\/887a0f3b5a7ceea963a48499fb883ffce6b5037362def025c52c2505b15d63e4?s=96&d=mm&r=g\",\"url\":\"https:\\\/\\\/secure.gravatar.com\\\/avatar\\\/887a0f3b5a7ceea963a48499fb883ffce6b5037362def025c52c2505b15d63e4?s=96&d=mm&r=g\",\"contentUrl\":\"https:\\\/\\\/secure.gravatar.com\\\/avatar\\\/887a0f3b5a7ceea963a48499fb883ffce6b5037362def025c52c2505b15d63e4?s=96&d=mm&r=g\",\"caption\":\"Ismael Lucas S. Pereira\"},\"url\":\"https:\\\/\\\/diariodepe.com.br\\\/cri\\\/author\\\/ismael-lucas\\\/\"}]}<\/script>\n<!-- \/ Yoast SEO plugin. -->","yoast_head_json":{"title":"Usar a China como desculpa n\u00e3o concretizar\u00e1 o \u201cSonho da \u00c1sia-Pac\u00edfico\u201d da OTAN - CRI e Diario de Pernambuco","robots":{"index":"index","follow":"follow","max-snippet":"max-snippet:-1","max-image-preview":"max-image-preview:large","max-video-preview":"max-video-preview:-1"},"canonical":"https:\/\/diariodepe.com.br\/cri\/2024\/07\/15\/usar-a-china-como-desculpa-nao-concretizara-o-sonho-da-asia-pacifico-da-otan\/","og_locale":"pt_BR","og_type":"article","og_title":"Usar a China como desculpa n\u00e3o concretizar\u00e1 o \u201cSonho da \u00c1sia-Pac\u00edfico\u201d da OTAN - CRI e Diario de Pernambuco","og_description":"A c\u00fapula da OTAN foi inaugurada nesta ter\u00e7a-feira (9) em Washington. Este ano marca o 75\u00ba anivers\u00e1rio da funda\u00e7\u00e3o da organiza\u00e7\u00e3o. Os Estados Unidos declararam que esta edi\u00e7\u00e3o \u00e9 \u201ca cimeira mais ambiciosa desde o fim da Guerra Fria\u201d. No...","og_url":"https:\/\/diariodepe.com.br\/cri\/2024\/07\/15\/usar-a-china-como-desculpa-nao-concretizara-o-sonho-da-asia-pacifico-da-otan\/","og_site_name":"CRI e Diario de Pernambuco","article_published_time":"2024-07-15T08:29:39+00:00","author":"Ismael Lucas S. Pereira","twitter_card":"summary_large_image","twitter_misc":{"Escrito por":"Ismael Lucas S. Pereira","Est. tempo de leitura":"3 minutos"},"schema":{"@context":"https:\/\/schema.org","@graph":[{"@type":"Article","@id":"https:\/\/diariodepe.com.br\/cri\/2024\/07\/15\/usar-a-china-como-desculpa-nao-concretizara-o-sonho-da-asia-pacifico-da-otan\/#article","isPartOf":{"@id":"https:\/\/diariodepe.com.br\/cri\/2024\/07\/15\/usar-a-china-como-desculpa-nao-concretizara-o-sonho-da-asia-pacifico-da-otan\/"},"author":{"name":"Ismael Lucas S. Pereira","@id":"https:\/\/diariodepe.com.br\/cri\/#\/schema\/person\/121bb28d84f1a5b1205ef4ce9c2e0c6b"},"headline":"Usar a China como desculpa n\u00e3o concretizar\u00e1 o \u201cSonho da \u00c1sia-Pac\u00edfico\u201d da OTAN","datePublished":"2024-07-15T08:29:39+00:00","mainEntityOfPage":{"@id":"https:\/\/diariodepe.com.br\/cri\/2024\/07\/15\/usar-a-china-como-desculpa-nao-concretizara-o-sonho-da-asia-pacifico-da-otan\/"},"wordCount":474,"commentCount":0,"publisher":{"@id":"https:\/\/diariodepe.com.br\/cri\/#organization"},"articleSection":["China"],"inLanguage":"pt-BR","potentialAction":[{"@type":"CommentAction","name":"Comment","target":["https:\/\/diariodepe.com.br\/cri\/2024\/07\/15\/usar-a-china-como-desculpa-nao-concretizara-o-sonho-da-asia-pacifico-da-otan\/#respond"]}]},{"@type":"WebPage","@id":"https:\/\/diariodepe.com.br\/cri\/2024\/07\/15\/usar-a-china-como-desculpa-nao-concretizara-o-sonho-da-asia-pacifico-da-otan\/","url":"https:\/\/diariodepe.com.br\/cri\/2024\/07\/15\/usar-a-china-como-desculpa-nao-concretizara-o-sonho-da-asia-pacifico-da-otan\/","name":"Usar a China como desculpa n\u00e3o concretizar\u00e1 o \u201cSonho da \u00c1sia-Pac\u00edfico\u201d da OTAN - CRI e Diario de Pernambuco","isPartOf":{"@id":"https:\/\/diariodepe.com.br\/cri\/#website"},"datePublished":"2024-07-15T08:29:39+00:00","breadcrumb":{"@id":"https:\/\/diariodepe.com.br\/cri\/2024\/07\/15\/usar-a-china-como-desculpa-nao-concretizara-o-sonho-da-asia-pacifico-da-otan\/#breadcrumb"},"inLanguage":"pt-BR","potentialAction":[{"@type":"ReadAction","target":["https:\/\/diariodepe.com.br\/cri\/2024\/07\/15\/usar-a-china-como-desculpa-nao-concretizara-o-sonho-da-asia-pacifico-da-otan\/"]}]},{"@type":"BreadcrumbList","@id":"https:\/\/diariodepe.com.br\/cri\/2024\/07\/15\/usar-a-china-como-desculpa-nao-concretizara-o-sonho-da-asia-pacifico-da-otan\/#breadcrumb","itemListElement":[{"@type":"ListItem","position":1,"name":"In\u00edcio","item":"https:\/\/diariodepe.com.br\/cri\/"},{"@type":"ListItem","position":2,"name":"Usar a China como desculpa n\u00e3o concretizar\u00e1 o \u201cSonho da \u00c1sia-Pac\u00edfico\u201d da OTAN"}]},{"@type":"WebSite","@id":"https:\/\/diariodepe.com.br\/cri\/#website","url":"https:\/\/diariodepe.com.br\/cri\/","name":"CRI e Diario de Pernambuco","description":"R\u00e1dio Internacional da China","publisher":{"@id":"https:\/\/diariodepe.com.br\/cri\/#organization"},"potentialAction":[{"@type":"SearchAction","target":{"@type":"EntryPoint","urlTemplate":"https:\/\/diariodepe.com.br\/cri\/?s={search_term_string}"},"query-input":{"@type":"PropertyValueSpecification","valueRequired":true,"valueName":"search_term_string"}}],"inLanguage":"pt-BR"},{"@type":"Organization","@id":"https:\/\/diariodepe.com.br\/cri\/#organization","name":"CRI e Diario de Pernambuco","url":"https:\/\/diariodepe.com.br\/cri\/","logo":{"@type":"ImageObject","inLanguage":"pt-BR","@id":"https:\/\/diariodepe.com.br\/cri\/#\/schema\/logo\/image\/","url":"https:\/\/diariodepe.com.br\/cri\/wp-content\/uploads\/sites\/2\/2022\/12\/cropped-Logo.jpg","contentUrl":"https:\/\/diariodepe.com.br\/cri\/wp-content\/uploads\/sites\/2\/2022\/12\/cropped-Logo.jpg","width":700,"height":59,"caption":"CRI e Diario de Pernambuco"},"image":{"@id":"https:\/\/diariodepe.com.br\/cri\/#\/schema\/logo\/image\/"}},{"@type":"Person","@id":"https:\/\/diariodepe.com.br\/cri\/#\/schema\/person\/121bb28d84f1a5b1205ef4ce9c2e0c6b","name":"Ismael Lucas S. Pereira","image":{"@type":"ImageObject","inLanguage":"pt-BR","@id":"https:\/\/secure.gravatar.com\/avatar\/887a0f3b5a7ceea963a48499fb883ffce6b5037362def025c52c2505b15d63e4?s=96&d=mm&r=g","url":"https:\/\/secure.gravatar.com\/avatar\/887a0f3b5a7ceea963a48499fb883ffce6b5037362def025c52c2505b15d63e4?s=96&d=mm&r=g","contentUrl":"https:\/\/secure.gravatar.com\/avatar\/887a0f3b5a7ceea963a48499fb883ffce6b5037362def025c52c2505b15d63e4?s=96&d=mm&r=g","caption":"Ismael Lucas S. Pereira"},"url":"https:\/\/diariodepe.com.br\/cri\/author\/ismael-lucas\/"}]}},"cc_featured_image_caption":{"caption_text":false,"source_text":false,"source_url":false},"amp_enabled":true,"_links":{"self":[{"href":"https:\/\/diariodepe.com.br\/cri\/wp-json\/wp\/v2\/posts\/5734","targetHints":{"allow":["GET"]}}],"collection":[{"href":"https:\/\/diariodepe.com.br\/cri\/wp-json\/wp\/v2\/posts"}],"about":[{"href":"https:\/\/diariodepe.com.br\/cri\/wp-json\/wp\/v2\/types\/post"}],"author":[{"embeddable":true,"href":"https:\/\/diariodepe.com.br\/cri\/wp-json\/wp\/v2\/users\/2"}],"replies":[{"embeddable":true,"href":"https:\/\/diariodepe.com.br\/cri\/wp-json\/wp\/v2\/comments?post=5734"}],"version-history":[{"count":1,"href":"https:\/\/diariodepe.com.br\/cri\/wp-json\/wp\/v2\/posts\/5734\/revisions"}],"predecessor-version":[{"id":5735,"href":"https:\/\/diariodepe.com.br\/cri\/wp-json\/wp\/v2\/posts\/5734\/revisions\/5735"}],"wp:attachment":[{"href":"https:\/\/diariodepe.com.br\/cri\/wp-json\/wp\/v2\/media?parent=5734"}],"wp:term":[{"taxonomy":"category","embeddable":true,"href":"https:\/\/diariodepe.com.br\/cri\/wp-json\/wp\/v2\/categories?post=5734"},{"taxonomy":"post_tag","embeddable":true,"href":"https:\/\/diariodepe.com.br\/cri\/wp-json\/wp\/v2\/tags?post=5734"}],"curies":[{"name":"wp","href":"https:\/\/api.w.org\/{rel}","templated":true}]}}