{"id":573,"date":"2023-02-10T04:33:38","date_gmt":"2023-02-10T07:33:38","guid":{"rendered":"https:\/\/diariodepe.com.br\/cri\/?p=573"},"modified":"2023-02-10T04:33:39","modified_gmt":"2023-02-10T07:33:39","slug":"um-balao-reflete-o-descontrole-dos-estados-unidos","status":"publish","type":"post","link":"https:\/\/diariodepe.com.br\/cri\/2023\/02\/10\/um-balao-reflete-o-descontrole-dos-estados-unidos\/","title":{"rendered":"<strong>Um \u201cbal\u00e3o\u201d reflete o descontrole dos Estados Unidos<\/strong>"},"content":{"rendered":"\n<p>Recentemente, os pol\u00edticos de Washington produziram uma farsa sobre um dirig\u00edvel civil n\u00e3o tripulado da China, que sobrevoou&nbsp;os Estados Unidos por for\u00e7a maior. O incidente totalmente inesperado est\u00e1 testando a sinceridade de Washington sobre a estabiliza\u00e7\u00e3o e a melhora das rela\u00e7\u00f5es China-EUA.<\/p>\n\n\n\n<p>Depois do encontro entre os presidentes da China e dos EUA em Bali no ano passado, o relacionamento bilateral demonstrou uma tend\u00eancia de aproxima\u00e7\u00e3o. Toda a comunidade internacional espera que os dois grandes pa\u00edses possam cooperar para promover a recupera\u00e7\u00e3o econ\u00f4mica do globo.<\/p>\n\n\n\n<p>Entretanto, neste momento crucial, Washington considera o incidente do dirig\u00edvel n\u00e3o tripulado como mais uma oportunidade de reprimir a China e insistiu no uso da for\u00e7a militar. O ato de Washington, que \u00e9 obviamente exagerado e inadequado, violou gravemente a praxe internacional e causou novos desafios e mudan\u00e7as para as rela\u00e7\u00f5es entre os dois pa\u00edses.<\/p>\n\n\n\n<p>Na cobertura da imprensa estadunidense sobre o incidente,&nbsp;termos como \u201cbal\u00e3o espi\u00e3o da China\u201d e \u201cbal\u00e3o de vigil\u00e2ncia de alta atitude\u201d foram frequentemente utilizados. Entre as duas express\u00f5es, \u201cbal\u00e3o espi\u00e3o da China\u201d \u00e9 muito mais procurada do que a outra. A palavra \u201cespi\u00e3o\u201d se tornou muito&nbsp;comentada, o que reflete a alta import\u00e2ncia do governo de Biden \u00e0s ag\u00eancias de intelig\u00eancia.<\/p>\n\n\n\n<p>Em 2021, depois de sua tomada de posse como&nbsp;presidente dos Estados Unidos, Biden visitou o escrit\u00f3rio do Diretor de Intelig\u00eancia Nacional, onde ele disse que acredita cem por cento nas intelig\u00eancias, embora elas n\u00e3o possam ser 100% precisas. Diariamente a Casa Branca recebe muitas informa\u00e7\u00f5es da CIA, institui\u00e7\u00e3o que sempre incita que a ascens\u00e3o da China possa causar grande impacto aos EUA.<\/p>\n\n\n\n<p>Maurice R.&nbsp;Greenberg, um lend\u00e1rio na ind\u00fastria de seguros no pa\u00eds norte-americano, publicou um texto em julho do ano passado, no qual expressou preocupa\u00e7\u00e3o sobre o relacionamento China-EUA. Ele apontou que o relacionamento com a China \u00e9 o mais importante relacionamento&nbsp;bilateral do mundo para Washington. Infelizmente, esse relacionamento est\u00e1 em deteriora\u00e7\u00e3o.<\/p>\n\n\n\n<p>Charles W. Freeman Jr., ex-diplomata s\u00eanior dos EUA, lamentou a rea\u00e7\u00e3o de Washington sobre o incidente do dirig\u00edvel n\u00e3o tripulado da China, dizendo que infelizmente n\u00e3o identificou vis\u00e3o estrat\u00e9gica e coragem,&nbsp;como as do presidente Richard Nixon e do secret\u00e1rio de Estado Henry Kissinger,&nbsp;nos atuais oficiais da Casa Branca. O ex-diplomata s\u00eanior analisou que o governo de Biden n\u00e3o quer falar ao p\u00fablico&nbsp;sobre&nbsp;os interesses e benef\u00edcios de coopera\u00e7\u00e3o com a China.<\/p>\n\n\n\n<p>Tudo isso demonstra exatamente que a decis\u00e3o da Casa Branca n\u00e3o representa os interesses do p\u00fablico norte-americano. Ao contr\u00e1rio, os pol\u00edticos estadunidenses somente pensam em como reprimir a China e promover pol\u00edticas descontroladas. Mas ser\u00e3o sustent\u00e1veis\u00a0essas pol\u00edticas?<\/p>\n","protected":false},"excerpt":{"rendered":"<p>Recentemente, os pol\u00edticos de Washington produziram uma farsa sobre um dirig\u00edvel civil n\u00e3o tripulado da China, que sobrevoou&nbsp;os Estados Unidos por for\u00e7a maior. O incidente totalmente inesperado est\u00e1 testando a sinceridade de Washington sobre a estabiliza\u00e7\u00e3o e a melhora das&#8230;<\/p>\n","protected":false},"author":2,"featured_media":575,"comment_status":"open","ping_status":"open","sticky":false,"template":"","format":"standard","meta":{"footnotes":""},"categories":[5,7],"tags":[],"class_list":["post-573","post","type-post","status-publish","format-standard","has-post-thumbnail","hentry","category-destaques-capa","category-visao"],"yoast_head":"<!-- This site is optimized with the Yoast SEO plugin v27.4 - https:\/\/yoast.com\/product\/yoast-seo-wordpress\/ -->\n<title>Um \u201cbal\u00e3o\u201d reflete o descontrole dos Estados Unidos - CRI e Diario de Pernambuco<\/title>\n<meta name=\"robots\" content=\"index, follow, max-snippet:-1, max-image-preview:large, max-video-preview:-1\" \/>\n<link rel=\"canonical\" href=\"https:\/\/diariodepe.com.br\/cri\/2023\/02\/10\/um-balao-reflete-o-descontrole-dos-estados-unidos\/\" \/>\n<meta property=\"og:locale\" content=\"pt_BR\" \/>\n<meta property=\"og:type\" content=\"article\" \/>\n<meta property=\"og:title\" content=\"Um \u201cbal\u00e3o\u201d reflete o descontrole dos Estados Unidos - CRI e Diario de Pernambuco\" \/>\n<meta property=\"og:description\" content=\"Recentemente, os pol\u00edticos de Washington produziram uma farsa sobre um dirig\u00edvel civil n\u00e3o tripulado da China, que sobrevoou&nbsp;os Estados Unidos por for\u00e7a maior. O incidente totalmente inesperado est\u00e1 testando a sinceridade de Washington sobre a estabiliza\u00e7\u00e3o e a melhora das...\" \/>\n<meta property=\"og:url\" content=\"https:\/\/diariodepe.com.br\/cri\/2023\/02\/10\/um-balao-reflete-o-descontrole-dos-estados-unidos\/\" \/>\n<meta property=\"og:site_name\" content=\"CRI e Diario de Pernambuco\" \/>\n<meta property=\"article:published_time\" content=\"2023-02-10T07:33:38+00:00\" \/>\n<meta property=\"article:modified_time\" content=\"2023-02-10T07:33:39+00:00\" \/>\n<meta property=\"og:image\" content=\"https:\/\/diariodepe.com.br\/cri\/wp-content\/uploads\/sites\/2\/2023\/02\/\u5fae\u4fe1\u56fe\u7247_20230210153212.png\" \/>\n\t<meta property=\"og:image:width\" content=\"1080\" \/>\n\t<meta property=\"og:image:height\" content=\"608\" \/>\n\t<meta property=\"og:image:type\" content=\"image\/png\" \/>\n<meta name=\"author\" content=\"Ismael Lucas S. Pereira\" \/>\n<meta name=\"twitter:card\" content=\"summary_large_image\" \/>\n<meta name=\"twitter:label1\" content=\"Escrito por\" \/>\n\t<meta name=\"twitter:data1\" content=\"Ismael Lucas S. Pereira\" \/>\n\t<meta name=\"twitter:label2\" content=\"Est. tempo de leitura\" \/>\n\t<meta name=\"twitter:data2\" content=\"3 minutos\" \/>\n<script type=\"application\/ld+json\" class=\"yoast-schema-graph\">{\"@context\":\"https:\\\/\\\/schema.org\",\"@graph\":[{\"@type\":\"Article\",\"@id\":\"https:\\\/\\\/diariodepe.com.br\\\/cri\\\/2023\\\/02\\\/10\\\/um-balao-reflete-o-descontrole-dos-estados-unidos\\\/#article\",\"isPartOf\":{\"@id\":\"https:\\\/\\\/diariodepe.com.br\\\/cri\\\/2023\\\/02\\\/10\\\/um-balao-reflete-o-descontrole-dos-estados-unidos\\\/\"},\"author\":{\"name\":\"Ismael Lucas S. Pereira\",\"@id\":\"https:\\\/\\\/diariodepe.com.br\\\/cri\\\/#\\\/schema\\\/person\\\/121bb28d84f1a5b1205ef4ce9c2e0c6b\"},\"headline\":\"Um \u201cbal\u00e3o\u201d reflete o descontrole dos Estados Unidos\",\"datePublished\":\"2023-02-10T07:33:38+00:00\",\"dateModified\":\"2023-02-10T07:33:39+00:00\",\"mainEntityOfPage\":{\"@id\":\"https:\\\/\\\/diariodepe.com.br\\\/cri\\\/2023\\\/02\\\/10\\\/um-balao-reflete-o-descontrole-dos-estados-unidos\\\/\"},\"wordCount\":505,\"commentCount\":0,\"publisher\":{\"@id\":\"https:\\\/\\\/diariodepe.com.br\\\/cri\\\/#organization\"},\"image\":{\"@id\":\"https:\\\/\\\/diariodepe.com.br\\\/cri\\\/2023\\\/02\\\/10\\\/um-balao-reflete-o-descontrole-dos-estados-unidos\\\/#primaryimage\"},\"thumbnailUrl\":\"https:\\\/\\\/diariodepe.com.br\\\/cri\\\/wp-content\\\/uploads\\\/sites\\\/2\\\/2023\\\/02\\\/\u5fae\u4fe1\u56fe\u7247_20230210153212.png\",\"articleSection\":[\"Destaques Capa\",\"Vis\u00e3o\"],\"inLanguage\":\"pt-BR\",\"potentialAction\":[{\"@type\":\"CommentAction\",\"name\":\"Comment\",\"target\":[\"https:\\\/\\\/diariodepe.com.br\\\/cri\\\/2023\\\/02\\\/10\\\/um-balao-reflete-o-descontrole-dos-estados-unidos\\\/#respond\"]}]},{\"@type\":\"WebPage\",\"@id\":\"https:\\\/\\\/diariodepe.com.br\\\/cri\\\/2023\\\/02\\\/10\\\/um-balao-reflete-o-descontrole-dos-estados-unidos\\\/\",\"url\":\"https:\\\/\\\/diariodepe.com.br\\\/cri\\\/2023\\\/02\\\/10\\\/um-balao-reflete-o-descontrole-dos-estados-unidos\\\/\",\"name\":\"Um \u201cbal\u00e3o\u201d reflete o descontrole dos Estados Unidos - CRI e Diario de Pernambuco\",\"isPartOf\":{\"@id\":\"https:\\\/\\\/diariodepe.com.br\\\/cri\\\/#website\"},\"primaryImageOfPage\":{\"@id\":\"https:\\\/\\\/diariodepe.com.br\\\/cri\\\/2023\\\/02\\\/10\\\/um-balao-reflete-o-descontrole-dos-estados-unidos\\\/#primaryimage\"},\"image\":{\"@id\":\"https:\\\/\\\/diariodepe.com.br\\\/cri\\\/2023\\\/02\\\/10\\\/um-balao-reflete-o-descontrole-dos-estados-unidos\\\/#primaryimage\"},\"thumbnailUrl\":\"https:\\\/\\\/diariodepe.com.br\\\/cri\\\/wp-content\\\/uploads\\\/sites\\\/2\\\/2023\\\/02\\\/\u5fae\u4fe1\u56fe\u7247_20230210153212.png\",\"datePublished\":\"2023-02-10T07:33:38+00:00\",\"dateModified\":\"2023-02-10T07:33:39+00:00\",\"breadcrumb\":{\"@id\":\"https:\\\/\\\/diariodepe.com.br\\\/cri\\\/2023\\\/02\\\/10\\\/um-balao-reflete-o-descontrole-dos-estados-unidos\\\/#breadcrumb\"},\"inLanguage\":\"pt-BR\",\"potentialAction\":[{\"@type\":\"ReadAction\",\"target\":[\"https:\\\/\\\/diariodepe.com.br\\\/cri\\\/2023\\\/02\\\/10\\\/um-balao-reflete-o-descontrole-dos-estados-unidos\\\/\"]}]},{\"@type\":\"ImageObject\",\"inLanguage\":\"pt-BR\",\"@id\":\"https:\\\/\\\/diariodepe.com.br\\\/cri\\\/2023\\\/02\\\/10\\\/um-balao-reflete-o-descontrole-dos-estados-unidos\\\/#primaryimage\",\"url\":\"https:\\\/\\\/diariodepe.com.br\\\/cri\\\/wp-content\\\/uploads\\\/sites\\\/2\\\/2023\\\/02\\\/\u5fae\u4fe1\u56fe\u7247_20230210153212.png\",\"contentUrl\":\"https:\\\/\\\/diariodepe.com.br\\\/cri\\\/wp-content\\\/uploads\\\/sites\\\/2\\\/2023\\\/02\\\/\u5fae\u4fe1\u56fe\u7247_20230210153212.png\",\"width\":1080,\"height\":608},{\"@type\":\"BreadcrumbList\",\"@id\":\"https:\\\/\\\/diariodepe.com.br\\\/cri\\\/2023\\\/02\\\/10\\\/um-balao-reflete-o-descontrole-dos-estados-unidos\\\/#breadcrumb\",\"itemListElement\":[{\"@type\":\"ListItem\",\"position\":1,\"name\":\"In\u00edcio\",\"item\":\"https:\\\/\\\/diariodepe.com.br\\\/cri\\\/\"},{\"@type\":\"ListItem\",\"position\":2,\"name\":\"Um \u201cbal\u00e3o\u201d reflete o descontrole dos Estados Unidos\"}]},{\"@type\":\"WebSite\",\"@id\":\"https:\\\/\\\/diariodepe.com.br\\\/cri\\\/#website\",\"url\":\"https:\\\/\\\/diariodepe.com.br\\\/cri\\\/\",\"name\":\"CRI e Diario de Pernambuco\",\"description\":\"R\u00e1dio Internacional da China\",\"publisher\":{\"@id\":\"https:\\\/\\\/diariodepe.com.br\\\/cri\\\/#organization\"},\"potentialAction\":[{\"@type\":\"SearchAction\",\"target\":{\"@type\":\"EntryPoint\",\"urlTemplate\":\"https:\\\/\\\/diariodepe.com.br\\\/cri\\\/?s={search_term_string}\"},\"query-input\":{\"@type\":\"PropertyValueSpecification\",\"valueRequired\":true,\"valueName\":\"search_term_string\"}}],\"inLanguage\":\"pt-BR\"},{\"@type\":\"Organization\",\"@id\":\"https:\\\/\\\/diariodepe.com.br\\\/cri\\\/#organization\",\"name\":\"CRI e Diario de Pernambuco\",\"url\":\"https:\\\/\\\/diariodepe.com.br\\\/cri\\\/\",\"logo\":{\"@type\":\"ImageObject\",\"inLanguage\":\"pt-BR\",\"@id\":\"https:\\\/\\\/diariodepe.com.br\\\/cri\\\/#\\\/schema\\\/logo\\\/image\\\/\",\"url\":\"https:\\\/\\\/diariodepe.com.br\\\/cri\\\/wp-content\\\/uploads\\\/sites\\\/2\\\/2022\\\/12\\\/cropped-Logo.jpg\",\"contentUrl\":\"https:\\\/\\\/diariodepe.com.br\\\/cri\\\/wp-content\\\/uploads\\\/sites\\\/2\\\/2022\\\/12\\\/cropped-Logo.jpg\",\"width\":700,\"height\":59,\"caption\":\"CRI e Diario de Pernambuco\"},\"image\":{\"@id\":\"https:\\\/\\\/diariodepe.com.br\\\/cri\\\/#\\\/schema\\\/logo\\\/image\\\/\"}},{\"@type\":\"Person\",\"@id\":\"https:\\\/\\\/diariodepe.com.br\\\/cri\\\/#\\\/schema\\\/person\\\/121bb28d84f1a5b1205ef4ce9c2e0c6b\",\"name\":\"Ismael Lucas S. Pereira\",\"image\":{\"@type\":\"ImageObject\",\"inLanguage\":\"pt-BR\",\"@id\":\"https:\\\/\\\/secure.gravatar.com\\\/avatar\\\/887a0f3b5a7ceea963a48499fb883ffce6b5037362def025c52c2505b15d63e4?s=96&d=mm&r=g\",\"url\":\"https:\\\/\\\/secure.gravatar.com\\\/avatar\\\/887a0f3b5a7ceea963a48499fb883ffce6b5037362def025c52c2505b15d63e4?s=96&d=mm&r=g\",\"contentUrl\":\"https:\\\/\\\/secure.gravatar.com\\\/avatar\\\/887a0f3b5a7ceea963a48499fb883ffce6b5037362def025c52c2505b15d63e4?s=96&d=mm&r=g\",\"caption\":\"Ismael Lucas S. Pereira\"},\"url\":\"https:\\\/\\\/diariodepe.com.br\\\/cri\\\/author\\\/ismael-lucas\\\/\"}]}<\/script>\n<!-- \/ Yoast SEO plugin. -->","yoast_head_json":{"title":"Um \u201cbal\u00e3o\u201d reflete o descontrole dos Estados Unidos - CRI e Diario de Pernambuco","robots":{"index":"index","follow":"follow","max-snippet":"max-snippet:-1","max-image-preview":"max-image-preview:large","max-video-preview":"max-video-preview:-1"},"canonical":"https:\/\/diariodepe.com.br\/cri\/2023\/02\/10\/um-balao-reflete-o-descontrole-dos-estados-unidos\/","og_locale":"pt_BR","og_type":"article","og_title":"Um \u201cbal\u00e3o\u201d reflete o descontrole dos Estados Unidos - CRI e Diario de Pernambuco","og_description":"Recentemente, os pol\u00edticos de Washington produziram uma farsa sobre um dirig\u00edvel civil n\u00e3o tripulado da China, que sobrevoou&nbsp;os Estados Unidos por for\u00e7a maior. O incidente totalmente inesperado est\u00e1 testando a sinceridade de Washington sobre a estabiliza\u00e7\u00e3o e a melhora das...","og_url":"https:\/\/diariodepe.com.br\/cri\/2023\/02\/10\/um-balao-reflete-o-descontrole-dos-estados-unidos\/","og_site_name":"CRI e Diario de Pernambuco","article_published_time":"2023-02-10T07:33:38+00:00","article_modified_time":"2023-02-10T07:33:39+00:00","og_image":[{"width":1080,"height":608,"url":"https:\/\/diariodepe.com.br\/cri\/wp-content\/uploads\/sites\/2\/2023\/02\/\u5fae\u4fe1\u56fe\u7247_20230210153212.png","type":"image\/png"}],"author":"Ismael Lucas S. Pereira","twitter_card":"summary_large_image","twitter_misc":{"Escrito por":"Ismael Lucas S. Pereira","Est. tempo de leitura":"3 minutos"},"schema":{"@context":"https:\/\/schema.org","@graph":[{"@type":"Article","@id":"https:\/\/diariodepe.com.br\/cri\/2023\/02\/10\/um-balao-reflete-o-descontrole-dos-estados-unidos\/#article","isPartOf":{"@id":"https:\/\/diariodepe.com.br\/cri\/2023\/02\/10\/um-balao-reflete-o-descontrole-dos-estados-unidos\/"},"author":{"name":"Ismael Lucas S. Pereira","@id":"https:\/\/diariodepe.com.br\/cri\/#\/schema\/person\/121bb28d84f1a5b1205ef4ce9c2e0c6b"},"headline":"Um \u201cbal\u00e3o\u201d reflete o descontrole dos Estados Unidos","datePublished":"2023-02-10T07:33:38+00:00","dateModified":"2023-02-10T07:33:39+00:00","mainEntityOfPage":{"@id":"https:\/\/diariodepe.com.br\/cri\/2023\/02\/10\/um-balao-reflete-o-descontrole-dos-estados-unidos\/"},"wordCount":505,"commentCount":0,"publisher":{"@id":"https:\/\/diariodepe.com.br\/cri\/#organization"},"image":{"@id":"https:\/\/diariodepe.com.br\/cri\/2023\/02\/10\/um-balao-reflete-o-descontrole-dos-estados-unidos\/#primaryimage"},"thumbnailUrl":"https:\/\/diariodepe.com.br\/cri\/wp-content\/uploads\/sites\/2\/2023\/02\/\u5fae\u4fe1\u56fe\u7247_20230210153212.png","articleSection":["Destaques Capa","Vis\u00e3o"],"inLanguage":"pt-BR","potentialAction":[{"@type":"CommentAction","name":"Comment","target":["https:\/\/diariodepe.com.br\/cri\/2023\/02\/10\/um-balao-reflete-o-descontrole-dos-estados-unidos\/#respond"]}]},{"@type":"WebPage","@id":"https:\/\/diariodepe.com.br\/cri\/2023\/02\/10\/um-balao-reflete-o-descontrole-dos-estados-unidos\/","url":"https:\/\/diariodepe.com.br\/cri\/2023\/02\/10\/um-balao-reflete-o-descontrole-dos-estados-unidos\/","name":"Um \u201cbal\u00e3o\u201d reflete o descontrole dos Estados Unidos - CRI e Diario de Pernambuco","isPartOf":{"@id":"https:\/\/diariodepe.com.br\/cri\/#website"},"primaryImageOfPage":{"@id":"https:\/\/diariodepe.com.br\/cri\/2023\/02\/10\/um-balao-reflete-o-descontrole-dos-estados-unidos\/#primaryimage"},"image":{"@id":"https:\/\/diariodepe.com.br\/cri\/2023\/02\/10\/um-balao-reflete-o-descontrole-dos-estados-unidos\/#primaryimage"},"thumbnailUrl":"https:\/\/diariodepe.com.br\/cri\/wp-content\/uploads\/sites\/2\/2023\/02\/\u5fae\u4fe1\u56fe\u7247_20230210153212.png","datePublished":"2023-02-10T07:33:38+00:00","dateModified":"2023-02-10T07:33:39+00:00","breadcrumb":{"@id":"https:\/\/diariodepe.com.br\/cri\/2023\/02\/10\/um-balao-reflete-o-descontrole-dos-estados-unidos\/#breadcrumb"},"inLanguage":"pt-BR","potentialAction":[{"@type":"ReadAction","target":["https:\/\/diariodepe.com.br\/cri\/2023\/02\/10\/um-balao-reflete-o-descontrole-dos-estados-unidos\/"]}]},{"@type":"ImageObject","inLanguage":"pt-BR","@id":"https:\/\/diariodepe.com.br\/cri\/2023\/02\/10\/um-balao-reflete-o-descontrole-dos-estados-unidos\/#primaryimage","url":"https:\/\/diariodepe.com.br\/cri\/wp-content\/uploads\/sites\/2\/2023\/02\/\u5fae\u4fe1\u56fe\u7247_20230210153212.png","contentUrl":"https:\/\/diariodepe.com.br\/cri\/wp-content\/uploads\/sites\/2\/2023\/02\/\u5fae\u4fe1\u56fe\u7247_20230210153212.png","width":1080,"height":608},{"@type":"BreadcrumbList","@id":"https:\/\/diariodepe.com.br\/cri\/2023\/02\/10\/um-balao-reflete-o-descontrole-dos-estados-unidos\/#breadcrumb","itemListElement":[{"@type":"ListItem","position":1,"name":"In\u00edcio","item":"https:\/\/diariodepe.com.br\/cri\/"},{"@type":"ListItem","position":2,"name":"Um \u201cbal\u00e3o\u201d reflete o descontrole dos Estados Unidos"}]},{"@type":"WebSite","@id":"https:\/\/diariodepe.com.br\/cri\/#website","url":"https:\/\/diariodepe.com.br\/cri\/","name":"CRI e Diario de Pernambuco","description":"R\u00e1dio Internacional da China","publisher":{"@id":"https:\/\/diariodepe.com.br\/cri\/#organization"},"potentialAction":[{"@type":"SearchAction","target":{"@type":"EntryPoint","urlTemplate":"https:\/\/diariodepe.com.br\/cri\/?s={search_term_string}"},"query-input":{"@type":"PropertyValueSpecification","valueRequired":true,"valueName":"search_term_string"}}],"inLanguage":"pt-BR"},{"@type":"Organization","@id":"https:\/\/diariodepe.com.br\/cri\/#organization","name":"CRI e Diario de Pernambuco","url":"https:\/\/diariodepe.com.br\/cri\/","logo":{"@type":"ImageObject","inLanguage":"pt-BR","@id":"https:\/\/diariodepe.com.br\/cri\/#\/schema\/logo\/image\/","url":"https:\/\/diariodepe.com.br\/cri\/wp-content\/uploads\/sites\/2\/2022\/12\/cropped-Logo.jpg","contentUrl":"https:\/\/diariodepe.com.br\/cri\/wp-content\/uploads\/sites\/2\/2022\/12\/cropped-Logo.jpg","width":700,"height":59,"caption":"CRI e Diario de Pernambuco"},"image":{"@id":"https:\/\/diariodepe.com.br\/cri\/#\/schema\/logo\/image\/"}},{"@type":"Person","@id":"https:\/\/diariodepe.com.br\/cri\/#\/schema\/person\/121bb28d84f1a5b1205ef4ce9c2e0c6b","name":"Ismael Lucas S. Pereira","image":{"@type":"ImageObject","inLanguage":"pt-BR","@id":"https:\/\/secure.gravatar.com\/avatar\/887a0f3b5a7ceea963a48499fb883ffce6b5037362def025c52c2505b15d63e4?s=96&d=mm&r=g","url":"https:\/\/secure.gravatar.com\/avatar\/887a0f3b5a7ceea963a48499fb883ffce6b5037362def025c52c2505b15d63e4?s=96&d=mm&r=g","contentUrl":"https:\/\/secure.gravatar.com\/avatar\/887a0f3b5a7ceea963a48499fb883ffce6b5037362def025c52c2505b15d63e4?s=96&d=mm&r=g","caption":"Ismael Lucas S. Pereira"},"url":"https:\/\/diariodepe.com.br\/cri\/author\/ismael-lucas\/"}]}},"cc_featured_image_caption":{"caption_text":"","source_text":"","source_url":""},"amp_enabled":true,"_links":{"self":[{"href":"https:\/\/diariodepe.com.br\/cri\/wp-json\/wp\/v2\/posts\/573","targetHints":{"allow":["GET"]}}],"collection":[{"href":"https:\/\/diariodepe.com.br\/cri\/wp-json\/wp\/v2\/posts"}],"about":[{"href":"https:\/\/diariodepe.com.br\/cri\/wp-json\/wp\/v2\/types\/post"}],"author":[{"embeddable":true,"href":"https:\/\/diariodepe.com.br\/cri\/wp-json\/wp\/v2\/users\/2"}],"replies":[{"embeddable":true,"href":"https:\/\/diariodepe.com.br\/cri\/wp-json\/wp\/v2\/comments?post=573"}],"version-history":[{"count":1,"href":"https:\/\/diariodepe.com.br\/cri\/wp-json\/wp\/v2\/posts\/573\/revisions"}],"predecessor-version":[{"id":576,"href":"https:\/\/diariodepe.com.br\/cri\/wp-json\/wp\/v2\/posts\/573\/revisions\/576"}],"wp:featuredmedia":[{"embeddable":true,"href":"https:\/\/diariodepe.com.br\/cri\/wp-json\/wp\/v2\/media\/575"}],"wp:attachment":[{"href":"https:\/\/diariodepe.com.br\/cri\/wp-json\/wp\/v2\/media?parent=573"}],"wp:term":[{"taxonomy":"category","embeddable":true,"href":"https:\/\/diariodepe.com.br\/cri\/wp-json\/wp\/v2\/categories?post=573"},{"taxonomy":"post_tag","embeddable":true,"href":"https:\/\/diariodepe.com.br\/cri\/wp-json\/wp\/v2\/tags?post=573"}],"curies":[{"name":"wp","href":"https:\/\/api.w.org\/{rel}","templated":true}]}}