{"id":5720,"date":"2024-07-15T05:20:50","date_gmt":"2024-07-15T08:20:50","guid":{"rendered":"https:\/\/diariodepe.com.br\/cri\/?p=5720"},"modified":"2024-07-15T05:20:50","modified_gmt":"2024-07-15T08:20:50","slug":"xi-jinping-felicita-abertura-do-forum-de-desenvolvimento-verde-da-ocs","status":"publish","type":"post","link":"https:\/\/diariodepe.com.br\/cri\/2024\/07\/15\/xi-jinping-felicita-abertura-do-forum-de-desenvolvimento-verde-da-ocs\/","title":{"rendered":"Xi Jinping felicita abertura do F\u00f3rum de Desenvolvimento Verde da OCS"},"content":{"rendered":"<p data-spm-anchor-id=\"0.0.0.i1\">O presidente chin\u00eas Xi Jinping enviou nesta segunda-feira (8) uma carta de felicita\u00e7\u00e3o para o F\u00f3rum de Desenvolvimento Verde da Organiza\u00e7\u00e3o de Coopera\u00e7\u00e3o de Shanghai (OCS), inaugurado na mesma data, na cidade litor\u00e2nea de Qingdao, na prov\u00edncia de Shandong.<\/p>\n<p>Ele destacou que a prote\u00e7\u00e3o do meio ambiente e a promo\u00e7\u00e3o do desenvolvimento verde s\u00e3o consensos alcan\u00e7ados pelos Estados-Membros da institui\u00e7\u00e3o. A China segue aderindo ao conceito de que \u00e1guas cristalinas e montanhas verdejantes s\u00e3o bens inestim\u00e1veis e trilhando o caminho orientado pelo desenvolvimento produtivo, pr\u00f3spero e ecol\u00f3gico. Os resultados conquistados na constru\u00e7\u00e3o de uma bela China v\u00eam atraindo a aten\u00e7\u00e3o mundial. A China espera que, atrav\u00e9s desse f\u00f3rum, os interc\u00e2mbios e a coopera\u00e7\u00e3o no setor sejam fortalecidos entre todas as partes, de modo a contribuir para o desenvolvimento socioecon\u00f4mico sustent\u00e1vel de todas as na\u00e7\u00f5es, al\u00e9m de promover a coexist\u00eancia harmoniosa entre o ser humano e a natureza.<\/p>\n<p>O l\u00edder chin\u00eas enfatizou que a OCS \u00e9 o exemplo de um novo padr\u00e3o de rela\u00e7\u00f5es internacionais e de coopera\u00e7\u00e3o regional. A China acabou de assumir a presid\u00eancia rotativa da institui\u00e7\u00e3o e est\u00e1 pronta para trabalhar com todas as partes para levar adiante o Esp\u00edrito de Shanghai, fortalecer a solidariedade e a coopera\u00e7\u00e3o, promover o desenvolvimento verde, escrever um novo cap\u00edtulo de desenvolvimento comum e trabalhar para construir uma comunidade mais estreita com um futuro compartilhado.<\/p>\n","protected":false},"excerpt":{"rendered":"<p>O presidente chin\u00eas Xi Jinping enviou nesta segunda-feira (8) uma carta de felicita\u00e7\u00e3o para o F\u00f3rum de Desenvolvimento Verde da Organiza\u00e7\u00e3o de Coopera\u00e7\u00e3o de Shanghai (OCS), inaugurado na mesma data, na cidade litor\u00e2nea de Qingdao, na prov\u00edncia de Shandong. Ele&#8230;<\/p>\n","protected":false},"author":2,"featured_media":0,"comment_status":"open","ping_status":"open","sticky":false,"template":"","format":"standard","meta":{"footnotes":""},"categories":[3],"tags":[],"class_list":["post-5720","post","type-post","status-publish","format-standard","hentry","category-china"],"yoast_head":"<!-- This site is optimized with the Yoast SEO plugin v27.4 - https:\/\/yoast.com\/product\/yoast-seo-wordpress\/ -->\n<title>Xi Jinping felicita abertura do F\u00f3rum de Desenvolvimento Verde da OCS - CRI e Diario de Pernambuco<\/title>\n<meta name=\"robots\" content=\"index, follow, max-snippet:-1, max-image-preview:large, max-video-preview:-1\" \/>\n<link rel=\"canonical\" href=\"https:\/\/diariodepe.com.br\/cri\/2024\/07\/15\/xi-jinping-felicita-abertura-do-forum-de-desenvolvimento-verde-da-ocs\/\" \/>\n<meta property=\"og:locale\" content=\"pt_BR\" \/>\n<meta property=\"og:type\" content=\"article\" \/>\n<meta property=\"og:title\" content=\"Xi Jinping felicita abertura do F\u00f3rum de Desenvolvimento Verde da OCS - CRI e Diario de Pernambuco\" \/>\n<meta property=\"og:description\" content=\"O presidente chin\u00eas Xi Jinping enviou nesta segunda-feira (8) uma carta de felicita\u00e7\u00e3o para o F\u00f3rum de Desenvolvimento Verde da Organiza\u00e7\u00e3o de Coopera\u00e7\u00e3o de Shanghai (OCS), inaugurado na mesma data, na cidade litor\u00e2nea de Qingdao, na prov\u00edncia de Shandong. Ele...\" \/>\n<meta property=\"og:url\" content=\"https:\/\/diariodepe.com.br\/cri\/2024\/07\/15\/xi-jinping-felicita-abertura-do-forum-de-desenvolvimento-verde-da-ocs\/\" \/>\n<meta property=\"og:site_name\" content=\"CRI e Diario de Pernambuco\" \/>\n<meta property=\"article:published_time\" content=\"2024-07-15T08:20:50+00:00\" \/>\n<meta name=\"author\" content=\"Ismael Lucas S. Pereira\" \/>\n<meta name=\"twitter:card\" content=\"summary_large_image\" \/>\n<meta name=\"twitter:label1\" content=\"Escrito por\" \/>\n\t<meta name=\"twitter:data1\" content=\"Ismael Lucas S. Pereira\" \/>\n\t<meta name=\"twitter:label2\" content=\"Est. tempo de leitura\" \/>\n\t<meta name=\"twitter:data2\" content=\"2 minutos\" \/>\n<script type=\"application\/ld+json\" class=\"yoast-schema-graph\">{\"@context\":\"https:\\\/\\\/schema.org\",\"@graph\":[{\"@type\":\"Article\",\"@id\":\"https:\\\/\\\/diariodepe.com.br\\\/cri\\\/2024\\\/07\\\/15\\\/xi-jinping-felicita-abertura-do-forum-de-desenvolvimento-verde-da-ocs\\\/#article\",\"isPartOf\":{\"@id\":\"https:\\\/\\\/diariodepe.com.br\\\/cri\\\/2024\\\/07\\\/15\\\/xi-jinping-felicita-abertura-do-forum-de-desenvolvimento-verde-da-ocs\\\/\"},\"author\":{\"name\":\"Ismael Lucas S. Pereira\",\"@id\":\"https:\\\/\\\/diariodepe.com.br\\\/cri\\\/#\\\/schema\\\/person\\\/121bb28d84f1a5b1205ef4ce9c2e0c6b\"},\"headline\":\"Xi Jinping felicita abertura do F\u00f3rum de Desenvolvimento Verde da OCS\",\"datePublished\":\"2024-07-15T08:20:50+00:00\",\"mainEntityOfPage\":{\"@id\":\"https:\\\/\\\/diariodepe.com.br\\\/cri\\\/2024\\\/07\\\/15\\\/xi-jinping-felicita-abertura-do-forum-de-desenvolvimento-verde-da-ocs\\\/\"},\"wordCount\":271,\"commentCount\":0,\"publisher\":{\"@id\":\"https:\\\/\\\/diariodepe.com.br\\\/cri\\\/#organization\"},\"articleSection\":[\"China\"],\"inLanguage\":\"pt-BR\",\"potentialAction\":[{\"@type\":\"CommentAction\",\"name\":\"Comment\",\"target\":[\"https:\\\/\\\/diariodepe.com.br\\\/cri\\\/2024\\\/07\\\/15\\\/xi-jinping-felicita-abertura-do-forum-de-desenvolvimento-verde-da-ocs\\\/#respond\"]}]},{\"@type\":\"WebPage\",\"@id\":\"https:\\\/\\\/diariodepe.com.br\\\/cri\\\/2024\\\/07\\\/15\\\/xi-jinping-felicita-abertura-do-forum-de-desenvolvimento-verde-da-ocs\\\/\",\"url\":\"https:\\\/\\\/diariodepe.com.br\\\/cri\\\/2024\\\/07\\\/15\\\/xi-jinping-felicita-abertura-do-forum-de-desenvolvimento-verde-da-ocs\\\/\",\"name\":\"Xi Jinping felicita abertura do F\u00f3rum de Desenvolvimento Verde da OCS - CRI e Diario de Pernambuco\",\"isPartOf\":{\"@id\":\"https:\\\/\\\/diariodepe.com.br\\\/cri\\\/#website\"},\"datePublished\":\"2024-07-15T08:20:50+00:00\",\"breadcrumb\":{\"@id\":\"https:\\\/\\\/diariodepe.com.br\\\/cri\\\/2024\\\/07\\\/15\\\/xi-jinping-felicita-abertura-do-forum-de-desenvolvimento-verde-da-ocs\\\/#breadcrumb\"},\"inLanguage\":\"pt-BR\",\"potentialAction\":[{\"@type\":\"ReadAction\",\"target\":[\"https:\\\/\\\/diariodepe.com.br\\\/cri\\\/2024\\\/07\\\/15\\\/xi-jinping-felicita-abertura-do-forum-de-desenvolvimento-verde-da-ocs\\\/\"]}]},{\"@type\":\"BreadcrumbList\",\"@id\":\"https:\\\/\\\/diariodepe.com.br\\\/cri\\\/2024\\\/07\\\/15\\\/xi-jinping-felicita-abertura-do-forum-de-desenvolvimento-verde-da-ocs\\\/#breadcrumb\",\"itemListElement\":[{\"@type\":\"ListItem\",\"position\":1,\"name\":\"In\u00edcio\",\"item\":\"https:\\\/\\\/diariodepe.com.br\\\/cri\\\/\"},{\"@type\":\"ListItem\",\"position\":2,\"name\":\"Xi Jinping felicita abertura do F\u00f3rum de Desenvolvimento Verde da OCS\"}]},{\"@type\":\"WebSite\",\"@id\":\"https:\\\/\\\/diariodepe.com.br\\\/cri\\\/#website\",\"url\":\"https:\\\/\\\/diariodepe.com.br\\\/cri\\\/\",\"name\":\"CRI e Diario de Pernambuco\",\"description\":\"R\u00e1dio Internacional da China\",\"publisher\":{\"@id\":\"https:\\\/\\\/diariodepe.com.br\\\/cri\\\/#organization\"},\"potentialAction\":[{\"@type\":\"SearchAction\",\"target\":{\"@type\":\"EntryPoint\",\"urlTemplate\":\"https:\\\/\\\/diariodepe.com.br\\\/cri\\\/?s={search_term_string}\"},\"query-input\":{\"@type\":\"PropertyValueSpecification\",\"valueRequired\":true,\"valueName\":\"search_term_string\"}}],\"inLanguage\":\"pt-BR\"},{\"@type\":\"Organization\",\"@id\":\"https:\\\/\\\/diariodepe.com.br\\\/cri\\\/#organization\",\"name\":\"CRI e Diario de Pernambuco\",\"url\":\"https:\\\/\\\/diariodepe.com.br\\\/cri\\\/\",\"logo\":{\"@type\":\"ImageObject\",\"inLanguage\":\"pt-BR\",\"@id\":\"https:\\\/\\\/diariodepe.com.br\\\/cri\\\/#\\\/schema\\\/logo\\\/image\\\/\",\"url\":\"https:\\\/\\\/diariodepe.com.br\\\/cri\\\/wp-content\\\/uploads\\\/sites\\\/2\\\/2022\\\/12\\\/cropped-Logo.jpg\",\"contentUrl\":\"https:\\\/\\\/diariodepe.com.br\\\/cri\\\/wp-content\\\/uploads\\\/sites\\\/2\\\/2022\\\/12\\\/cropped-Logo.jpg\",\"width\":700,\"height\":59,\"caption\":\"CRI e Diario de Pernambuco\"},\"image\":{\"@id\":\"https:\\\/\\\/diariodepe.com.br\\\/cri\\\/#\\\/schema\\\/logo\\\/image\\\/\"}},{\"@type\":\"Person\",\"@id\":\"https:\\\/\\\/diariodepe.com.br\\\/cri\\\/#\\\/schema\\\/person\\\/121bb28d84f1a5b1205ef4ce9c2e0c6b\",\"name\":\"Ismael Lucas S. Pereira\",\"image\":{\"@type\":\"ImageObject\",\"inLanguage\":\"pt-BR\",\"@id\":\"https:\\\/\\\/secure.gravatar.com\\\/avatar\\\/887a0f3b5a7ceea963a48499fb883ffce6b5037362def025c52c2505b15d63e4?s=96&d=mm&r=g\",\"url\":\"https:\\\/\\\/secure.gravatar.com\\\/avatar\\\/887a0f3b5a7ceea963a48499fb883ffce6b5037362def025c52c2505b15d63e4?s=96&d=mm&r=g\",\"contentUrl\":\"https:\\\/\\\/secure.gravatar.com\\\/avatar\\\/887a0f3b5a7ceea963a48499fb883ffce6b5037362def025c52c2505b15d63e4?s=96&d=mm&r=g\",\"caption\":\"Ismael Lucas S. Pereira\"},\"url\":\"https:\\\/\\\/diariodepe.com.br\\\/cri\\\/author\\\/ismael-lucas\\\/\"}]}<\/script>\n<!-- \/ Yoast SEO plugin. -->","yoast_head_json":{"title":"Xi Jinping felicita abertura do F\u00f3rum de Desenvolvimento Verde da OCS - CRI e Diario de Pernambuco","robots":{"index":"index","follow":"follow","max-snippet":"max-snippet:-1","max-image-preview":"max-image-preview:large","max-video-preview":"max-video-preview:-1"},"canonical":"https:\/\/diariodepe.com.br\/cri\/2024\/07\/15\/xi-jinping-felicita-abertura-do-forum-de-desenvolvimento-verde-da-ocs\/","og_locale":"pt_BR","og_type":"article","og_title":"Xi Jinping felicita abertura do F\u00f3rum de Desenvolvimento Verde da OCS - CRI e Diario de Pernambuco","og_description":"O presidente chin\u00eas Xi Jinping enviou nesta segunda-feira (8) uma carta de felicita\u00e7\u00e3o para o F\u00f3rum de Desenvolvimento Verde da Organiza\u00e7\u00e3o de Coopera\u00e7\u00e3o de Shanghai (OCS), inaugurado na mesma data, na cidade litor\u00e2nea de Qingdao, na prov\u00edncia de Shandong. Ele...","og_url":"https:\/\/diariodepe.com.br\/cri\/2024\/07\/15\/xi-jinping-felicita-abertura-do-forum-de-desenvolvimento-verde-da-ocs\/","og_site_name":"CRI e Diario de Pernambuco","article_published_time":"2024-07-15T08:20:50+00:00","author":"Ismael Lucas S. Pereira","twitter_card":"summary_large_image","twitter_misc":{"Escrito por":"Ismael Lucas S. Pereira","Est. tempo de leitura":"2 minutos"},"schema":{"@context":"https:\/\/schema.org","@graph":[{"@type":"Article","@id":"https:\/\/diariodepe.com.br\/cri\/2024\/07\/15\/xi-jinping-felicita-abertura-do-forum-de-desenvolvimento-verde-da-ocs\/#article","isPartOf":{"@id":"https:\/\/diariodepe.com.br\/cri\/2024\/07\/15\/xi-jinping-felicita-abertura-do-forum-de-desenvolvimento-verde-da-ocs\/"},"author":{"name":"Ismael Lucas S. Pereira","@id":"https:\/\/diariodepe.com.br\/cri\/#\/schema\/person\/121bb28d84f1a5b1205ef4ce9c2e0c6b"},"headline":"Xi Jinping felicita abertura do F\u00f3rum de Desenvolvimento Verde da OCS","datePublished":"2024-07-15T08:20:50+00:00","mainEntityOfPage":{"@id":"https:\/\/diariodepe.com.br\/cri\/2024\/07\/15\/xi-jinping-felicita-abertura-do-forum-de-desenvolvimento-verde-da-ocs\/"},"wordCount":271,"commentCount":0,"publisher":{"@id":"https:\/\/diariodepe.com.br\/cri\/#organization"},"articleSection":["China"],"inLanguage":"pt-BR","potentialAction":[{"@type":"CommentAction","name":"Comment","target":["https:\/\/diariodepe.com.br\/cri\/2024\/07\/15\/xi-jinping-felicita-abertura-do-forum-de-desenvolvimento-verde-da-ocs\/#respond"]}]},{"@type":"WebPage","@id":"https:\/\/diariodepe.com.br\/cri\/2024\/07\/15\/xi-jinping-felicita-abertura-do-forum-de-desenvolvimento-verde-da-ocs\/","url":"https:\/\/diariodepe.com.br\/cri\/2024\/07\/15\/xi-jinping-felicita-abertura-do-forum-de-desenvolvimento-verde-da-ocs\/","name":"Xi Jinping felicita abertura do F\u00f3rum de Desenvolvimento Verde da OCS - CRI e Diario de Pernambuco","isPartOf":{"@id":"https:\/\/diariodepe.com.br\/cri\/#website"},"datePublished":"2024-07-15T08:20:50+00:00","breadcrumb":{"@id":"https:\/\/diariodepe.com.br\/cri\/2024\/07\/15\/xi-jinping-felicita-abertura-do-forum-de-desenvolvimento-verde-da-ocs\/#breadcrumb"},"inLanguage":"pt-BR","potentialAction":[{"@type":"ReadAction","target":["https:\/\/diariodepe.com.br\/cri\/2024\/07\/15\/xi-jinping-felicita-abertura-do-forum-de-desenvolvimento-verde-da-ocs\/"]}]},{"@type":"BreadcrumbList","@id":"https:\/\/diariodepe.com.br\/cri\/2024\/07\/15\/xi-jinping-felicita-abertura-do-forum-de-desenvolvimento-verde-da-ocs\/#breadcrumb","itemListElement":[{"@type":"ListItem","position":1,"name":"In\u00edcio","item":"https:\/\/diariodepe.com.br\/cri\/"},{"@type":"ListItem","position":2,"name":"Xi Jinping felicita abertura do F\u00f3rum de Desenvolvimento Verde da OCS"}]},{"@type":"WebSite","@id":"https:\/\/diariodepe.com.br\/cri\/#website","url":"https:\/\/diariodepe.com.br\/cri\/","name":"CRI e Diario de Pernambuco","description":"R\u00e1dio Internacional da China","publisher":{"@id":"https:\/\/diariodepe.com.br\/cri\/#organization"},"potentialAction":[{"@type":"SearchAction","target":{"@type":"EntryPoint","urlTemplate":"https:\/\/diariodepe.com.br\/cri\/?s={search_term_string}"},"query-input":{"@type":"PropertyValueSpecification","valueRequired":true,"valueName":"search_term_string"}}],"inLanguage":"pt-BR"},{"@type":"Organization","@id":"https:\/\/diariodepe.com.br\/cri\/#organization","name":"CRI e Diario de Pernambuco","url":"https:\/\/diariodepe.com.br\/cri\/","logo":{"@type":"ImageObject","inLanguage":"pt-BR","@id":"https:\/\/diariodepe.com.br\/cri\/#\/schema\/logo\/image\/","url":"https:\/\/diariodepe.com.br\/cri\/wp-content\/uploads\/sites\/2\/2022\/12\/cropped-Logo.jpg","contentUrl":"https:\/\/diariodepe.com.br\/cri\/wp-content\/uploads\/sites\/2\/2022\/12\/cropped-Logo.jpg","width":700,"height":59,"caption":"CRI e Diario de Pernambuco"},"image":{"@id":"https:\/\/diariodepe.com.br\/cri\/#\/schema\/logo\/image\/"}},{"@type":"Person","@id":"https:\/\/diariodepe.com.br\/cri\/#\/schema\/person\/121bb28d84f1a5b1205ef4ce9c2e0c6b","name":"Ismael Lucas S. Pereira","image":{"@type":"ImageObject","inLanguage":"pt-BR","@id":"https:\/\/secure.gravatar.com\/avatar\/887a0f3b5a7ceea963a48499fb883ffce6b5037362def025c52c2505b15d63e4?s=96&d=mm&r=g","url":"https:\/\/secure.gravatar.com\/avatar\/887a0f3b5a7ceea963a48499fb883ffce6b5037362def025c52c2505b15d63e4?s=96&d=mm&r=g","contentUrl":"https:\/\/secure.gravatar.com\/avatar\/887a0f3b5a7ceea963a48499fb883ffce6b5037362def025c52c2505b15d63e4?s=96&d=mm&r=g","caption":"Ismael Lucas S. Pereira"},"url":"https:\/\/diariodepe.com.br\/cri\/author\/ismael-lucas\/"}]}},"cc_featured_image_caption":{"caption_text":false,"source_text":false,"source_url":false},"amp_enabled":true,"_links":{"self":[{"href":"https:\/\/diariodepe.com.br\/cri\/wp-json\/wp\/v2\/posts\/5720","targetHints":{"allow":["GET"]}}],"collection":[{"href":"https:\/\/diariodepe.com.br\/cri\/wp-json\/wp\/v2\/posts"}],"about":[{"href":"https:\/\/diariodepe.com.br\/cri\/wp-json\/wp\/v2\/types\/post"}],"author":[{"embeddable":true,"href":"https:\/\/diariodepe.com.br\/cri\/wp-json\/wp\/v2\/users\/2"}],"replies":[{"embeddable":true,"href":"https:\/\/diariodepe.com.br\/cri\/wp-json\/wp\/v2\/comments?post=5720"}],"version-history":[{"count":1,"href":"https:\/\/diariodepe.com.br\/cri\/wp-json\/wp\/v2\/posts\/5720\/revisions"}],"predecessor-version":[{"id":5721,"href":"https:\/\/diariodepe.com.br\/cri\/wp-json\/wp\/v2\/posts\/5720\/revisions\/5721"}],"wp:attachment":[{"href":"https:\/\/diariodepe.com.br\/cri\/wp-json\/wp\/v2\/media?parent=5720"}],"wp:term":[{"taxonomy":"category","embeddable":true,"href":"https:\/\/diariodepe.com.br\/cri\/wp-json\/wp\/v2\/categories?post=5720"},{"taxonomy":"post_tag","embeddable":true,"href":"https:\/\/diariodepe.com.br\/cri\/wp-json\/wp\/v2\/tags?post=5720"}],"curies":[{"name":"wp","href":"https:\/\/api.w.org\/{rel}","templated":true}]}}