{"id":5718,"date":"2024-07-15T03:59:19","date_gmt":"2024-07-15T06:59:19","guid":{"rendered":"https:\/\/diariodepe.com.br\/cri\/?p=5718"},"modified":"2024-07-15T03:59:19","modified_gmt":"2024-07-15T06:59:19","slug":"xi-jinping-apresenta-relatorio-de-trabalho-para-sessao-plenaria-do-comite-central-do-pcch","status":"publish","type":"post","link":"https:\/\/diariodepe.com.br\/cri\/2024\/07\/15\/xi-jinping-apresenta-relatorio-de-trabalho-para-sessao-plenaria-do-comite-central-do-pcch\/","title":{"rendered":"Xi Jinping apresenta relat\u00f3rio de trabalho para sess\u00e3o plen\u00e1ria do Comit\u00ea Central do PCCh"},"content":{"rendered":"<p>O secret\u00e1rio-geral do Comit\u00ea Central do Partido Comunista da China (PCCh), Xi Jinping, apresentou um relat\u00f3rio de trabalho em nome do Bir\u00f4 Pol\u00edtico do \u00f3rg\u00e3o para a 3\u00aa sess\u00e3o plen\u00e1ria do 20\u00ba Comit\u00ea Central do PCCh que come\u00e7ou nesta segunda-feira (15) em Beijing.<\/p>\n<p>Al\u00e9m disso, Xi Jinping tamb\u00e9m explicou sobre o Esbo\u00e7o da Decis\u00e3o do Comit\u00ea Central do PCCh de Continuar Aprofundando Integralmente as Reformas e Promovendo a Moderniza\u00e7\u00e3o Chinesa, documento que ser\u00e1 debatido pelos participantes nos pr\u00f3ximos dias.<\/p>\n","protected":false},"excerpt":{"rendered":"<p>O secret\u00e1rio-geral do Comit\u00ea Central do Partido Comunista da China (PCCh), Xi Jinping, apresentou um relat\u00f3rio de trabalho em nome do Bir\u00f4 Pol\u00edtico do \u00f3rg\u00e3o para a 3\u00aa sess\u00e3o plen\u00e1ria do 20\u00ba Comit\u00ea Central do PCCh que come\u00e7ou nesta segunda-feira&#8230;<\/p>\n","protected":false},"author":2,"featured_media":0,"comment_status":"open","ping_status":"open","sticky":false,"template":"","format":"standard","meta":{"footnotes":""},"categories":[3],"tags":[],"class_list":["post-5718","post","type-post","status-publish","format-standard","hentry","category-china"],"yoast_head":"<!-- This site is optimized with the Yoast SEO plugin v27.4 - https:\/\/yoast.com\/product\/yoast-seo-wordpress\/ -->\n<title>Xi Jinping apresenta relat\u00f3rio de trabalho para sess\u00e3o plen\u00e1ria do Comit\u00ea Central do PCCh - CRI e Diario de Pernambuco<\/title>\n<meta name=\"robots\" content=\"index, follow, max-snippet:-1, max-image-preview:large, max-video-preview:-1\" \/>\n<link rel=\"canonical\" href=\"https:\/\/diariodepe.com.br\/cri\/2024\/07\/15\/xi-jinping-apresenta-relatorio-de-trabalho-para-sessao-plenaria-do-comite-central-do-pcch\/\" \/>\n<meta property=\"og:locale\" content=\"pt_BR\" \/>\n<meta property=\"og:type\" content=\"article\" \/>\n<meta property=\"og:title\" content=\"Xi Jinping apresenta relat\u00f3rio de trabalho para sess\u00e3o plen\u00e1ria do Comit\u00ea Central do PCCh - CRI e Diario de Pernambuco\" \/>\n<meta property=\"og:description\" content=\"O secret\u00e1rio-geral do Comit\u00ea Central do Partido Comunista da China (PCCh), Xi Jinping, apresentou um relat\u00f3rio de trabalho em nome do Bir\u00f4 Pol\u00edtico do \u00f3rg\u00e3o para a 3\u00aa sess\u00e3o plen\u00e1ria do 20\u00ba Comit\u00ea Central do PCCh que come\u00e7ou nesta segunda-feira...\" \/>\n<meta property=\"og:url\" content=\"https:\/\/diariodepe.com.br\/cri\/2024\/07\/15\/xi-jinping-apresenta-relatorio-de-trabalho-para-sessao-plenaria-do-comite-central-do-pcch\/\" \/>\n<meta property=\"og:site_name\" content=\"CRI e Diario de Pernambuco\" \/>\n<meta property=\"article:published_time\" content=\"2024-07-15T06:59:19+00:00\" \/>\n<meta name=\"author\" content=\"Ismael Lucas S. Pereira\" \/>\n<meta name=\"twitter:card\" content=\"summary_large_image\" \/>\n<meta name=\"twitter:label1\" content=\"Escrito por\" \/>\n\t<meta name=\"twitter:data1\" content=\"Ismael Lucas S. Pereira\" \/>\n<script type=\"application\/ld+json\" class=\"yoast-schema-graph\">{\"@context\":\"https:\\\/\\\/schema.org\",\"@graph\":[{\"@type\":\"Article\",\"@id\":\"https:\\\/\\\/diariodepe.com.br\\\/cri\\\/2024\\\/07\\\/15\\\/xi-jinping-apresenta-relatorio-de-trabalho-para-sessao-plenaria-do-comite-central-do-pcch\\\/#article\",\"isPartOf\":{\"@id\":\"https:\\\/\\\/diariodepe.com.br\\\/cri\\\/2024\\\/07\\\/15\\\/xi-jinping-apresenta-relatorio-de-trabalho-para-sessao-plenaria-do-comite-central-do-pcch\\\/\"},\"author\":{\"name\":\"Ismael Lucas S. Pereira\",\"@id\":\"https:\\\/\\\/diariodepe.com.br\\\/cri\\\/#\\\/schema\\\/person\\\/121bb28d84f1a5b1205ef4ce9c2e0c6b\"},\"headline\":\"Xi Jinping apresenta relat\u00f3rio de trabalho para sess\u00e3o plen\u00e1ria do Comit\u00ea Central do PCCh\",\"datePublished\":\"2024-07-15T06:59:19+00:00\",\"mainEntityOfPage\":{\"@id\":\"https:\\\/\\\/diariodepe.com.br\\\/cri\\\/2024\\\/07\\\/15\\\/xi-jinping-apresenta-relatorio-de-trabalho-para-sessao-plenaria-do-comite-central-do-pcch\\\/\"},\"wordCount\":106,\"commentCount\":0,\"publisher\":{\"@id\":\"https:\\\/\\\/diariodepe.com.br\\\/cri\\\/#organization\"},\"articleSection\":[\"China\"],\"inLanguage\":\"pt-BR\",\"potentialAction\":[{\"@type\":\"CommentAction\",\"name\":\"Comment\",\"target\":[\"https:\\\/\\\/diariodepe.com.br\\\/cri\\\/2024\\\/07\\\/15\\\/xi-jinping-apresenta-relatorio-de-trabalho-para-sessao-plenaria-do-comite-central-do-pcch\\\/#respond\"]}]},{\"@type\":\"WebPage\",\"@id\":\"https:\\\/\\\/diariodepe.com.br\\\/cri\\\/2024\\\/07\\\/15\\\/xi-jinping-apresenta-relatorio-de-trabalho-para-sessao-plenaria-do-comite-central-do-pcch\\\/\",\"url\":\"https:\\\/\\\/diariodepe.com.br\\\/cri\\\/2024\\\/07\\\/15\\\/xi-jinping-apresenta-relatorio-de-trabalho-para-sessao-plenaria-do-comite-central-do-pcch\\\/\",\"name\":\"Xi Jinping apresenta relat\u00f3rio de trabalho para sess\u00e3o plen\u00e1ria do Comit\u00ea Central do PCCh - CRI e Diario de Pernambuco\",\"isPartOf\":{\"@id\":\"https:\\\/\\\/diariodepe.com.br\\\/cri\\\/#website\"},\"datePublished\":\"2024-07-15T06:59:19+00:00\",\"breadcrumb\":{\"@id\":\"https:\\\/\\\/diariodepe.com.br\\\/cri\\\/2024\\\/07\\\/15\\\/xi-jinping-apresenta-relatorio-de-trabalho-para-sessao-plenaria-do-comite-central-do-pcch\\\/#breadcrumb\"},\"inLanguage\":\"pt-BR\",\"potentialAction\":[{\"@type\":\"ReadAction\",\"target\":[\"https:\\\/\\\/diariodepe.com.br\\\/cri\\\/2024\\\/07\\\/15\\\/xi-jinping-apresenta-relatorio-de-trabalho-para-sessao-plenaria-do-comite-central-do-pcch\\\/\"]}]},{\"@type\":\"BreadcrumbList\",\"@id\":\"https:\\\/\\\/diariodepe.com.br\\\/cri\\\/2024\\\/07\\\/15\\\/xi-jinping-apresenta-relatorio-de-trabalho-para-sessao-plenaria-do-comite-central-do-pcch\\\/#breadcrumb\",\"itemListElement\":[{\"@type\":\"ListItem\",\"position\":1,\"name\":\"In\u00edcio\",\"item\":\"https:\\\/\\\/diariodepe.com.br\\\/cri\\\/\"},{\"@type\":\"ListItem\",\"position\":2,\"name\":\"Xi Jinping apresenta relat\u00f3rio de trabalho para sess\u00e3o plen\u00e1ria do Comit\u00ea Central do PCCh\"}]},{\"@type\":\"WebSite\",\"@id\":\"https:\\\/\\\/diariodepe.com.br\\\/cri\\\/#website\",\"url\":\"https:\\\/\\\/diariodepe.com.br\\\/cri\\\/\",\"name\":\"CRI e Diario de Pernambuco\",\"description\":\"R\u00e1dio Internacional da China\",\"publisher\":{\"@id\":\"https:\\\/\\\/diariodepe.com.br\\\/cri\\\/#organization\"},\"potentialAction\":[{\"@type\":\"SearchAction\",\"target\":{\"@type\":\"EntryPoint\",\"urlTemplate\":\"https:\\\/\\\/diariodepe.com.br\\\/cri\\\/?s={search_term_string}\"},\"query-input\":{\"@type\":\"PropertyValueSpecification\",\"valueRequired\":true,\"valueName\":\"search_term_string\"}}],\"inLanguage\":\"pt-BR\"},{\"@type\":\"Organization\",\"@id\":\"https:\\\/\\\/diariodepe.com.br\\\/cri\\\/#organization\",\"name\":\"CRI e Diario de Pernambuco\",\"url\":\"https:\\\/\\\/diariodepe.com.br\\\/cri\\\/\",\"logo\":{\"@type\":\"ImageObject\",\"inLanguage\":\"pt-BR\",\"@id\":\"https:\\\/\\\/diariodepe.com.br\\\/cri\\\/#\\\/schema\\\/logo\\\/image\\\/\",\"url\":\"https:\\\/\\\/diariodepe.com.br\\\/cri\\\/wp-content\\\/uploads\\\/sites\\\/2\\\/2022\\\/12\\\/cropped-Logo.jpg\",\"contentUrl\":\"https:\\\/\\\/diariodepe.com.br\\\/cri\\\/wp-content\\\/uploads\\\/sites\\\/2\\\/2022\\\/12\\\/cropped-Logo.jpg\",\"width\":700,\"height\":59,\"caption\":\"CRI e Diario de Pernambuco\"},\"image\":{\"@id\":\"https:\\\/\\\/diariodepe.com.br\\\/cri\\\/#\\\/schema\\\/logo\\\/image\\\/\"}},{\"@type\":\"Person\",\"@id\":\"https:\\\/\\\/diariodepe.com.br\\\/cri\\\/#\\\/schema\\\/person\\\/121bb28d84f1a5b1205ef4ce9c2e0c6b\",\"name\":\"Ismael Lucas S. Pereira\",\"image\":{\"@type\":\"ImageObject\",\"inLanguage\":\"pt-BR\",\"@id\":\"https:\\\/\\\/secure.gravatar.com\\\/avatar\\\/887a0f3b5a7ceea963a48499fb883ffce6b5037362def025c52c2505b15d63e4?s=96&d=mm&r=g\",\"url\":\"https:\\\/\\\/secure.gravatar.com\\\/avatar\\\/887a0f3b5a7ceea963a48499fb883ffce6b5037362def025c52c2505b15d63e4?s=96&d=mm&r=g\",\"contentUrl\":\"https:\\\/\\\/secure.gravatar.com\\\/avatar\\\/887a0f3b5a7ceea963a48499fb883ffce6b5037362def025c52c2505b15d63e4?s=96&d=mm&r=g\",\"caption\":\"Ismael Lucas S. Pereira\"},\"url\":\"https:\\\/\\\/diariodepe.com.br\\\/cri\\\/author\\\/ismael-lucas\\\/\"}]}<\/script>\n<!-- \/ Yoast SEO plugin. -->","yoast_head_json":{"title":"Xi Jinping apresenta relat\u00f3rio de trabalho para sess\u00e3o plen\u00e1ria do Comit\u00ea Central do PCCh - CRI e Diario de Pernambuco","robots":{"index":"index","follow":"follow","max-snippet":"max-snippet:-1","max-image-preview":"max-image-preview:large","max-video-preview":"max-video-preview:-1"},"canonical":"https:\/\/diariodepe.com.br\/cri\/2024\/07\/15\/xi-jinping-apresenta-relatorio-de-trabalho-para-sessao-plenaria-do-comite-central-do-pcch\/","og_locale":"pt_BR","og_type":"article","og_title":"Xi Jinping apresenta relat\u00f3rio de trabalho para sess\u00e3o plen\u00e1ria do Comit\u00ea Central do PCCh - CRI e Diario de Pernambuco","og_description":"O secret\u00e1rio-geral do Comit\u00ea Central do Partido Comunista da China (PCCh), Xi Jinping, apresentou um relat\u00f3rio de trabalho em nome do Bir\u00f4 Pol\u00edtico do \u00f3rg\u00e3o para a 3\u00aa sess\u00e3o plen\u00e1ria do 20\u00ba Comit\u00ea Central do PCCh que come\u00e7ou nesta segunda-feira...","og_url":"https:\/\/diariodepe.com.br\/cri\/2024\/07\/15\/xi-jinping-apresenta-relatorio-de-trabalho-para-sessao-plenaria-do-comite-central-do-pcch\/","og_site_name":"CRI e Diario de Pernambuco","article_published_time":"2024-07-15T06:59:19+00:00","author":"Ismael Lucas S. Pereira","twitter_card":"summary_large_image","twitter_misc":{"Escrito por":"Ismael Lucas S. Pereira"},"schema":{"@context":"https:\/\/schema.org","@graph":[{"@type":"Article","@id":"https:\/\/diariodepe.com.br\/cri\/2024\/07\/15\/xi-jinping-apresenta-relatorio-de-trabalho-para-sessao-plenaria-do-comite-central-do-pcch\/#article","isPartOf":{"@id":"https:\/\/diariodepe.com.br\/cri\/2024\/07\/15\/xi-jinping-apresenta-relatorio-de-trabalho-para-sessao-plenaria-do-comite-central-do-pcch\/"},"author":{"name":"Ismael Lucas S. Pereira","@id":"https:\/\/diariodepe.com.br\/cri\/#\/schema\/person\/121bb28d84f1a5b1205ef4ce9c2e0c6b"},"headline":"Xi Jinping apresenta relat\u00f3rio de trabalho para sess\u00e3o plen\u00e1ria do Comit\u00ea Central do PCCh","datePublished":"2024-07-15T06:59:19+00:00","mainEntityOfPage":{"@id":"https:\/\/diariodepe.com.br\/cri\/2024\/07\/15\/xi-jinping-apresenta-relatorio-de-trabalho-para-sessao-plenaria-do-comite-central-do-pcch\/"},"wordCount":106,"commentCount":0,"publisher":{"@id":"https:\/\/diariodepe.com.br\/cri\/#organization"},"articleSection":["China"],"inLanguage":"pt-BR","potentialAction":[{"@type":"CommentAction","name":"Comment","target":["https:\/\/diariodepe.com.br\/cri\/2024\/07\/15\/xi-jinping-apresenta-relatorio-de-trabalho-para-sessao-plenaria-do-comite-central-do-pcch\/#respond"]}]},{"@type":"WebPage","@id":"https:\/\/diariodepe.com.br\/cri\/2024\/07\/15\/xi-jinping-apresenta-relatorio-de-trabalho-para-sessao-plenaria-do-comite-central-do-pcch\/","url":"https:\/\/diariodepe.com.br\/cri\/2024\/07\/15\/xi-jinping-apresenta-relatorio-de-trabalho-para-sessao-plenaria-do-comite-central-do-pcch\/","name":"Xi Jinping apresenta relat\u00f3rio de trabalho para sess\u00e3o plen\u00e1ria do Comit\u00ea Central do PCCh - CRI e Diario de Pernambuco","isPartOf":{"@id":"https:\/\/diariodepe.com.br\/cri\/#website"},"datePublished":"2024-07-15T06:59:19+00:00","breadcrumb":{"@id":"https:\/\/diariodepe.com.br\/cri\/2024\/07\/15\/xi-jinping-apresenta-relatorio-de-trabalho-para-sessao-plenaria-do-comite-central-do-pcch\/#breadcrumb"},"inLanguage":"pt-BR","potentialAction":[{"@type":"ReadAction","target":["https:\/\/diariodepe.com.br\/cri\/2024\/07\/15\/xi-jinping-apresenta-relatorio-de-trabalho-para-sessao-plenaria-do-comite-central-do-pcch\/"]}]},{"@type":"BreadcrumbList","@id":"https:\/\/diariodepe.com.br\/cri\/2024\/07\/15\/xi-jinping-apresenta-relatorio-de-trabalho-para-sessao-plenaria-do-comite-central-do-pcch\/#breadcrumb","itemListElement":[{"@type":"ListItem","position":1,"name":"In\u00edcio","item":"https:\/\/diariodepe.com.br\/cri\/"},{"@type":"ListItem","position":2,"name":"Xi Jinping apresenta relat\u00f3rio de trabalho para sess\u00e3o plen\u00e1ria do Comit\u00ea Central do PCCh"}]},{"@type":"WebSite","@id":"https:\/\/diariodepe.com.br\/cri\/#website","url":"https:\/\/diariodepe.com.br\/cri\/","name":"CRI e Diario de Pernambuco","description":"R\u00e1dio Internacional da China","publisher":{"@id":"https:\/\/diariodepe.com.br\/cri\/#organization"},"potentialAction":[{"@type":"SearchAction","target":{"@type":"EntryPoint","urlTemplate":"https:\/\/diariodepe.com.br\/cri\/?s={search_term_string}"},"query-input":{"@type":"PropertyValueSpecification","valueRequired":true,"valueName":"search_term_string"}}],"inLanguage":"pt-BR"},{"@type":"Organization","@id":"https:\/\/diariodepe.com.br\/cri\/#organization","name":"CRI e Diario de Pernambuco","url":"https:\/\/diariodepe.com.br\/cri\/","logo":{"@type":"ImageObject","inLanguage":"pt-BR","@id":"https:\/\/diariodepe.com.br\/cri\/#\/schema\/logo\/image\/","url":"https:\/\/diariodepe.com.br\/cri\/wp-content\/uploads\/sites\/2\/2022\/12\/cropped-Logo.jpg","contentUrl":"https:\/\/diariodepe.com.br\/cri\/wp-content\/uploads\/sites\/2\/2022\/12\/cropped-Logo.jpg","width":700,"height":59,"caption":"CRI e Diario de Pernambuco"},"image":{"@id":"https:\/\/diariodepe.com.br\/cri\/#\/schema\/logo\/image\/"}},{"@type":"Person","@id":"https:\/\/diariodepe.com.br\/cri\/#\/schema\/person\/121bb28d84f1a5b1205ef4ce9c2e0c6b","name":"Ismael Lucas S. Pereira","image":{"@type":"ImageObject","inLanguage":"pt-BR","@id":"https:\/\/secure.gravatar.com\/avatar\/887a0f3b5a7ceea963a48499fb883ffce6b5037362def025c52c2505b15d63e4?s=96&d=mm&r=g","url":"https:\/\/secure.gravatar.com\/avatar\/887a0f3b5a7ceea963a48499fb883ffce6b5037362def025c52c2505b15d63e4?s=96&d=mm&r=g","contentUrl":"https:\/\/secure.gravatar.com\/avatar\/887a0f3b5a7ceea963a48499fb883ffce6b5037362def025c52c2505b15d63e4?s=96&d=mm&r=g","caption":"Ismael Lucas S. Pereira"},"url":"https:\/\/diariodepe.com.br\/cri\/author\/ismael-lucas\/"}]}},"cc_featured_image_caption":{"caption_text":false,"source_text":false,"source_url":false},"amp_enabled":true,"_links":{"self":[{"href":"https:\/\/diariodepe.com.br\/cri\/wp-json\/wp\/v2\/posts\/5718","targetHints":{"allow":["GET"]}}],"collection":[{"href":"https:\/\/diariodepe.com.br\/cri\/wp-json\/wp\/v2\/posts"}],"about":[{"href":"https:\/\/diariodepe.com.br\/cri\/wp-json\/wp\/v2\/types\/post"}],"author":[{"embeddable":true,"href":"https:\/\/diariodepe.com.br\/cri\/wp-json\/wp\/v2\/users\/2"}],"replies":[{"embeddable":true,"href":"https:\/\/diariodepe.com.br\/cri\/wp-json\/wp\/v2\/comments?post=5718"}],"version-history":[{"count":1,"href":"https:\/\/diariodepe.com.br\/cri\/wp-json\/wp\/v2\/posts\/5718\/revisions"}],"predecessor-version":[{"id":5719,"href":"https:\/\/diariodepe.com.br\/cri\/wp-json\/wp\/v2\/posts\/5718\/revisions\/5719"}],"wp:attachment":[{"href":"https:\/\/diariodepe.com.br\/cri\/wp-json\/wp\/v2\/media?parent=5718"}],"wp:term":[{"taxonomy":"category","embeddable":true,"href":"https:\/\/diariodepe.com.br\/cri\/wp-json\/wp\/v2\/categories?post=5718"},{"taxonomy":"post_tag","embeddable":true,"href":"https:\/\/diariodepe.com.br\/cri\/wp-json\/wp\/v2\/tags?post=5718"}],"curies":[{"name":"wp","href":"https:\/\/api.w.org\/{rel}","templated":true}]}}