{"id":5710,"date":"2024-07-14T05:43:12","date_gmt":"2024-07-14T08:43:12","guid":{"rendered":"https:\/\/diariodepe.com.br\/cri\/?p=5710"},"modified":"2024-07-14T05:43:12","modified_gmt":"2024-07-14T08:43:12","slug":"xi-jinping-conversa-com-primeiro-ministro-de-vanuatu","status":"publish","type":"post","link":"https:\/\/diariodepe.com.br\/cri\/2024\/07\/14\/xi-jinping-conversa-com-primeiro-ministro-de-vanuatu\/","title":{"rendered":"Xi Jinping conversa com primeiro-ministro de Vanuatu"},"content":{"rendered":"<p>O presidente chin\u00eas, Xi Jinping. reuniu-se na tarde desta sexta-feira (12), hora local, no Grande Pal\u00e1cio\u00a0do Povo, em Beijing,\u00a0com o primeiro-ministro de Vanuatu, Charlot Salwai, que est\u00e1 em uma visita oficial\u00a0\u00e0 China.<\/p>\n<p>O presidente Xi Jinping expressou seu apre\u00e7o pelo papel de Salwai na promo\u00e7\u00e3o das rela\u00e7\u00f5es China-Vanuatu e afirmou que Vanuatu \u00e9 um bom amigo e parceiro da China na regi\u00e3o do Pac\u00edfico. Nos \u00faltimos 42 anos, desde o estabelecimento das rela\u00e7\u00f5es bilaterais, os dois pa\u00edses mant\u00eam uma amizade duradoura e demonstram apoio m\u00fatuo firme em quest\u00f5es de interesses centrais dos dois lados.<\/p>\n<p>A China atribui grande import\u00e2ncia ao desenvolvimento das rela\u00e7\u00f5es bilaterais e est\u00e1 disposta a continuar aprofundando o alto n\u00edvel de confian\u00e7a pol\u00edtica m\u00fatua, promovendo, em conjunto com Vanuatu, o desenvolvimento de alta qualidade da Iniciativa Cintur\u00e3o e Rota, aprofundando a amizade e a coopera\u00e7\u00e3o em todos os sentidos e trabalhando em conjunto para construir uma comunidade China-Vanuatu com futuro compartilhado da nova era.<\/p>\n<p>A China est\u00e1 disposta a trocar experi\u00eancias com Vanuatu em governan\u00e7a, compartilhar oportunidades de moderniza\u00e7\u00e3o ao estilo chin\u00eas, fortalecer o acoplamento de estrat\u00e9gias de desenvolvimento, aprofundar coopera\u00e7\u00f5es pr\u00e1ticas nas \u00e1reas de infraestrutura, economia, com\u00e9rcio e investimento e resposta \u00e0 mudan\u00e7a clim\u00e1tica, al\u00e9m de incentivar as empresas chinesas a fortalecerem coopera\u00e7\u00f5es e investimentos com Vanuatu. A China continuar\u00e1 fornecendo assist\u00eancia econ\u00f4mica e t\u00e9cnica a Vanuatu sem qualquer condi\u00e7\u00e3o pol\u00edtica e ajudar\u00e1 o pa\u00eds a trilhar o caminho do desenvolvimento e da prosperidade.<\/p>\n<p>Xi enfatizou que a China insiste na igualdade de todos os pa\u00edses, sejam grandes ou pequenos. O pa\u00eds n\u00e3o busca a rivalidade entre grandes pot\u00eancias, n\u00e3o cria esfera geopol\u00edtica para exercer sua influ\u00eancia e n\u00e3o interfere nos assuntos internos de outros pa\u00edses ou for\u00e7a os outros a escolher um lado. O lado chin\u00eas sempre est\u00e1 do lado da corre\u00e7\u00e3o hist\u00f3rica e da equidade e justi\u00e7a.<\/p>\n<p>A China \u00e9 promotora e contribuidora da coexist\u00eancia pac\u00edfica e do desenvolvimento comum na regi\u00e3o do Pac\u00edfico. O voto da China nas Na\u00e7\u00f5es Unidas sempre pertencer\u00e1 aos pa\u00edses em desenvolvimento. O pa\u00eds valoriza suas rela\u00e7\u00f5es com os pa\u00edses insulares do Pac\u00edfico, a partir da perspectiva de promover a constru\u00e7\u00e3o de uma comunidade com futuro compartilhado, e est\u00e1 disposto a continuar a prestar assist\u00eancia para o desenvolvimento econ\u00f4mico e social e para a melhoria dos meios de subsist\u00eancia dos povos dos pa\u00edses insulares, al\u00e9m de os apoiar na acelera\u00e7\u00e3o da realiza\u00e7\u00e3o da meta de desenvolvimento sustent\u00e1vel e independente.<\/p>\n<p>Salwai destacou que, nos 42 anos desde o estabelecimento das rela\u00e7\u00f5es diplom\u00e1ticas entre as duas na\u00e7\u00f5es, os dois lados mant\u00eam um desenvolvimento bilateral bom e forte. Sob a excelente lideran\u00e7a do presidente Xi Jinping, a China obt\u00e9m grandes conquistas no desenvolvimento, mant\u00e9m a uni\u00e3o e a estabilidade do pa\u00eds e promove o rejuvenescimento nacional, com a moderniza\u00e7\u00e3o ao estilo chin\u00eas, pela qual seu pa\u00eds expressa profunda admira\u00e7\u00e3o.<\/p>\n<p>As tr\u00eas iniciativas globais do presidente Xi Jinping e o conceito de constru\u00e7\u00e3o de uma comunidade com futuro compartilhado s\u00e3o de grande import\u00e2ncia para a defesa da justi\u00e7a internacional e a promo\u00e7\u00e3o do desenvolvimento comum. A China adere aos Cinco Princ\u00edpios de Coexist\u00eancia Pac\u00edfica e trata pequenos pa\u00edses de forma igualit\u00e1ria, demonstrando plenamente sua igualdade e respeito.<\/p>\n<p>O governo de Vanuatu adere firmemente ao princ\u00edpio de Uma S\u00f3 China, acredita que Taiwan \u00e9 uma parte insepar\u00e1vel do territ\u00f3rio chin\u00eas, apoia firmemente todos os esfor\u00e7os feitos pelo governo chin\u00eas para alcan\u00e7ar a reunifica\u00e7\u00e3o nacional, op\u00f5e-se a qualquer forma de &#8220;independ\u00eancia de Taiwan&#8221; e apoia a postura do lado chin\u00eas em quest\u00f5es relacionadas a Xinjiang, Hong Kong, Tibete, direitos humanos e Mar do Sul da China.<\/p>\n<p>Vanuatu espera aprender com a experi\u00eancia da China em governan\u00e7a do Estado, fortalecer o acoplamento de estrat\u00e9gias de desenvolvimento e promover coopera\u00e7\u00f5es pr\u00e1ticas em infraestrutura, economia e com\u00e9rcio e est\u00e1 disposta a trabalhar, em estreita colabora\u00e7\u00e3o com a China, na coopera\u00e7\u00e3o internacional e multilateral e na promo\u00e7\u00e3o da constru\u00e7\u00e3o de uma comunidade Vanuatu-China com futuro compartilhado.<\/p>\n<p>Os dois lados emitiram Declara\u00e7\u00e3o Conjunta da Rep\u00fablica Popular da China e a Rep\u00fablica de Vanuatu na qual concordam em aprimorar a parceria estrat\u00e9gica abrangente entre os dois pa\u00edses e construir uma comunidade Vanuatu-China com futuro compartilhado da nova era.<\/p>\n<p>O chanceler chin\u00eas,\u00a0Wang Yi, tamb\u00e9m participou da reuni\u00e3o.<\/p>\n","protected":false},"excerpt":{"rendered":"<p>O presidente chin\u00eas, Xi Jinping. reuniu-se na tarde desta sexta-feira (12), hora local, no Grande Pal\u00e1cio\u00a0do Povo, em Beijing,\u00a0com o primeiro-ministro de Vanuatu, Charlot Salwai, que est\u00e1 em uma visita oficial\u00a0\u00e0 China. O presidente Xi Jinping expressou seu apre\u00e7o pelo&#8230;<\/p>\n","protected":false},"author":2,"featured_media":0,"comment_status":"open","ping_status":"open","sticky":false,"template":"","format":"standard","meta":{"footnotes":""},"categories":[3],"tags":[],"class_list":["post-5710","post","type-post","status-publish","format-standard","hentry","category-china"],"yoast_head":"<!-- This site is optimized with the Yoast SEO plugin v27.4 - https:\/\/yoast.com\/product\/yoast-seo-wordpress\/ -->\n<title>Xi Jinping conversa com primeiro-ministro de Vanuatu - CRI e Diario de Pernambuco<\/title>\n<meta name=\"robots\" content=\"index, follow, max-snippet:-1, max-image-preview:large, max-video-preview:-1\" \/>\n<link rel=\"canonical\" href=\"https:\/\/diariodepe.com.br\/cri\/2024\/07\/14\/xi-jinping-conversa-com-primeiro-ministro-de-vanuatu\/\" \/>\n<meta property=\"og:locale\" content=\"pt_BR\" \/>\n<meta property=\"og:type\" content=\"article\" \/>\n<meta property=\"og:title\" content=\"Xi Jinping conversa com primeiro-ministro de Vanuatu - CRI e Diario de Pernambuco\" \/>\n<meta property=\"og:description\" content=\"O presidente chin\u00eas, Xi Jinping. reuniu-se na tarde desta sexta-feira (12), hora local, no Grande Pal\u00e1cio\u00a0do Povo, em Beijing,\u00a0com o primeiro-ministro de Vanuatu, Charlot Salwai, que est\u00e1 em uma visita oficial\u00a0\u00e0 China. O presidente Xi Jinping expressou seu apre\u00e7o pelo...\" \/>\n<meta property=\"og:url\" content=\"https:\/\/diariodepe.com.br\/cri\/2024\/07\/14\/xi-jinping-conversa-com-primeiro-ministro-de-vanuatu\/\" \/>\n<meta property=\"og:site_name\" content=\"CRI e Diario de Pernambuco\" \/>\n<meta property=\"article:published_time\" content=\"2024-07-14T08:43:12+00:00\" \/>\n<meta name=\"author\" content=\"Ismael Lucas S. Pereira\" \/>\n<meta name=\"twitter:card\" content=\"summary_large_image\" \/>\n<meta name=\"twitter:label1\" content=\"Escrito por\" \/>\n\t<meta name=\"twitter:data1\" content=\"Ismael Lucas S. Pereira\" \/>\n\t<meta name=\"twitter:label2\" content=\"Est. tempo de leitura\" \/>\n\t<meta name=\"twitter:data2\" content=\"4 minutos\" \/>\n<script type=\"application\/ld+json\" class=\"yoast-schema-graph\">{\"@context\":\"https:\\\/\\\/schema.org\",\"@graph\":[{\"@type\":\"Article\",\"@id\":\"https:\\\/\\\/diariodepe.com.br\\\/cri\\\/2024\\\/07\\\/14\\\/xi-jinping-conversa-com-primeiro-ministro-de-vanuatu\\\/#article\",\"isPartOf\":{\"@id\":\"https:\\\/\\\/diariodepe.com.br\\\/cri\\\/2024\\\/07\\\/14\\\/xi-jinping-conversa-com-primeiro-ministro-de-vanuatu\\\/\"},\"author\":{\"name\":\"Ismael Lucas S. Pereira\",\"@id\":\"https:\\\/\\\/diariodepe.com.br\\\/cri\\\/#\\\/schema\\\/person\\\/121bb28d84f1a5b1205ef4ce9c2e0c6b\"},\"headline\":\"Xi Jinping conversa com primeiro-ministro de Vanuatu\",\"datePublished\":\"2024-07-14T08:43:12+00:00\",\"mainEntityOfPage\":{\"@id\":\"https:\\\/\\\/diariodepe.com.br\\\/cri\\\/2024\\\/07\\\/14\\\/xi-jinping-conversa-com-primeiro-ministro-de-vanuatu\\\/\"},\"wordCount\":823,\"commentCount\":0,\"publisher\":{\"@id\":\"https:\\\/\\\/diariodepe.com.br\\\/cri\\\/#organization\"},\"articleSection\":[\"China\"],\"inLanguage\":\"pt-BR\",\"potentialAction\":[{\"@type\":\"CommentAction\",\"name\":\"Comment\",\"target\":[\"https:\\\/\\\/diariodepe.com.br\\\/cri\\\/2024\\\/07\\\/14\\\/xi-jinping-conversa-com-primeiro-ministro-de-vanuatu\\\/#respond\"]}]},{\"@type\":\"WebPage\",\"@id\":\"https:\\\/\\\/diariodepe.com.br\\\/cri\\\/2024\\\/07\\\/14\\\/xi-jinping-conversa-com-primeiro-ministro-de-vanuatu\\\/\",\"url\":\"https:\\\/\\\/diariodepe.com.br\\\/cri\\\/2024\\\/07\\\/14\\\/xi-jinping-conversa-com-primeiro-ministro-de-vanuatu\\\/\",\"name\":\"Xi Jinping conversa com primeiro-ministro de Vanuatu - CRI e Diario de Pernambuco\",\"isPartOf\":{\"@id\":\"https:\\\/\\\/diariodepe.com.br\\\/cri\\\/#website\"},\"datePublished\":\"2024-07-14T08:43:12+00:00\",\"breadcrumb\":{\"@id\":\"https:\\\/\\\/diariodepe.com.br\\\/cri\\\/2024\\\/07\\\/14\\\/xi-jinping-conversa-com-primeiro-ministro-de-vanuatu\\\/#breadcrumb\"},\"inLanguage\":\"pt-BR\",\"potentialAction\":[{\"@type\":\"ReadAction\",\"target\":[\"https:\\\/\\\/diariodepe.com.br\\\/cri\\\/2024\\\/07\\\/14\\\/xi-jinping-conversa-com-primeiro-ministro-de-vanuatu\\\/\"]}]},{\"@type\":\"BreadcrumbList\",\"@id\":\"https:\\\/\\\/diariodepe.com.br\\\/cri\\\/2024\\\/07\\\/14\\\/xi-jinping-conversa-com-primeiro-ministro-de-vanuatu\\\/#breadcrumb\",\"itemListElement\":[{\"@type\":\"ListItem\",\"position\":1,\"name\":\"In\u00edcio\",\"item\":\"https:\\\/\\\/diariodepe.com.br\\\/cri\\\/\"},{\"@type\":\"ListItem\",\"position\":2,\"name\":\"Xi Jinping conversa com primeiro-ministro de Vanuatu\"}]},{\"@type\":\"WebSite\",\"@id\":\"https:\\\/\\\/diariodepe.com.br\\\/cri\\\/#website\",\"url\":\"https:\\\/\\\/diariodepe.com.br\\\/cri\\\/\",\"name\":\"CRI e Diario de Pernambuco\",\"description\":\"R\u00e1dio Internacional da China\",\"publisher\":{\"@id\":\"https:\\\/\\\/diariodepe.com.br\\\/cri\\\/#organization\"},\"potentialAction\":[{\"@type\":\"SearchAction\",\"target\":{\"@type\":\"EntryPoint\",\"urlTemplate\":\"https:\\\/\\\/diariodepe.com.br\\\/cri\\\/?s={search_term_string}\"},\"query-input\":{\"@type\":\"PropertyValueSpecification\",\"valueRequired\":true,\"valueName\":\"search_term_string\"}}],\"inLanguage\":\"pt-BR\"},{\"@type\":\"Organization\",\"@id\":\"https:\\\/\\\/diariodepe.com.br\\\/cri\\\/#organization\",\"name\":\"CRI e Diario de Pernambuco\",\"url\":\"https:\\\/\\\/diariodepe.com.br\\\/cri\\\/\",\"logo\":{\"@type\":\"ImageObject\",\"inLanguage\":\"pt-BR\",\"@id\":\"https:\\\/\\\/diariodepe.com.br\\\/cri\\\/#\\\/schema\\\/logo\\\/image\\\/\",\"url\":\"https:\\\/\\\/diariodepe.com.br\\\/cri\\\/wp-content\\\/uploads\\\/sites\\\/2\\\/2022\\\/12\\\/cropped-Logo.jpg\",\"contentUrl\":\"https:\\\/\\\/diariodepe.com.br\\\/cri\\\/wp-content\\\/uploads\\\/sites\\\/2\\\/2022\\\/12\\\/cropped-Logo.jpg\",\"width\":700,\"height\":59,\"caption\":\"CRI e Diario de Pernambuco\"},\"image\":{\"@id\":\"https:\\\/\\\/diariodepe.com.br\\\/cri\\\/#\\\/schema\\\/logo\\\/image\\\/\"}},{\"@type\":\"Person\",\"@id\":\"https:\\\/\\\/diariodepe.com.br\\\/cri\\\/#\\\/schema\\\/person\\\/121bb28d84f1a5b1205ef4ce9c2e0c6b\",\"name\":\"Ismael Lucas S. Pereira\",\"image\":{\"@type\":\"ImageObject\",\"inLanguage\":\"pt-BR\",\"@id\":\"https:\\\/\\\/secure.gravatar.com\\\/avatar\\\/887a0f3b5a7ceea963a48499fb883ffce6b5037362def025c52c2505b15d63e4?s=96&d=mm&r=g\",\"url\":\"https:\\\/\\\/secure.gravatar.com\\\/avatar\\\/887a0f3b5a7ceea963a48499fb883ffce6b5037362def025c52c2505b15d63e4?s=96&d=mm&r=g\",\"contentUrl\":\"https:\\\/\\\/secure.gravatar.com\\\/avatar\\\/887a0f3b5a7ceea963a48499fb883ffce6b5037362def025c52c2505b15d63e4?s=96&d=mm&r=g\",\"caption\":\"Ismael Lucas S. Pereira\"},\"url\":\"https:\\\/\\\/diariodepe.com.br\\\/cri\\\/author\\\/ismael-lucas\\\/\"}]}<\/script>\n<!-- \/ Yoast SEO plugin. -->","yoast_head_json":{"title":"Xi Jinping conversa com primeiro-ministro de Vanuatu - CRI e Diario de Pernambuco","robots":{"index":"index","follow":"follow","max-snippet":"max-snippet:-1","max-image-preview":"max-image-preview:large","max-video-preview":"max-video-preview:-1"},"canonical":"https:\/\/diariodepe.com.br\/cri\/2024\/07\/14\/xi-jinping-conversa-com-primeiro-ministro-de-vanuatu\/","og_locale":"pt_BR","og_type":"article","og_title":"Xi Jinping conversa com primeiro-ministro de Vanuatu - CRI e Diario de Pernambuco","og_description":"O presidente chin\u00eas, Xi Jinping. reuniu-se na tarde desta sexta-feira (12), hora local, no Grande Pal\u00e1cio\u00a0do Povo, em Beijing,\u00a0com o primeiro-ministro de Vanuatu, Charlot Salwai, que est\u00e1 em uma visita oficial\u00a0\u00e0 China. O presidente Xi Jinping expressou seu apre\u00e7o pelo...","og_url":"https:\/\/diariodepe.com.br\/cri\/2024\/07\/14\/xi-jinping-conversa-com-primeiro-ministro-de-vanuatu\/","og_site_name":"CRI e Diario de Pernambuco","article_published_time":"2024-07-14T08:43:12+00:00","author":"Ismael Lucas S. Pereira","twitter_card":"summary_large_image","twitter_misc":{"Escrito por":"Ismael Lucas S. Pereira","Est. tempo de leitura":"4 minutos"},"schema":{"@context":"https:\/\/schema.org","@graph":[{"@type":"Article","@id":"https:\/\/diariodepe.com.br\/cri\/2024\/07\/14\/xi-jinping-conversa-com-primeiro-ministro-de-vanuatu\/#article","isPartOf":{"@id":"https:\/\/diariodepe.com.br\/cri\/2024\/07\/14\/xi-jinping-conversa-com-primeiro-ministro-de-vanuatu\/"},"author":{"name":"Ismael Lucas S. Pereira","@id":"https:\/\/diariodepe.com.br\/cri\/#\/schema\/person\/121bb28d84f1a5b1205ef4ce9c2e0c6b"},"headline":"Xi Jinping conversa com primeiro-ministro de Vanuatu","datePublished":"2024-07-14T08:43:12+00:00","mainEntityOfPage":{"@id":"https:\/\/diariodepe.com.br\/cri\/2024\/07\/14\/xi-jinping-conversa-com-primeiro-ministro-de-vanuatu\/"},"wordCount":823,"commentCount":0,"publisher":{"@id":"https:\/\/diariodepe.com.br\/cri\/#organization"},"articleSection":["China"],"inLanguage":"pt-BR","potentialAction":[{"@type":"CommentAction","name":"Comment","target":["https:\/\/diariodepe.com.br\/cri\/2024\/07\/14\/xi-jinping-conversa-com-primeiro-ministro-de-vanuatu\/#respond"]}]},{"@type":"WebPage","@id":"https:\/\/diariodepe.com.br\/cri\/2024\/07\/14\/xi-jinping-conversa-com-primeiro-ministro-de-vanuatu\/","url":"https:\/\/diariodepe.com.br\/cri\/2024\/07\/14\/xi-jinping-conversa-com-primeiro-ministro-de-vanuatu\/","name":"Xi Jinping conversa com primeiro-ministro de Vanuatu - CRI e Diario de Pernambuco","isPartOf":{"@id":"https:\/\/diariodepe.com.br\/cri\/#website"},"datePublished":"2024-07-14T08:43:12+00:00","breadcrumb":{"@id":"https:\/\/diariodepe.com.br\/cri\/2024\/07\/14\/xi-jinping-conversa-com-primeiro-ministro-de-vanuatu\/#breadcrumb"},"inLanguage":"pt-BR","potentialAction":[{"@type":"ReadAction","target":["https:\/\/diariodepe.com.br\/cri\/2024\/07\/14\/xi-jinping-conversa-com-primeiro-ministro-de-vanuatu\/"]}]},{"@type":"BreadcrumbList","@id":"https:\/\/diariodepe.com.br\/cri\/2024\/07\/14\/xi-jinping-conversa-com-primeiro-ministro-de-vanuatu\/#breadcrumb","itemListElement":[{"@type":"ListItem","position":1,"name":"In\u00edcio","item":"https:\/\/diariodepe.com.br\/cri\/"},{"@type":"ListItem","position":2,"name":"Xi Jinping conversa com primeiro-ministro de Vanuatu"}]},{"@type":"WebSite","@id":"https:\/\/diariodepe.com.br\/cri\/#website","url":"https:\/\/diariodepe.com.br\/cri\/","name":"CRI e Diario de Pernambuco","description":"R\u00e1dio Internacional da China","publisher":{"@id":"https:\/\/diariodepe.com.br\/cri\/#organization"},"potentialAction":[{"@type":"SearchAction","target":{"@type":"EntryPoint","urlTemplate":"https:\/\/diariodepe.com.br\/cri\/?s={search_term_string}"},"query-input":{"@type":"PropertyValueSpecification","valueRequired":true,"valueName":"search_term_string"}}],"inLanguage":"pt-BR"},{"@type":"Organization","@id":"https:\/\/diariodepe.com.br\/cri\/#organization","name":"CRI e Diario de Pernambuco","url":"https:\/\/diariodepe.com.br\/cri\/","logo":{"@type":"ImageObject","inLanguage":"pt-BR","@id":"https:\/\/diariodepe.com.br\/cri\/#\/schema\/logo\/image\/","url":"https:\/\/diariodepe.com.br\/cri\/wp-content\/uploads\/sites\/2\/2022\/12\/cropped-Logo.jpg","contentUrl":"https:\/\/diariodepe.com.br\/cri\/wp-content\/uploads\/sites\/2\/2022\/12\/cropped-Logo.jpg","width":700,"height":59,"caption":"CRI e Diario de Pernambuco"},"image":{"@id":"https:\/\/diariodepe.com.br\/cri\/#\/schema\/logo\/image\/"}},{"@type":"Person","@id":"https:\/\/diariodepe.com.br\/cri\/#\/schema\/person\/121bb28d84f1a5b1205ef4ce9c2e0c6b","name":"Ismael Lucas S. Pereira","image":{"@type":"ImageObject","inLanguage":"pt-BR","@id":"https:\/\/secure.gravatar.com\/avatar\/887a0f3b5a7ceea963a48499fb883ffce6b5037362def025c52c2505b15d63e4?s=96&d=mm&r=g","url":"https:\/\/secure.gravatar.com\/avatar\/887a0f3b5a7ceea963a48499fb883ffce6b5037362def025c52c2505b15d63e4?s=96&d=mm&r=g","contentUrl":"https:\/\/secure.gravatar.com\/avatar\/887a0f3b5a7ceea963a48499fb883ffce6b5037362def025c52c2505b15d63e4?s=96&d=mm&r=g","caption":"Ismael Lucas S. Pereira"},"url":"https:\/\/diariodepe.com.br\/cri\/author\/ismael-lucas\/"}]}},"cc_featured_image_caption":{"caption_text":false,"source_text":false,"source_url":false},"amp_enabled":true,"_links":{"self":[{"href":"https:\/\/diariodepe.com.br\/cri\/wp-json\/wp\/v2\/posts\/5710","targetHints":{"allow":["GET"]}}],"collection":[{"href":"https:\/\/diariodepe.com.br\/cri\/wp-json\/wp\/v2\/posts"}],"about":[{"href":"https:\/\/diariodepe.com.br\/cri\/wp-json\/wp\/v2\/types\/post"}],"author":[{"embeddable":true,"href":"https:\/\/diariodepe.com.br\/cri\/wp-json\/wp\/v2\/users\/2"}],"replies":[{"embeddable":true,"href":"https:\/\/diariodepe.com.br\/cri\/wp-json\/wp\/v2\/comments?post=5710"}],"version-history":[{"count":1,"href":"https:\/\/diariodepe.com.br\/cri\/wp-json\/wp\/v2\/posts\/5710\/revisions"}],"predecessor-version":[{"id":5711,"href":"https:\/\/diariodepe.com.br\/cri\/wp-json\/wp\/v2\/posts\/5710\/revisions\/5711"}],"wp:attachment":[{"href":"https:\/\/diariodepe.com.br\/cri\/wp-json\/wp\/v2\/media?parent=5710"}],"wp:term":[{"taxonomy":"category","embeddable":true,"href":"https:\/\/diariodepe.com.br\/cri\/wp-json\/wp\/v2\/categories?post=5710"},{"taxonomy":"post_tag","embeddable":true,"href":"https:\/\/diariodepe.com.br\/cri\/wp-json\/wp\/v2\/tags?post=5710"}],"curies":[{"name":"wp","href":"https:\/\/api.w.org\/{rel}","templated":true}]}}