{"id":5689,"date":"2024-07-08T22:40:52","date_gmt":"2024-07-09T01:40:52","guid":{"rendered":"https:\/\/diariodepe.com.br\/cri\/?p=5689"},"modified":"2024-07-08T22:40:52","modified_gmt":"2024-07-09T01:40:52","slug":"xi-jinping-e-orban-trocam-opinioes-aprofundadas-sobre-crise-na-ucrania","status":"publish","type":"post","link":"https:\/\/diariodepe.com.br\/cri\/2024\/07\/08\/xi-jinping-e-orban-trocam-opinioes-aprofundadas-sobre-crise-na-ucrania\/","title":{"rendered":"Xi Jinping e Orban trocam opini\u00f5es aprofundadas sobre crise na Ucr\u00e2nia"},"content":{"rendered":"<p>O presidente chin\u00eas, Xi Jinping, reuniu-se nesta segunda-feira com o primeiro-ministro h\u00fangaro, Viktor Orban, em Beijing, e os dois lados trocaram opini\u00f5es aprofundadas sobre a crise na Ucr\u00e2nia.<\/p>\n<p>Orban informou Xi\u00a0Jinping\u00a0sobre suas recentes visitas \u00e0 Ucr\u00e2nia e \u00e0 R\u00fassia. O presidente Xi expressou seu apre\u00e7o pelos esfor\u00e7os de Orban em promover a solu\u00e7\u00e3o pol\u00edtica da crise na Ucr\u00e2nia e esclareceu as opini\u00f5es e propostas relevantes da China.<\/p>\n<p>Xi\u00a0Jinping\u00a0enfatizou que um cessar-fogo antecipado e um acordo pol\u00edtico s\u00e3o do interesse de todas as partes, dizendo que a prioridade \u00e9 esfriar a situa\u00e7\u00e3o observando os tr\u00eas princ\u00edpios de n\u00e3o expans\u00e3o do campo de batalha, n\u00e3o escalada dos combates e n\u00e3o inflama\u00e7\u00e3o da situa\u00e7\u00e3o por qualquer parte.<\/p>\n<p>Xi\u00a0Jinping\u00a0pediu \u00e0 comunidade internacional que crie condi\u00e7\u00f5es e forne\u00e7a apoio para a retomada do di\u00e1logo e negocia\u00e7\u00e3o diretos entre os dois lados, dizendo que somente se todos os principais pa\u00edses injetarem energia positiva em vez de negativa, ser\u00e1 poss\u00edvel obter um cessar-fogo nesse conflito o mais r\u00e1pido poss\u00edvel.<\/p>\n<p>&#8220;A China tem promovido ativamente as conversa\u00e7\u00f5es de paz \u00e0 sua maneira e incentivado e apoiado todos os esfor\u00e7os que conduzam a uma solu\u00e7\u00e3o pac\u00edfica da crise&#8221;, indicou ele, acrescentando que as propostas b\u00e1sicas da China e da Hungria e a dire\u00e7\u00e3o de seus esfor\u00e7os s\u00e3o as mesmas, e a China est\u00e1 disposta a manter a comunica\u00e7\u00e3o com a Hungria e todas as partes relevantes.<\/p>\n","protected":false},"excerpt":{"rendered":"<p>O presidente chin\u00eas, Xi Jinping, reuniu-se nesta segunda-feira com o primeiro-ministro h\u00fangaro, Viktor Orban, em Beijing, e os dois lados trocaram opini\u00f5es aprofundadas sobre a crise na Ucr\u00e2nia. Orban informou Xi\u00a0Jinping\u00a0sobre suas recentes visitas \u00e0 Ucr\u00e2nia e \u00e0 R\u00fassia. O&#8230;<\/p>\n","protected":false},"author":2,"featured_media":0,"comment_status":"open","ping_status":"open","sticky":false,"template":"","format":"standard","meta":{"footnotes":""},"categories":[3],"tags":[],"class_list":["post-5689","post","type-post","status-publish","format-standard","hentry","category-china"],"yoast_head":"<!-- This site is optimized with the Yoast SEO plugin v27.4 - https:\/\/yoast.com\/product\/yoast-seo-wordpress\/ -->\n<title>Xi Jinping e Orban trocam opini\u00f5es aprofundadas sobre crise na Ucr\u00e2nia - CRI e Diario de Pernambuco<\/title>\n<meta name=\"robots\" content=\"index, follow, max-snippet:-1, max-image-preview:large, max-video-preview:-1\" \/>\n<link rel=\"canonical\" href=\"https:\/\/diariodepe.com.br\/cri\/2024\/07\/08\/xi-jinping-e-orban-trocam-opinioes-aprofundadas-sobre-crise-na-ucrania\/\" \/>\n<meta property=\"og:locale\" content=\"pt_BR\" \/>\n<meta property=\"og:type\" content=\"article\" \/>\n<meta property=\"og:title\" content=\"Xi Jinping e Orban trocam opini\u00f5es aprofundadas sobre crise na Ucr\u00e2nia - CRI e Diario de Pernambuco\" \/>\n<meta property=\"og:description\" content=\"O presidente chin\u00eas, Xi Jinping, reuniu-se nesta segunda-feira com o primeiro-ministro h\u00fangaro, Viktor Orban, em Beijing, e os dois lados trocaram opini\u00f5es aprofundadas sobre a crise na Ucr\u00e2nia. Orban informou Xi\u00a0Jinping\u00a0sobre suas recentes visitas \u00e0 Ucr\u00e2nia e \u00e0 R\u00fassia. O...\" \/>\n<meta property=\"og:url\" content=\"https:\/\/diariodepe.com.br\/cri\/2024\/07\/08\/xi-jinping-e-orban-trocam-opinioes-aprofundadas-sobre-crise-na-ucrania\/\" \/>\n<meta property=\"og:site_name\" content=\"CRI e Diario de Pernambuco\" \/>\n<meta property=\"article:published_time\" content=\"2024-07-09T01:40:52+00:00\" \/>\n<meta name=\"author\" content=\"Ismael Lucas S. Pereira\" \/>\n<meta name=\"twitter:card\" content=\"summary_large_image\" \/>\n<meta name=\"twitter:label1\" content=\"Escrito por\" \/>\n\t<meta name=\"twitter:data1\" content=\"Ismael Lucas S. Pereira\" \/>\n<script type=\"application\/ld+json\" class=\"yoast-schema-graph\">{\"@context\":\"https:\\\/\\\/schema.org\",\"@graph\":[{\"@type\":\"Article\",\"@id\":\"https:\\\/\\\/diariodepe.com.br\\\/cri\\\/2024\\\/07\\\/08\\\/xi-jinping-e-orban-trocam-opinioes-aprofundadas-sobre-crise-na-ucrania\\\/#article\",\"isPartOf\":{\"@id\":\"https:\\\/\\\/diariodepe.com.br\\\/cri\\\/2024\\\/07\\\/08\\\/xi-jinping-e-orban-trocam-opinioes-aprofundadas-sobre-crise-na-ucrania\\\/\"},\"author\":{\"name\":\"Ismael Lucas S. Pereira\",\"@id\":\"https:\\\/\\\/diariodepe.com.br\\\/cri\\\/#\\\/schema\\\/person\\\/121bb28d84f1a5b1205ef4ce9c2e0c6b\"},\"headline\":\"Xi Jinping e Orban trocam opini\u00f5es aprofundadas sobre crise na Ucr\u00e2nia\",\"datePublished\":\"2024-07-09T01:40:52+00:00\",\"mainEntityOfPage\":{\"@id\":\"https:\\\/\\\/diariodepe.com.br\\\/cri\\\/2024\\\/07\\\/08\\\/xi-jinping-e-orban-trocam-opinioes-aprofundadas-sobre-crise-na-ucrania\\\/\"},\"wordCount\":281,\"commentCount\":0,\"publisher\":{\"@id\":\"https:\\\/\\\/diariodepe.com.br\\\/cri\\\/#organization\"},\"articleSection\":[\"China\"],\"inLanguage\":\"pt-BR\",\"potentialAction\":[{\"@type\":\"CommentAction\",\"name\":\"Comment\",\"target\":[\"https:\\\/\\\/diariodepe.com.br\\\/cri\\\/2024\\\/07\\\/08\\\/xi-jinping-e-orban-trocam-opinioes-aprofundadas-sobre-crise-na-ucrania\\\/#respond\"]}]},{\"@type\":\"WebPage\",\"@id\":\"https:\\\/\\\/diariodepe.com.br\\\/cri\\\/2024\\\/07\\\/08\\\/xi-jinping-e-orban-trocam-opinioes-aprofundadas-sobre-crise-na-ucrania\\\/\",\"url\":\"https:\\\/\\\/diariodepe.com.br\\\/cri\\\/2024\\\/07\\\/08\\\/xi-jinping-e-orban-trocam-opinioes-aprofundadas-sobre-crise-na-ucrania\\\/\",\"name\":\"Xi Jinping e Orban trocam opini\u00f5es aprofundadas sobre crise na Ucr\u00e2nia - CRI e Diario de Pernambuco\",\"isPartOf\":{\"@id\":\"https:\\\/\\\/diariodepe.com.br\\\/cri\\\/#website\"},\"datePublished\":\"2024-07-09T01:40:52+00:00\",\"breadcrumb\":{\"@id\":\"https:\\\/\\\/diariodepe.com.br\\\/cri\\\/2024\\\/07\\\/08\\\/xi-jinping-e-orban-trocam-opinioes-aprofundadas-sobre-crise-na-ucrania\\\/#breadcrumb\"},\"inLanguage\":\"pt-BR\",\"potentialAction\":[{\"@type\":\"ReadAction\",\"target\":[\"https:\\\/\\\/diariodepe.com.br\\\/cri\\\/2024\\\/07\\\/08\\\/xi-jinping-e-orban-trocam-opinioes-aprofundadas-sobre-crise-na-ucrania\\\/\"]}]},{\"@type\":\"BreadcrumbList\",\"@id\":\"https:\\\/\\\/diariodepe.com.br\\\/cri\\\/2024\\\/07\\\/08\\\/xi-jinping-e-orban-trocam-opinioes-aprofundadas-sobre-crise-na-ucrania\\\/#breadcrumb\",\"itemListElement\":[{\"@type\":\"ListItem\",\"position\":1,\"name\":\"In\u00edcio\",\"item\":\"https:\\\/\\\/diariodepe.com.br\\\/cri\\\/\"},{\"@type\":\"ListItem\",\"position\":2,\"name\":\"Xi Jinping e Orban trocam opini\u00f5es aprofundadas sobre crise na Ucr\u00e2nia\"}]},{\"@type\":\"WebSite\",\"@id\":\"https:\\\/\\\/diariodepe.com.br\\\/cri\\\/#website\",\"url\":\"https:\\\/\\\/diariodepe.com.br\\\/cri\\\/\",\"name\":\"CRI e Diario de Pernambuco\",\"description\":\"R\u00e1dio Internacional da China\",\"publisher\":{\"@id\":\"https:\\\/\\\/diariodepe.com.br\\\/cri\\\/#organization\"},\"potentialAction\":[{\"@type\":\"SearchAction\",\"target\":{\"@type\":\"EntryPoint\",\"urlTemplate\":\"https:\\\/\\\/diariodepe.com.br\\\/cri\\\/?s={search_term_string}\"},\"query-input\":{\"@type\":\"PropertyValueSpecification\",\"valueRequired\":true,\"valueName\":\"search_term_string\"}}],\"inLanguage\":\"pt-BR\"},{\"@type\":\"Organization\",\"@id\":\"https:\\\/\\\/diariodepe.com.br\\\/cri\\\/#organization\",\"name\":\"CRI e Diario de Pernambuco\",\"url\":\"https:\\\/\\\/diariodepe.com.br\\\/cri\\\/\",\"logo\":{\"@type\":\"ImageObject\",\"inLanguage\":\"pt-BR\",\"@id\":\"https:\\\/\\\/diariodepe.com.br\\\/cri\\\/#\\\/schema\\\/logo\\\/image\\\/\",\"url\":\"https:\\\/\\\/diariodepe.com.br\\\/cri\\\/wp-content\\\/uploads\\\/sites\\\/2\\\/2022\\\/12\\\/cropped-Logo.jpg\",\"contentUrl\":\"https:\\\/\\\/diariodepe.com.br\\\/cri\\\/wp-content\\\/uploads\\\/sites\\\/2\\\/2022\\\/12\\\/cropped-Logo.jpg\",\"width\":700,\"height\":59,\"caption\":\"CRI e Diario de Pernambuco\"},\"image\":{\"@id\":\"https:\\\/\\\/diariodepe.com.br\\\/cri\\\/#\\\/schema\\\/logo\\\/image\\\/\"}},{\"@type\":\"Person\",\"@id\":\"https:\\\/\\\/diariodepe.com.br\\\/cri\\\/#\\\/schema\\\/person\\\/121bb28d84f1a5b1205ef4ce9c2e0c6b\",\"name\":\"Ismael Lucas S. Pereira\",\"image\":{\"@type\":\"ImageObject\",\"inLanguage\":\"pt-BR\",\"@id\":\"https:\\\/\\\/secure.gravatar.com\\\/avatar\\\/887a0f3b5a7ceea963a48499fb883ffce6b5037362def025c52c2505b15d63e4?s=96&d=mm&r=g\",\"url\":\"https:\\\/\\\/secure.gravatar.com\\\/avatar\\\/887a0f3b5a7ceea963a48499fb883ffce6b5037362def025c52c2505b15d63e4?s=96&d=mm&r=g\",\"contentUrl\":\"https:\\\/\\\/secure.gravatar.com\\\/avatar\\\/887a0f3b5a7ceea963a48499fb883ffce6b5037362def025c52c2505b15d63e4?s=96&d=mm&r=g\",\"caption\":\"Ismael Lucas S. Pereira\"},\"url\":\"https:\\\/\\\/diariodepe.com.br\\\/cri\\\/author\\\/ismael-lucas\\\/\"}]}<\/script>\n<!-- \/ Yoast SEO plugin. -->","yoast_head_json":{"title":"Xi Jinping e Orban trocam opini\u00f5es aprofundadas sobre crise na Ucr\u00e2nia - CRI e Diario de Pernambuco","robots":{"index":"index","follow":"follow","max-snippet":"max-snippet:-1","max-image-preview":"max-image-preview:large","max-video-preview":"max-video-preview:-1"},"canonical":"https:\/\/diariodepe.com.br\/cri\/2024\/07\/08\/xi-jinping-e-orban-trocam-opinioes-aprofundadas-sobre-crise-na-ucrania\/","og_locale":"pt_BR","og_type":"article","og_title":"Xi Jinping e Orban trocam opini\u00f5es aprofundadas sobre crise na Ucr\u00e2nia - CRI e Diario de Pernambuco","og_description":"O presidente chin\u00eas, Xi Jinping, reuniu-se nesta segunda-feira com o primeiro-ministro h\u00fangaro, Viktor Orban, em Beijing, e os dois lados trocaram opini\u00f5es aprofundadas sobre a crise na Ucr\u00e2nia. Orban informou Xi\u00a0Jinping\u00a0sobre suas recentes visitas \u00e0 Ucr\u00e2nia e \u00e0 R\u00fassia. O...","og_url":"https:\/\/diariodepe.com.br\/cri\/2024\/07\/08\/xi-jinping-e-orban-trocam-opinioes-aprofundadas-sobre-crise-na-ucrania\/","og_site_name":"CRI e Diario de Pernambuco","article_published_time":"2024-07-09T01:40:52+00:00","author":"Ismael Lucas S. Pereira","twitter_card":"summary_large_image","twitter_misc":{"Escrito por":"Ismael Lucas S. Pereira"},"schema":{"@context":"https:\/\/schema.org","@graph":[{"@type":"Article","@id":"https:\/\/diariodepe.com.br\/cri\/2024\/07\/08\/xi-jinping-e-orban-trocam-opinioes-aprofundadas-sobre-crise-na-ucrania\/#article","isPartOf":{"@id":"https:\/\/diariodepe.com.br\/cri\/2024\/07\/08\/xi-jinping-e-orban-trocam-opinioes-aprofundadas-sobre-crise-na-ucrania\/"},"author":{"name":"Ismael Lucas S. Pereira","@id":"https:\/\/diariodepe.com.br\/cri\/#\/schema\/person\/121bb28d84f1a5b1205ef4ce9c2e0c6b"},"headline":"Xi Jinping e Orban trocam opini\u00f5es aprofundadas sobre crise na Ucr\u00e2nia","datePublished":"2024-07-09T01:40:52+00:00","mainEntityOfPage":{"@id":"https:\/\/diariodepe.com.br\/cri\/2024\/07\/08\/xi-jinping-e-orban-trocam-opinioes-aprofundadas-sobre-crise-na-ucrania\/"},"wordCount":281,"commentCount":0,"publisher":{"@id":"https:\/\/diariodepe.com.br\/cri\/#organization"},"articleSection":["China"],"inLanguage":"pt-BR","potentialAction":[{"@type":"CommentAction","name":"Comment","target":["https:\/\/diariodepe.com.br\/cri\/2024\/07\/08\/xi-jinping-e-orban-trocam-opinioes-aprofundadas-sobre-crise-na-ucrania\/#respond"]}]},{"@type":"WebPage","@id":"https:\/\/diariodepe.com.br\/cri\/2024\/07\/08\/xi-jinping-e-orban-trocam-opinioes-aprofundadas-sobre-crise-na-ucrania\/","url":"https:\/\/diariodepe.com.br\/cri\/2024\/07\/08\/xi-jinping-e-orban-trocam-opinioes-aprofundadas-sobre-crise-na-ucrania\/","name":"Xi Jinping e Orban trocam opini\u00f5es aprofundadas sobre crise na Ucr\u00e2nia - CRI e Diario de Pernambuco","isPartOf":{"@id":"https:\/\/diariodepe.com.br\/cri\/#website"},"datePublished":"2024-07-09T01:40:52+00:00","breadcrumb":{"@id":"https:\/\/diariodepe.com.br\/cri\/2024\/07\/08\/xi-jinping-e-orban-trocam-opinioes-aprofundadas-sobre-crise-na-ucrania\/#breadcrumb"},"inLanguage":"pt-BR","potentialAction":[{"@type":"ReadAction","target":["https:\/\/diariodepe.com.br\/cri\/2024\/07\/08\/xi-jinping-e-orban-trocam-opinioes-aprofundadas-sobre-crise-na-ucrania\/"]}]},{"@type":"BreadcrumbList","@id":"https:\/\/diariodepe.com.br\/cri\/2024\/07\/08\/xi-jinping-e-orban-trocam-opinioes-aprofundadas-sobre-crise-na-ucrania\/#breadcrumb","itemListElement":[{"@type":"ListItem","position":1,"name":"In\u00edcio","item":"https:\/\/diariodepe.com.br\/cri\/"},{"@type":"ListItem","position":2,"name":"Xi Jinping e Orban trocam opini\u00f5es aprofundadas sobre crise na Ucr\u00e2nia"}]},{"@type":"WebSite","@id":"https:\/\/diariodepe.com.br\/cri\/#website","url":"https:\/\/diariodepe.com.br\/cri\/","name":"CRI e Diario de Pernambuco","description":"R\u00e1dio Internacional da China","publisher":{"@id":"https:\/\/diariodepe.com.br\/cri\/#organization"},"potentialAction":[{"@type":"SearchAction","target":{"@type":"EntryPoint","urlTemplate":"https:\/\/diariodepe.com.br\/cri\/?s={search_term_string}"},"query-input":{"@type":"PropertyValueSpecification","valueRequired":true,"valueName":"search_term_string"}}],"inLanguage":"pt-BR"},{"@type":"Organization","@id":"https:\/\/diariodepe.com.br\/cri\/#organization","name":"CRI e Diario de Pernambuco","url":"https:\/\/diariodepe.com.br\/cri\/","logo":{"@type":"ImageObject","inLanguage":"pt-BR","@id":"https:\/\/diariodepe.com.br\/cri\/#\/schema\/logo\/image\/","url":"https:\/\/diariodepe.com.br\/cri\/wp-content\/uploads\/sites\/2\/2022\/12\/cropped-Logo.jpg","contentUrl":"https:\/\/diariodepe.com.br\/cri\/wp-content\/uploads\/sites\/2\/2022\/12\/cropped-Logo.jpg","width":700,"height":59,"caption":"CRI e Diario de Pernambuco"},"image":{"@id":"https:\/\/diariodepe.com.br\/cri\/#\/schema\/logo\/image\/"}},{"@type":"Person","@id":"https:\/\/diariodepe.com.br\/cri\/#\/schema\/person\/121bb28d84f1a5b1205ef4ce9c2e0c6b","name":"Ismael Lucas S. Pereira","image":{"@type":"ImageObject","inLanguage":"pt-BR","@id":"https:\/\/secure.gravatar.com\/avatar\/887a0f3b5a7ceea963a48499fb883ffce6b5037362def025c52c2505b15d63e4?s=96&d=mm&r=g","url":"https:\/\/secure.gravatar.com\/avatar\/887a0f3b5a7ceea963a48499fb883ffce6b5037362def025c52c2505b15d63e4?s=96&d=mm&r=g","contentUrl":"https:\/\/secure.gravatar.com\/avatar\/887a0f3b5a7ceea963a48499fb883ffce6b5037362def025c52c2505b15d63e4?s=96&d=mm&r=g","caption":"Ismael Lucas S. Pereira"},"url":"https:\/\/diariodepe.com.br\/cri\/author\/ismael-lucas\/"}]}},"cc_featured_image_caption":{"caption_text":false,"source_text":false,"source_url":false},"amp_enabled":true,"_links":{"self":[{"href":"https:\/\/diariodepe.com.br\/cri\/wp-json\/wp\/v2\/posts\/5689","targetHints":{"allow":["GET"]}}],"collection":[{"href":"https:\/\/diariodepe.com.br\/cri\/wp-json\/wp\/v2\/posts"}],"about":[{"href":"https:\/\/diariodepe.com.br\/cri\/wp-json\/wp\/v2\/types\/post"}],"author":[{"embeddable":true,"href":"https:\/\/diariodepe.com.br\/cri\/wp-json\/wp\/v2\/users\/2"}],"replies":[{"embeddable":true,"href":"https:\/\/diariodepe.com.br\/cri\/wp-json\/wp\/v2\/comments?post=5689"}],"version-history":[{"count":1,"href":"https:\/\/diariodepe.com.br\/cri\/wp-json\/wp\/v2\/posts\/5689\/revisions"}],"predecessor-version":[{"id":5690,"href":"https:\/\/diariodepe.com.br\/cri\/wp-json\/wp\/v2\/posts\/5689\/revisions\/5690"}],"wp:attachment":[{"href":"https:\/\/diariodepe.com.br\/cri\/wp-json\/wp\/v2\/media?parent=5689"}],"wp:term":[{"taxonomy":"category","embeddable":true,"href":"https:\/\/diariodepe.com.br\/cri\/wp-json\/wp\/v2\/categories?post=5689"},{"taxonomy":"post_tag","embeddable":true,"href":"https:\/\/diariodepe.com.br\/cri\/wp-json\/wp\/v2\/tags?post=5689"}],"curies":[{"name":"wp","href":"https:\/\/api.w.org\/{rel}","templated":true}]}}