{"id":5681,"date":"2024-07-08T22:24:43","date_gmt":"2024-07-09T01:24:43","guid":{"rendered":"https:\/\/diariodepe.com.br\/cri\/?p=5681"},"modified":"2024-07-08T22:24:43","modified_gmt":"2024-07-09T01:24:43","slug":"shenyang-homenageia-herois-e-martires-nos-87-anos-da-explosao-da-guerra-de-resistencia-do-povo-chines-contra-invasao-japonesa","status":"publish","type":"post","link":"https:\/\/diariodepe.com.br\/cri\/2024\/07\/08\/shenyang-homenageia-herois-e-martires-nos-87-anos-da-explosao-da-guerra-de-resistencia-do-povo-chines-contra-invasao-japonesa\/","title":{"rendered":"Shenyang homenageia herois e m\u00e1rtires nos 87 anos da explos\u00e3o da Guerra de Resist\u00eancia do Povo Chin\u00eas contra Invas\u00e3o Japonesa"},"content":{"rendered":"<p data-spm-anchor-id=\"0.0.0.i1\">Este domingo (7) marca o 87\u00ba anivers\u00e1rio da explos\u00e3o da Guerra de Resist\u00eancia contra a Invas\u00e3o Japonesa. Com o objetivo de incentivar os chineses a se lembrarem da hist\u00f3ria, foi realizada uma s\u00e9rie de atividades de homenagem no Museu Hist\u00f3rico de 9\/18, em Shenyang, na prov\u00edncia de Liaoning, onde teve in\u00edcio a Guerra de Resist\u00eancia.<\/p>\n<p>Os funcion\u00e1rios do museu e habitantes da cidade prestaram homenagem aos herois e m\u00e1rtires nacionais. Recita\u00e7\u00e3o, coro, dan\u00e7a, drama e outras formas variadas foram usadas para proporcionar uma experi\u00eancia cultural audiovisual ao p\u00fablico, al\u00e9m de relembrar a hist\u00f3ria e defender a paz e a tranquilidade conquistadas com tantos esfor\u00e7os e dificuldades.<\/p>\n<p>Mais de 2,4 mil pe\u00e7as exibidas no Museu Hist\u00f3rico de 9\/18 combinam o passado e as hist\u00f3rias heroicas, contando detalhes da resist\u00eancia de toda a na\u00e7\u00e3o \u00e0 agress\u00e3o japonesa.<\/p>\n","protected":false},"excerpt":{"rendered":"<p>Este domingo (7) marca o 87\u00ba anivers\u00e1rio da explos\u00e3o da Guerra de Resist\u00eancia contra a Invas\u00e3o Japonesa. Com o objetivo de incentivar os chineses a se lembrarem da hist\u00f3ria, foi realizada uma s\u00e9rie de atividades de homenagem no Museu Hist\u00f3rico&#8230;<\/p>\n","protected":false},"author":2,"featured_media":5682,"comment_status":"open","ping_status":"open","sticky":false,"template":"","format":"standard","meta":{"footnotes":""},"categories":[3,5],"tags":[],"class_list":["post-5681","post","type-post","status-publish","format-standard","has-post-thumbnail","hentry","category-china","category-destaques-capa"],"yoast_head":"<!-- This site is optimized with the Yoast SEO plugin v27.4 - https:\/\/yoast.com\/product\/yoast-seo-wordpress\/ -->\n<title>Shenyang homenageia herois e m\u00e1rtires nos 87 anos da explos\u00e3o da Guerra de Resist\u00eancia do Povo Chin\u00eas contra Invas\u00e3o Japonesa - CRI e Diario de Pernambuco<\/title>\n<meta name=\"robots\" content=\"index, follow, max-snippet:-1, max-image-preview:large, max-video-preview:-1\" \/>\n<link rel=\"canonical\" href=\"https:\/\/diariodepe.com.br\/cri\/2024\/07\/08\/shenyang-homenageia-herois-e-martires-nos-87-anos-da-explosao-da-guerra-de-resistencia-do-povo-chines-contra-invasao-japonesa\/\" \/>\n<meta property=\"og:locale\" content=\"pt_BR\" \/>\n<meta property=\"og:type\" content=\"article\" \/>\n<meta property=\"og:title\" content=\"Shenyang homenageia herois e m\u00e1rtires nos 87 anos da explos\u00e3o da Guerra de Resist\u00eancia do Povo Chin\u00eas contra Invas\u00e3o Japonesa - CRI e Diario de Pernambuco\" \/>\n<meta property=\"og:description\" content=\"Este domingo (7) marca o 87\u00ba anivers\u00e1rio da explos\u00e3o da Guerra de Resist\u00eancia contra a Invas\u00e3o Japonesa. Com o objetivo de incentivar os chineses a se lembrarem da hist\u00f3ria, foi realizada uma s\u00e9rie de atividades de homenagem no Museu Hist\u00f3rico...\" \/>\n<meta property=\"og:url\" content=\"https:\/\/diariodepe.com.br\/cri\/2024\/07\/08\/shenyang-homenageia-herois-e-martires-nos-87-anos-da-explosao-da-guerra-de-resistencia-do-povo-chines-contra-invasao-japonesa\/\" \/>\n<meta property=\"og:site_name\" content=\"CRI e Diario de Pernambuco\" \/>\n<meta property=\"article:published_time\" content=\"2024-07-09T01:24:43+00:00\" \/>\n<meta property=\"og:image\" content=\"https:\/\/diariodepe.com.br\/cri\/wp-content\/uploads\/sites\/2\/2024\/07\/2024070719170267352-scaled.jpg\" \/>\n\t<meta property=\"og:image:width\" content=\"2560\" \/>\n\t<meta property=\"og:image:height\" content=\"2277\" \/>\n\t<meta property=\"og:image:type\" content=\"image\/jpeg\" \/>\n<meta name=\"author\" content=\"Ismael Lucas S. Pereira\" \/>\n<meta name=\"twitter:card\" content=\"summary_large_image\" \/>\n<meta name=\"twitter:label1\" content=\"Escrito por\" \/>\n\t<meta name=\"twitter:data1\" content=\"Ismael Lucas S. Pereira\" \/>\n\t<meta name=\"twitter:label2\" content=\"Est. tempo de leitura\" \/>\n\t<meta name=\"twitter:data2\" content=\"1 minuto\" \/>\n<script type=\"application\/ld+json\" class=\"yoast-schema-graph\">{\"@context\":\"https:\\\/\\\/schema.org\",\"@graph\":[{\"@type\":\"Article\",\"@id\":\"https:\\\/\\\/diariodepe.com.br\\\/cri\\\/2024\\\/07\\\/08\\\/shenyang-homenageia-herois-e-martires-nos-87-anos-da-explosao-da-guerra-de-resistencia-do-povo-chines-contra-invasao-japonesa\\\/#article\",\"isPartOf\":{\"@id\":\"https:\\\/\\\/diariodepe.com.br\\\/cri\\\/2024\\\/07\\\/08\\\/shenyang-homenageia-herois-e-martires-nos-87-anos-da-explosao-da-guerra-de-resistencia-do-povo-chines-contra-invasao-japonesa\\\/\"},\"author\":{\"name\":\"Ismael Lucas S. Pereira\",\"@id\":\"https:\\\/\\\/diariodepe.com.br\\\/cri\\\/#\\\/schema\\\/person\\\/121bb28d84f1a5b1205ef4ce9c2e0c6b\"},\"headline\":\"Shenyang homenageia herois e m\u00e1rtires nos 87 anos da explos\u00e3o da Guerra de Resist\u00eancia do Povo Chin\u00eas contra Invas\u00e3o Japonesa\",\"datePublished\":\"2024-07-09T01:24:43+00:00\",\"mainEntityOfPage\":{\"@id\":\"https:\\\/\\\/diariodepe.com.br\\\/cri\\\/2024\\\/07\\\/08\\\/shenyang-homenageia-herois-e-martires-nos-87-anos-da-explosao-da-guerra-de-resistencia-do-povo-chines-contra-invasao-japonesa\\\/\"},\"wordCount\":178,\"commentCount\":0,\"publisher\":{\"@id\":\"https:\\\/\\\/diariodepe.com.br\\\/cri\\\/#organization\"},\"image\":{\"@id\":\"https:\\\/\\\/diariodepe.com.br\\\/cri\\\/2024\\\/07\\\/08\\\/shenyang-homenageia-herois-e-martires-nos-87-anos-da-explosao-da-guerra-de-resistencia-do-povo-chines-contra-invasao-japonesa\\\/#primaryimage\"},\"thumbnailUrl\":\"https:\\\/\\\/diariodepe.com.br\\\/cri\\\/wp-content\\\/uploads\\\/sites\\\/2\\\/2024\\\/07\\\/2024070719170267352-scaled.jpg\",\"articleSection\":[\"China\",\"Destaques Capa\"],\"inLanguage\":\"pt-BR\",\"potentialAction\":[{\"@type\":\"CommentAction\",\"name\":\"Comment\",\"target\":[\"https:\\\/\\\/diariodepe.com.br\\\/cri\\\/2024\\\/07\\\/08\\\/shenyang-homenageia-herois-e-martires-nos-87-anos-da-explosao-da-guerra-de-resistencia-do-povo-chines-contra-invasao-japonesa\\\/#respond\"]}]},{\"@type\":\"WebPage\",\"@id\":\"https:\\\/\\\/diariodepe.com.br\\\/cri\\\/2024\\\/07\\\/08\\\/shenyang-homenageia-herois-e-martires-nos-87-anos-da-explosao-da-guerra-de-resistencia-do-povo-chines-contra-invasao-japonesa\\\/\",\"url\":\"https:\\\/\\\/diariodepe.com.br\\\/cri\\\/2024\\\/07\\\/08\\\/shenyang-homenageia-herois-e-martires-nos-87-anos-da-explosao-da-guerra-de-resistencia-do-povo-chines-contra-invasao-japonesa\\\/\",\"name\":\"Shenyang homenageia herois e m\u00e1rtires nos 87 anos da explos\u00e3o da Guerra de Resist\u00eancia do Povo Chin\u00eas contra Invas\u00e3o Japonesa - CRI e Diario de Pernambuco\",\"isPartOf\":{\"@id\":\"https:\\\/\\\/diariodepe.com.br\\\/cri\\\/#website\"},\"primaryImageOfPage\":{\"@id\":\"https:\\\/\\\/diariodepe.com.br\\\/cri\\\/2024\\\/07\\\/08\\\/shenyang-homenageia-herois-e-martires-nos-87-anos-da-explosao-da-guerra-de-resistencia-do-povo-chines-contra-invasao-japonesa\\\/#primaryimage\"},\"image\":{\"@id\":\"https:\\\/\\\/diariodepe.com.br\\\/cri\\\/2024\\\/07\\\/08\\\/shenyang-homenageia-herois-e-martires-nos-87-anos-da-explosao-da-guerra-de-resistencia-do-povo-chines-contra-invasao-japonesa\\\/#primaryimage\"},\"thumbnailUrl\":\"https:\\\/\\\/diariodepe.com.br\\\/cri\\\/wp-content\\\/uploads\\\/sites\\\/2\\\/2024\\\/07\\\/2024070719170267352-scaled.jpg\",\"datePublished\":\"2024-07-09T01:24:43+00:00\",\"breadcrumb\":{\"@id\":\"https:\\\/\\\/diariodepe.com.br\\\/cri\\\/2024\\\/07\\\/08\\\/shenyang-homenageia-herois-e-martires-nos-87-anos-da-explosao-da-guerra-de-resistencia-do-povo-chines-contra-invasao-japonesa\\\/#breadcrumb\"},\"inLanguage\":\"pt-BR\",\"potentialAction\":[{\"@type\":\"ReadAction\",\"target\":[\"https:\\\/\\\/diariodepe.com.br\\\/cri\\\/2024\\\/07\\\/08\\\/shenyang-homenageia-herois-e-martires-nos-87-anos-da-explosao-da-guerra-de-resistencia-do-povo-chines-contra-invasao-japonesa\\\/\"]}]},{\"@type\":\"ImageObject\",\"inLanguage\":\"pt-BR\",\"@id\":\"https:\\\/\\\/diariodepe.com.br\\\/cri\\\/2024\\\/07\\\/08\\\/shenyang-homenageia-herois-e-martires-nos-87-anos-da-explosao-da-guerra-de-resistencia-do-povo-chines-contra-invasao-japonesa\\\/#primaryimage\",\"url\":\"https:\\\/\\\/diariodepe.com.br\\\/cri\\\/wp-content\\\/uploads\\\/sites\\\/2\\\/2024\\\/07\\\/2024070719170267352-scaled.jpg\",\"contentUrl\":\"https:\\\/\\\/diariodepe.com.br\\\/cri\\\/wp-content\\\/uploads\\\/sites\\\/2\\\/2024\\\/07\\\/2024070719170267352-scaled.jpg\",\"width\":2560,\"height\":2277},{\"@type\":\"BreadcrumbList\",\"@id\":\"https:\\\/\\\/diariodepe.com.br\\\/cri\\\/2024\\\/07\\\/08\\\/shenyang-homenageia-herois-e-martires-nos-87-anos-da-explosao-da-guerra-de-resistencia-do-povo-chines-contra-invasao-japonesa\\\/#breadcrumb\",\"itemListElement\":[{\"@type\":\"ListItem\",\"position\":1,\"name\":\"In\u00edcio\",\"item\":\"https:\\\/\\\/diariodepe.com.br\\\/cri\\\/\"},{\"@type\":\"ListItem\",\"position\":2,\"name\":\"Shenyang homenageia herois e m\u00e1rtires nos 87 anos da explos\u00e3o da Guerra de Resist\u00eancia do Povo Chin\u00eas contra Invas\u00e3o Japonesa\"}]},{\"@type\":\"WebSite\",\"@id\":\"https:\\\/\\\/diariodepe.com.br\\\/cri\\\/#website\",\"url\":\"https:\\\/\\\/diariodepe.com.br\\\/cri\\\/\",\"name\":\"CRI e Diario de Pernambuco\",\"description\":\"R\u00e1dio Internacional da China\",\"publisher\":{\"@id\":\"https:\\\/\\\/diariodepe.com.br\\\/cri\\\/#organization\"},\"potentialAction\":[{\"@type\":\"SearchAction\",\"target\":{\"@type\":\"EntryPoint\",\"urlTemplate\":\"https:\\\/\\\/diariodepe.com.br\\\/cri\\\/?s={search_term_string}\"},\"query-input\":{\"@type\":\"PropertyValueSpecification\",\"valueRequired\":true,\"valueName\":\"search_term_string\"}}],\"inLanguage\":\"pt-BR\"},{\"@type\":\"Organization\",\"@id\":\"https:\\\/\\\/diariodepe.com.br\\\/cri\\\/#organization\",\"name\":\"CRI e Diario de Pernambuco\",\"url\":\"https:\\\/\\\/diariodepe.com.br\\\/cri\\\/\",\"logo\":{\"@type\":\"ImageObject\",\"inLanguage\":\"pt-BR\",\"@id\":\"https:\\\/\\\/diariodepe.com.br\\\/cri\\\/#\\\/schema\\\/logo\\\/image\\\/\",\"url\":\"https:\\\/\\\/diariodepe.com.br\\\/cri\\\/wp-content\\\/uploads\\\/sites\\\/2\\\/2022\\\/12\\\/cropped-Logo.jpg\",\"contentUrl\":\"https:\\\/\\\/diariodepe.com.br\\\/cri\\\/wp-content\\\/uploads\\\/sites\\\/2\\\/2022\\\/12\\\/cropped-Logo.jpg\",\"width\":700,\"height\":59,\"caption\":\"CRI e Diario de Pernambuco\"},\"image\":{\"@id\":\"https:\\\/\\\/diariodepe.com.br\\\/cri\\\/#\\\/schema\\\/logo\\\/image\\\/\"}},{\"@type\":\"Person\",\"@id\":\"https:\\\/\\\/diariodepe.com.br\\\/cri\\\/#\\\/schema\\\/person\\\/121bb28d84f1a5b1205ef4ce9c2e0c6b\",\"name\":\"Ismael Lucas S. Pereira\",\"image\":{\"@type\":\"ImageObject\",\"inLanguage\":\"pt-BR\",\"@id\":\"https:\\\/\\\/secure.gravatar.com\\\/avatar\\\/887a0f3b5a7ceea963a48499fb883ffce6b5037362def025c52c2505b15d63e4?s=96&d=mm&r=g\",\"url\":\"https:\\\/\\\/secure.gravatar.com\\\/avatar\\\/887a0f3b5a7ceea963a48499fb883ffce6b5037362def025c52c2505b15d63e4?s=96&d=mm&r=g\",\"contentUrl\":\"https:\\\/\\\/secure.gravatar.com\\\/avatar\\\/887a0f3b5a7ceea963a48499fb883ffce6b5037362def025c52c2505b15d63e4?s=96&d=mm&r=g\",\"caption\":\"Ismael Lucas S. Pereira\"},\"url\":\"https:\\\/\\\/diariodepe.com.br\\\/cri\\\/author\\\/ismael-lucas\\\/\"}]}<\/script>\n<!-- \/ Yoast SEO plugin. -->","yoast_head_json":{"title":"Shenyang homenageia herois e m\u00e1rtires nos 87 anos da explos\u00e3o da Guerra de Resist\u00eancia do Povo Chin\u00eas contra Invas\u00e3o Japonesa - CRI e Diario de Pernambuco","robots":{"index":"index","follow":"follow","max-snippet":"max-snippet:-1","max-image-preview":"max-image-preview:large","max-video-preview":"max-video-preview:-1"},"canonical":"https:\/\/diariodepe.com.br\/cri\/2024\/07\/08\/shenyang-homenageia-herois-e-martires-nos-87-anos-da-explosao-da-guerra-de-resistencia-do-povo-chines-contra-invasao-japonesa\/","og_locale":"pt_BR","og_type":"article","og_title":"Shenyang homenageia herois e m\u00e1rtires nos 87 anos da explos\u00e3o da Guerra de Resist\u00eancia do Povo Chin\u00eas contra Invas\u00e3o Japonesa - CRI e Diario de Pernambuco","og_description":"Este domingo (7) marca o 87\u00ba anivers\u00e1rio da explos\u00e3o da Guerra de Resist\u00eancia contra a Invas\u00e3o Japonesa. Com o objetivo de incentivar os chineses a se lembrarem da hist\u00f3ria, foi realizada uma s\u00e9rie de atividades de homenagem no Museu Hist\u00f3rico...","og_url":"https:\/\/diariodepe.com.br\/cri\/2024\/07\/08\/shenyang-homenageia-herois-e-martires-nos-87-anos-da-explosao-da-guerra-de-resistencia-do-povo-chines-contra-invasao-japonesa\/","og_site_name":"CRI e Diario de Pernambuco","article_published_time":"2024-07-09T01:24:43+00:00","og_image":[{"width":2560,"height":2277,"url":"https:\/\/diariodepe.com.br\/cri\/wp-content\/uploads\/sites\/2\/2024\/07\/2024070719170267352-scaled.jpg","type":"image\/jpeg"}],"author":"Ismael Lucas S. Pereira","twitter_card":"summary_large_image","twitter_misc":{"Escrito por":"Ismael Lucas S. Pereira","Est. tempo de leitura":"1 minuto"},"schema":{"@context":"https:\/\/schema.org","@graph":[{"@type":"Article","@id":"https:\/\/diariodepe.com.br\/cri\/2024\/07\/08\/shenyang-homenageia-herois-e-martires-nos-87-anos-da-explosao-da-guerra-de-resistencia-do-povo-chines-contra-invasao-japonesa\/#article","isPartOf":{"@id":"https:\/\/diariodepe.com.br\/cri\/2024\/07\/08\/shenyang-homenageia-herois-e-martires-nos-87-anos-da-explosao-da-guerra-de-resistencia-do-povo-chines-contra-invasao-japonesa\/"},"author":{"name":"Ismael Lucas S. Pereira","@id":"https:\/\/diariodepe.com.br\/cri\/#\/schema\/person\/121bb28d84f1a5b1205ef4ce9c2e0c6b"},"headline":"Shenyang homenageia herois e m\u00e1rtires nos 87 anos da explos\u00e3o da Guerra de Resist\u00eancia do Povo Chin\u00eas contra Invas\u00e3o Japonesa","datePublished":"2024-07-09T01:24:43+00:00","mainEntityOfPage":{"@id":"https:\/\/diariodepe.com.br\/cri\/2024\/07\/08\/shenyang-homenageia-herois-e-martires-nos-87-anos-da-explosao-da-guerra-de-resistencia-do-povo-chines-contra-invasao-japonesa\/"},"wordCount":178,"commentCount":0,"publisher":{"@id":"https:\/\/diariodepe.com.br\/cri\/#organization"},"image":{"@id":"https:\/\/diariodepe.com.br\/cri\/2024\/07\/08\/shenyang-homenageia-herois-e-martires-nos-87-anos-da-explosao-da-guerra-de-resistencia-do-povo-chines-contra-invasao-japonesa\/#primaryimage"},"thumbnailUrl":"https:\/\/diariodepe.com.br\/cri\/wp-content\/uploads\/sites\/2\/2024\/07\/2024070719170267352-scaled.jpg","articleSection":["China","Destaques Capa"],"inLanguage":"pt-BR","potentialAction":[{"@type":"CommentAction","name":"Comment","target":["https:\/\/diariodepe.com.br\/cri\/2024\/07\/08\/shenyang-homenageia-herois-e-martires-nos-87-anos-da-explosao-da-guerra-de-resistencia-do-povo-chines-contra-invasao-japonesa\/#respond"]}]},{"@type":"WebPage","@id":"https:\/\/diariodepe.com.br\/cri\/2024\/07\/08\/shenyang-homenageia-herois-e-martires-nos-87-anos-da-explosao-da-guerra-de-resistencia-do-povo-chines-contra-invasao-japonesa\/","url":"https:\/\/diariodepe.com.br\/cri\/2024\/07\/08\/shenyang-homenageia-herois-e-martires-nos-87-anos-da-explosao-da-guerra-de-resistencia-do-povo-chines-contra-invasao-japonesa\/","name":"Shenyang homenageia herois e m\u00e1rtires nos 87 anos da explos\u00e3o da Guerra de Resist\u00eancia do Povo Chin\u00eas contra Invas\u00e3o Japonesa - CRI e Diario de Pernambuco","isPartOf":{"@id":"https:\/\/diariodepe.com.br\/cri\/#website"},"primaryImageOfPage":{"@id":"https:\/\/diariodepe.com.br\/cri\/2024\/07\/08\/shenyang-homenageia-herois-e-martires-nos-87-anos-da-explosao-da-guerra-de-resistencia-do-povo-chines-contra-invasao-japonesa\/#primaryimage"},"image":{"@id":"https:\/\/diariodepe.com.br\/cri\/2024\/07\/08\/shenyang-homenageia-herois-e-martires-nos-87-anos-da-explosao-da-guerra-de-resistencia-do-povo-chines-contra-invasao-japonesa\/#primaryimage"},"thumbnailUrl":"https:\/\/diariodepe.com.br\/cri\/wp-content\/uploads\/sites\/2\/2024\/07\/2024070719170267352-scaled.jpg","datePublished":"2024-07-09T01:24:43+00:00","breadcrumb":{"@id":"https:\/\/diariodepe.com.br\/cri\/2024\/07\/08\/shenyang-homenageia-herois-e-martires-nos-87-anos-da-explosao-da-guerra-de-resistencia-do-povo-chines-contra-invasao-japonesa\/#breadcrumb"},"inLanguage":"pt-BR","potentialAction":[{"@type":"ReadAction","target":["https:\/\/diariodepe.com.br\/cri\/2024\/07\/08\/shenyang-homenageia-herois-e-martires-nos-87-anos-da-explosao-da-guerra-de-resistencia-do-povo-chines-contra-invasao-japonesa\/"]}]},{"@type":"ImageObject","inLanguage":"pt-BR","@id":"https:\/\/diariodepe.com.br\/cri\/2024\/07\/08\/shenyang-homenageia-herois-e-martires-nos-87-anos-da-explosao-da-guerra-de-resistencia-do-povo-chines-contra-invasao-japonesa\/#primaryimage","url":"https:\/\/diariodepe.com.br\/cri\/wp-content\/uploads\/sites\/2\/2024\/07\/2024070719170267352-scaled.jpg","contentUrl":"https:\/\/diariodepe.com.br\/cri\/wp-content\/uploads\/sites\/2\/2024\/07\/2024070719170267352-scaled.jpg","width":2560,"height":2277},{"@type":"BreadcrumbList","@id":"https:\/\/diariodepe.com.br\/cri\/2024\/07\/08\/shenyang-homenageia-herois-e-martires-nos-87-anos-da-explosao-da-guerra-de-resistencia-do-povo-chines-contra-invasao-japonesa\/#breadcrumb","itemListElement":[{"@type":"ListItem","position":1,"name":"In\u00edcio","item":"https:\/\/diariodepe.com.br\/cri\/"},{"@type":"ListItem","position":2,"name":"Shenyang homenageia herois e m\u00e1rtires nos 87 anos da explos\u00e3o da Guerra de Resist\u00eancia do Povo Chin\u00eas contra Invas\u00e3o Japonesa"}]},{"@type":"WebSite","@id":"https:\/\/diariodepe.com.br\/cri\/#website","url":"https:\/\/diariodepe.com.br\/cri\/","name":"CRI e Diario de Pernambuco","description":"R\u00e1dio Internacional da China","publisher":{"@id":"https:\/\/diariodepe.com.br\/cri\/#organization"},"potentialAction":[{"@type":"SearchAction","target":{"@type":"EntryPoint","urlTemplate":"https:\/\/diariodepe.com.br\/cri\/?s={search_term_string}"},"query-input":{"@type":"PropertyValueSpecification","valueRequired":true,"valueName":"search_term_string"}}],"inLanguage":"pt-BR"},{"@type":"Organization","@id":"https:\/\/diariodepe.com.br\/cri\/#organization","name":"CRI e Diario de Pernambuco","url":"https:\/\/diariodepe.com.br\/cri\/","logo":{"@type":"ImageObject","inLanguage":"pt-BR","@id":"https:\/\/diariodepe.com.br\/cri\/#\/schema\/logo\/image\/","url":"https:\/\/diariodepe.com.br\/cri\/wp-content\/uploads\/sites\/2\/2022\/12\/cropped-Logo.jpg","contentUrl":"https:\/\/diariodepe.com.br\/cri\/wp-content\/uploads\/sites\/2\/2022\/12\/cropped-Logo.jpg","width":700,"height":59,"caption":"CRI e Diario de Pernambuco"},"image":{"@id":"https:\/\/diariodepe.com.br\/cri\/#\/schema\/logo\/image\/"}},{"@type":"Person","@id":"https:\/\/diariodepe.com.br\/cri\/#\/schema\/person\/121bb28d84f1a5b1205ef4ce9c2e0c6b","name":"Ismael Lucas S. Pereira","image":{"@type":"ImageObject","inLanguage":"pt-BR","@id":"https:\/\/secure.gravatar.com\/avatar\/887a0f3b5a7ceea963a48499fb883ffce6b5037362def025c52c2505b15d63e4?s=96&d=mm&r=g","url":"https:\/\/secure.gravatar.com\/avatar\/887a0f3b5a7ceea963a48499fb883ffce6b5037362def025c52c2505b15d63e4?s=96&d=mm&r=g","contentUrl":"https:\/\/secure.gravatar.com\/avatar\/887a0f3b5a7ceea963a48499fb883ffce6b5037362def025c52c2505b15d63e4?s=96&d=mm&r=g","caption":"Ismael Lucas S. Pereira"},"url":"https:\/\/diariodepe.com.br\/cri\/author\/ismael-lucas\/"}]}},"cc_featured_image_caption":{"caption_text":false,"source_text":false,"source_url":false},"amp_enabled":true,"_links":{"self":[{"href":"https:\/\/diariodepe.com.br\/cri\/wp-json\/wp\/v2\/posts\/5681","targetHints":{"allow":["GET"]}}],"collection":[{"href":"https:\/\/diariodepe.com.br\/cri\/wp-json\/wp\/v2\/posts"}],"about":[{"href":"https:\/\/diariodepe.com.br\/cri\/wp-json\/wp\/v2\/types\/post"}],"author":[{"embeddable":true,"href":"https:\/\/diariodepe.com.br\/cri\/wp-json\/wp\/v2\/users\/2"}],"replies":[{"embeddable":true,"href":"https:\/\/diariodepe.com.br\/cri\/wp-json\/wp\/v2\/comments?post=5681"}],"version-history":[{"count":1,"href":"https:\/\/diariodepe.com.br\/cri\/wp-json\/wp\/v2\/posts\/5681\/revisions"}],"predecessor-version":[{"id":5683,"href":"https:\/\/diariodepe.com.br\/cri\/wp-json\/wp\/v2\/posts\/5681\/revisions\/5683"}],"wp:featuredmedia":[{"embeddable":true,"href":"https:\/\/diariodepe.com.br\/cri\/wp-json\/wp\/v2\/media\/5682"}],"wp:attachment":[{"href":"https:\/\/diariodepe.com.br\/cri\/wp-json\/wp\/v2\/media?parent=5681"}],"wp:term":[{"taxonomy":"category","embeddable":true,"href":"https:\/\/diariodepe.com.br\/cri\/wp-json\/wp\/v2\/categories?post=5681"},{"taxonomy":"post_tag","embeddable":true,"href":"https:\/\/diariodepe.com.br\/cri\/wp-json\/wp\/v2\/tags?post=5681"}],"curies":[{"name":"wp","href":"https:\/\/api.w.org\/{rel}","templated":true}]}}