{"id":5673,"date":"2024-07-08T03:22:09","date_gmt":"2024-07-08T06:22:09","guid":{"rendered":"https:\/\/diariodepe.com.br\/cri\/?p=5673"},"modified":"2024-07-08T03:22:09","modified_gmt":"2024-07-08T06:22:09","slug":"por-que-a-protecao-dos-direitos-humanos-da-china-e-aplaudida-na-onu","status":"publish","type":"post","link":"https:\/\/diariodepe.com.br\/cri\/2024\/07\/08\/por-que-a-protecao-dos-direitos-humanos-da-china-e-aplaudida-na-onu\/","title":{"rendered":"Por que a prote\u00e7\u00e3o dos direitos humanos da China \u00e9 aplaudida na ONU?"},"content":{"rendered":"<p class=\"photo_img_20190808\"><img decoding=\"async\" src=\"https:\/\/p5crires.cri.cn\/photoworkspace\/cri\/contentimg\/2024\/07\/06\/2024070618550771941.jpg\" alt=\"\" width=\"1000\" \/><\/p>\n<p>O Conselho de Direitos Humanos da Organiza\u00e7\u00e3o das Na\u00e7\u00f5es Unidas (ONU) aprovou por unanimidade o relat\u00f3rio da China sobre o 4\u00ba ciclo da Revis\u00e3o Peri\u00f3dica Universal (RPU), na quinta-feira (4) em Genebra. O resultado foi aplaudido calorosamente na reuni\u00e3o.<\/p>\n<p>A RPU \u00e9 uma plataforma importante para a realiza\u00e7\u00e3o de interc\u00e2mbios francos e di\u00e1logos construtivos sobre a quest\u00e3o dos direitos humanos da ONU. A China participou das primeiras tr\u00eas rodadas de revis\u00f5es, respectivamente em 2009, 2013 e 2018.<\/p>\n<p>Nestes \u00faltimos anos, para melhorar ainda mais sua prote\u00e7\u00e3o dos direitos humanos, a China promulgou uma s\u00e9rie de leis e emendas de lei e aceitou as sugest\u00f5es maiorit\u00e1rias da 4\u00aa rodada da RPU, al\u00e9m de adotar 30 novas medidas, abrangendo diferentes \u00e1reas, tais como o bem-estar do povo, a garantia jur\u00eddica dos direitos humanos e a coopera\u00e7\u00e3o internacional.<\/p>\n<p>Durante muito tempo, a China tem defendido que os direitos \u00e0 sobreviv\u00eancia e ao desenvolvimento s\u00e3o os direitos humanos b\u00e1sicos mais importantes. O pa\u00eds j\u00e1 conseguiu muitos \u00eaxitos a este respeito, com destaque \u00e0 resolu\u00e7\u00e3o da pobreza absoluta, \u00e0 conclus\u00e3o da constru\u00e7\u00e3o abrangente de uma sociedade moderadamente pr\u00f3spera, ao estabelecimento dos maiores sistemas de educa\u00e7\u00e3o, previd\u00eancia social e assist\u00eancias m\u00e9dicas do mundo, al\u00e9m da maior rede de 5G.<\/p>\n<p>Al\u00e9m disso, com a ado\u00e7\u00e3o da pol\u00edtica de isen\u00e7\u00e3o de visto \u00e0 China para cada dia mais pa\u00edses e a implementa\u00e7\u00e3o de uma s\u00e9rie de medidas para facilitar a viagem dentro do pa\u00eds, muitas pessoas v\u00eam postando suas experi\u00eancias de viagem \u00e0 China na internet. O alto n\u00edvel de seguran\u00e7a, os trens-bala, os drones de entrega expressa e os carros movidos a novas energias, entre outras coisas, impressionaram profundamente os visitantes estrangeiros.<\/p>\n<p>Recentemente, um internauta deixou uma mensagem nas redes sociais, descrevendo suas impress\u00f5es sobre o pa\u00eds: \u201cAqui \u00e9 muito limpo e n\u00e3o h\u00e1 nenhuma arma. Todas as pessoas s\u00e3o tranquilas e calmas. \u00c9 como um pa\u00eds deve ser\u201d. O coment\u00e1rio foi amplamente curtido.<\/p>\n<p>As contribui\u00e7\u00f5es da China para o setor de direitos humanos no \u00e2mbito internacional tamb\u00e9m foram reconhecidas. As suas propostas, incluindo os princ\u00edpios de promo\u00e7\u00e3o dos direitos humanos atrav\u00e9s de seguran\u00e7a, desenvolvimento e coopera\u00e7\u00e3o, e a sua promo\u00e7\u00e3o da constru\u00e7\u00e3o de uma comunidade de futuro compartilhado para a humanidade, al\u00e9m do apelo pela resist\u00eancia \u00e0 interfer\u00eancia aos assuntos internos alheios sob o pretexto dos direitos humanos, foram todos esfor\u00e7os constantes do pa\u00eds para a governan\u00e7a global neste dom\u00ednio.<\/p>\n<p>Neste processo, a constru\u00e7\u00e3o conjunta do Cintur\u00e3o e Rota j\u00e1 se tornou um exemplo para a promo\u00e7\u00e3o dos direitos humanos mediante o desenvolvimento. A iniciativa j\u00e1 contribuiu para a promo\u00e7\u00e3o de cerca de um trilh\u00e3o de d\u00f3lares de investimento pelo mundo, formando mais de tr\u00eas mil projetos de coopera\u00e7\u00e3o e ajudando cerca de 40 milh\u00f5es de pessoas a sair da pobreza.<\/p>\n<p>Atualmente, a China est\u00e1 promovendo a moderniza\u00e7\u00e3o do pa\u00eds, enquanto seus esfor\u00e7os pela melhoria dos direitos humanos no mundo tamb\u00e9m continuam.<\/p>\n","protected":false},"excerpt":{"rendered":"<p>O Conselho de Direitos Humanos da Organiza\u00e7\u00e3o das Na\u00e7\u00f5es Unidas (ONU) aprovou por unanimidade o relat\u00f3rio da China sobre o 4\u00ba ciclo da Revis\u00e3o Peri\u00f3dica Universal (RPU), na quinta-feira (4) em Genebra. O resultado foi aplaudido calorosamente na reuni\u00e3o. A&#8230;<\/p>\n","protected":false},"author":2,"featured_media":0,"comment_status":"open","ping_status":"open","sticky":false,"template":"","format":"standard","meta":{"footnotes":""},"categories":[7],"tags":[],"class_list":["post-5673","post","type-post","status-publish","format-standard","hentry","category-visao"],"yoast_head":"<!-- This site is optimized with the Yoast SEO plugin v27.4 - https:\/\/yoast.com\/product\/yoast-seo-wordpress\/ -->\n<title>Por que a prote\u00e7\u00e3o dos direitos humanos da China \u00e9 aplaudida na ONU? - CRI e Diario de Pernambuco<\/title>\n<meta name=\"robots\" content=\"index, follow, max-snippet:-1, max-image-preview:large, max-video-preview:-1\" \/>\n<link rel=\"canonical\" href=\"https:\/\/diariodepe.com.br\/cri\/2024\/07\/08\/por-que-a-protecao-dos-direitos-humanos-da-china-e-aplaudida-na-onu\/\" \/>\n<meta property=\"og:locale\" content=\"pt_BR\" \/>\n<meta property=\"og:type\" content=\"article\" \/>\n<meta property=\"og:title\" content=\"Por que a prote\u00e7\u00e3o dos direitos humanos da China \u00e9 aplaudida na ONU? - CRI e Diario de Pernambuco\" \/>\n<meta property=\"og:description\" content=\"O Conselho de Direitos Humanos da Organiza\u00e7\u00e3o das Na\u00e7\u00f5es Unidas (ONU) aprovou por unanimidade o relat\u00f3rio da China sobre o 4\u00ba ciclo da Revis\u00e3o Peri\u00f3dica Universal (RPU), na quinta-feira (4) em Genebra. O resultado foi aplaudido calorosamente na reuni\u00e3o. A...\" \/>\n<meta property=\"og:url\" content=\"https:\/\/diariodepe.com.br\/cri\/2024\/07\/08\/por-que-a-protecao-dos-direitos-humanos-da-china-e-aplaudida-na-onu\/\" \/>\n<meta property=\"og:site_name\" content=\"CRI e Diario de Pernambuco\" \/>\n<meta property=\"article:published_time\" content=\"2024-07-08T06:22:09+00:00\" \/>\n<meta property=\"og:image\" content=\"https:\/\/p5crires.cri.cn\/photoworkspace\/cri\/contentimg\/2024\/07\/06\/2024070618550771941.jpg\" \/>\n<meta name=\"author\" content=\"Ismael Lucas S. Pereira\" \/>\n<meta name=\"twitter:card\" content=\"summary_large_image\" \/>\n<meta name=\"twitter:label1\" content=\"Escrito por\" \/>\n\t<meta name=\"twitter:data1\" content=\"Ismael Lucas S. Pereira\" \/>\n\t<meta name=\"twitter:label2\" content=\"Est. tempo de leitura\" \/>\n\t<meta name=\"twitter:data2\" content=\"3 minutos\" \/>\n<script type=\"application\/ld+json\" class=\"yoast-schema-graph\">{\"@context\":\"https:\\\/\\\/schema.org\",\"@graph\":[{\"@type\":\"Article\",\"@id\":\"https:\\\/\\\/diariodepe.com.br\\\/cri\\\/2024\\\/07\\\/08\\\/por-que-a-protecao-dos-direitos-humanos-da-china-e-aplaudida-na-onu\\\/#article\",\"isPartOf\":{\"@id\":\"https:\\\/\\\/diariodepe.com.br\\\/cri\\\/2024\\\/07\\\/08\\\/por-que-a-protecao-dos-direitos-humanos-da-china-e-aplaudida-na-onu\\\/\"},\"author\":{\"name\":\"Ismael Lucas S. Pereira\",\"@id\":\"https:\\\/\\\/diariodepe.com.br\\\/cri\\\/#\\\/schema\\\/person\\\/121bb28d84f1a5b1205ef4ce9c2e0c6b\"},\"headline\":\"Por que a prote\u00e7\u00e3o dos direitos humanos da China \u00e9 aplaudida na ONU?\",\"datePublished\":\"2024-07-08T06:22:09+00:00\",\"mainEntityOfPage\":{\"@id\":\"https:\\\/\\\/diariodepe.com.br\\\/cri\\\/2024\\\/07\\\/08\\\/por-que-a-protecao-dos-direitos-humanos-da-china-e-aplaudida-na-onu\\\/\"},\"wordCount\":551,\"commentCount\":0,\"publisher\":{\"@id\":\"https:\\\/\\\/diariodepe.com.br\\\/cri\\\/#organization\"},\"image\":{\"@id\":\"https:\\\/\\\/diariodepe.com.br\\\/cri\\\/2024\\\/07\\\/08\\\/por-que-a-protecao-dos-direitos-humanos-da-china-e-aplaudida-na-onu\\\/#primaryimage\"},\"thumbnailUrl\":\"https:\\\/\\\/p5crires.cri.cn\\\/photoworkspace\\\/cri\\\/contentimg\\\/2024\\\/07\\\/06\\\/2024070618550771941.jpg\",\"articleSection\":[\"Vis\u00e3o\"],\"inLanguage\":\"pt-BR\",\"potentialAction\":[{\"@type\":\"CommentAction\",\"name\":\"Comment\",\"target\":[\"https:\\\/\\\/diariodepe.com.br\\\/cri\\\/2024\\\/07\\\/08\\\/por-que-a-protecao-dos-direitos-humanos-da-china-e-aplaudida-na-onu\\\/#respond\"]}]},{\"@type\":\"WebPage\",\"@id\":\"https:\\\/\\\/diariodepe.com.br\\\/cri\\\/2024\\\/07\\\/08\\\/por-que-a-protecao-dos-direitos-humanos-da-china-e-aplaudida-na-onu\\\/\",\"url\":\"https:\\\/\\\/diariodepe.com.br\\\/cri\\\/2024\\\/07\\\/08\\\/por-que-a-protecao-dos-direitos-humanos-da-china-e-aplaudida-na-onu\\\/\",\"name\":\"Por que a prote\u00e7\u00e3o dos direitos humanos da China \u00e9 aplaudida na ONU? - CRI e Diario de Pernambuco\",\"isPartOf\":{\"@id\":\"https:\\\/\\\/diariodepe.com.br\\\/cri\\\/#website\"},\"primaryImageOfPage\":{\"@id\":\"https:\\\/\\\/diariodepe.com.br\\\/cri\\\/2024\\\/07\\\/08\\\/por-que-a-protecao-dos-direitos-humanos-da-china-e-aplaudida-na-onu\\\/#primaryimage\"},\"image\":{\"@id\":\"https:\\\/\\\/diariodepe.com.br\\\/cri\\\/2024\\\/07\\\/08\\\/por-que-a-protecao-dos-direitos-humanos-da-china-e-aplaudida-na-onu\\\/#primaryimage\"},\"thumbnailUrl\":\"https:\\\/\\\/p5crires.cri.cn\\\/photoworkspace\\\/cri\\\/contentimg\\\/2024\\\/07\\\/06\\\/2024070618550771941.jpg\",\"datePublished\":\"2024-07-08T06:22:09+00:00\",\"breadcrumb\":{\"@id\":\"https:\\\/\\\/diariodepe.com.br\\\/cri\\\/2024\\\/07\\\/08\\\/por-que-a-protecao-dos-direitos-humanos-da-china-e-aplaudida-na-onu\\\/#breadcrumb\"},\"inLanguage\":\"pt-BR\",\"potentialAction\":[{\"@type\":\"ReadAction\",\"target\":[\"https:\\\/\\\/diariodepe.com.br\\\/cri\\\/2024\\\/07\\\/08\\\/por-que-a-protecao-dos-direitos-humanos-da-china-e-aplaudida-na-onu\\\/\"]}]},{\"@type\":\"ImageObject\",\"inLanguage\":\"pt-BR\",\"@id\":\"https:\\\/\\\/diariodepe.com.br\\\/cri\\\/2024\\\/07\\\/08\\\/por-que-a-protecao-dos-direitos-humanos-da-china-e-aplaudida-na-onu\\\/#primaryimage\",\"url\":\"https:\\\/\\\/p5crires.cri.cn\\\/photoworkspace\\\/cri\\\/contentimg\\\/2024\\\/07\\\/06\\\/2024070618550771941.jpg\",\"contentUrl\":\"https:\\\/\\\/p5crires.cri.cn\\\/photoworkspace\\\/cri\\\/contentimg\\\/2024\\\/07\\\/06\\\/2024070618550771941.jpg\"},{\"@type\":\"BreadcrumbList\",\"@id\":\"https:\\\/\\\/diariodepe.com.br\\\/cri\\\/2024\\\/07\\\/08\\\/por-que-a-protecao-dos-direitos-humanos-da-china-e-aplaudida-na-onu\\\/#breadcrumb\",\"itemListElement\":[{\"@type\":\"ListItem\",\"position\":1,\"name\":\"In\u00edcio\",\"item\":\"https:\\\/\\\/diariodepe.com.br\\\/cri\\\/\"},{\"@type\":\"ListItem\",\"position\":2,\"name\":\"Por que a prote\u00e7\u00e3o dos direitos humanos da China \u00e9 aplaudida na ONU?\"}]},{\"@type\":\"WebSite\",\"@id\":\"https:\\\/\\\/diariodepe.com.br\\\/cri\\\/#website\",\"url\":\"https:\\\/\\\/diariodepe.com.br\\\/cri\\\/\",\"name\":\"CRI e Diario de Pernambuco\",\"description\":\"R\u00e1dio Internacional da China\",\"publisher\":{\"@id\":\"https:\\\/\\\/diariodepe.com.br\\\/cri\\\/#organization\"},\"potentialAction\":[{\"@type\":\"SearchAction\",\"target\":{\"@type\":\"EntryPoint\",\"urlTemplate\":\"https:\\\/\\\/diariodepe.com.br\\\/cri\\\/?s={search_term_string}\"},\"query-input\":{\"@type\":\"PropertyValueSpecification\",\"valueRequired\":true,\"valueName\":\"search_term_string\"}}],\"inLanguage\":\"pt-BR\"},{\"@type\":\"Organization\",\"@id\":\"https:\\\/\\\/diariodepe.com.br\\\/cri\\\/#organization\",\"name\":\"CRI e Diario de Pernambuco\",\"url\":\"https:\\\/\\\/diariodepe.com.br\\\/cri\\\/\",\"logo\":{\"@type\":\"ImageObject\",\"inLanguage\":\"pt-BR\",\"@id\":\"https:\\\/\\\/diariodepe.com.br\\\/cri\\\/#\\\/schema\\\/logo\\\/image\\\/\",\"url\":\"https:\\\/\\\/diariodepe.com.br\\\/cri\\\/wp-content\\\/uploads\\\/sites\\\/2\\\/2022\\\/12\\\/cropped-Logo.jpg\",\"contentUrl\":\"https:\\\/\\\/diariodepe.com.br\\\/cri\\\/wp-content\\\/uploads\\\/sites\\\/2\\\/2022\\\/12\\\/cropped-Logo.jpg\",\"width\":700,\"height\":59,\"caption\":\"CRI e Diario de Pernambuco\"},\"image\":{\"@id\":\"https:\\\/\\\/diariodepe.com.br\\\/cri\\\/#\\\/schema\\\/logo\\\/image\\\/\"}},{\"@type\":\"Person\",\"@id\":\"https:\\\/\\\/diariodepe.com.br\\\/cri\\\/#\\\/schema\\\/person\\\/121bb28d84f1a5b1205ef4ce9c2e0c6b\",\"name\":\"Ismael Lucas S. Pereira\",\"image\":{\"@type\":\"ImageObject\",\"inLanguage\":\"pt-BR\",\"@id\":\"https:\\\/\\\/secure.gravatar.com\\\/avatar\\\/887a0f3b5a7ceea963a48499fb883ffce6b5037362def025c52c2505b15d63e4?s=96&d=mm&r=g\",\"url\":\"https:\\\/\\\/secure.gravatar.com\\\/avatar\\\/887a0f3b5a7ceea963a48499fb883ffce6b5037362def025c52c2505b15d63e4?s=96&d=mm&r=g\",\"contentUrl\":\"https:\\\/\\\/secure.gravatar.com\\\/avatar\\\/887a0f3b5a7ceea963a48499fb883ffce6b5037362def025c52c2505b15d63e4?s=96&d=mm&r=g\",\"caption\":\"Ismael Lucas S. Pereira\"},\"url\":\"https:\\\/\\\/diariodepe.com.br\\\/cri\\\/author\\\/ismael-lucas\\\/\"}]}<\/script>\n<!-- \/ Yoast SEO plugin. -->","yoast_head_json":{"title":"Por que a prote\u00e7\u00e3o dos direitos humanos da China \u00e9 aplaudida na ONU? - CRI e Diario de Pernambuco","robots":{"index":"index","follow":"follow","max-snippet":"max-snippet:-1","max-image-preview":"max-image-preview:large","max-video-preview":"max-video-preview:-1"},"canonical":"https:\/\/diariodepe.com.br\/cri\/2024\/07\/08\/por-que-a-protecao-dos-direitos-humanos-da-china-e-aplaudida-na-onu\/","og_locale":"pt_BR","og_type":"article","og_title":"Por que a prote\u00e7\u00e3o dos direitos humanos da China \u00e9 aplaudida na ONU? - CRI e Diario de Pernambuco","og_description":"O Conselho de Direitos Humanos da Organiza\u00e7\u00e3o das Na\u00e7\u00f5es Unidas (ONU) aprovou por unanimidade o relat\u00f3rio da China sobre o 4\u00ba ciclo da Revis\u00e3o Peri\u00f3dica Universal (RPU), na quinta-feira (4) em Genebra. O resultado foi aplaudido calorosamente na reuni\u00e3o. A...","og_url":"https:\/\/diariodepe.com.br\/cri\/2024\/07\/08\/por-que-a-protecao-dos-direitos-humanos-da-china-e-aplaudida-na-onu\/","og_site_name":"CRI e Diario de Pernambuco","article_published_time":"2024-07-08T06:22:09+00:00","og_image":[{"url":"https:\/\/p5crires.cri.cn\/photoworkspace\/cri\/contentimg\/2024\/07\/06\/2024070618550771941.jpg","type":"","width":"","height":""}],"author":"Ismael Lucas S. Pereira","twitter_card":"summary_large_image","twitter_misc":{"Escrito por":"Ismael Lucas S. Pereira","Est. tempo de leitura":"3 minutos"},"schema":{"@context":"https:\/\/schema.org","@graph":[{"@type":"Article","@id":"https:\/\/diariodepe.com.br\/cri\/2024\/07\/08\/por-que-a-protecao-dos-direitos-humanos-da-china-e-aplaudida-na-onu\/#article","isPartOf":{"@id":"https:\/\/diariodepe.com.br\/cri\/2024\/07\/08\/por-que-a-protecao-dos-direitos-humanos-da-china-e-aplaudida-na-onu\/"},"author":{"name":"Ismael Lucas S. Pereira","@id":"https:\/\/diariodepe.com.br\/cri\/#\/schema\/person\/121bb28d84f1a5b1205ef4ce9c2e0c6b"},"headline":"Por que a prote\u00e7\u00e3o dos direitos humanos da China \u00e9 aplaudida na ONU?","datePublished":"2024-07-08T06:22:09+00:00","mainEntityOfPage":{"@id":"https:\/\/diariodepe.com.br\/cri\/2024\/07\/08\/por-que-a-protecao-dos-direitos-humanos-da-china-e-aplaudida-na-onu\/"},"wordCount":551,"commentCount":0,"publisher":{"@id":"https:\/\/diariodepe.com.br\/cri\/#organization"},"image":{"@id":"https:\/\/diariodepe.com.br\/cri\/2024\/07\/08\/por-que-a-protecao-dos-direitos-humanos-da-china-e-aplaudida-na-onu\/#primaryimage"},"thumbnailUrl":"https:\/\/p5crires.cri.cn\/photoworkspace\/cri\/contentimg\/2024\/07\/06\/2024070618550771941.jpg","articleSection":["Vis\u00e3o"],"inLanguage":"pt-BR","potentialAction":[{"@type":"CommentAction","name":"Comment","target":["https:\/\/diariodepe.com.br\/cri\/2024\/07\/08\/por-que-a-protecao-dos-direitos-humanos-da-china-e-aplaudida-na-onu\/#respond"]}]},{"@type":"WebPage","@id":"https:\/\/diariodepe.com.br\/cri\/2024\/07\/08\/por-que-a-protecao-dos-direitos-humanos-da-china-e-aplaudida-na-onu\/","url":"https:\/\/diariodepe.com.br\/cri\/2024\/07\/08\/por-que-a-protecao-dos-direitos-humanos-da-china-e-aplaudida-na-onu\/","name":"Por que a prote\u00e7\u00e3o dos direitos humanos da China \u00e9 aplaudida na ONU? - CRI e Diario de Pernambuco","isPartOf":{"@id":"https:\/\/diariodepe.com.br\/cri\/#website"},"primaryImageOfPage":{"@id":"https:\/\/diariodepe.com.br\/cri\/2024\/07\/08\/por-que-a-protecao-dos-direitos-humanos-da-china-e-aplaudida-na-onu\/#primaryimage"},"image":{"@id":"https:\/\/diariodepe.com.br\/cri\/2024\/07\/08\/por-que-a-protecao-dos-direitos-humanos-da-china-e-aplaudida-na-onu\/#primaryimage"},"thumbnailUrl":"https:\/\/p5crires.cri.cn\/photoworkspace\/cri\/contentimg\/2024\/07\/06\/2024070618550771941.jpg","datePublished":"2024-07-08T06:22:09+00:00","breadcrumb":{"@id":"https:\/\/diariodepe.com.br\/cri\/2024\/07\/08\/por-que-a-protecao-dos-direitos-humanos-da-china-e-aplaudida-na-onu\/#breadcrumb"},"inLanguage":"pt-BR","potentialAction":[{"@type":"ReadAction","target":["https:\/\/diariodepe.com.br\/cri\/2024\/07\/08\/por-que-a-protecao-dos-direitos-humanos-da-china-e-aplaudida-na-onu\/"]}]},{"@type":"ImageObject","inLanguage":"pt-BR","@id":"https:\/\/diariodepe.com.br\/cri\/2024\/07\/08\/por-que-a-protecao-dos-direitos-humanos-da-china-e-aplaudida-na-onu\/#primaryimage","url":"https:\/\/p5crires.cri.cn\/photoworkspace\/cri\/contentimg\/2024\/07\/06\/2024070618550771941.jpg","contentUrl":"https:\/\/p5crires.cri.cn\/photoworkspace\/cri\/contentimg\/2024\/07\/06\/2024070618550771941.jpg"},{"@type":"BreadcrumbList","@id":"https:\/\/diariodepe.com.br\/cri\/2024\/07\/08\/por-que-a-protecao-dos-direitos-humanos-da-china-e-aplaudida-na-onu\/#breadcrumb","itemListElement":[{"@type":"ListItem","position":1,"name":"In\u00edcio","item":"https:\/\/diariodepe.com.br\/cri\/"},{"@type":"ListItem","position":2,"name":"Por que a prote\u00e7\u00e3o dos direitos humanos da China \u00e9 aplaudida na ONU?"}]},{"@type":"WebSite","@id":"https:\/\/diariodepe.com.br\/cri\/#website","url":"https:\/\/diariodepe.com.br\/cri\/","name":"CRI e Diario de Pernambuco","description":"R\u00e1dio Internacional da China","publisher":{"@id":"https:\/\/diariodepe.com.br\/cri\/#organization"},"potentialAction":[{"@type":"SearchAction","target":{"@type":"EntryPoint","urlTemplate":"https:\/\/diariodepe.com.br\/cri\/?s={search_term_string}"},"query-input":{"@type":"PropertyValueSpecification","valueRequired":true,"valueName":"search_term_string"}}],"inLanguage":"pt-BR"},{"@type":"Organization","@id":"https:\/\/diariodepe.com.br\/cri\/#organization","name":"CRI e Diario de Pernambuco","url":"https:\/\/diariodepe.com.br\/cri\/","logo":{"@type":"ImageObject","inLanguage":"pt-BR","@id":"https:\/\/diariodepe.com.br\/cri\/#\/schema\/logo\/image\/","url":"https:\/\/diariodepe.com.br\/cri\/wp-content\/uploads\/sites\/2\/2022\/12\/cropped-Logo.jpg","contentUrl":"https:\/\/diariodepe.com.br\/cri\/wp-content\/uploads\/sites\/2\/2022\/12\/cropped-Logo.jpg","width":700,"height":59,"caption":"CRI e Diario de Pernambuco"},"image":{"@id":"https:\/\/diariodepe.com.br\/cri\/#\/schema\/logo\/image\/"}},{"@type":"Person","@id":"https:\/\/diariodepe.com.br\/cri\/#\/schema\/person\/121bb28d84f1a5b1205ef4ce9c2e0c6b","name":"Ismael Lucas S. Pereira","image":{"@type":"ImageObject","inLanguage":"pt-BR","@id":"https:\/\/secure.gravatar.com\/avatar\/887a0f3b5a7ceea963a48499fb883ffce6b5037362def025c52c2505b15d63e4?s=96&d=mm&r=g","url":"https:\/\/secure.gravatar.com\/avatar\/887a0f3b5a7ceea963a48499fb883ffce6b5037362def025c52c2505b15d63e4?s=96&d=mm&r=g","contentUrl":"https:\/\/secure.gravatar.com\/avatar\/887a0f3b5a7ceea963a48499fb883ffce6b5037362def025c52c2505b15d63e4?s=96&d=mm&r=g","caption":"Ismael Lucas S. Pereira"},"url":"https:\/\/diariodepe.com.br\/cri\/author\/ismael-lucas\/"}]}},"cc_featured_image_caption":{"caption_text":false,"source_text":false,"source_url":false},"amp_enabled":true,"_links":{"self":[{"href":"https:\/\/diariodepe.com.br\/cri\/wp-json\/wp\/v2\/posts\/5673","targetHints":{"allow":["GET"]}}],"collection":[{"href":"https:\/\/diariodepe.com.br\/cri\/wp-json\/wp\/v2\/posts"}],"about":[{"href":"https:\/\/diariodepe.com.br\/cri\/wp-json\/wp\/v2\/types\/post"}],"author":[{"embeddable":true,"href":"https:\/\/diariodepe.com.br\/cri\/wp-json\/wp\/v2\/users\/2"}],"replies":[{"embeddable":true,"href":"https:\/\/diariodepe.com.br\/cri\/wp-json\/wp\/v2\/comments?post=5673"}],"version-history":[{"count":1,"href":"https:\/\/diariodepe.com.br\/cri\/wp-json\/wp\/v2\/posts\/5673\/revisions"}],"predecessor-version":[{"id":5674,"href":"https:\/\/diariodepe.com.br\/cri\/wp-json\/wp\/v2\/posts\/5673\/revisions\/5674"}],"wp:attachment":[{"href":"https:\/\/diariodepe.com.br\/cri\/wp-json\/wp\/v2\/media?parent=5673"}],"wp:term":[{"taxonomy":"category","embeddable":true,"href":"https:\/\/diariodepe.com.br\/cri\/wp-json\/wp\/v2\/categories?post=5673"},{"taxonomy":"post_tag","embeddable":true,"href":"https:\/\/diariodepe.com.br\/cri\/wp-json\/wp\/v2\/tags?post=5673"}],"curies":[{"name":"wp","href":"https:\/\/api.w.org\/{rel}","templated":true}]}}