{"id":5667,"date":"2024-07-08T03:20:12","date_gmt":"2024-07-08T06:20:12","guid":{"rendered":"https:\/\/diariodepe.com.br\/cri\/?p=5667"},"modified":"2024-07-08T03:20:12","modified_gmt":"2024-07-08T06:20:12","slug":"terceira-temporada-da-serie-frases-classicas-citadas-por-xi-jinping-estreia-no-tajiquistao","status":"publish","type":"post","link":"https:\/\/diariodepe.com.br\/cri\/2024\/07\/08\/terceira-temporada-da-serie-frases-classicas-citadas-por-xi-jinping-estreia-no-tajiquistao\/","title":{"rendered":"Terceira temporada da s\u00e9rie Frases Cl\u00e1ssicas Citadas por Xi Jinping estreia no Tajiquist\u00e3o"},"content":{"rendered":"<p data-spm-anchor-id=\"0.0.0.i1\">Por ocasi\u00e3o da visita de Estado do presidente chin\u00eas, Xi Jinping, ao Tadjiquist\u00e3o, a terceira temporada da s\u00e9rie\u00a0Frases Cl\u00e1ssicas Citadas por Xi Jinping\u00a0estreia hoje (5) nos canais televisivos do pa\u00eds, na vers\u00e3o tajique, produzida pelo Grupo de M\u00eddia da China (CMG, na sigla em ingl\u00eas). V\u00e1rios ve\u00edculos de comunica\u00e7\u00e3o locais, incluindo o jornal Narodnaya Gazeta, noticiaram a veicula\u00e7\u00e3o do programa.<\/p>\n<p class=\"photo_img_20190808\"><img decoding=\"async\" src=\"https:\/\/p4crires.cri.cn\/photoworkspace\/cri\/contentimg\/2024\/07\/05\/2024070516474822220.png\" alt=\"\" \/><\/p>\n<p>A terceira temporada da s\u00e9rie concentra-se em temas como prosperidade comum, prote\u00e7\u00e3o ecol\u00f3gica, patrim\u00f4nio cultural e diversidade de civiliza\u00e7\u00f5es. A partir dos discursos originais e das frases cl\u00e1ssicas citadas por Xi Jinping, o programa apresenta ao p\u00fablico tajique\u00a0a inspira\u00e7\u00e3o cultural e as conquistas frut\u00edferas da moderniza\u00e7\u00e3o chinesa.<\/p>\n<p>O programa est\u00e1 dispon\u00edvel nas plataformas da ag\u00eancia de not\u00edcias estatal\u00a0Khovar, na Esta\u00e7\u00e3o de Televis\u00e3o Nacional e no canal televisivo Safina do Tajiquist\u00e3o.<\/p>\n<p>&nbsp;<\/p>\n","protected":false},"excerpt":{"rendered":"<p>Por ocasi\u00e3o da visita de Estado do presidente chin\u00eas, Xi Jinping, ao Tadjiquist\u00e3o, a terceira temporada da s\u00e9rie\u00a0Frases Cl\u00e1ssicas Citadas por Xi Jinping\u00a0estreia hoje (5) nos canais televisivos do pa\u00eds, na vers\u00e3o tajique, produzida pelo Grupo de M\u00eddia da China&#8230;<\/p>\n","protected":false},"author":2,"featured_media":0,"comment_status":"open","ping_status":"open","sticky":false,"template":"","format":"standard","meta":{"footnotes":""},"categories":[8],"tags":[],"class_list":["post-5667","post","type-post","status-publish","format-standard","hentry","category-internacional"],"yoast_head":"<!-- This site is optimized with the Yoast SEO plugin v27.4 - https:\/\/yoast.com\/product\/yoast-seo-wordpress\/ -->\n<title>Terceira temporada da s\u00e9rie Frases Cl\u00e1ssicas Citadas por Xi Jinping estreia no Tajiquist\u00e3o - CRI e Diario de Pernambuco<\/title>\n<meta name=\"robots\" content=\"index, follow, max-snippet:-1, max-image-preview:large, max-video-preview:-1\" \/>\n<link rel=\"canonical\" href=\"https:\/\/diariodepe.com.br\/cri\/2024\/07\/08\/terceira-temporada-da-serie-frases-classicas-citadas-por-xi-jinping-estreia-no-tajiquistao\/\" \/>\n<meta property=\"og:locale\" content=\"pt_BR\" \/>\n<meta property=\"og:type\" content=\"article\" \/>\n<meta property=\"og:title\" content=\"Terceira temporada da s\u00e9rie Frases Cl\u00e1ssicas Citadas por Xi Jinping estreia no Tajiquist\u00e3o - CRI e Diario de Pernambuco\" \/>\n<meta property=\"og:description\" content=\"Por ocasi\u00e3o da visita de Estado do presidente chin\u00eas, Xi Jinping, ao Tadjiquist\u00e3o, a terceira temporada da s\u00e9rie\u00a0Frases Cl\u00e1ssicas Citadas por Xi Jinping\u00a0estreia hoje (5) nos canais televisivos do pa\u00eds, na vers\u00e3o tajique, produzida pelo Grupo de M\u00eddia da China...\" \/>\n<meta property=\"og:url\" content=\"https:\/\/diariodepe.com.br\/cri\/2024\/07\/08\/terceira-temporada-da-serie-frases-classicas-citadas-por-xi-jinping-estreia-no-tajiquistao\/\" \/>\n<meta property=\"og:site_name\" content=\"CRI e Diario de Pernambuco\" \/>\n<meta property=\"article:published_time\" content=\"2024-07-08T06:20:12+00:00\" \/>\n<meta property=\"og:image\" content=\"https:\/\/p4crires.cri.cn\/photoworkspace\/cri\/contentimg\/2024\/07\/05\/2024070516474822220.png\" \/>\n<meta name=\"author\" content=\"Ismael Lucas S. Pereira\" \/>\n<meta name=\"twitter:card\" content=\"summary_large_image\" \/>\n<meta name=\"twitter:label1\" content=\"Escrito por\" \/>\n\t<meta name=\"twitter:data1\" content=\"Ismael Lucas S. Pereira\" \/>\n\t<meta name=\"twitter:label2\" content=\"Est. tempo de leitura\" \/>\n\t<meta name=\"twitter:data2\" content=\"1 minuto\" \/>\n<script type=\"application\/ld+json\" class=\"yoast-schema-graph\">{\"@context\":\"https:\\\/\\\/schema.org\",\"@graph\":[{\"@type\":\"Article\",\"@id\":\"https:\\\/\\\/diariodepe.com.br\\\/cri\\\/2024\\\/07\\\/08\\\/terceira-temporada-da-serie-frases-classicas-citadas-por-xi-jinping-estreia-no-tajiquistao\\\/#article\",\"isPartOf\":{\"@id\":\"https:\\\/\\\/diariodepe.com.br\\\/cri\\\/2024\\\/07\\\/08\\\/terceira-temporada-da-serie-frases-classicas-citadas-por-xi-jinping-estreia-no-tajiquistao\\\/\"},\"author\":{\"name\":\"Ismael Lucas S. Pereira\",\"@id\":\"https:\\\/\\\/diariodepe.com.br\\\/cri\\\/#\\\/schema\\\/person\\\/121bb28d84f1a5b1205ef4ce9c2e0c6b\"},\"headline\":\"Terceira temporada da s\u00e9rie Frases Cl\u00e1ssicas Citadas por Xi Jinping estreia no Tajiquist\u00e3o\",\"datePublished\":\"2024-07-08T06:20:12+00:00\",\"mainEntityOfPage\":{\"@id\":\"https:\\\/\\\/diariodepe.com.br\\\/cri\\\/2024\\\/07\\\/08\\\/terceira-temporada-da-serie-frases-classicas-citadas-por-xi-jinping-estreia-no-tajiquistao\\\/\"},\"wordCount\":179,\"commentCount\":0,\"publisher\":{\"@id\":\"https:\\\/\\\/diariodepe.com.br\\\/cri\\\/#organization\"},\"image\":{\"@id\":\"https:\\\/\\\/diariodepe.com.br\\\/cri\\\/2024\\\/07\\\/08\\\/terceira-temporada-da-serie-frases-classicas-citadas-por-xi-jinping-estreia-no-tajiquistao\\\/#primaryimage\"},\"thumbnailUrl\":\"https:\\\/\\\/p4crires.cri.cn\\\/photoworkspace\\\/cri\\\/contentimg\\\/2024\\\/07\\\/05\\\/2024070516474822220.png\",\"articleSection\":[\"Internacional\"],\"inLanguage\":\"pt-BR\",\"potentialAction\":[{\"@type\":\"CommentAction\",\"name\":\"Comment\",\"target\":[\"https:\\\/\\\/diariodepe.com.br\\\/cri\\\/2024\\\/07\\\/08\\\/terceira-temporada-da-serie-frases-classicas-citadas-por-xi-jinping-estreia-no-tajiquistao\\\/#respond\"]}]},{\"@type\":\"WebPage\",\"@id\":\"https:\\\/\\\/diariodepe.com.br\\\/cri\\\/2024\\\/07\\\/08\\\/terceira-temporada-da-serie-frases-classicas-citadas-por-xi-jinping-estreia-no-tajiquistao\\\/\",\"url\":\"https:\\\/\\\/diariodepe.com.br\\\/cri\\\/2024\\\/07\\\/08\\\/terceira-temporada-da-serie-frases-classicas-citadas-por-xi-jinping-estreia-no-tajiquistao\\\/\",\"name\":\"Terceira temporada da s\u00e9rie Frases Cl\u00e1ssicas Citadas por Xi Jinping estreia no Tajiquist\u00e3o - CRI e Diario de Pernambuco\",\"isPartOf\":{\"@id\":\"https:\\\/\\\/diariodepe.com.br\\\/cri\\\/#website\"},\"primaryImageOfPage\":{\"@id\":\"https:\\\/\\\/diariodepe.com.br\\\/cri\\\/2024\\\/07\\\/08\\\/terceira-temporada-da-serie-frases-classicas-citadas-por-xi-jinping-estreia-no-tajiquistao\\\/#primaryimage\"},\"image\":{\"@id\":\"https:\\\/\\\/diariodepe.com.br\\\/cri\\\/2024\\\/07\\\/08\\\/terceira-temporada-da-serie-frases-classicas-citadas-por-xi-jinping-estreia-no-tajiquistao\\\/#primaryimage\"},\"thumbnailUrl\":\"https:\\\/\\\/p4crires.cri.cn\\\/photoworkspace\\\/cri\\\/contentimg\\\/2024\\\/07\\\/05\\\/2024070516474822220.png\",\"datePublished\":\"2024-07-08T06:20:12+00:00\",\"breadcrumb\":{\"@id\":\"https:\\\/\\\/diariodepe.com.br\\\/cri\\\/2024\\\/07\\\/08\\\/terceira-temporada-da-serie-frases-classicas-citadas-por-xi-jinping-estreia-no-tajiquistao\\\/#breadcrumb\"},\"inLanguage\":\"pt-BR\",\"potentialAction\":[{\"@type\":\"ReadAction\",\"target\":[\"https:\\\/\\\/diariodepe.com.br\\\/cri\\\/2024\\\/07\\\/08\\\/terceira-temporada-da-serie-frases-classicas-citadas-por-xi-jinping-estreia-no-tajiquistao\\\/\"]}]},{\"@type\":\"ImageObject\",\"inLanguage\":\"pt-BR\",\"@id\":\"https:\\\/\\\/diariodepe.com.br\\\/cri\\\/2024\\\/07\\\/08\\\/terceira-temporada-da-serie-frases-classicas-citadas-por-xi-jinping-estreia-no-tajiquistao\\\/#primaryimage\",\"url\":\"https:\\\/\\\/p4crires.cri.cn\\\/photoworkspace\\\/cri\\\/contentimg\\\/2024\\\/07\\\/05\\\/2024070516474822220.png\",\"contentUrl\":\"https:\\\/\\\/p4crires.cri.cn\\\/photoworkspace\\\/cri\\\/contentimg\\\/2024\\\/07\\\/05\\\/2024070516474822220.png\"},{\"@type\":\"BreadcrumbList\",\"@id\":\"https:\\\/\\\/diariodepe.com.br\\\/cri\\\/2024\\\/07\\\/08\\\/terceira-temporada-da-serie-frases-classicas-citadas-por-xi-jinping-estreia-no-tajiquistao\\\/#breadcrumb\",\"itemListElement\":[{\"@type\":\"ListItem\",\"position\":1,\"name\":\"In\u00edcio\",\"item\":\"https:\\\/\\\/diariodepe.com.br\\\/cri\\\/\"},{\"@type\":\"ListItem\",\"position\":2,\"name\":\"Terceira temporada da s\u00e9rie Frases Cl\u00e1ssicas Citadas por Xi Jinping estreia no Tajiquist\u00e3o\"}]},{\"@type\":\"WebSite\",\"@id\":\"https:\\\/\\\/diariodepe.com.br\\\/cri\\\/#website\",\"url\":\"https:\\\/\\\/diariodepe.com.br\\\/cri\\\/\",\"name\":\"CRI e Diario de Pernambuco\",\"description\":\"R\u00e1dio Internacional da China\",\"publisher\":{\"@id\":\"https:\\\/\\\/diariodepe.com.br\\\/cri\\\/#organization\"},\"potentialAction\":[{\"@type\":\"SearchAction\",\"target\":{\"@type\":\"EntryPoint\",\"urlTemplate\":\"https:\\\/\\\/diariodepe.com.br\\\/cri\\\/?s={search_term_string}\"},\"query-input\":{\"@type\":\"PropertyValueSpecification\",\"valueRequired\":true,\"valueName\":\"search_term_string\"}}],\"inLanguage\":\"pt-BR\"},{\"@type\":\"Organization\",\"@id\":\"https:\\\/\\\/diariodepe.com.br\\\/cri\\\/#organization\",\"name\":\"CRI e Diario de Pernambuco\",\"url\":\"https:\\\/\\\/diariodepe.com.br\\\/cri\\\/\",\"logo\":{\"@type\":\"ImageObject\",\"inLanguage\":\"pt-BR\",\"@id\":\"https:\\\/\\\/diariodepe.com.br\\\/cri\\\/#\\\/schema\\\/logo\\\/image\\\/\",\"url\":\"https:\\\/\\\/diariodepe.com.br\\\/cri\\\/wp-content\\\/uploads\\\/sites\\\/2\\\/2022\\\/12\\\/cropped-Logo.jpg\",\"contentUrl\":\"https:\\\/\\\/diariodepe.com.br\\\/cri\\\/wp-content\\\/uploads\\\/sites\\\/2\\\/2022\\\/12\\\/cropped-Logo.jpg\",\"width\":700,\"height\":59,\"caption\":\"CRI e Diario de Pernambuco\"},\"image\":{\"@id\":\"https:\\\/\\\/diariodepe.com.br\\\/cri\\\/#\\\/schema\\\/logo\\\/image\\\/\"}},{\"@type\":\"Person\",\"@id\":\"https:\\\/\\\/diariodepe.com.br\\\/cri\\\/#\\\/schema\\\/person\\\/121bb28d84f1a5b1205ef4ce9c2e0c6b\",\"name\":\"Ismael Lucas S. Pereira\",\"image\":{\"@type\":\"ImageObject\",\"inLanguage\":\"pt-BR\",\"@id\":\"https:\\\/\\\/secure.gravatar.com\\\/avatar\\\/887a0f3b5a7ceea963a48499fb883ffce6b5037362def025c52c2505b15d63e4?s=96&d=mm&r=g\",\"url\":\"https:\\\/\\\/secure.gravatar.com\\\/avatar\\\/887a0f3b5a7ceea963a48499fb883ffce6b5037362def025c52c2505b15d63e4?s=96&d=mm&r=g\",\"contentUrl\":\"https:\\\/\\\/secure.gravatar.com\\\/avatar\\\/887a0f3b5a7ceea963a48499fb883ffce6b5037362def025c52c2505b15d63e4?s=96&d=mm&r=g\",\"caption\":\"Ismael Lucas S. Pereira\"},\"url\":\"https:\\\/\\\/diariodepe.com.br\\\/cri\\\/author\\\/ismael-lucas\\\/\"}]}<\/script>\n<!-- \/ Yoast SEO plugin. -->","yoast_head_json":{"title":"Terceira temporada da s\u00e9rie Frases Cl\u00e1ssicas Citadas por Xi Jinping estreia no Tajiquist\u00e3o - CRI e Diario de Pernambuco","robots":{"index":"index","follow":"follow","max-snippet":"max-snippet:-1","max-image-preview":"max-image-preview:large","max-video-preview":"max-video-preview:-1"},"canonical":"https:\/\/diariodepe.com.br\/cri\/2024\/07\/08\/terceira-temporada-da-serie-frases-classicas-citadas-por-xi-jinping-estreia-no-tajiquistao\/","og_locale":"pt_BR","og_type":"article","og_title":"Terceira temporada da s\u00e9rie Frases Cl\u00e1ssicas Citadas por Xi Jinping estreia no Tajiquist\u00e3o - CRI e Diario de Pernambuco","og_description":"Por ocasi\u00e3o da visita de Estado do presidente chin\u00eas, Xi Jinping, ao Tadjiquist\u00e3o, a terceira temporada da s\u00e9rie\u00a0Frases Cl\u00e1ssicas Citadas por Xi Jinping\u00a0estreia hoje (5) nos canais televisivos do pa\u00eds, na vers\u00e3o tajique, produzida pelo Grupo de M\u00eddia da China...","og_url":"https:\/\/diariodepe.com.br\/cri\/2024\/07\/08\/terceira-temporada-da-serie-frases-classicas-citadas-por-xi-jinping-estreia-no-tajiquistao\/","og_site_name":"CRI e Diario de Pernambuco","article_published_time":"2024-07-08T06:20:12+00:00","og_image":[{"url":"https:\/\/p4crires.cri.cn\/photoworkspace\/cri\/contentimg\/2024\/07\/05\/2024070516474822220.png","type":"","width":"","height":""}],"author":"Ismael Lucas S. Pereira","twitter_card":"summary_large_image","twitter_misc":{"Escrito por":"Ismael Lucas S. Pereira","Est. tempo de leitura":"1 minuto"},"schema":{"@context":"https:\/\/schema.org","@graph":[{"@type":"Article","@id":"https:\/\/diariodepe.com.br\/cri\/2024\/07\/08\/terceira-temporada-da-serie-frases-classicas-citadas-por-xi-jinping-estreia-no-tajiquistao\/#article","isPartOf":{"@id":"https:\/\/diariodepe.com.br\/cri\/2024\/07\/08\/terceira-temporada-da-serie-frases-classicas-citadas-por-xi-jinping-estreia-no-tajiquistao\/"},"author":{"name":"Ismael Lucas S. Pereira","@id":"https:\/\/diariodepe.com.br\/cri\/#\/schema\/person\/121bb28d84f1a5b1205ef4ce9c2e0c6b"},"headline":"Terceira temporada da s\u00e9rie Frases Cl\u00e1ssicas Citadas por Xi Jinping estreia no Tajiquist\u00e3o","datePublished":"2024-07-08T06:20:12+00:00","mainEntityOfPage":{"@id":"https:\/\/diariodepe.com.br\/cri\/2024\/07\/08\/terceira-temporada-da-serie-frases-classicas-citadas-por-xi-jinping-estreia-no-tajiquistao\/"},"wordCount":179,"commentCount":0,"publisher":{"@id":"https:\/\/diariodepe.com.br\/cri\/#organization"},"image":{"@id":"https:\/\/diariodepe.com.br\/cri\/2024\/07\/08\/terceira-temporada-da-serie-frases-classicas-citadas-por-xi-jinping-estreia-no-tajiquistao\/#primaryimage"},"thumbnailUrl":"https:\/\/p4crires.cri.cn\/photoworkspace\/cri\/contentimg\/2024\/07\/05\/2024070516474822220.png","articleSection":["Internacional"],"inLanguage":"pt-BR","potentialAction":[{"@type":"CommentAction","name":"Comment","target":["https:\/\/diariodepe.com.br\/cri\/2024\/07\/08\/terceira-temporada-da-serie-frases-classicas-citadas-por-xi-jinping-estreia-no-tajiquistao\/#respond"]}]},{"@type":"WebPage","@id":"https:\/\/diariodepe.com.br\/cri\/2024\/07\/08\/terceira-temporada-da-serie-frases-classicas-citadas-por-xi-jinping-estreia-no-tajiquistao\/","url":"https:\/\/diariodepe.com.br\/cri\/2024\/07\/08\/terceira-temporada-da-serie-frases-classicas-citadas-por-xi-jinping-estreia-no-tajiquistao\/","name":"Terceira temporada da s\u00e9rie Frases Cl\u00e1ssicas Citadas por Xi Jinping estreia no Tajiquist\u00e3o - CRI e Diario de Pernambuco","isPartOf":{"@id":"https:\/\/diariodepe.com.br\/cri\/#website"},"primaryImageOfPage":{"@id":"https:\/\/diariodepe.com.br\/cri\/2024\/07\/08\/terceira-temporada-da-serie-frases-classicas-citadas-por-xi-jinping-estreia-no-tajiquistao\/#primaryimage"},"image":{"@id":"https:\/\/diariodepe.com.br\/cri\/2024\/07\/08\/terceira-temporada-da-serie-frases-classicas-citadas-por-xi-jinping-estreia-no-tajiquistao\/#primaryimage"},"thumbnailUrl":"https:\/\/p4crires.cri.cn\/photoworkspace\/cri\/contentimg\/2024\/07\/05\/2024070516474822220.png","datePublished":"2024-07-08T06:20:12+00:00","breadcrumb":{"@id":"https:\/\/diariodepe.com.br\/cri\/2024\/07\/08\/terceira-temporada-da-serie-frases-classicas-citadas-por-xi-jinping-estreia-no-tajiquistao\/#breadcrumb"},"inLanguage":"pt-BR","potentialAction":[{"@type":"ReadAction","target":["https:\/\/diariodepe.com.br\/cri\/2024\/07\/08\/terceira-temporada-da-serie-frases-classicas-citadas-por-xi-jinping-estreia-no-tajiquistao\/"]}]},{"@type":"ImageObject","inLanguage":"pt-BR","@id":"https:\/\/diariodepe.com.br\/cri\/2024\/07\/08\/terceira-temporada-da-serie-frases-classicas-citadas-por-xi-jinping-estreia-no-tajiquistao\/#primaryimage","url":"https:\/\/p4crires.cri.cn\/photoworkspace\/cri\/contentimg\/2024\/07\/05\/2024070516474822220.png","contentUrl":"https:\/\/p4crires.cri.cn\/photoworkspace\/cri\/contentimg\/2024\/07\/05\/2024070516474822220.png"},{"@type":"BreadcrumbList","@id":"https:\/\/diariodepe.com.br\/cri\/2024\/07\/08\/terceira-temporada-da-serie-frases-classicas-citadas-por-xi-jinping-estreia-no-tajiquistao\/#breadcrumb","itemListElement":[{"@type":"ListItem","position":1,"name":"In\u00edcio","item":"https:\/\/diariodepe.com.br\/cri\/"},{"@type":"ListItem","position":2,"name":"Terceira temporada da s\u00e9rie Frases Cl\u00e1ssicas Citadas por Xi Jinping estreia no Tajiquist\u00e3o"}]},{"@type":"WebSite","@id":"https:\/\/diariodepe.com.br\/cri\/#website","url":"https:\/\/diariodepe.com.br\/cri\/","name":"CRI e Diario de Pernambuco","description":"R\u00e1dio Internacional da China","publisher":{"@id":"https:\/\/diariodepe.com.br\/cri\/#organization"},"potentialAction":[{"@type":"SearchAction","target":{"@type":"EntryPoint","urlTemplate":"https:\/\/diariodepe.com.br\/cri\/?s={search_term_string}"},"query-input":{"@type":"PropertyValueSpecification","valueRequired":true,"valueName":"search_term_string"}}],"inLanguage":"pt-BR"},{"@type":"Organization","@id":"https:\/\/diariodepe.com.br\/cri\/#organization","name":"CRI e Diario de Pernambuco","url":"https:\/\/diariodepe.com.br\/cri\/","logo":{"@type":"ImageObject","inLanguage":"pt-BR","@id":"https:\/\/diariodepe.com.br\/cri\/#\/schema\/logo\/image\/","url":"https:\/\/diariodepe.com.br\/cri\/wp-content\/uploads\/sites\/2\/2022\/12\/cropped-Logo.jpg","contentUrl":"https:\/\/diariodepe.com.br\/cri\/wp-content\/uploads\/sites\/2\/2022\/12\/cropped-Logo.jpg","width":700,"height":59,"caption":"CRI e Diario de Pernambuco"},"image":{"@id":"https:\/\/diariodepe.com.br\/cri\/#\/schema\/logo\/image\/"}},{"@type":"Person","@id":"https:\/\/diariodepe.com.br\/cri\/#\/schema\/person\/121bb28d84f1a5b1205ef4ce9c2e0c6b","name":"Ismael Lucas S. Pereira","image":{"@type":"ImageObject","inLanguage":"pt-BR","@id":"https:\/\/secure.gravatar.com\/avatar\/887a0f3b5a7ceea963a48499fb883ffce6b5037362def025c52c2505b15d63e4?s=96&d=mm&r=g","url":"https:\/\/secure.gravatar.com\/avatar\/887a0f3b5a7ceea963a48499fb883ffce6b5037362def025c52c2505b15d63e4?s=96&d=mm&r=g","contentUrl":"https:\/\/secure.gravatar.com\/avatar\/887a0f3b5a7ceea963a48499fb883ffce6b5037362def025c52c2505b15d63e4?s=96&d=mm&r=g","caption":"Ismael Lucas S. Pereira"},"url":"https:\/\/diariodepe.com.br\/cri\/author\/ismael-lucas\/"}]}},"cc_featured_image_caption":{"caption_text":false,"source_text":false,"source_url":false},"amp_enabled":true,"_links":{"self":[{"href":"https:\/\/diariodepe.com.br\/cri\/wp-json\/wp\/v2\/posts\/5667","targetHints":{"allow":["GET"]}}],"collection":[{"href":"https:\/\/diariodepe.com.br\/cri\/wp-json\/wp\/v2\/posts"}],"about":[{"href":"https:\/\/diariodepe.com.br\/cri\/wp-json\/wp\/v2\/types\/post"}],"author":[{"embeddable":true,"href":"https:\/\/diariodepe.com.br\/cri\/wp-json\/wp\/v2\/users\/2"}],"replies":[{"embeddable":true,"href":"https:\/\/diariodepe.com.br\/cri\/wp-json\/wp\/v2\/comments?post=5667"}],"version-history":[{"count":1,"href":"https:\/\/diariodepe.com.br\/cri\/wp-json\/wp\/v2\/posts\/5667\/revisions"}],"predecessor-version":[{"id":5668,"href":"https:\/\/diariodepe.com.br\/cri\/wp-json\/wp\/v2\/posts\/5667\/revisions\/5668"}],"wp:attachment":[{"href":"https:\/\/diariodepe.com.br\/cri\/wp-json\/wp\/v2\/media?parent=5667"}],"wp:term":[{"taxonomy":"category","embeddable":true,"href":"https:\/\/diariodepe.com.br\/cri\/wp-json\/wp\/v2\/categories?post=5667"},{"taxonomy":"post_tag","embeddable":true,"href":"https:\/\/diariodepe.com.br\/cri\/wp-json\/wp\/v2\/tags?post=5667"}],"curies":[{"name":"wp","href":"https:\/\/api.w.org\/{rel}","templated":true}]}}