{"id":5665,"date":"2024-07-08T03:19:40","date_gmt":"2024-07-08T06:19:40","guid":{"rendered":"https:\/\/diariodepe.com.br\/cri\/?p=5665"},"modified":"2024-07-08T03:19:40","modified_gmt":"2024-07-08T06:19:40","slug":"veiculos-de-imprensa-do-tadjiquistao-publicam-artigo-de-xi-jinping","status":"publish","type":"post","link":"https:\/\/diariodepe.com.br\/cri\/2024\/07\/08\/veiculos-de-imprensa-do-tadjiquistao-publicam-artigo-de-xi-jinping\/","title":{"rendered":"Ve\u00edculos de imprensa do Tadjiquist\u00e3o publicam artigo de Xi Jinping"},"content":{"rendered":"<p data-spm-anchor-id=\"0.0.0.i1\">Alguns importantes ve\u00edculos de imprensa do Tadjiquist\u00e3o publicaram hoje (5) o artigo do presidente chin\u00eas, Xi Jinping, intitulado \u201cCriar juntos um futuro melhor das rela\u00e7\u00f5es China-Tadjiquist\u00e3o\u201d.<\/p>\n<p>Na publica\u00e7\u00e3o, o l\u00edder chin\u00eas agradeceu o convite do presidente tadjique, Emomali Rahmon, e expressou que esta muito feliz por visitar pela terceira vez o pa\u00eds. Ele lembrou tamb\u00e9m a amizade tradicional de mais de 2000 anos entre as duas na\u00e7\u00f5es e o bom desenvolvimento do relacionamento bilateral nos \u00faltimos 32 anos, desde o estabelecimento das rela\u00e7\u00f5es diplom\u00e1ticas.<\/p>\n<p>Ao resumir os \u00eaxitos cooperativos alcan\u00e7ados pelos dois pa\u00edses, Xi Jinping ressaltou a import\u00e2ncia do tratamento com igualdade e respeito mutuo, confian\u00e7a m\u00fatua, coopera\u00e7\u00e3o de benef\u00edcio rec\u00edproco, interc\u00e2mbio amistoso e aprendizagem e ajuda m\u00fatua.<\/p>\n<p>O presidente chin\u00eas indicou que a China e o Tadjiquist\u00e3o est\u00e3o ambos em um est\u00e1gio chave de desenvolvimento e revitaliza\u00e7\u00e3o nacional. A China est\u00e1 buscando um desenvolvimento de alta qualidade e avan\u00e7ando na abertura de alto n\u00edvel. O Tadjiquist\u00e3o est\u00e1 progredindo em seu caminho para realizar a Estrat\u00e9gia de Desenvolvimento Nacional antes de 2030.<\/p>\n<p>Por isso, Xi Jinping salientou que os dois pa\u00edses precisam manter os interc\u00e2mbios de alto n\u00edvel, ampliar as coopera\u00e7\u00f5es pragm\u00e1ticas, refor\u00e7ar a colabora\u00e7\u00e3o no setor de seguran\u00e7a, promover interc\u00e2mbios culturais e fortalecer a coordena\u00e7\u00e3o no palco internacional.<\/p>\n","protected":false},"excerpt":{"rendered":"<p>Alguns importantes ve\u00edculos de imprensa do Tadjiquist\u00e3o publicaram hoje (5) o artigo do presidente chin\u00eas, Xi Jinping, intitulado \u201cCriar juntos um futuro melhor das rela\u00e7\u00f5es China-Tadjiquist\u00e3o\u201d. Na publica\u00e7\u00e3o, o l\u00edder chin\u00eas agradeceu o convite do presidente tadjique, Emomali Rahmon, e&#8230;<\/p>\n","protected":false},"author":2,"featured_media":0,"comment_status":"open","ping_status":"open","sticky":false,"template":"","format":"standard","meta":{"footnotes":""},"categories":[8],"tags":[],"class_list":["post-5665","post","type-post","status-publish","format-standard","hentry","category-internacional"],"yoast_head":"<!-- This site is optimized with the Yoast SEO plugin v27.4 - https:\/\/yoast.com\/product\/yoast-seo-wordpress\/ -->\n<title>Ve\u00edculos de imprensa do Tadjiquist\u00e3o publicam artigo de Xi Jinping - CRI e Diario de Pernambuco<\/title>\n<meta name=\"robots\" content=\"index, follow, max-snippet:-1, max-image-preview:large, max-video-preview:-1\" \/>\n<link rel=\"canonical\" href=\"https:\/\/diariodepe.com.br\/cri\/2024\/07\/08\/veiculos-de-imprensa-do-tadjiquistao-publicam-artigo-de-xi-jinping\/\" \/>\n<meta property=\"og:locale\" content=\"pt_BR\" \/>\n<meta property=\"og:type\" content=\"article\" \/>\n<meta property=\"og:title\" content=\"Ve\u00edculos de imprensa do Tadjiquist\u00e3o publicam artigo de Xi Jinping - CRI e Diario de Pernambuco\" \/>\n<meta property=\"og:description\" content=\"Alguns importantes ve\u00edculos de imprensa do Tadjiquist\u00e3o publicaram hoje (5) o artigo do presidente chin\u00eas, Xi Jinping, intitulado \u201cCriar juntos um futuro melhor das rela\u00e7\u00f5es China-Tadjiquist\u00e3o\u201d. Na publica\u00e7\u00e3o, o l\u00edder chin\u00eas agradeceu o convite do presidente tadjique, Emomali Rahmon, e...\" \/>\n<meta property=\"og:url\" content=\"https:\/\/diariodepe.com.br\/cri\/2024\/07\/08\/veiculos-de-imprensa-do-tadjiquistao-publicam-artigo-de-xi-jinping\/\" \/>\n<meta property=\"og:site_name\" content=\"CRI e Diario de Pernambuco\" \/>\n<meta property=\"article:published_time\" content=\"2024-07-08T06:19:40+00:00\" \/>\n<meta name=\"author\" content=\"Ismael Lucas S. Pereira\" \/>\n<meta name=\"twitter:card\" content=\"summary_large_image\" \/>\n<meta name=\"twitter:label1\" content=\"Escrito por\" \/>\n\t<meta name=\"twitter:data1\" content=\"Ismael Lucas S. Pereira\" \/>\n\t<meta name=\"twitter:label2\" content=\"Est. tempo de leitura\" \/>\n\t<meta name=\"twitter:data2\" content=\"2 minutos\" \/>\n<script type=\"application\/ld+json\" class=\"yoast-schema-graph\">{\"@context\":\"https:\\\/\\\/schema.org\",\"@graph\":[{\"@type\":\"Article\",\"@id\":\"https:\\\/\\\/diariodepe.com.br\\\/cri\\\/2024\\\/07\\\/08\\\/veiculos-de-imprensa-do-tadjiquistao-publicam-artigo-de-xi-jinping\\\/#article\",\"isPartOf\":{\"@id\":\"https:\\\/\\\/diariodepe.com.br\\\/cri\\\/2024\\\/07\\\/08\\\/veiculos-de-imprensa-do-tadjiquistao-publicam-artigo-de-xi-jinping\\\/\"},\"author\":{\"name\":\"Ismael Lucas S. Pereira\",\"@id\":\"https:\\\/\\\/diariodepe.com.br\\\/cri\\\/#\\\/schema\\\/person\\\/121bb28d84f1a5b1205ef4ce9c2e0c6b\"},\"headline\":\"Ve\u00edculos de imprensa do Tadjiquist\u00e3o publicam artigo de Xi Jinping\",\"datePublished\":\"2024-07-08T06:19:40+00:00\",\"mainEntityOfPage\":{\"@id\":\"https:\\\/\\\/diariodepe.com.br\\\/cri\\\/2024\\\/07\\\/08\\\/veiculos-de-imprensa-do-tadjiquistao-publicam-artigo-de-xi-jinping\\\/\"},\"wordCount\":259,\"commentCount\":0,\"publisher\":{\"@id\":\"https:\\\/\\\/diariodepe.com.br\\\/cri\\\/#organization\"},\"articleSection\":[\"Internacional\"],\"inLanguage\":\"pt-BR\",\"potentialAction\":[{\"@type\":\"CommentAction\",\"name\":\"Comment\",\"target\":[\"https:\\\/\\\/diariodepe.com.br\\\/cri\\\/2024\\\/07\\\/08\\\/veiculos-de-imprensa-do-tadjiquistao-publicam-artigo-de-xi-jinping\\\/#respond\"]}]},{\"@type\":\"WebPage\",\"@id\":\"https:\\\/\\\/diariodepe.com.br\\\/cri\\\/2024\\\/07\\\/08\\\/veiculos-de-imprensa-do-tadjiquistao-publicam-artigo-de-xi-jinping\\\/\",\"url\":\"https:\\\/\\\/diariodepe.com.br\\\/cri\\\/2024\\\/07\\\/08\\\/veiculos-de-imprensa-do-tadjiquistao-publicam-artigo-de-xi-jinping\\\/\",\"name\":\"Ve\u00edculos de imprensa do Tadjiquist\u00e3o publicam artigo de Xi Jinping - CRI e Diario de Pernambuco\",\"isPartOf\":{\"@id\":\"https:\\\/\\\/diariodepe.com.br\\\/cri\\\/#website\"},\"datePublished\":\"2024-07-08T06:19:40+00:00\",\"breadcrumb\":{\"@id\":\"https:\\\/\\\/diariodepe.com.br\\\/cri\\\/2024\\\/07\\\/08\\\/veiculos-de-imprensa-do-tadjiquistao-publicam-artigo-de-xi-jinping\\\/#breadcrumb\"},\"inLanguage\":\"pt-BR\",\"potentialAction\":[{\"@type\":\"ReadAction\",\"target\":[\"https:\\\/\\\/diariodepe.com.br\\\/cri\\\/2024\\\/07\\\/08\\\/veiculos-de-imprensa-do-tadjiquistao-publicam-artigo-de-xi-jinping\\\/\"]}]},{\"@type\":\"BreadcrumbList\",\"@id\":\"https:\\\/\\\/diariodepe.com.br\\\/cri\\\/2024\\\/07\\\/08\\\/veiculos-de-imprensa-do-tadjiquistao-publicam-artigo-de-xi-jinping\\\/#breadcrumb\",\"itemListElement\":[{\"@type\":\"ListItem\",\"position\":1,\"name\":\"In\u00edcio\",\"item\":\"https:\\\/\\\/diariodepe.com.br\\\/cri\\\/\"},{\"@type\":\"ListItem\",\"position\":2,\"name\":\"Ve\u00edculos de imprensa do Tadjiquist\u00e3o publicam artigo de Xi Jinping\"}]},{\"@type\":\"WebSite\",\"@id\":\"https:\\\/\\\/diariodepe.com.br\\\/cri\\\/#website\",\"url\":\"https:\\\/\\\/diariodepe.com.br\\\/cri\\\/\",\"name\":\"CRI e Diario de Pernambuco\",\"description\":\"R\u00e1dio Internacional da China\",\"publisher\":{\"@id\":\"https:\\\/\\\/diariodepe.com.br\\\/cri\\\/#organization\"},\"potentialAction\":[{\"@type\":\"SearchAction\",\"target\":{\"@type\":\"EntryPoint\",\"urlTemplate\":\"https:\\\/\\\/diariodepe.com.br\\\/cri\\\/?s={search_term_string}\"},\"query-input\":{\"@type\":\"PropertyValueSpecification\",\"valueRequired\":true,\"valueName\":\"search_term_string\"}}],\"inLanguage\":\"pt-BR\"},{\"@type\":\"Organization\",\"@id\":\"https:\\\/\\\/diariodepe.com.br\\\/cri\\\/#organization\",\"name\":\"CRI e Diario de Pernambuco\",\"url\":\"https:\\\/\\\/diariodepe.com.br\\\/cri\\\/\",\"logo\":{\"@type\":\"ImageObject\",\"inLanguage\":\"pt-BR\",\"@id\":\"https:\\\/\\\/diariodepe.com.br\\\/cri\\\/#\\\/schema\\\/logo\\\/image\\\/\",\"url\":\"https:\\\/\\\/diariodepe.com.br\\\/cri\\\/wp-content\\\/uploads\\\/sites\\\/2\\\/2022\\\/12\\\/cropped-Logo.jpg\",\"contentUrl\":\"https:\\\/\\\/diariodepe.com.br\\\/cri\\\/wp-content\\\/uploads\\\/sites\\\/2\\\/2022\\\/12\\\/cropped-Logo.jpg\",\"width\":700,\"height\":59,\"caption\":\"CRI e Diario de Pernambuco\"},\"image\":{\"@id\":\"https:\\\/\\\/diariodepe.com.br\\\/cri\\\/#\\\/schema\\\/logo\\\/image\\\/\"}},{\"@type\":\"Person\",\"@id\":\"https:\\\/\\\/diariodepe.com.br\\\/cri\\\/#\\\/schema\\\/person\\\/121bb28d84f1a5b1205ef4ce9c2e0c6b\",\"name\":\"Ismael Lucas S. Pereira\",\"image\":{\"@type\":\"ImageObject\",\"inLanguage\":\"pt-BR\",\"@id\":\"https:\\\/\\\/secure.gravatar.com\\\/avatar\\\/887a0f3b5a7ceea963a48499fb883ffce6b5037362def025c52c2505b15d63e4?s=96&d=mm&r=g\",\"url\":\"https:\\\/\\\/secure.gravatar.com\\\/avatar\\\/887a0f3b5a7ceea963a48499fb883ffce6b5037362def025c52c2505b15d63e4?s=96&d=mm&r=g\",\"contentUrl\":\"https:\\\/\\\/secure.gravatar.com\\\/avatar\\\/887a0f3b5a7ceea963a48499fb883ffce6b5037362def025c52c2505b15d63e4?s=96&d=mm&r=g\",\"caption\":\"Ismael Lucas S. Pereira\"},\"url\":\"https:\\\/\\\/diariodepe.com.br\\\/cri\\\/author\\\/ismael-lucas\\\/\"}]}<\/script>\n<!-- \/ Yoast SEO plugin. -->","yoast_head_json":{"title":"Ve\u00edculos de imprensa do Tadjiquist\u00e3o publicam artigo de Xi Jinping - CRI e Diario de Pernambuco","robots":{"index":"index","follow":"follow","max-snippet":"max-snippet:-1","max-image-preview":"max-image-preview:large","max-video-preview":"max-video-preview:-1"},"canonical":"https:\/\/diariodepe.com.br\/cri\/2024\/07\/08\/veiculos-de-imprensa-do-tadjiquistao-publicam-artigo-de-xi-jinping\/","og_locale":"pt_BR","og_type":"article","og_title":"Ve\u00edculos de imprensa do Tadjiquist\u00e3o publicam artigo de Xi Jinping - CRI e Diario de Pernambuco","og_description":"Alguns importantes ve\u00edculos de imprensa do Tadjiquist\u00e3o publicaram hoje (5) o artigo do presidente chin\u00eas, Xi Jinping, intitulado \u201cCriar juntos um futuro melhor das rela\u00e7\u00f5es China-Tadjiquist\u00e3o\u201d. Na publica\u00e7\u00e3o, o l\u00edder chin\u00eas agradeceu o convite do presidente tadjique, Emomali Rahmon, e...","og_url":"https:\/\/diariodepe.com.br\/cri\/2024\/07\/08\/veiculos-de-imprensa-do-tadjiquistao-publicam-artigo-de-xi-jinping\/","og_site_name":"CRI e Diario de Pernambuco","article_published_time":"2024-07-08T06:19:40+00:00","author":"Ismael Lucas S. Pereira","twitter_card":"summary_large_image","twitter_misc":{"Escrito por":"Ismael Lucas S. Pereira","Est. tempo de leitura":"2 minutos"},"schema":{"@context":"https:\/\/schema.org","@graph":[{"@type":"Article","@id":"https:\/\/diariodepe.com.br\/cri\/2024\/07\/08\/veiculos-de-imprensa-do-tadjiquistao-publicam-artigo-de-xi-jinping\/#article","isPartOf":{"@id":"https:\/\/diariodepe.com.br\/cri\/2024\/07\/08\/veiculos-de-imprensa-do-tadjiquistao-publicam-artigo-de-xi-jinping\/"},"author":{"name":"Ismael Lucas S. Pereira","@id":"https:\/\/diariodepe.com.br\/cri\/#\/schema\/person\/121bb28d84f1a5b1205ef4ce9c2e0c6b"},"headline":"Ve\u00edculos de imprensa do Tadjiquist\u00e3o publicam artigo de Xi Jinping","datePublished":"2024-07-08T06:19:40+00:00","mainEntityOfPage":{"@id":"https:\/\/diariodepe.com.br\/cri\/2024\/07\/08\/veiculos-de-imprensa-do-tadjiquistao-publicam-artigo-de-xi-jinping\/"},"wordCount":259,"commentCount":0,"publisher":{"@id":"https:\/\/diariodepe.com.br\/cri\/#organization"},"articleSection":["Internacional"],"inLanguage":"pt-BR","potentialAction":[{"@type":"CommentAction","name":"Comment","target":["https:\/\/diariodepe.com.br\/cri\/2024\/07\/08\/veiculos-de-imprensa-do-tadjiquistao-publicam-artigo-de-xi-jinping\/#respond"]}]},{"@type":"WebPage","@id":"https:\/\/diariodepe.com.br\/cri\/2024\/07\/08\/veiculos-de-imprensa-do-tadjiquistao-publicam-artigo-de-xi-jinping\/","url":"https:\/\/diariodepe.com.br\/cri\/2024\/07\/08\/veiculos-de-imprensa-do-tadjiquistao-publicam-artigo-de-xi-jinping\/","name":"Ve\u00edculos de imprensa do Tadjiquist\u00e3o publicam artigo de Xi Jinping - CRI e Diario de Pernambuco","isPartOf":{"@id":"https:\/\/diariodepe.com.br\/cri\/#website"},"datePublished":"2024-07-08T06:19:40+00:00","breadcrumb":{"@id":"https:\/\/diariodepe.com.br\/cri\/2024\/07\/08\/veiculos-de-imprensa-do-tadjiquistao-publicam-artigo-de-xi-jinping\/#breadcrumb"},"inLanguage":"pt-BR","potentialAction":[{"@type":"ReadAction","target":["https:\/\/diariodepe.com.br\/cri\/2024\/07\/08\/veiculos-de-imprensa-do-tadjiquistao-publicam-artigo-de-xi-jinping\/"]}]},{"@type":"BreadcrumbList","@id":"https:\/\/diariodepe.com.br\/cri\/2024\/07\/08\/veiculos-de-imprensa-do-tadjiquistao-publicam-artigo-de-xi-jinping\/#breadcrumb","itemListElement":[{"@type":"ListItem","position":1,"name":"In\u00edcio","item":"https:\/\/diariodepe.com.br\/cri\/"},{"@type":"ListItem","position":2,"name":"Ve\u00edculos de imprensa do Tadjiquist\u00e3o publicam artigo de Xi Jinping"}]},{"@type":"WebSite","@id":"https:\/\/diariodepe.com.br\/cri\/#website","url":"https:\/\/diariodepe.com.br\/cri\/","name":"CRI e Diario de Pernambuco","description":"R\u00e1dio Internacional da China","publisher":{"@id":"https:\/\/diariodepe.com.br\/cri\/#organization"},"potentialAction":[{"@type":"SearchAction","target":{"@type":"EntryPoint","urlTemplate":"https:\/\/diariodepe.com.br\/cri\/?s={search_term_string}"},"query-input":{"@type":"PropertyValueSpecification","valueRequired":true,"valueName":"search_term_string"}}],"inLanguage":"pt-BR"},{"@type":"Organization","@id":"https:\/\/diariodepe.com.br\/cri\/#organization","name":"CRI e Diario de Pernambuco","url":"https:\/\/diariodepe.com.br\/cri\/","logo":{"@type":"ImageObject","inLanguage":"pt-BR","@id":"https:\/\/diariodepe.com.br\/cri\/#\/schema\/logo\/image\/","url":"https:\/\/diariodepe.com.br\/cri\/wp-content\/uploads\/sites\/2\/2022\/12\/cropped-Logo.jpg","contentUrl":"https:\/\/diariodepe.com.br\/cri\/wp-content\/uploads\/sites\/2\/2022\/12\/cropped-Logo.jpg","width":700,"height":59,"caption":"CRI e Diario de Pernambuco"},"image":{"@id":"https:\/\/diariodepe.com.br\/cri\/#\/schema\/logo\/image\/"}},{"@type":"Person","@id":"https:\/\/diariodepe.com.br\/cri\/#\/schema\/person\/121bb28d84f1a5b1205ef4ce9c2e0c6b","name":"Ismael Lucas S. Pereira","image":{"@type":"ImageObject","inLanguage":"pt-BR","@id":"https:\/\/secure.gravatar.com\/avatar\/887a0f3b5a7ceea963a48499fb883ffce6b5037362def025c52c2505b15d63e4?s=96&d=mm&r=g","url":"https:\/\/secure.gravatar.com\/avatar\/887a0f3b5a7ceea963a48499fb883ffce6b5037362def025c52c2505b15d63e4?s=96&d=mm&r=g","contentUrl":"https:\/\/secure.gravatar.com\/avatar\/887a0f3b5a7ceea963a48499fb883ffce6b5037362def025c52c2505b15d63e4?s=96&d=mm&r=g","caption":"Ismael Lucas S. Pereira"},"url":"https:\/\/diariodepe.com.br\/cri\/author\/ismael-lucas\/"}]}},"cc_featured_image_caption":{"caption_text":false,"source_text":false,"source_url":false},"amp_enabled":true,"_links":{"self":[{"href":"https:\/\/diariodepe.com.br\/cri\/wp-json\/wp\/v2\/posts\/5665","targetHints":{"allow":["GET"]}}],"collection":[{"href":"https:\/\/diariodepe.com.br\/cri\/wp-json\/wp\/v2\/posts"}],"about":[{"href":"https:\/\/diariodepe.com.br\/cri\/wp-json\/wp\/v2\/types\/post"}],"author":[{"embeddable":true,"href":"https:\/\/diariodepe.com.br\/cri\/wp-json\/wp\/v2\/users\/2"}],"replies":[{"embeddable":true,"href":"https:\/\/diariodepe.com.br\/cri\/wp-json\/wp\/v2\/comments?post=5665"}],"version-history":[{"count":1,"href":"https:\/\/diariodepe.com.br\/cri\/wp-json\/wp\/v2\/posts\/5665\/revisions"}],"predecessor-version":[{"id":5666,"href":"https:\/\/diariodepe.com.br\/cri\/wp-json\/wp\/v2\/posts\/5665\/revisions\/5666"}],"wp:attachment":[{"href":"https:\/\/diariodepe.com.br\/cri\/wp-json\/wp\/v2\/media?parent=5665"}],"wp:term":[{"taxonomy":"category","embeddable":true,"href":"https:\/\/diariodepe.com.br\/cri\/wp-json\/wp\/v2\/categories?post=5665"},{"taxonomy":"post_tag","embeddable":true,"href":"https:\/\/diariodepe.com.br\/cri\/wp-json\/wp\/v2\/tags?post=5665"}],"curies":[{"name":"wp","href":"https:\/\/api.w.org\/{rel}","templated":true}]}}