{"id":5655,"date":"2024-07-04T03:56:24","date_gmt":"2024-07-04T06:56:24","guid":{"rendered":"https:\/\/diariodepe.com.br\/cri\/?p=5655"},"modified":"2024-07-04T03:56:24","modified_gmt":"2024-07-04T06:56:24","slug":"astana-acolhe-dialogo-da-mesa-redonda-com-imprensa-entre-china-e-paises-membros-da-ocs","status":"publish","type":"post","link":"https:\/\/diariodepe.com.br\/cri\/2024\/07\/04\/astana-acolhe-dialogo-da-mesa-redonda-com-imprensa-entre-china-e-paises-membros-da-ocs\/","title":{"rendered":"Astana acolhe di\u00e1logo da mesa redonda com imprensa entre China e pa\u00edses-membros da OCS"},"content":{"rendered":"<p>Na v\u00e9spera\u00a0da 24\u00aa\u00a0reuni\u00e3o do Conselho de Chefes de Estado da\u00a0Organiza\u00e7\u00e3o de Coopera\u00e7\u00e3o de Shanghai (OCS), uma\u00a0mesa redonda com a\u00a0imprensa\u00a0entre a China e os pa\u00edses-membros\u00a0da OCS, organizado pelo Grupo de M\u00eddia da China (CMG), foi realizado\u00a0hoje (3),\u00a0em Astana, capital do Cazaquist\u00e3o.<\/p>\n<p>O vice-chefe do Departamento de Comunica\u00e7\u00e3o do Comit\u00ea Central do Partido Comunista da China (PCCh) e presidente do\u00a0CMG,\u00a0Shen Haixiong,\u00a0disse em discurso que a OCS n\u00e3o \u00e9 apenas uma grande fam\u00edlia harmoniosa com tratamento igualit\u00e1rio, abertura e inclus\u00e3o, mas tamb\u00e9m uma larga plataforma de coopera\u00e7\u00e3o, com recursos abundantes e compartilhamento global.<\/p>\n<p>O ex-embaixador\u00a0russo\u00a0na China,\u00a0Andrey\u00a0Denisov, assinalou em suas palavras que, no contexto internacional atual, os pa\u00edses-membros da OCS deve refor\u00e7ar o interc\u00e2mbio e a coopera\u00e7\u00e3o em todos os campos, criando um espa\u00e7o de opini\u00e3o p\u00fablica internacional mais justo, razo\u00e1vel, plural e inclusivo.<\/p>\n<p>No evento, uma iniciativa sobre o aprofundamento da coopera\u00e7\u00e3o pragm\u00e1tica entre o CMG e os grupos midi\u00e1ticos dos pa\u00edses-membros da OCS foi lan\u00e7ada, paralelamente ao mecanismo de coopera\u00e7\u00e3o &#8220;Parceiros da Eur\u00e1sia&#8221;, em \u00e1reas como compartilhamento de not\u00edcias e de programas, produ\u00e7\u00e3o e transmiss\u00e3o conjunta, treinamentos em m\u00eddia e interc\u00e2mbio de pessoal.<\/p>\n<p class=\"photo_img_20190808\"><img decoding=\"async\" src=\"https:\/\/p4crires.cri.cn\/photoworkspace\/cri\/contentimg\/2024\/07\/03\/2024070319182644750.jpg\" alt=\"Shen Haixiong\" width=\"1000\" \/><\/p>\n<p class=\"photo_alt_20190808\">Shen Haixiong<\/p>\n<p class=\"photo_img_20190808\"><img decoding=\"async\" src=\"https:\/\/p3crires.cri.cn\/photoworkspace\/cri\/contentimg\/2024\/07\/03\/2024070319171612980.jpg\" alt=\"Andrey\u00a0Denisov\" width=\"1000\" \/><\/p>\n<p class=\"photo_alt_20190808\">Andrey\u00a0Denisov<\/p>\n","protected":false},"excerpt":{"rendered":"<p>Na v\u00e9spera\u00a0da 24\u00aa\u00a0reuni\u00e3o do Conselho de Chefes de Estado da\u00a0Organiza\u00e7\u00e3o de Coopera\u00e7\u00e3o de Shanghai (OCS), uma\u00a0mesa redonda com a\u00a0imprensa\u00a0entre a China e os pa\u00edses-membros\u00a0da OCS, organizado pelo Grupo de M\u00eddia da China (CMG), foi realizado\u00a0hoje (3),\u00a0em Astana, capital do Cazaquist\u00e3o&#8230;.<\/p>\n","protected":false},"author":2,"featured_media":0,"comment_status":"open","ping_status":"open","sticky":false,"template":"","format":"standard","meta":{"footnotes":""},"categories":[8],"tags":[],"class_list":["post-5655","post","type-post","status-publish","format-standard","hentry","category-internacional"],"yoast_head":"<!-- This site is optimized with the Yoast SEO plugin v27.4 - https:\/\/yoast.com\/product\/yoast-seo-wordpress\/ -->\n<title>Astana acolhe di\u00e1logo da mesa redonda com imprensa entre China e pa\u00edses-membros da OCS - CRI e Diario de Pernambuco<\/title>\n<meta name=\"robots\" content=\"index, follow, max-snippet:-1, max-image-preview:large, max-video-preview:-1\" \/>\n<link rel=\"canonical\" href=\"https:\/\/diariodepe.com.br\/cri\/2024\/07\/04\/astana-acolhe-dialogo-da-mesa-redonda-com-imprensa-entre-china-e-paises-membros-da-ocs\/\" \/>\n<meta property=\"og:locale\" content=\"pt_BR\" \/>\n<meta property=\"og:type\" content=\"article\" \/>\n<meta property=\"og:title\" content=\"Astana acolhe di\u00e1logo da mesa redonda com imprensa entre China e pa\u00edses-membros da OCS - CRI e Diario de Pernambuco\" \/>\n<meta property=\"og:description\" content=\"Na v\u00e9spera\u00a0da 24\u00aa\u00a0reuni\u00e3o do Conselho de Chefes de Estado da\u00a0Organiza\u00e7\u00e3o de Coopera\u00e7\u00e3o de Shanghai (OCS), uma\u00a0mesa redonda com a\u00a0imprensa\u00a0entre a China e os pa\u00edses-membros\u00a0da OCS, organizado pelo Grupo de M\u00eddia da China (CMG), foi realizado\u00a0hoje (3),\u00a0em Astana, capital do Cazaquist\u00e3o....\" \/>\n<meta property=\"og:url\" content=\"https:\/\/diariodepe.com.br\/cri\/2024\/07\/04\/astana-acolhe-dialogo-da-mesa-redonda-com-imprensa-entre-china-e-paises-membros-da-ocs\/\" \/>\n<meta property=\"og:site_name\" content=\"CRI e Diario de Pernambuco\" \/>\n<meta property=\"article:published_time\" content=\"2024-07-04T06:56:24+00:00\" \/>\n<meta property=\"og:image\" content=\"https:\/\/p4crires.cri.cn\/photoworkspace\/cri\/contentimg\/2024\/07\/03\/2024070319182644750.jpg\" \/>\n<meta name=\"author\" content=\"Ismael Lucas S. Pereira\" \/>\n<meta name=\"twitter:card\" content=\"summary_large_image\" \/>\n<meta name=\"twitter:label1\" content=\"Escrito por\" \/>\n\t<meta name=\"twitter:data1\" content=\"Ismael Lucas S. Pereira\" \/>\n\t<meta name=\"twitter:label2\" content=\"Est. tempo de leitura\" \/>\n\t<meta name=\"twitter:data2\" content=\"2 minutos\" \/>\n<script type=\"application\/ld+json\" class=\"yoast-schema-graph\">{\"@context\":\"https:\\\/\\\/schema.org\",\"@graph\":[{\"@type\":\"Article\",\"@id\":\"https:\\\/\\\/diariodepe.com.br\\\/cri\\\/2024\\\/07\\\/04\\\/astana-acolhe-dialogo-da-mesa-redonda-com-imprensa-entre-china-e-paises-membros-da-ocs\\\/#article\",\"isPartOf\":{\"@id\":\"https:\\\/\\\/diariodepe.com.br\\\/cri\\\/2024\\\/07\\\/04\\\/astana-acolhe-dialogo-da-mesa-redonda-com-imprensa-entre-china-e-paises-membros-da-ocs\\\/\"},\"author\":{\"name\":\"Ismael Lucas S. Pereira\",\"@id\":\"https:\\\/\\\/diariodepe.com.br\\\/cri\\\/#\\\/schema\\\/person\\\/121bb28d84f1a5b1205ef4ce9c2e0c6b\"},\"headline\":\"Astana acolhe di\u00e1logo da mesa redonda com imprensa entre China e pa\u00edses-membros da OCS\",\"datePublished\":\"2024-07-04T06:56:24+00:00\",\"mainEntityOfPage\":{\"@id\":\"https:\\\/\\\/diariodepe.com.br\\\/cri\\\/2024\\\/07\\\/04\\\/astana-acolhe-dialogo-da-mesa-redonda-com-imprensa-entre-china-e-paises-membros-da-ocs\\\/\"},\"wordCount\":248,\"commentCount\":0,\"publisher\":{\"@id\":\"https:\\\/\\\/diariodepe.com.br\\\/cri\\\/#organization\"},\"image\":{\"@id\":\"https:\\\/\\\/diariodepe.com.br\\\/cri\\\/2024\\\/07\\\/04\\\/astana-acolhe-dialogo-da-mesa-redonda-com-imprensa-entre-china-e-paises-membros-da-ocs\\\/#primaryimage\"},\"thumbnailUrl\":\"https:\\\/\\\/p4crires.cri.cn\\\/photoworkspace\\\/cri\\\/contentimg\\\/2024\\\/07\\\/03\\\/2024070319182644750.jpg\",\"articleSection\":[\"Internacional\"],\"inLanguage\":\"pt-BR\",\"potentialAction\":[{\"@type\":\"CommentAction\",\"name\":\"Comment\",\"target\":[\"https:\\\/\\\/diariodepe.com.br\\\/cri\\\/2024\\\/07\\\/04\\\/astana-acolhe-dialogo-da-mesa-redonda-com-imprensa-entre-china-e-paises-membros-da-ocs\\\/#respond\"]}]},{\"@type\":\"WebPage\",\"@id\":\"https:\\\/\\\/diariodepe.com.br\\\/cri\\\/2024\\\/07\\\/04\\\/astana-acolhe-dialogo-da-mesa-redonda-com-imprensa-entre-china-e-paises-membros-da-ocs\\\/\",\"url\":\"https:\\\/\\\/diariodepe.com.br\\\/cri\\\/2024\\\/07\\\/04\\\/astana-acolhe-dialogo-da-mesa-redonda-com-imprensa-entre-china-e-paises-membros-da-ocs\\\/\",\"name\":\"Astana acolhe di\u00e1logo da mesa redonda com imprensa entre China e pa\u00edses-membros da OCS - CRI e Diario de Pernambuco\",\"isPartOf\":{\"@id\":\"https:\\\/\\\/diariodepe.com.br\\\/cri\\\/#website\"},\"primaryImageOfPage\":{\"@id\":\"https:\\\/\\\/diariodepe.com.br\\\/cri\\\/2024\\\/07\\\/04\\\/astana-acolhe-dialogo-da-mesa-redonda-com-imprensa-entre-china-e-paises-membros-da-ocs\\\/#primaryimage\"},\"image\":{\"@id\":\"https:\\\/\\\/diariodepe.com.br\\\/cri\\\/2024\\\/07\\\/04\\\/astana-acolhe-dialogo-da-mesa-redonda-com-imprensa-entre-china-e-paises-membros-da-ocs\\\/#primaryimage\"},\"thumbnailUrl\":\"https:\\\/\\\/p4crires.cri.cn\\\/photoworkspace\\\/cri\\\/contentimg\\\/2024\\\/07\\\/03\\\/2024070319182644750.jpg\",\"datePublished\":\"2024-07-04T06:56:24+00:00\",\"breadcrumb\":{\"@id\":\"https:\\\/\\\/diariodepe.com.br\\\/cri\\\/2024\\\/07\\\/04\\\/astana-acolhe-dialogo-da-mesa-redonda-com-imprensa-entre-china-e-paises-membros-da-ocs\\\/#breadcrumb\"},\"inLanguage\":\"pt-BR\",\"potentialAction\":[{\"@type\":\"ReadAction\",\"target\":[\"https:\\\/\\\/diariodepe.com.br\\\/cri\\\/2024\\\/07\\\/04\\\/astana-acolhe-dialogo-da-mesa-redonda-com-imprensa-entre-china-e-paises-membros-da-ocs\\\/\"]}]},{\"@type\":\"ImageObject\",\"inLanguage\":\"pt-BR\",\"@id\":\"https:\\\/\\\/diariodepe.com.br\\\/cri\\\/2024\\\/07\\\/04\\\/astana-acolhe-dialogo-da-mesa-redonda-com-imprensa-entre-china-e-paises-membros-da-ocs\\\/#primaryimage\",\"url\":\"https:\\\/\\\/p4crires.cri.cn\\\/photoworkspace\\\/cri\\\/contentimg\\\/2024\\\/07\\\/03\\\/2024070319182644750.jpg\",\"contentUrl\":\"https:\\\/\\\/p4crires.cri.cn\\\/photoworkspace\\\/cri\\\/contentimg\\\/2024\\\/07\\\/03\\\/2024070319182644750.jpg\"},{\"@type\":\"BreadcrumbList\",\"@id\":\"https:\\\/\\\/diariodepe.com.br\\\/cri\\\/2024\\\/07\\\/04\\\/astana-acolhe-dialogo-da-mesa-redonda-com-imprensa-entre-china-e-paises-membros-da-ocs\\\/#breadcrumb\",\"itemListElement\":[{\"@type\":\"ListItem\",\"position\":1,\"name\":\"In\u00edcio\",\"item\":\"https:\\\/\\\/diariodepe.com.br\\\/cri\\\/\"},{\"@type\":\"ListItem\",\"position\":2,\"name\":\"Astana acolhe di\u00e1logo da mesa redonda com imprensa entre China e pa\u00edses-membros da OCS\"}]},{\"@type\":\"WebSite\",\"@id\":\"https:\\\/\\\/diariodepe.com.br\\\/cri\\\/#website\",\"url\":\"https:\\\/\\\/diariodepe.com.br\\\/cri\\\/\",\"name\":\"CRI e Diario de Pernambuco\",\"description\":\"R\u00e1dio Internacional da China\",\"publisher\":{\"@id\":\"https:\\\/\\\/diariodepe.com.br\\\/cri\\\/#organization\"},\"potentialAction\":[{\"@type\":\"SearchAction\",\"target\":{\"@type\":\"EntryPoint\",\"urlTemplate\":\"https:\\\/\\\/diariodepe.com.br\\\/cri\\\/?s={search_term_string}\"},\"query-input\":{\"@type\":\"PropertyValueSpecification\",\"valueRequired\":true,\"valueName\":\"search_term_string\"}}],\"inLanguage\":\"pt-BR\"},{\"@type\":\"Organization\",\"@id\":\"https:\\\/\\\/diariodepe.com.br\\\/cri\\\/#organization\",\"name\":\"CRI e Diario de Pernambuco\",\"url\":\"https:\\\/\\\/diariodepe.com.br\\\/cri\\\/\",\"logo\":{\"@type\":\"ImageObject\",\"inLanguage\":\"pt-BR\",\"@id\":\"https:\\\/\\\/diariodepe.com.br\\\/cri\\\/#\\\/schema\\\/logo\\\/image\\\/\",\"url\":\"https:\\\/\\\/diariodepe.com.br\\\/cri\\\/wp-content\\\/uploads\\\/sites\\\/2\\\/2022\\\/12\\\/cropped-Logo.jpg\",\"contentUrl\":\"https:\\\/\\\/diariodepe.com.br\\\/cri\\\/wp-content\\\/uploads\\\/sites\\\/2\\\/2022\\\/12\\\/cropped-Logo.jpg\",\"width\":700,\"height\":59,\"caption\":\"CRI e Diario de Pernambuco\"},\"image\":{\"@id\":\"https:\\\/\\\/diariodepe.com.br\\\/cri\\\/#\\\/schema\\\/logo\\\/image\\\/\"}},{\"@type\":\"Person\",\"@id\":\"https:\\\/\\\/diariodepe.com.br\\\/cri\\\/#\\\/schema\\\/person\\\/121bb28d84f1a5b1205ef4ce9c2e0c6b\",\"name\":\"Ismael Lucas S. Pereira\",\"image\":{\"@type\":\"ImageObject\",\"inLanguage\":\"pt-BR\",\"@id\":\"https:\\\/\\\/secure.gravatar.com\\\/avatar\\\/887a0f3b5a7ceea963a48499fb883ffce6b5037362def025c52c2505b15d63e4?s=96&d=mm&r=g\",\"url\":\"https:\\\/\\\/secure.gravatar.com\\\/avatar\\\/887a0f3b5a7ceea963a48499fb883ffce6b5037362def025c52c2505b15d63e4?s=96&d=mm&r=g\",\"contentUrl\":\"https:\\\/\\\/secure.gravatar.com\\\/avatar\\\/887a0f3b5a7ceea963a48499fb883ffce6b5037362def025c52c2505b15d63e4?s=96&d=mm&r=g\",\"caption\":\"Ismael Lucas S. Pereira\"},\"url\":\"https:\\\/\\\/diariodepe.com.br\\\/cri\\\/author\\\/ismael-lucas\\\/\"}]}<\/script>\n<!-- \/ Yoast SEO plugin. -->","yoast_head_json":{"title":"Astana acolhe di\u00e1logo da mesa redonda com imprensa entre China e pa\u00edses-membros da OCS - CRI e Diario de Pernambuco","robots":{"index":"index","follow":"follow","max-snippet":"max-snippet:-1","max-image-preview":"max-image-preview:large","max-video-preview":"max-video-preview:-1"},"canonical":"https:\/\/diariodepe.com.br\/cri\/2024\/07\/04\/astana-acolhe-dialogo-da-mesa-redonda-com-imprensa-entre-china-e-paises-membros-da-ocs\/","og_locale":"pt_BR","og_type":"article","og_title":"Astana acolhe di\u00e1logo da mesa redonda com imprensa entre China e pa\u00edses-membros da OCS - CRI e Diario de Pernambuco","og_description":"Na v\u00e9spera\u00a0da 24\u00aa\u00a0reuni\u00e3o do Conselho de Chefes de Estado da\u00a0Organiza\u00e7\u00e3o de Coopera\u00e7\u00e3o de Shanghai (OCS), uma\u00a0mesa redonda com a\u00a0imprensa\u00a0entre a China e os pa\u00edses-membros\u00a0da OCS, organizado pelo Grupo de M\u00eddia da China (CMG), foi realizado\u00a0hoje (3),\u00a0em Astana, capital do Cazaquist\u00e3o....","og_url":"https:\/\/diariodepe.com.br\/cri\/2024\/07\/04\/astana-acolhe-dialogo-da-mesa-redonda-com-imprensa-entre-china-e-paises-membros-da-ocs\/","og_site_name":"CRI e Diario de Pernambuco","article_published_time":"2024-07-04T06:56:24+00:00","og_image":[{"url":"https:\/\/p4crires.cri.cn\/photoworkspace\/cri\/contentimg\/2024\/07\/03\/2024070319182644750.jpg","type":"","width":"","height":""}],"author":"Ismael Lucas S. Pereira","twitter_card":"summary_large_image","twitter_misc":{"Escrito por":"Ismael Lucas S. Pereira","Est. tempo de leitura":"2 minutos"},"schema":{"@context":"https:\/\/schema.org","@graph":[{"@type":"Article","@id":"https:\/\/diariodepe.com.br\/cri\/2024\/07\/04\/astana-acolhe-dialogo-da-mesa-redonda-com-imprensa-entre-china-e-paises-membros-da-ocs\/#article","isPartOf":{"@id":"https:\/\/diariodepe.com.br\/cri\/2024\/07\/04\/astana-acolhe-dialogo-da-mesa-redonda-com-imprensa-entre-china-e-paises-membros-da-ocs\/"},"author":{"name":"Ismael Lucas S. Pereira","@id":"https:\/\/diariodepe.com.br\/cri\/#\/schema\/person\/121bb28d84f1a5b1205ef4ce9c2e0c6b"},"headline":"Astana acolhe di\u00e1logo da mesa redonda com imprensa entre China e pa\u00edses-membros da OCS","datePublished":"2024-07-04T06:56:24+00:00","mainEntityOfPage":{"@id":"https:\/\/diariodepe.com.br\/cri\/2024\/07\/04\/astana-acolhe-dialogo-da-mesa-redonda-com-imprensa-entre-china-e-paises-membros-da-ocs\/"},"wordCount":248,"commentCount":0,"publisher":{"@id":"https:\/\/diariodepe.com.br\/cri\/#organization"},"image":{"@id":"https:\/\/diariodepe.com.br\/cri\/2024\/07\/04\/astana-acolhe-dialogo-da-mesa-redonda-com-imprensa-entre-china-e-paises-membros-da-ocs\/#primaryimage"},"thumbnailUrl":"https:\/\/p4crires.cri.cn\/photoworkspace\/cri\/contentimg\/2024\/07\/03\/2024070319182644750.jpg","articleSection":["Internacional"],"inLanguage":"pt-BR","potentialAction":[{"@type":"CommentAction","name":"Comment","target":["https:\/\/diariodepe.com.br\/cri\/2024\/07\/04\/astana-acolhe-dialogo-da-mesa-redonda-com-imprensa-entre-china-e-paises-membros-da-ocs\/#respond"]}]},{"@type":"WebPage","@id":"https:\/\/diariodepe.com.br\/cri\/2024\/07\/04\/astana-acolhe-dialogo-da-mesa-redonda-com-imprensa-entre-china-e-paises-membros-da-ocs\/","url":"https:\/\/diariodepe.com.br\/cri\/2024\/07\/04\/astana-acolhe-dialogo-da-mesa-redonda-com-imprensa-entre-china-e-paises-membros-da-ocs\/","name":"Astana acolhe di\u00e1logo da mesa redonda com imprensa entre China e pa\u00edses-membros da OCS - CRI e Diario de Pernambuco","isPartOf":{"@id":"https:\/\/diariodepe.com.br\/cri\/#website"},"primaryImageOfPage":{"@id":"https:\/\/diariodepe.com.br\/cri\/2024\/07\/04\/astana-acolhe-dialogo-da-mesa-redonda-com-imprensa-entre-china-e-paises-membros-da-ocs\/#primaryimage"},"image":{"@id":"https:\/\/diariodepe.com.br\/cri\/2024\/07\/04\/astana-acolhe-dialogo-da-mesa-redonda-com-imprensa-entre-china-e-paises-membros-da-ocs\/#primaryimage"},"thumbnailUrl":"https:\/\/p4crires.cri.cn\/photoworkspace\/cri\/contentimg\/2024\/07\/03\/2024070319182644750.jpg","datePublished":"2024-07-04T06:56:24+00:00","breadcrumb":{"@id":"https:\/\/diariodepe.com.br\/cri\/2024\/07\/04\/astana-acolhe-dialogo-da-mesa-redonda-com-imprensa-entre-china-e-paises-membros-da-ocs\/#breadcrumb"},"inLanguage":"pt-BR","potentialAction":[{"@type":"ReadAction","target":["https:\/\/diariodepe.com.br\/cri\/2024\/07\/04\/astana-acolhe-dialogo-da-mesa-redonda-com-imprensa-entre-china-e-paises-membros-da-ocs\/"]}]},{"@type":"ImageObject","inLanguage":"pt-BR","@id":"https:\/\/diariodepe.com.br\/cri\/2024\/07\/04\/astana-acolhe-dialogo-da-mesa-redonda-com-imprensa-entre-china-e-paises-membros-da-ocs\/#primaryimage","url":"https:\/\/p4crires.cri.cn\/photoworkspace\/cri\/contentimg\/2024\/07\/03\/2024070319182644750.jpg","contentUrl":"https:\/\/p4crires.cri.cn\/photoworkspace\/cri\/contentimg\/2024\/07\/03\/2024070319182644750.jpg"},{"@type":"BreadcrumbList","@id":"https:\/\/diariodepe.com.br\/cri\/2024\/07\/04\/astana-acolhe-dialogo-da-mesa-redonda-com-imprensa-entre-china-e-paises-membros-da-ocs\/#breadcrumb","itemListElement":[{"@type":"ListItem","position":1,"name":"In\u00edcio","item":"https:\/\/diariodepe.com.br\/cri\/"},{"@type":"ListItem","position":2,"name":"Astana acolhe di\u00e1logo da mesa redonda com imprensa entre China e pa\u00edses-membros da OCS"}]},{"@type":"WebSite","@id":"https:\/\/diariodepe.com.br\/cri\/#website","url":"https:\/\/diariodepe.com.br\/cri\/","name":"CRI e Diario de Pernambuco","description":"R\u00e1dio Internacional da China","publisher":{"@id":"https:\/\/diariodepe.com.br\/cri\/#organization"},"potentialAction":[{"@type":"SearchAction","target":{"@type":"EntryPoint","urlTemplate":"https:\/\/diariodepe.com.br\/cri\/?s={search_term_string}"},"query-input":{"@type":"PropertyValueSpecification","valueRequired":true,"valueName":"search_term_string"}}],"inLanguage":"pt-BR"},{"@type":"Organization","@id":"https:\/\/diariodepe.com.br\/cri\/#organization","name":"CRI e Diario de Pernambuco","url":"https:\/\/diariodepe.com.br\/cri\/","logo":{"@type":"ImageObject","inLanguage":"pt-BR","@id":"https:\/\/diariodepe.com.br\/cri\/#\/schema\/logo\/image\/","url":"https:\/\/diariodepe.com.br\/cri\/wp-content\/uploads\/sites\/2\/2022\/12\/cropped-Logo.jpg","contentUrl":"https:\/\/diariodepe.com.br\/cri\/wp-content\/uploads\/sites\/2\/2022\/12\/cropped-Logo.jpg","width":700,"height":59,"caption":"CRI e Diario de Pernambuco"},"image":{"@id":"https:\/\/diariodepe.com.br\/cri\/#\/schema\/logo\/image\/"}},{"@type":"Person","@id":"https:\/\/diariodepe.com.br\/cri\/#\/schema\/person\/121bb28d84f1a5b1205ef4ce9c2e0c6b","name":"Ismael Lucas S. Pereira","image":{"@type":"ImageObject","inLanguage":"pt-BR","@id":"https:\/\/secure.gravatar.com\/avatar\/887a0f3b5a7ceea963a48499fb883ffce6b5037362def025c52c2505b15d63e4?s=96&d=mm&r=g","url":"https:\/\/secure.gravatar.com\/avatar\/887a0f3b5a7ceea963a48499fb883ffce6b5037362def025c52c2505b15d63e4?s=96&d=mm&r=g","contentUrl":"https:\/\/secure.gravatar.com\/avatar\/887a0f3b5a7ceea963a48499fb883ffce6b5037362def025c52c2505b15d63e4?s=96&d=mm&r=g","caption":"Ismael Lucas S. Pereira"},"url":"https:\/\/diariodepe.com.br\/cri\/author\/ismael-lucas\/"}]}},"cc_featured_image_caption":{"caption_text":false,"source_text":false,"source_url":false},"amp_enabled":true,"_links":{"self":[{"href":"https:\/\/diariodepe.com.br\/cri\/wp-json\/wp\/v2\/posts\/5655","targetHints":{"allow":["GET"]}}],"collection":[{"href":"https:\/\/diariodepe.com.br\/cri\/wp-json\/wp\/v2\/posts"}],"about":[{"href":"https:\/\/diariodepe.com.br\/cri\/wp-json\/wp\/v2\/types\/post"}],"author":[{"embeddable":true,"href":"https:\/\/diariodepe.com.br\/cri\/wp-json\/wp\/v2\/users\/2"}],"replies":[{"embeddable":true,"href":"https:\/\/diariodepe.com.br\/cri\/wp-json\/wp\/v2\/comments?post=5655"}],"version-history":[{"count":1,"href":"https:\/\/diariodepe.com.br\/cri\/wp-json\/wp\/v2\/posts\/5655\/revisions"}],"predecessor-version":[{"id":5656,"href":"https:\/\/diariodepe.com.br\/cri\/wp-json\/wp\/v2\/posts\/5655\/revisions\/5656"}],"wp:attachment":[{"href":"https:\/\/diariodepe.com.br\/cri\/wp-json\/wp\/v2\/media?parent=5655"}],"wp:term":[{"taxonomy":"category","embeddable":true,"href":"https:\/\/diariodepe.com.br\/cri\/wp-json\/wp\/v2\/categories?post=5655"},{"taxonomy":"post_tag","embeddable":true,"href":"https:\/\/diariodepe.com.br\/cri\/wp-json\/wp\/v2\/tags?post=5655"}],"curies":[{"name":"wp","href":"https:\/\/api.w.org\/{rel}","templated":true}]}}