{"id":564,"date":"2023-02-09T06:01:21","date_gmt":"2023-02-09T09:01:21","guid":{"rendered":"https:\/\/diariodepe.com.br\/cri\/?p=564"},"modified":"2023-02-09T06:01:22","modified_gmt":"2023-02-09T09:01:22","slug":"comentario-os-eua-devem-largar-a-barra-diante-do-terremoto-catastrofico","status":"publish","type":"post","link":"https:\/\/diariodepe.com.br\/cri\/2023\/02\/09\/comentario-os-eua-devem-largar-a-barra-diante-do-terremoto-catastrofico\/","title":{"rendered":"<strong>Coment\u00e1rio: Os EUA devem largar a \u201cbarra\u201d diante do terremoto catastr\u00f3fico<\/strong>"},"content":{"rendered":"\n<p>Para o povo s\u00edrio, que enfrenta uma crise humanit\u00e1ria, os recentes terremotos na Turquia pioraram ainda mais a situa\u00e7\u00e3o. O Minist\u00e9rio das Rela\u00e7\u00f5es Exteriores da S\u00edria disse que o pa\u00eds n\u00e3o possui equipamento de resgate devido \u00e0s san\u00e7\u00f5es de longa data do Ocidente, incluindo os Estados Unidos. As equipes de resgate precisam trabalhar o dobro do tempo e as pessoas s\u00f3 podem cavar nas ru\u00ednas com as pr\u00f3prias m\u00e3os. Khaled Hboubati, chefe do Crescente Vermelho \u00c1rabe S\u00edrio, disse numa coletiva de imprensa: &#8220;Por causa do bloqueio e das san\u00e7\u00f5es, n\u00e3o h\u00e1 nem mesmo combust\u00edvel para os ve\u00edculos (de socorro e resgate).\u201d<\/p>\n\n\n\n<p>Diante de uma situa\u00e7\u00e3o t\u00e3o urgente, muitas organiza\u00e7\u00f5es exortaram o Ocidente a cancelar o mais r\u00e1pido poss\u00edvel suas san\u00e7\u00f5es unilaterais contra a S\u00edria a fim de evitar uma maior deteriora\u00e7\u00e3o da situa\u00e7\u00e3o humanit\u00e1ria nesse pa\u00eds. No entanto, o porta-voz do Departamento de Estado dos EUA, Ned Price, disse que a ajuda estava sendo fornecida somente atrav\u00e9s de &#8220;parceiros humanit\u00e1rios locais&#8221;. O lado norte-americano se recusa a cooperar com o governo Assad na S\u00edria.<\/p>\n\n\n\n<p>Desde o in\u00edcio da guerra civil s\u00edria em 2011, os Estados Unidos intervieram militarmente v\u00e1rias vezes, impondo duras san\u00e7\u00f5es econ\u00f4micas ao pa\u00eds. Tamb\u00e9m ocuparam grandes \u00e1reas produtoras de petr\u00f3leo e pilharam mais de 80% da produ\u00e7\u00e3o de petr\u00f3leo, al\u00e9m de queimar suprimentos alimentares. Uma s\u00e9rie de atos de roubo trouxe graves desastres para a popula\u00e7\u00e3o local.<\/p>\n\n\n\n<p>Ao mesmo tempo, os Estados Unidos e outros pa\u00edses ocidentais impuseram san\u00e7\u00f5es de longo prazo sobre a S\u00edria. Eles impediram a popula\u00e7\u00e3o local de receber garantias b\u00e1sicas de subsist\u00eancia e tamb\u00e9m enfraqueceram a capacidade das institui\u00e7\u00f5es p\u00fablicas da S\u00edria de fornecer servi\u00e7os b\u00e1sicos, como \u00e1gua e eletricidade. Os Estados Unidos s\u00e3o absolutamente os promotores da crise humanit\u00e1ria na S\u00edria.<\/p>\n\n\n\n<p>Nesse momento ap\u00f3s os terremotos catastr\u00f3ficos, os pol\u00edticos americanos que falam de &#8220;direitos humanos&#8221; e &#8220;humanismo&#8221; devem mostrar sua compaix\u00e3o e apoio ao povo do Oriente M\u00e9dio com a\u00e7\u00f5es pr\u00e1ticas, levantar imediatamente as san\u00e7\u00f5es unilaterais contra a S\u00edria e abrir as portas para a ajuda humanit\u00e1ria para que este desastre natural n\u00e3o se torne um desastre humano.<\/p>\n","protected":false},"excerpt":{"rendered":"<p>Para o povo s\u00edrio, que enfrenta uma crise humanit\u00e1ria, os recentes terremotos na Turquia pioraram ainda mais a situa\u00e7\u00e3o. O Minist\u00e9rio das Rela\u00e7\u00f5es Exteriores da S\u00edria disse que o pa\u00eds n\u00e3o possui equipamento de resgate devido \u00e0s san\u00e7\u00f5es de longa&#8230;<\/p>\n","protected":false},"author":2,"featured_media":565,"comment_status":"open","ping_status":"open","sticky":false,"template":"","format":"standard","meta":{"footnotes":""},"categories":[7],"tags":[],"class_list":["post-564","post","type-post","status-publish","format-standard","has-post-thumbnail","hentry","category-visao"],"yoast_head":"<!-- This site is optimized with the Yoast SEO plugin v27.4 - https:\/\/yoast.com\/product\/yoast-seo-wordpress\/ -->\n<title>Coment\u00e1rio: Os EUA devem largar a \u201cbarra\u201d diante do terremoto catastr\u00f3fico - CRI e Diario de Pernambuco<\/title>\n<meta name=\"robots\" content=\"index, follow, max-snippet:-1, max-image-preview:large, max-video-preview:-1\" \/>\n<link rel=\"canonical\" href=\"https:\/\/diariodepe.com.br\/cri\/2023\/02\/09\/comentario-os-eua-devem-largar-a-barra-diante-do-terremoto-catastrofico\/\" \/>\n<meta property=\"og:locale\" content=\"pt_BR\" \/>\n<meta property=\"og:type\" content=\"article\" \/>\n<meta property=\"og:title\" content=\"Coment\u00e1rio: Os EUA devem largar a \u201cbarra\u201d diante do terremoto catastr\u00f3fico - CRI e Diario de Pernambuco\" \/>\n<meta property=\"og:description\" content=\"Para o povo s\u00edrio, que enfrenta uma crise humanit\u00e1ria, os recentes terremotos na Turquia pioraram ainda mais a situa\u00e7\u00e3o. O Minist\u00e9rio das Rela\u00e7\u00f5es Exteriores da S\u00edria disse que o pa\u00eds n\u00e3o possui equipamento de resgate devido \u00e0s san\u00e7\u00f5es de longa...\" \/>\n<meta property=\"og:url\" content=\"https:\/\/diariodepe.com.br\/cri\/2023\/02\/09\/comentario-os-eua-devem-largar-a-barra-diante-do-terremoto-catastrofico\/\" \/>\n<meta property=\"og:site_name\" content=\"CRI e Diario de Pernambuco\" \/>\n<meta property=\"article:published_time\" content=\"2023-02-09T09:01:21+00:00\" \/>\n<meta property=\"article:modified_time\" content=\"2023-02-09T09:01:22+00:00\" \/>\n<meta property=\"og:image\" content=\"https:\/\/diariodepe.com.br\/cri\/wp-content\/uploads\/sites\/2\/2023\/02\/\u5fae\u4fe1\u56fe\u7247_20230209170033.png\" \/>\n\t<meta property=\"og:image:width\" content=\"1080\" \/>\n\t<meta property=\"og:image:height\" content=\"591\" \/>\n\t<meta property=\"og:image:type\" content=\"image\/png\" \/>\n<meta name=\"author\" content=\"Ismael Lucas S. Pereira\" \/>\n<meta name=\"twitter:card\" content=\"summary_large_image\" \/>\n<meta name=\"twitter:label1\" content=\"Escrito por\" \/>\n\t<meta name=\"twitter:data1\" content=\"Ismael Lucas S. Pereira\" \/>\n\t<meta name=\"twitter:label2\" content=\"Est. tempo de leitura\" \/>\n\t<meta name=\"twitter:data2\" content=\"2 minutos\" \/>\n<script type=\"application\/ld+json\" class=\"yoast-schema-graph\">{\"@context\":\"https:\\\/\\\/schema.org\",\"@graph\":[{\"@type\":\"Article\",\"@id\":\"https:\\\/\\\/diariodepe.com.br\\\/cri\\\/2023\\\/02\\\/09\\\/comentario-os-eua-devem-largar-a-barra-diante-do-terremoto-catastrofico\\\/#article\",\"isPartOf\":{\"@id\":\"https:\\\/\\\/diariodepe.com.br\\\/cri\\\/2023\\\/02\\\/09\\\/comentario-os-eua-devem-largar-a-barra-diante-do-terremoto-catastrofico\\\/\"},\"author\":{\"name\":\"Ismael Lucas S. Pereira\",\"@id\":\"https:\\\/\\\/diariodepe.com.br\\\/cri\\\/#\\\/schema\\\/person\\\/121bb28d84f1a5b1205ef4ce9c2e0c6b\"},\"headline\":\"Coment\u00e1rio: Os EUA devem largar a \u201cbarra\u201d diante do terremoto catastr\u00f3fico\",\"datePublished\":\"2023-02-09T09:01:21+00:00\",\"dateModified\":\"2023-02-09T09:01:22+00:00\",\"mainEntityOfPage\":{\"@id\":\"https:\\\/\\\/diariodepe.com.br\\\/cri\\\/2023\\\/02\\\/09\\\/comentario-os-eua-devem-largar-a-barra-diante-do-terremoto-catastrofico\\\/\"},\"wordCount\":427,\"commentCount\":0,\"publisher\":{\"@id\":\"https:\\\/\\\/diariodepe.com.br\\\/cri\\\/#organization\"},\"image\":{\"@id\":\"https:\\\/\\\/diariodepe.com.br\\\/cri\\\/2023\\\/02\\\/09\\\/comentario-os-eua-devem-largar-a-barra-diante-do-terremoto-catastrofico\\\/#primaryimage\"},\"thumbnailUrl\":\"https:\\\/\\\/diariodepe.com.br\\\/cri\\\/wp-content\\\/uploads\\\/sites\\\/2\\\/2023\\\/02\\\/\u5fae\u4fe1\u56fe\u7247_20230209170033.png\",\"articleSection\":[\"Vis\u00e3o\"],\"inLanguage\":\"pt-BR\",\"potentialAction\":[{\"@type\":\"CommentAction\",\"name\":\"Comment\",\"target\":[\"https:\\\/\\\/diariodepe.com.br\\\/cri\\\/2023\\\/02\\\/09\\\/comentario-os-eua-devem-largar-a-barra-diante-do-terremoto-catastrofico\\\/#respond\"]}]},{\"@type\":\"WebPage\",\"@id\":\"https:\\\/\\\/diariodepe.com.br\\\/cri\\\/2023\\\/02\\\/09\\\/comentario-os-eua-devem-largar-a-barra-diante-do-terremoto-catastrofico\\\/\",\"url\":\"https:\\\/\\\/diariodepe.com.br\\\/cri\\\/2023\\\/02\\\/09\\\/comentario-os-eua-devem-largar-a-barra-diante-do-terremoto-catastrofico\\\/\",\"name\":\"Coment\u00e1rio: Os EUA devem largar a \u201cbarra\u201d diante do terremoto catastr\u00f3fico - CRI e Diario de Pernambuco\",\"isPartOf\":{\"@id\":\"https:\\\/\\\/diariodepe.com.br\\\/cri\\\/#website\"},\"primaryImageOfPage\":{\"@id\":\"https:\\\/\\\/diariodepe.com.br\\\/cri\\\/2023\\\/02\\\/09\\\/comentario-os-eua-devem-largar-a-barra-diante-do-terremoto-catastrofico\\\/#primaryimage\"},\"image\":{\"@id\":\"https:\\\/\\\/diariodepe.com.br\\\/cri\\\/2023\\\/02\\\/09\\\/comentario-os-eua-devem-largar-a-barra-diante-do-terremoto-catastrofico\\\/#primaryimage\"},\"thumbnailUrl\":\"https:\\\/\\\/diariodepe.com.br\\\/cri\\\/wp-content\\\/uploads\\\/sites\\\/2\\\/2023\\\/02\\\/\u5fae\u4fe1\u56fe\u7247_20230209170033.png\",\"datePublished\":\"2023-02-09T09:01:21+00:00\",\"dateModified\":\"2023-02-09T09:01:22+00:00\",\"breadcrumb\":{\"@id\":\"https:\\\/\\\/diariodepe.com.br\\\/cri\\\/2023\\\/02\\\/09\\\/comentario-os-eua-devem-largar-a-barra-diante-do-terremoto-catastrofico\\\/#breadcrumb\"},\"inLanguage\":\"pt-BR\",\"potentialAction\":[{\"@type\":\"ReadAction\",\"target\":[\"https:\\\/\\\/diariodepe.com.br\\\/cri\\\/2023\\\/02\\\/09\\\/comentario-os-eua-devem-largar-a-barra-diante-do-terremoto-catastrofico\\\/\"]}]},{\"@type\":\"ImageObject\",\"inLanguage\":\"pt-BR\",\"@id\":\"https:\\\/\\\/diariodepe.com.br\\\/cri\\\/2023\\\/02\\\/09\\\/comentario-os-eua-devem-largar-a-barra-diante-do-terremoto-catastrofico\\\/#primaryimage\",\"url\":\"https:\\\/\\\/diariodepe.com.br\\\/cri\\\/wp-content\\\/uploads\\\/sites\\\/2\\\/2023\\\/02\\\/\u5fae\u4fe1\u56fe\u7247_20230209170033.png\",\"contentUrl\":\"https:\\\/\\\/diariodepe.com.br\\\/cri\\\/wp-content\\\/uploads\\\/sites\\\/2\\\/2023\\\/02\\\/\u5fae\u4fe1\u56fe\u7247_20230209170033.png\",\"width\":1080,\"height\":591},{\"@type\":\"BreadcrumbList\",\"@id\":\"https:\\\/\\\/diariodepe.com.br\\\/cri\\\/2023\\\/02\\\/09\\\/comentario-os-eua-devem-largar-a-barra-diante-do-terremoto-catastrofico\\\/#breadcrumb\",\"itemListElement\":[{\"@type\":\"ListItem\",\"position\":1,\"name\":\"In\u00edcio\",\"item\":\"https:\\\/\\\/diariodepe.com.br\\\/cri\\\/\"},{\"@type\":\"ListItem\",\"position\":2,\"name\":\"Coment\u00e1rio: Os EUA devem largar a \u201cbarra\u201d diante do terremoto catastr\u00f3fico\"}]},{\"@type\":\"WebSite\",\"@id\":\"https:\\\/\\\/diariodepe.com.br\\\/cri\\\/#website\",\"url\":\"https:\\\/\\\/diariodepe.com.br\\\/cri\\\/\",\"name\":\"CRI e Diario de Pernambuco\",\"description\":\"R\u00e1dio Internacional da China\",\"publisher\":{\"@id\":\"https:\\\/\\\/diariodepe.com.br\\\/cri\\\/#organization\"},\"potentialAction\":[{\"@type\":\"SearchAction\",\"target\":{\"@type\":\"EntryPoint\",\"urlTemplate\":\"https:\\\/\\\/diariodepe.com.br\\\/cri\\\/?s={search_term_string}\"},\"query-input\":{\"@type\":\"PropertyValueSpecification\",\"valueRequired\":true,\"valueName\":\"search_term_string\"}}],\"inLanguage\":\"pt-BR\"},{\"@type\":\"Organization\",\"@id\":\"https:\\\/\\\/diariodepe.com.br\\\/cri\\\/#organization\",\"name\":\"CRI e Diario de Pernambuco\",\"url\":\"https:\\\/\\\/diariodepe.com.br\\\/cri\\\/\",\"logo\":{\"@type\":\"ImageObject\",\"inLanguage\":\"pt-BR\",\"@id\":\"https:\\\/\\\/diariodepe.com.br\\\/cri\\\/#\\\/schema\\\/logo\\\/image\\\/\",\"url\":\"https:\\\/\\\/diariodepe.com.br\\\/cri\\\/wp-content\\\/uploads\\\/sites\\\/2\\\/2022\\\/12\\\/cropped-Logo.jpg\",\"contentUrl\":\"https:\\\/\\\/diariodepe.com.br\\\/cri\\\/wp-content\\\/uploads\\\/sites\\\/2\\\/2022\\\/12\\\/cropped-Logo.jpg\",\"width\":700,\"height\":59,\"caption\":\"CRI e Diario de Pernambuco\"},\"image\":{\"@id\":\"https:\\\/\\\/diariodepe.com.br\\\/cri\\\/#\\\/schema\\\/logo\\\/image\\\/\"}},{\"@type\":\"Person\",\"@id\":\"https:\\\/\\\/diariodepe.com.br\\\/cri\\\/#\\\/schema\\\/person\\\/121bb28d84f1a5b1205ef4ce9c2e0c6b\",\"name\":\"Ismael Lucas S. Pereira\",\"image\":{\"@type\":\"ImageObject\",\"inLanguage\":\"pt-BR\",\"@id\":\"https:\\\/\\\/secure.gravatar.com\\\/avatar\\\/887a0f3b5a7ceea963a48499fb883ffce6b5037362def025c52c2505b15d63e4?s=96&d=mm&r=g\",\"url\":\"https:\\\/\\\/secure.gravatar.com\\\/avatar\\\/887a0f3b5a7ceea963a48499fb883ffce6b5037362def025c52c2505b15d63e4?s=96&d=mm&r=g\",\"contentUrl\":\"https:\\\/\\\/secure.gravatar.com\\\/avatar\\\/887a0f3b5a7ceea963a48499fb883ffce6b5037362def025c52c2505b15d63e4?s=96&d=mm&r=g\",\"caption\":\"Ismael Lucas S. Pereira\"},\"url\":\"https:\\\/\\\/diariodepe.com.br\\\/cri\\\/author\\\/ismael-lucas\\\/\"}]}<\/script>\n<!-- \/ Yoast SEO plugin. -->","yoast_head_json":{"title":"Coment\u00e1rio: Os EUA devem largar a \u201cbarra\u201d diante do terremoto catastr\u00f3fico - CRI e Diario de Pernambuco","robots":{"index":"index","follow":"follow","max-snippet":"max-snippet:-1","max-image-preview":"max-image-preview:large","max-video-preview":"max-video-preview:-1"},"canonical":"https:\/\/diariodepe.com.br\/cri\/2023\/02\/09\/comentario-os-eua-devem-largar-a-barra-diante-do-terremoto-catastrofico\/","og_locale":"pt_BR","og_type":"article","og_title":"Coment\u00e1rio: Os EUA devem largar a \u201cbarra\u201d diante do terremoto catastr\u00f3fico - CRI e Diario de Pernambuco","og_description":"Para o povo s\u00edrio, que enfrenta uma crise humanit\u00e1ria, os recentes terremotos na Turquia pioraram ainda mais a situa\u00e7\u00e3o. O Minist\u00e9rio das Rela\u00e7\u00f5es Exteriores da S\u00edria disse que o pa\u00eds n\u00e3o possui equipamento de resgate devido \u00e0s san\u00e7\u00f5es de longa...","og_url":"https:\/\/diariodepe.com.br\/cri\/2023\/02\/09\/comentario-os-eua-devem-largar-a-barra-diante-do-terremoto-catastrofico\/","og_site_name":"CRI e Diario de Pernambuco","article_published_time":"2023-02-09T09:01:21+00:00","article_modified_time":"2023-02-09T09:01:22+00:00","og_image":[{"width":1080,"height":591,"url":"https:\/\/diariodepe.com.br\/cri\/wp-content\/uploads\/sites\/2\/2023\/02\/\u5fae\u4fe1\u56fe\u7247_20230209170033.png","type":"image\/png"}],"author":"Ismael Lucas S. Pereira","twitter_card":"summary_large_image","twitter_misc":{"Escrito por":"Ismael Lucas S. Pereira","Est. tempo de leitura":"2 minutos"},"schema":{"@context":"https:\/\/schema.org","@graph":[{"@type":"Article","@id":"https:\/\/diariodepe.com.br\/cri\/2023\/02\/09\/comentario-os-eua-devem-largar-a-barra-diante-do-terremoto-catastrofico\/#article","isPartOf":{"@id":"https:\/\/diariodepe.com.br\/cri\/2023\/02\/09\/comentario-os-eua-devem-largar-a-barra-diante-do-terremoto-catastrofico\/"},"author":{"name":"Ismael Lucas S. Pereira","@id":"https:\/\/diariodepe.com.br\/cri\/#\/schema\/person\/121bb28d84f1a5b1205ef4ce9c2e0c6b"},"headline":"Coment\u00e1rio: Os EUA devem largar a \u201cbarra\u201d diante do terremoto catastr\u00f3fico","datePublished":"2023-02-09T09:01:21+00:00","dateModified":"2023-02-09T09:01:22+00:00","mainEntityOfPage":{"@id":"https:\/\/diariodepe.com.br\/cri\/2023\/02\/09\/comentario-os-eua-devem-largar-a-barra-diante-do-terremoto-catastrofico\/"},"wordCount":427,"commentCount":0,"publisher":{"@id":"https:\/\/diariodepe.com.br\/cri\/#organization"},"image":{"@id":"https:\/\/diariodepe.com.br\/cri\/2023\/02\/09\/comentario-os-eua-devem-largar-a-barra-diante-do-terremoto-catastrofico\/#primaryimage"},"thumbnailUrl":"https:\/\/diariodepe.com.br\/cri\/wp-content\/uploads\/sites\/2\/2023\/02\/\u5fae\u4fe1\u56fe\u7247_20230209170033.png","articleSection":["Vis\u00e3o"],"inLanguage":"pt-BR","potentialAction":[{"@type":"CommentAction","name":"Comment","target":["https:\/\/diariodepe.com.br\/cri\/2023\/02\/09\/comentario-os-eua-devem-largar-a-barra-diante-do-terremoto-catastrofico\/#respond"]}]},{"@type":"WebPage","@id":"https:\/\/diariodepe.com.br\/cri\/2023\/02\/09\/comentario-os-eua-devem-largar-a-barra-diante-do-terremoto-catastrofico\/","url":"https:\/\/diariodepe.com.br\/cri\/2023\/02\/09\/comentario-os-eua-devem-largar-a-barra-diante-do-terremoto-catastrofico\/","name":"Coment\u00e1rio: Os EUA devem largar a \u201cbarra\u201d diante do terremoto catastr\u00f3fico - CRI e Diario de Pernambuco","isPartOf":{"@id":"https:\/\/diariodepe.com.br\/cri\/#website"},"primaryImageOfPage":{"@id":"https:\/\/diariodepe.com.br\/cri\/2023\/02\/09\/comentario-os-eua-devem-largar-a-barra-diante-do-terremoto-catastrofico\/#primaryimage"},"image":{"@id":"https:\/\/diariodepe.com.br\/cri\/2023\/02\/09\/comentario-os-eua-devem-largar-a-barra-diante-do-terremoto-catastrofico\/#primaryimage"},"thumbnailUrl":"https:\/\/diariodepe.com.br\/cri\/wp-content\/uploads\/sites\/2\/2023\/02\/\u5fae\u4fe1\u56fe\u7247_20230209170033.png","datePublished":"2023-02-09T09:01:21+00:00","dateModified":"2023-02-09T09:01:22+00:00","breadcrumb":{"@id":"https:\/\/diariodepe.com.br\/cri\/2023\/02\/09\/comentario-os-eua-devem-largar-a-barra-diante-do-terremoto-catastrofico\/#breadcrumb"},"inLanguage":"pt-BR","potentialAction":[{"@type":"ReadAction","target":["https:\/\/diariodepe.com.br\/cri\/2023\/02\/09\/comentario-os-eua-devem-largar-a-barra-diante-do-terremoto-catastrofico\/"]}]},{"@type":"ImageObject","inLanguage":"pt-BR","@id":"https:\/\/diariodepe.com.br\/cri\/2023\/02\/09\/comentario-os-eua-devem-largar-a-barra-diante-do-terremoto-catastrofico\/#primaryimage","url":"https:\/\/diariodepe.com.br\/cri\/wp-content\/uploads\/sites\/2\/2023\/02\/\u5fae\u4fe1\u56fe\u7247_20230209170033.png","contentUrl":"https:\/\/diariodepe.com.br\/cri\/wp-content\/uploads\/sites\/2\/2023\/02\/\u5fae\u4fe1\u56fe\u7247_20230209170033.png","width":1080,"height":591},{"@type":"BreadcrumbList","@id":"https:\/\/diariodepe.com.br\/cri\/2023\/02\/09\/comentario-os-eua-devem-largar-a-barra-diante-do-terremoto-catastrofico\/#breadcrumb","itemListElement":[{"@type":"ListItem","position":1,"name":"In\u00edcio","item":"https:\/\/diariodepe.com.br\/cri\/"},{"@type":"ListItem","position":2,"name":"Coment\u00e1rio: Os EUA devem largar a \u201cbarra\u201d diante do terremoto catastr\u00f3fico"}]},{"@type":"WebSite","@id":"https:\/\/diariodepe.com.br\/cri\/#website","url":"https:\/\/diariodepe.com.br\/cri\/","name":"CRI e Diario de Pernambuco","description":"R\u00e1dio Internacional da China","publisher":{"@id":"https:\/\/diariodepe.com.br\/cri\/#organization"},"potentialAction":[{"@type":"SearchAction","target":{"@type":"EntryPoint","urlTemplate":"https:\/\/diariodepe.com.br\/cri\/?s={search_term_string}"},"query-input":{"@type":"PropertyValueSpecification","valueRequired":true,"valueName":"search_term_string"}}],"inLanguage":"pt-BR"},{"@type":"Organization","@id":"https:\/\/diariodepe.com.br\/cri\/#organization","name":"CRI e Diario de Pernambuco","url":"https:\/\/diariodepe.com.br\/cri\/","logo":{"@type":"ImageObject","inLanguage":"pt-BR","@id":"https:\/\/diariodepe.com.br\/cri\/#\/schema\/logo\/image\/","url":"https:\/\/diariodepe.com.br\/cri\/wp-content\/uploads\/sites\/2\/2022\/12\/cropped-Logo.jpg","contentUrl":"https:\/\/diariodepe.com.br\/cri\/wp-content\/uploads\/sites\/2\/2022\/12\/cropped-Logo.jpg","width":700,"height":59,"caption":"CRI e Diario de Pernambuco"},"image":{"@id":"https:\/\/diariodepe.com.br\/cri\/#\/schema\/logo\/image\/"}},{"@type":"Person","@id":"https:\/\/diariodepe.com.br\/cri\/#\/schema\/person\/121bb28d84f1a5b1205ef4ce9c2e0c6b","name":"Ismael Lucas S. Pereira","image":{"@type":"ImageObject","inLanguage":"pt-BR","@id":"https:\/\/secure.gravatar.com\/avatar\/887a0f3b5a7ceea963a48499fb883ffce6b5037362def025c52c2505b15d63e4?s=96&d=mm&r=g","url":"https:\/\/secure.gravatar.com\/avatar\/887a0f3b5a7ceea963a48499fb883ffce6b5037362def025c52c2505b15d63e4?s=96&d=mm&r=g","contentUrl":"https:\/\/secure.gravatar.com\/avatar\/887a0f3b5a7ceea963a48499fb883ffce6b5037362def025c52c2505b15d63e4?s=96&d=mm&r=g","caption":"Ismael Lucas S. Pereira"},"url":"https:\/\/diariodepe.com.br\/cri\/author\/ismael-lucas\/"}]}},"cc_featured_image_caption":{"caption_text":"","source_text":"","source_url":""},"amp_enabled":true,"_links":{"self":[{"href":"https:\/\/diariodepe.com.br\/cri\/wp-json\/wp\/v2\/posts\/564","targetHints":{"allow":["GET"]}}],"collection":[{"href":"https:\/\/diariodepe.com.br\/cri\/wp-json\/wp\/v2\/posts"}],"about":[{"href":"https:\/\/diariodepe.com.br\/cri\/wp-json\/wp\/v2\/types\/post"}],"author":[{"embeddable":true,"href":"https:\/\/diariodepe.com.br\/cri\/wp-json\/wp\/v2\/users\/2"}],"replies":[{"embeddable":true,"href":"https:\/\/diariodepe.com.br\/cri\/wp-json\/wp\/v2\/comments?post=564"}],"version-history":[{"count":1,"href":"https:\/\/diariodepe.com.br\/cri\/wp-json\/wp\/v2\/posts\/564\/revisions"}],"predecessor-version":[{"id":566,"href":"https:\/\/diariodepe.com.br\/cri\/wp-json\/wp\/v2\/posts\/564\/revisions\/566"}],"wp:featuredmedia":[{"embeddable":true,"href":"https:\/\/diariodepe.com.br\/cri\/wp-json\/wp\/v2\/media\/565"}],"wp:attachment":[{"href":"https:\/\/diariodepe.com.br\/cri\/wp-json\/wp\/v2\/media?parent=564"}],"wp:term":[{"taxonomy":"category","embeddable":true,"href":"https:\/\/diariodepe.com.br\/cri\/wp-json\/wp\/v2\/categories?post=564"},{"taxonomy":"post_tag","embeddable":true,"href":"https:\/\/diariodepe.com.br\/cri\/wp-json\/wp\/v2\/tags?post=564"}],"curies":[{"name":"wp","href":"https:\/\/api.w.org\/{rel}","templated":true}]}}