{"id":5596,"date":"2024-06-27T23:36:45","date_gmt":"2024-06-28T02:36:45","guid":{"rendered":"https:\/\/diariodepe.com.br\/cri\/?p=5596"},"modified":"2024-06-27T23:36:45","modified_gmt":"2024-06-28T02:36:45","slug":"20o-comite-central-do-pcch-realizara-3a-sessao-plenaria-em-julho-2","status":"publish","type":"post","link":"https:\/\/diariodepe.com.br\/cri\/2024\/06\/27\/20o-comite-central-do-pcch-realizara-3a-sessao-plenaria-em-julho-2\/","title":{"rendered":"20\u00ba Comit\u00ea Central do PCCh realizar\u00e1 3\u00aa sess\u00e3o plen\u00e1ria em julho"},"content":{"rendered":"<p>A terceira sess\u00e3o plen\u00e1ria do 20\u00ba Comit\u00ea Central do Partido Comunista da China (PCCh) ser\u00e1 realizada em Beijing em julho, de acordo com uma decis\u00e3o tomada em uma reuni\u00e3o do Bir\u00f4 Pol\u00edtico do Comit\u00ea Central do PCCh nesta ter\u00e7a-feira.<\/p>\n<p>De acordo com a agenda principal da sess\u00e3o, o Bir\u00f4 Pol\u00edtico relatar\u00e1 seu trabalho ao Comit\u00ea Central, e a sess\u00e3o estudar\u00e1 principalmente os assuntos relacionados ao aprofundamento abrangente cont\u00ednuo da reforma e o avan\u00e7o da moderniza\u00e7\u00e3o ao estilo chin\u00eas.<\/p>\n<p>A reuni\u00e3o do Bir\u00f4 Pol\u00edtico tamb\u00e9m analisou a atual situa\u00e7\u00e3o econ\u00f4mica e o trabalho econ\u00f4mico, e deliberou um documento sobre pol\u00edticas e medidas para promover continuamente o desenvolvimento integrado de alta qualidade do Delta do Rio Yangtz\u00e9.<\/p>\n<p>Xi Jinping, secret\u00e1rio-geral do Comit\u00ea Central do PCCh, presidiu a reuni\u00e3o.<\/p>\n<p>A reforma e abertura tornou-se um instrumento eficaz para a causa do Partido e do povo fazer grandes progressos para acompanhar os tempos, disse a reuni\u00e3o.<\/p>\n<p>Os per\u00edodos atual e futuro s\u00e3o cr\u00edticos para a constru\u00e7\u00e3o de um pa\u00eds forte e para a realiza\u00e7\u00e3o da revitaliza\u00e7\u00e3o nacional em todas as frentes atrav\u00e9s de um caminho chin\u00eas rumo \u00e0 moderniza\u00e7\u00e3o. A reforma da China deve continuar face \u00e0s complexas situa\u00e7\u00f5es internacionais e nacionais, a uma nova ronda de revolu\u00e7\u00e3o cient\u00edfica e tecnol\u00f3gica e mudan\u00e7as industriais e \u00e0 nova expectativa do povo, segundo a reuni\u00e3o.<\/p>\n<p>O aprofundamento da reforma \u00e9 essencial para defender e melhorar o sistema socialista com caracter\u00edsticas chinesas e modernizar o sistema e a capacidade de governan\u00e7a da China, afirmou a reuni\u00e3o.<\/p>\n<p>\u00c9 tamb\u00e9m essencial implementar a nova filosofia de desenvolvimento e adaptar-se melhor \u00e0 evolu\u00e7\u00e3o da principal contradi\u00e7\u00e3o que a sociedade chinesa enfrenta, garantir que todas as pessoas compartilhem os benef\u00edcios da moderniza\u00e7\u00e3o de forma mais plena e justa, enfrentar os principais riscos e desafios, vencer a iniciativa estrat\u00e9gica na competi\u00e7\u00e3o internacional cada vez mais acirrada e construir um partido marxista mais forte, observou a reuni\u00e3o.<\/p>\n<p>Todo o Partido deve colocar a reforma em uma posi\u00e7\u00e3o mais proeminente e aprofundar a reforma em todos os aspectos, com foco na promo\u00e7\u00e3o da moderniza\u00e7\u00e3o chinesa, afirmou a reuni\u00e3o.<\/p>\n<p>A reuni\u00e3o enfatizou que aprofundar a reforma em todos os aspectos requer esfor\u00e7os para libertar a mente, libertar e desenvolver as for\u00e7as produtivas sociais, bem como desencadear e aumentar a vitalidade social.<\/p>\n<p>Uma reforma mais abrangente deve ser conduzida pela reforma do sistema econ\u00f4mico, com o avan\u00e7o da igualdade e justi\u00e7a sociais e a melhoria do bem-estar do povo como ponto de partida e objetivo final, e deve ser dada mais \u00eanfase \u00e0 integra\u00e7\u00e3o do sistema, abordando prioridades e alcan\u00e7ando resultados concretos, de modo a fornecer uma for\u00e7a motriz poderosa e garantias institucionais para a moderniza\u00e7\u00e3o chinesa, acrescentou a reuni\u00e3o.<\/p>\n<p>Observando que a economia conseguiu um bom in\u00edcio este ano, a reuni\u00e3o advertiu contra os desafios, como demanda insuficiente, alta press\u00e3o operacional enfrentada pelas empresas e um ambiente externo mais complicado, sombrio e incerto.<\/p>\n<p>A economia da China ainda tem uma base s\u00f3lida, abund\u00e2ncia de vantagens, forte resili\u00eancia e enorme potencial, disse a reuni\u00e3o, pedindo esfor\u00e7os para fortalecer a confian\u00e7a no trabalho econ\u00f4mico.<\/p>\n<p>O pa\u00eds deve se esfor\u00e7ar para colocar efetivamente em pr\u00e1tica as pol\u00edticas macroecon\u00f4micas estabelecidas e implementar bem uma pol\u00edtica fiscal proativa e uma pol\u00edtica monet\u00e1ria prudente.<\/p>\n<p>Os t\u00edtulos do tesouro especiais ultralongos devem ser emitidos em um est\u00e1gio precoce e bem utilizados, enquanto a emiss\u00e3o e a utiliza\u00e7\u00e3o de t\u00edtulos para fins especiais devem ser aceleradas.<\/p>\n<p>\u00c9 necess\u00e1rio empregar com flexibilidade as ferramentas de pol\u00edtica, como taxas de juros e coeficientes de reservas obrigat\u00f3rias, para aumentar o apoio \u00e0 economia real e reduzir o custo de financiamento geral da sociedade, observou a reuni\u00e3o.<\/p>\n<p>A reuni\u00e3o enfatizou a necessidade de avaliar a consist\u00eancia da orienta\u00e7\u00e3o da macropol\u00edtica, promover renova\u00e7\u00f5es de equipamentos em larga escala e substitui\u00e7\u00e3o de bens de consumo, introduzir mais cen\u00e1rios de consumo, impulsionar uma nova urbaniza\u00e7\u00e3o centrada no povo e implementar um novo mecanismo de coopera\u00e7\u00e3o entre o governo e o capital privado, estimulando plenamente o investimento privado.<\/p>\n<p>A reuni\u00e3o tamb\u00e9m pediu esfor\u00e7os para desenvolver novas for\u00e7as produtivas de qualidade de acordo com as condi\u00e7\u00f5es locais, cultivar e fortalecer os setores emergentes, planejar e construir proativamente as ind\u00fastrias do futuro, utilizar as tecnologias avan\u00e7adas para capacitar a transforma\u00e7\u00e3o e a atualiza\u00e7\u00e3o das ind\u00fastrias tradicionais, desenvolver ativamente o capital de risco e fortalecer o capital paciente.<\/p>\n<p>O pa\u00eds deve expandir ativamente o com\u00e9rcio de bens intermedi\u00e1rios, o com\u00e9rcio de servi\u00e7os, o com\u00e9rcio digital e as exporta\u00e7\u00f5es de com\u00e9rcio transfronteiri\u00e7o, apoiar as empresas privadas na expans\u00e3o de mercados no exterior e intensificar os esfor\u00e7os para atrair e utilizar o investimento estrangeiro.<\/p>\n","protected":false},"excerpt":{"rendered":"<p>A terceira sess\u00e3o plen\u00e1ria do 20\u00ba Comit\u00ea Central do Partido Comunista da China (PCCh) ser\u00e1 realizada em Beijing em julho, de acordo com uma decis\u00e3o tomada em uma reuni\u00e3o do Bir\u00f4 Pol\u00edtico do Comit\u00ea Central do PCCh nesta ter\u00e7a-feira. De&#8230;<\/p>\n","protected":false},"author":2,"featured_media":0,"comment_status":"open","ping_status":"open","sticky":false,"template":"","format":"standard","meta":{"footnotes":""},"categories":[3],"tags":[],"class_list":["post-5596","post","type-post","status-publish","format-standard","hentry","category-china"],"yoast_head":"<!-- This site is optimized with the Yoast SEO plugin v27.4 - https:\/\/yoast.com\/product\/yoast-seo-wordpress\/ -->\n<title>20\u00ba Comit\u00ea Central do PCCh realizar\u00e1 3\u00aa sess\u00e3o plen\u00e1ria em julho - CRI e Diario de Pernambuco<\/title>\n<meta name=\"robots\" content=\"index, follow, max-snippet:-1, max-image-preview:large, max-video-preview:-1\" \/>\n<link rel=\"canonical\" href=\"https:\/\/diariodepe.com.br\/cri\/2024\/06\/27\/20o-comite-central-do-pcch-realizara-3a-sessao-plenaria-em-julho-2\/\" \/>\n<meta property=\"og:locale\" content=\"pt_BR\" \/>\n<meta property=\"og:type\" content=\"article\" \/>\n<meta property=\"og:title\" content=\"20\u00ba Comit\u00ea Central do PCCh realizar\u00e1 3\u00aa sess\u00e3o plen\u00e1ria em julho - CRI e Diario de Pernambuco\" \/>\n<meta property=\"og:description\" content=\"A terceira sess\u00e3o plen\u00e1ria do 20\u00ba Comit\u00ea Central do Partido Comunista da China (PCCh) ser\u00e1 realizada em Beijing em julho, de acordo com uma decis\u00e3o tomada em uma reuni\u00e3o do Bir\u00f4 Pol\u00edtico do Comit\u00ea Central do PCCh nesta ter\u00e7a-feira. De...\" \/>\n<meta property=\"og:url\" content=\"https:\/\/diariodepe.com.br\/cri\/2024\/06\/27\/20o-comite-central-do-pcch-realizara-3a-sessao-plenaria-em-julho-2\/\" \/>\n<meta property=\"og:site_name\" content=\"CRI e Diario de Pernambuco\" \/>\n<meta property=\"article:published_time\" content=\"2024-06-28T02:36:45+00:00\" \/>\n<meta name=\"author\" content=\"Ismael Lucas S. Pereira\" \/>\n<meta name=\"twitter:card\" content=\"summary_large_image\" \/>\n<meta name=\"twitter:label1\" content=\"Escrito por\" \/>\n\t<meta name=\"twitter:data1\" content=\"Ismael Lucas S. Pereira\" \/>\n\t<meta name=\"twitter:label2\" content=\"Est. tempo de leitura\" \/>\n\t<meta name=\"twitter:data2\" content=\"5 minutos\" \/>\n<script type=\"application\/ld+json\" class=\"yoast-schema-graph\">{\"@context\":\"https:\\\/\\\/schema.org\",\"@graph\":[{\"@type\":\"Article\",\"@id\":\"https:\\\/\\\/diariodepe.com.br\\\/cri\\\/2024\\\/06\\\/27\\\/20o-comite-central-do-pcch-realizara-3a-sessao-plenaria-em-julho-2\\\/#article\",\"isPartOf\":{\"@id\":\"https:\\\/\\\/diariodepe.com.br\\\/cri\\\/2024\\\/06\\\/27\\\/20o-comite-central-do-pcch-realizara-3a-sessao-plenaria-em-julho-2\\\/\"},\"author\":{\"name\":\"Ismael Lucas S. Pereira\",\"@id\":\"https:\\\/\\\/diariodepe.com.br\\\/cri\\\/#\\\/schema\\\/person\\\/121bb28d84f1a5b1205ef4ce9c2e0c6b\"},\"headline\":\"20\u00ba Comit\u00ea Central do PCCh realizar\u00e1 3\u00aa sess\u00e3o plen\u00e1ria em julho\",\"datePublished\":\"2024-06-28T02:36:45+00:00\",\"mainEntityOfPage\":{\"@id\":\"https:\\\/\\\/diariodepe.com.br\\\/cri\\\/2024\\\/06\\\/27\\\/20o-comite-central-do-pcch-realizara-3a-sessao-plenaria-em-julho-2\\\/\"},\"wordCount\":882,\"commentCount\":0,\"publisher\":{\"@id\":\"https:\\\/\\\/diariodepe.com.br\\\/cri\\\/#organization\"},\"articleSection\":[\"China\"],\"inLanguage\":\"pt-BR\",\"potentialAction\":[{\"@type\":\"CommentAction\",\"name\":\"Comment\",\"target\":[\"https:\\\/\\\/diariodepe.com.br\\\/cri\\\/2024\\\/06\\\/27\\\/20o-comite-central-do-pcch-realizara-3a-sessao-plenaria-em-julho-2\\\/#respond\"]}]},{\"@type\":\"WebPage\",\"@id\":\"https:\\\/\\\/diariodepe.com.br\\\/cri\\\/2024\\\/06\\\/27\\\/20o-comite-central-do-pcch-realizara-3a-sessao-plenaria-em-julho-2\\\/\",\"url\":\"https:\\\/\\\/diariodepe.com.br\\\/cri\\\/2024\\\/06\\\/27\\\/20o-comite-central-do-pcch-realizara-3a-sessao-plenaria-em-julho-2\\\/\",\"name\":\"20\u00ba Comit\u00ea Central do PCCh realizar\u00e1 3\u00aa sess\u00e3o plen\u00e1ria em julho - CRI e Diario de Pernambuco\",\"isPartOf\":{\"@id\":\"https:\\\/\\\/diariodepe.com.br\\\/cri\\\/#website\"},\"datePublished\":\"2024-06-28T02:36:45+00:00\",\"breadcrumb\":{\"@id\":\"https:\\\/\\\/diariodepe.com.br\\\/cri\\\/2024\\\/06\\\/27\\\/20o-comite-central-do-pcch-realizara-3a-sessao-plenaria-em-julho-2\\\/#breadcrumb\"},\"inLanguage\":\"pt-BR\",\"potentialAction\":[{\"@type\":\"ReadAction\",\"target\":[\"https:\\\/\\\/diariodepe.com.br\\\/cri\\\/2024\\\/06\\\/27\\\/20o-comite-central-do-pcch-realizara-3a-sessao-plenaria-em-julho-2\\\/\"]}]},{\"@type\":\"BreadcrumbList\",\"@id\":\"https:\\\/\\\/diariodepe.com.br\\\/cri\\\/2024\\\/06\\\/27\\\/20o-comite-central-do-pcch-realizara-3a-sessao-plenaria-em-julho-2\\\/#breadcrumb\",\"itemListElement\":[{\"@type\":\"ListItem\",\"position\":1,\"name\":\"In\u00edcio\",\"item\":\"https:\\\/\\\/diariodepe.com.br\\\/cri\\\/\"},{\"@type\":\"ListItem\",\"position\":2,\"name\":\"20\u00ba Comit\u00ea Central do PCCh realizar\u00e1 3\u00aa sess\u00e3o plen\u00e1ria em julho\"}]},{\"@type\":\"WebSite\",\"@id\":\"https:\\\/\\\/diariodepe.com.br\\\/cri\\\/#website\",\"url\":\"https:\\\/\\\/diariodepe.com.br\\\/cri\\\/\",\"name\":\"CRI e Diario de Pernambuco\",\"description\":\"R\u00e1dio Internacional da China\",\"publisher\":{\"@id\":\"https:\\\/\\\/diariodepe.com.br\\\/cri\\\/#organization\"},\"potentialAction\":[{\"@type\":\"SearchAction\",\"target\":{\"@type\":\"EntryPoint\",\"urlTemplate\":\"https:\\\/\\\/diariodepe.com.br\\\/cri\\\/?s={search_term_string}\"},\"query-input\":{\"@type\":\"PropertyValueSpecification\",\"valueRequired\":true,\"valueName\":\"search_term_string\"}}],\"inLanguage\":\"pt-BR\"},{\"@type\":\"Organization\",\"@id\":\"https:\\\/\\\/diariodepe.com.br\\\/cri\\\/#organization\",\"name\":\"CRI e Diario de Pernambuco\",\"url\":\"https:\\\/\\\/diariodepe.com.br\\\/cri\\\/\",\"logo\":{\"@type\":\"ImageObject\",\"inLanguage\":\"pt-BR\",\"@id\":\"https:\\\/\\\/diariodepe.com.br\\\/cri\\\/#\\\/schema\\\/logo\\\/image\\\/\",\"url\":\"https:\\\/\\\/diariodepe.com.br\\\/cri\\\/wp-content\\\/uploads\\\/sites\\\/2\\\/2022\\\/12\\\/cropped-Logo.jpg\",\"contentUrl\":\"https:\\\/\\\/diariodepe.com.br\\\/cri\\\/wp-content\\\/uploads\\\/sites\\\/2\\\/2022\\\/12\\\/cropped-Logo.jpg\",\"width\":700,\"height\":59,\"caption\":\"CRI e Diario de Pernambuco\"},\"image\":{\"@id\":\"https:\\\/\\\/diariodepe.com.br\\\/cri\\\/#\\\/schema\\\/logo\\\/image\\\/\"}},{\"@type\":\"Person\",\"@id\":\"https:\\\/\\\/diariodepe.com.br\\\/cri\\\/#\\\/schema\\\/person\\\/121bb28d84f1a5b1205ef4ce9c2e0c6b\",\"name\":\"Ismael Lucas S. Pereira\",\"image\":{\"@type\":\"ImageObject\",\"inLanguage\":\"pt-BR\",\"@id\":\"https:\\\/\\\/secure.gravatar.com\\\/avatar\\\/887a0f3b5a7ceea963a48499fb883ffce6b5037362def025c52c2505b15d63e4?s=96&d=mm&r=g\",\"url\":\"https:\\\/\\\/secure.gravatar.com\\\/avatar\\\/887a0f3b5a7ceea963a48499fb883ffce6b5037362def025c52c2505b15d63e4?s=96&d=mm&r=g\",\"contentUrl\":\"https:\\\/\\\/secure.gravatar.com\\\/avatar\\\/887a0f3b5a7ceea963a48499fb883ffce6b5037362def025c52c2505b15d63e4?s=96&d=mm&r=g\",\"caption\":\"Ismael Lucas S. Pereira\"},\"url\":\"https:\\\/\\\/diariodepe.com.br\\\/cri\\\/author\\\/ismael-lucas\\\/\"}]}<\/script>\n<!-- \/ Yoast SEO plugin. -->","yoast_head_json":{"title":"20\u00ba Comit\u00ea Central do PCCh realizar\u00e1 3\u00aa sess\u00e3o plen\u00e1ria em julho - CRI e Diario de Pernambuco","robots":{"index":"index","follow":"follow","max-snippet":"max-snippet:-1","max-image-preview":"max-image-preview:large","max-video-preview":"max-video-preview:-1"},"canonical":"https:\/\/diariodepe.com.br\/cri\/2024\/06\/27\/20o-comite-central-do-pcch-realizara-3a-sessao-plenaria-em-julho-2\/","og_locale":"pt_BR","og_type":"article","og_title":"20\u00ba Comit\u00ea Central do PCCh realizar\u00e1 3\u00aa sess\u00e3o plen\u00e1ria em julho - CRI e Diario de Pernambuco","og_description":"A terceira sess\u00e3o plen\u00e1ria do 20\u00ba Comit\u00ea Central do Partido Comunista da China (PCCh) ser\u00e1 realizada em Beijing em julho, de acordo com uma decis\u00e3o tomada em uma reuni\u00e3o do Bir\u00f4 Pol\u00edtico do Comit\u00ea Central do PCCh nesta ter\u00e7a-feira. De...","og_url":"https:\/\/diariodepe.com.br\/cri\/2024\/06\/27\/20o-comite-central-do-pcch-realizara-3a-sessao-plenaria-em-julho-2\/","og_site_name":"CRI e Diario de Pernambuco","article_published_time":"2024-06-28T02:36:45+00:00","author":"Ismael Lucas S. Pereira","twitter_card":"summary_large_image","twitter_misc":{"Escrito por":"Ismael Lucas S. Pereira","Est. tempo de leitura":"5 minutos"},"schema":{"@context":"https:\/\/schema.org","@graph":[{"@type":"Article","@id":"https:\/\/diariodepe.com.br\/cri\/2024\/06\/27\/20o-comite-central-do-pcch-realizara-3a-sessao-plenaria-em-julho-2\/#article","isPartOf":{"@id":"https:\/\/diariodepe.com.br\/cri\/2024\/06\/27\/20o-comite-central-do-pcch-realizara-3a-sessao-plenaria-em-julho-2\/"},"author":{"name":"Ismael Lucas S. Pereira","@id":"https:\/\/diariodepe.com.br\/cri\/#\/schema\/person\/121bb28d84f1a5b1205ef4ce9c2e0c6b"},"headline":"20\u00ba Comit\u00ea Central do PCCh realizar\u00e1 3\u00aa sess\u00e3o plen\u00e1ria em julho","datePublished":"2024-06-28T02:36:45+00:00","mainEntityOfPage":{"@id":"https:\/\/diariodepe.com.br\/cri\/2024\/06\/27\/20o-comite-central-do-pcch-realizara-3a-sessao-plenaria-em-julho-2\/"},"wordCount":882,"commentCount":0,"publisher":{"@id":"https:\/\/diariodepe.com.br\/cri\/#organization"},"articleSection":["China"],"inLanguage":"pt-BR","potentialAction":[{"@type":"CommentAction","name":"Comment","target":["https:\/\/diariodepe.com.br\/cri\/2024\/06\/27\/20o-comite-central-do-pcch-realizara-3a-sessao-plenaria-em-julho-2\/#respond"]}]},{"@type":"WebPage","@id":"https:\/\/diariodepe.com.br\/cri\/2024\/06\/27\/20o-comite-central-do-pcch-realizara-3a-sessao-plenaria-em-julho-2\/","url":"https:\/\/diariodepe.com.br\/cri\/2024\/06\/27\/20o-comite-central-do-pcch-realizara-3a-sessao-plenaria-em-julho-2\/","name":"20\u00ba Comit\u00ea Central do PCCh realizar\u00e1 3\u00aa sess\u00e3o plen\u00e1ria em julho - CRI e Diario de Pernambuco","isPartOf":{"@id":"https:\/\/diariodepe.com.br\/cri\/#website"},"datePublished":"2024-06-28T02:36:45+00:00","breadcrumb":{"@id":"https:\/\/diariodepe.com.br\/cri\/2024\/06\/27\/20o-comite-central-do-pcch-realizara-3a-sessao-plenaria-em-julho-2\/#breadcrumb"},"inLanguage":"pt-BR","potentialAction":[{"@type":"ReadAction","target":["https:\/\/diariodepe.com.br\/cri\/2024\/06\/27\/20o-comite-central-do-pcch-realizara-3a-sessao-plenaria-em-julho-2\/"]}]},{"@type":"BreadcrumbList","@id":"https:\/\/diariodepe.com.br\/cri\/2024\/06\/27\/20o-comite-central-do-pcch-realizara-3a-sessao-plenaria-em-julho-2\/#breadcrumb","itemListElement":[{"@type":"ListItem","position":1,"name":"In\u00edcio","item":"https:\/\/diariodepe.com.br\/cri\/"},{"@type":"ListItem","position":2,"name":"20\u00ba Comit\u00ea Central do PCCh realizar\u00e1 3\u00aa sess\u00e3o plen\u00e1ria em julho"}]},{"@type":"WebSite","@id":"https:\/\/diariodepe.com.br\/cri\/#website","url":"https:\/\/diariodepe.com.br\/cri\/","name":"CRI e Diario de Pernambuco","description":"R\u00e1dio Internacional da China","publisher":{"@id":"https:\/\/diariodepe.com.br\/cri\/#organization"},"potentialAction":[{"@type":"SearchAction","target":{"@type":"EntryPoint","urlTemplate":"https:\/\/diariodepe.com.br\/cri\/?s={search_term_string}"},"query-input":{"@type":"PropertyValueSpecification","valueRequired":true,"valueName":"search_term_string"}}],"inLanguage":"pt-BR"},{"@type":"Organization","@id":"https:\/\/diariodepe.com.br\/cri\/#organization","name":"CRI e Diario de Pernambuco","url":"https:\/\/diariodepe.com.br\/cri\/","logo":{"@type":"ImageObject","inLanguage":"pt-BR","@id":"https:\/\/diariodepe.com.br\/cri\/#\/schema\/logo\/image\/","url":"https:\/\/diariodepe.com.br\/cri\/wp-content\/uploads\/sites\/2\/2022\/12\/cropped-Logo.jpg","contentUrl":"https:\/\/diariodepe.com.br\/cri\/wp-content\/uploads\/sites\/2\/2022\/12\/cropped-Logo.jpg","width":700,"height":59,"caption":"CRI e Diario de Pernambuco"},"image":{"@id":"https:\/\/diariodepe.com.br\/cri\/#\/schema\/logo\/image\/"}},{"@type":"Person","@id":"https:\/\/diariodepe.com.br\/cri\/#\/schema\/person\/121bb28d84f1a5b1205ef4ce9c2e0c6b","name":"Ismael Lucas S. Pereira","image":{"@type":"ImageObject","inLanguage":"pt-BR","@id":"https:\/\/secure.gravatar.com\/avatar\/887a0f3b5a7ceea963a48499fb883ffce6b5037362def025c52c2505b15d63e4?s=96&d=mm&r=g","url":"https:\/\/secure.gravatar.com\/avatar\/887a0f3b5a7ceea963a48499fb883ffce6b5037362def025c52c2505b15d63e4?s=96&d=mm&r=g","contentUrl":"https:\/\/secure.gravatar.com\/avatar\/887a0f3b5a7ceea963a48499fb883ffce6b5037362def025c52c2505b15d63e4?s=96&d=mm&r=g","caption":"Ismael Lucas S. Pereira"},"url":"https:\/\/diariodepe.com.br\/cri\/author\/ismael-lucas\/"}]}},"cc_featured_image_caption":{"caption_text":false,"source_text":false,"source_url":false},"amp_enabled":true,"_links":{"self":[{"href":"https:\/\/diariodepe.com.br\/cri\/wp-json\/wp\/v2\/posts\/5596","targetHints":{"allow":["GET"]}}],"collection":[{"href":"https:\/\/diariodepe.com.br\/cri\/wp-json\/wp\/v2\/posts"}],"about":[{"href":"https:\/\/diariodepe.com.br\/cri\/wp-json\/wp\/v2\/types\/post"}],"author":[{"embeddable":true,"href":"https:\/\/diariodepe.com.br\/cri\/wp-json\/wp\/v2\/users\/2"}],"replies":[{"embeddable":true,"href":"https:\/\/diariodepe.com.br\/cri\/wp-json\/wp\/v2\/comments?post=5596"}],"version-history":[{"count":1,"href":"https:\/\/diariodepe.com.br\/cri\/wp-json\/wp\/v2\/posts\/5596\/revisions"}],"predecessor-version":[{"id":5597,"href":"https:\/\/diariodepe.com.br\/cri\/wp-json\/wp\/v2\/posts\/5596\/revisions\/5597"}],"wp:attachment":[{"href":"https:\/\/diariodepe.com.br\/cri\/wp-json\/wp\/v2\/media?parent=5596"}],"wp:term":[{"taxonomy":"category","embeddable":true,"href":"https:\/\/diariodepe.com.br\/cri\/wp-json\/wp\/v2\/categories?post=5596"},{"taxonomy":"post_tag","embeddable":true,"href":"https:\/\/diariodepe.com.br\/cri\/wp-json\/wp\/v2\/tags?post=5596"}],"curies":[{"name":"wp","href":"https:\/\/api.w.org\/{rel}","templated":true}]}}