{"id":5594,"date":"2024-06-27T22:47:07","date_gmt":"2024-06-28T01:47:07","guid":{"rendered":"https:\/\/diariodepe.com.br\/cri\/?p=5594"},"modified":"2024-06-27T22:47:07","modified_gmt":"2024-06-28T01:47:07","slug":"temporada-de-documentarios-da-china-e-lancada-na-servia","status":"publish","type":"post","link":"https:\/\/diariodepe.com.br\/cri\/2024\/06\/27\/temporada-de-documentarios-da-china-e-lancada-na-servia\/","title":{"rendered":"\u201cTemporada de Document\u00e1rios da China\u201d \u00e9 lan\u00e7ada na S\u00e9rvia"},"content":{"rendered":"<p class=\"photo_img_20190808\"><img decoding=\"async\" src=\"https:\/\/p1crires.cri.cn\/photoworkspace\/cri\/contentimg\/2024\/04\/25\/2024042517145549623.jpg\" alt=\"\" width=\"1000\" \/><\/p>\n<p>Em 25 de abril, hor\u00e1rio local, foi lan\u00e7ada em Belgrado, na capital da S\u00e9rvia a \u201cTemporada de Document\u00e1rios da China\u201d organizada conjuntamente pelo Grupo de M\u00eddia da China (CMG, sigla em ingl\u00eas) e pela R\u00e1dio e Televis\u00e3o da S\u00e9rvia.<\/p>\n<p>Durante o evento, dez document\u00e1rios originais produzidos pelo CMG ser\u00e3o transmitidos nos canais da R\u00e1dio e Televis\u00e3o da S\u00e9rvia, mostrando ao p\u00fablico s\u00e9rvio a vitalidade da China na nova era, contando as hist\u00f3rias comoventes da amizade entre a China e a S\u00e9rvia, bem como divulgando a bela expectativa da compreens\u00e3o m\u00fatua, coopera\u00e7\u00e3o de benef\u00edcio rec\u00edproco e do desenvolvimento comum.<\/p>\n<p class=\"photo_img_20190808\"><img decoding=\"async\" src=\"https:\/\/p2crires.cri.cn\/photoworkspace\/cri\/contentimg\/2024\/04\/25\/2024042517150517777.jpg\" alt=\"\" width=\"1000\" \/><\/p>\n<p>O presidente do CMG, Shen Haixiong, disse no seu discurso por meio de v\u00eddeo que a imagem \u00e9 uma \u201cl\u00edngua universal\u201d que ultrapassa a barreira do idioma. Ele espera que os document\u00e1rios a serem exibidos se tornem novas mem\u00f3rias culturais dos povos chin\u00eas e s\u00e9rvio.<\/p>\n<p class=\"photo_img_20190808\"><img decoding=\"async\" src=\"https:\/\/p4crires.cri.cn\/photoworkspace\/cri\/contentimg\/2024\/04\/25\/2024042517151796156.jpg\" alt=\"\" width=\"1000\" \/><\/p>\n<p>O ex-ministro da Cultura da S\u00e9rvia, Vladan Vukosavljevic, disse que esse evento constitui uma plataforma para o p\u00fablico s\u00e9rvio conhecer melhor as grandes conquistas obtidas pela China, especialmente os resultados da coopera\u00e7\u00e3o sino-s\u00e9rvia em diversas \u00e1reas.<\/p>\n<p>V\u00e1rios ve\u00edculos da imprensa da S\u00e9rvia, como ag\u00eancia de Not\u00edcia Beta, o jornal Kurir e o grupo de imprensa Mondo cobriram o evento.<\/p>\n","protected":false},"excerpt":{"rendered":"<p>Em 25 de abril, hor\u00e1rio local, foi lan\u00e7ada em Belgrado, na capital da S\u00e9rvia a \u201cTemporada de Document\u00e1rios da China\u201d organizada conjuntamente pelo Grupo de M\u00eddia da China (CMG, sigla em ingl\u00eas) e pela R\u00e1dio e Televis\u00e3o da S\u00e9rvia. Durante&#8230;<\/p>\n","protected":false},"author":2,"featured_media":0,"comment_status":"open","ping_status":"open","sticky":false,"template":"","format":"standard","meta":{"footnotes":""},"categories":[8],"tags":[],"class_list":["post-5594","post","type-post","status-publish","format-standard","hentry","category-internacional"],"yoast_head":"<!-- This site is optimized with the Yoast SEO plugin v27.4 - https:\/\/yoast.com\/product\/yoast-seo-wordpress\/ -->\n<title>\u201cTemporada de Document\u00e1rios da China\u201d \u00e9 lan\u00e7ada na S\u00e9rvia - CRI e Diario de Pernambuco<\/title>\n<meta name=\"robots\" content=\"index, follow, max-snippet:-1, max-image-preview:large, max-video-preview:-1\" \/>\n<link rel=\"canonical\" href=\"https:\/\/diariodepe.com.br\/cri\/2024\/06\/27\/temporada-de-documentarios-da-china-e-lancada-na-servia\/\" \/>\n<meta property=\"og:locale\" content=\"pt_BR\" \/>\n<meta property=\"og:type\" content=\"article\" \/>\n<meta property=\"og:title\" content=\"\u201cTemporada de Document\u00e1rios da China\u201d \u00e9 lan\u00e7ada na S\u00e9rvia - CRI e Diario de Pernambuco\" \/>\n<meta property=\"og:description\" content=\"Em 25 de abril, hor\u00e1rio local, foi lan\u00e7ada em Belgrado, na capital da S\u00e9rvia a \u201cTemporada de Document\u00e1rios da China\u201d organizada conjuntamente pelo Grupo de M\u00eddia da China (CMG, sigla em ingl\u00eas) e pela R\u00e1dio e Televis\u00e3o da S\u00e9rvia. Durante...\" \/>\n<meta property=\"og:url\" content=\"https:\/\/diariodepe.com.br\/cri\/2024\/06\/27\/temporada-de-documentarios-da-china-e-lancada-na-servia\/\" \/>\n<meta property=\"og:site_name\" content=\"CRI e Diario de Pernambuco\" \/>\n<meta property=\"article:published_time\" content=\"2024-06-28T01:47:07+00:00\" \/>\n<meta property=\"og:image\" content=\"https:\/\/p1crires.cri.cn\/photoworkspace\/cri\/contentimg\/2024\/04\/25\/2024042517145549623.jpg\" \/>\n<meta name=\"author\" content=\"Ismael Lucas S. Pereira\" \/>\n<meta name=\"twitter:card\" content=\"summary_large_image\" \/>\n<meta name=\"twitter:label1\" content=\"Escrito por\" \/>\n\t<meta name=\"twitter:data1\" content=\"Ismael Lucas S. Pereira\" \/>\n\t<meta name=\"twitter:label2\" content=\"Est. tempo de leitura\" \/>\n\t<meta name=\"twitter:data2\" content=\"2 minutos\" \/>\n<script type=\"application\/ld+json\" class=\"yoast-schema-graph\">{\"@context\":\"https:\\\/\\\/schema.org\",\"@graph\":[{\"@type\":\"Article\",\"@id\":\"https:\\\/\\\/diariodepe.com.br\\\/cri\\\/2024\\\/06\\\/27\\\/temporada-de-documentarios-da-china-e-lancada-na-servia\\\/#article\",\"isPartOf\":{\"@id\":\"https:\\\/\\\/diariodepe.com.br\\\/cri\\\/2024\\\/06\\\/27\\\/temporada-de-documentarios-da-china-e-lancada-na-servia\\\/\"},\"author\":{\"name\":\"Ismael Lucas S. Pereira\",\"@id\":\"https:\\\/\\\/diariodepe.com.br\\\/cri\\\/#\\\/schema\\\/person\\\/121bb28d84f1a5b1205ef4ce9c2e0c6b\"},\"headline\":\"\u201cTemporada de Document\u00e1rios da China\u201d \u00e9 lan\u00e7ada na S\u00e9rvia\",\"datePublished\":\"2024-06-28T01:47:07+00:00\",\"mainEntityOfPage\":{\"@id\":\"https:\\\/\\\/diariodepe.com.br\\\/cri\\\/2024\\\/06\\\/27\\\/temporada-de-documentarios-da-china-e-lancada-na-servia\\\/\"},\"wordCount\":250,\"commentCount\":0,\"publisher\":{\"@id\":\"https:\\\/\\\/diariodepe.com.br\\\/cri\\\/#organization\"},\"image\":{\"@id\":\"https:\\\/\\\/diariodepe.com.br\\\/cri\\\/2024\\\/06\\\/27\\\/temporada-de-documentarios-da-china-e-lancada-na-servia\\\/#primaryimage\"},\"thumbnailUrl\":\"https:\\\/\\\/p1crires.cri.cn\\\/photoworkspace\\\/cri\\\/contentimg\\\/2024\\\/04\\\/25\\\/2024042517145549623.jpg\",\"articleSection\":[\"Internacional\"],\"inLanguage\":\"pt-BR\",\"potentialAction\":[{\"@type\":\"CommentAction\",\"name\":\"Comment\",\"target\":[\"https:\\\/\\\/diariodepe.com.br\\\/cri\\\/2024\\\/06\\\/27\\\/temporada-de-documentarios-da-china-e-lancada-na-servia\\\/#respond\"]}]},{\"@type\":\"WebPage\",\"@id\":\"https:\\\/\\\/diariodepe.com.br\\\/cri\\\/2024\\\/06\\\/27\\\/temporada-de-documentarios-da-china-e-lancada-na-servia\\\/\",\"url\":\"https:\\\/\\\/diariodepe.com.br\\\/cri\\\/2024\\\/06\\\/27\\\/temporada-de-documentarios-da-china-e-lancada-na-servia\\\/\",\"name\":\"\u201cTemporada de Document\u00e1rios da China\u201d \u00e9 lan\u00e7ada na S\u00e9rvia - CRI e Diario de Pernambuco\",\"isPartOf\":{\"@id\":\"https:\\\/\\\/diariodepe.com.br\\\/cri\\\/#website\"},\"primaryImageOfPage\":{\"@id\":\"https:\\\/\\\/diariodepe.com.br\\\/cri\\\/2024\\\/06\\\/27\\\/temporada-de-documentarios-da-china-e-lancada-na-servia\\\/#primaryimage\"},\"image\":{\"@id\":\"https:\\\/\\\/diariodepe.com.br\\\/cri\\\/2024\\\/06\\\/27\\\/temporada-de-documentarios-da-china-e-lancada-na-servia\\\/#primaryimage\"},\"thumbnailUrl\":\"https:\\\/\\\/p1crires.cri.cn\\\/photoworkspace\\\/cri\\\/contentimg\\\/2024\\\/04\\\/25\\\/2024042517145549623.jpg\",\"datePublished\":\"2024-06-28T01:47:07+00:00\",\"breadcrumb\":{\"@id\":\"https:\\\/\\\/diariodepe.com.br\\\/cri\\\/2024\\\/06\\\/27\\\/temporada-de-documentarios-da-china-e-lancada-na-servia\\\/#breadcrumb\"},\"inLanguage\":\"pt-BR\",\"potentialAction\":[{\"@type\":\"ReadAction\",\"target\":[\"https:\\\/\\\/diariodepe.com.br\\\/cri\\\/2024\\\/06\\\/27\\\/temporada-de-documentarios-da-china-e-lancada-na-servia\\\/\"]}]},{\"@type\":\"ImageObject\",\"inLanguage\":\"pt-BR\",\"@id\":\"https:\\\/\\\/diariodepe.com.br\\\/cri\\\/2024\\\/06\\\/27\\\/temporada-de-documentarios-da-china-e-lancada-na-servia\\\/#primaryimage\",\"url\":\"https:\\\/\\\/p1crires.cri.cn\\\/photoworkspace\\\/cri\\\/contentimg\\\/2024\\\/04\\\/25\\\/2024042517145549623.jpg\",\"contentUrl\":\"https:\\\/\\\/p1crires.cri.cn\\\/photoworkspace\\\/cri\\\/contentimg\\\/2024\\\/04\\\/25\\\/2024042517145549623.jpg\"},{\"@type\":\"BreadcrumbList\",\"@id\":\"https:\\\/\\\/diariodepe.com.br\\\/cri\\\/2024\\\/06\\\/27\\\/temporada-de-documentarios-da-china-e-lancada-na-servia\\\/#breadcrumb\",\"itemListElement\":[{\"@type\":\"ListItem\",\"position\":1,\"name\":\"In\u00edcio\",\"item\":\"https:\\\/\\\/diariodepe.com.br\\\/cri\\\/\"},{\"@type\":\"ListItem\",\"position\":2,\"name\":\"\u201cTemporada de Document\u00e1rios da China\u201d \u00e9 lan\u00e7ada na S\u00e9rvia\"}]},{\"@type\":\"WebSite\",\"@id\":\"https:\\\/\\\/diariodepe.com.br\\\/cri\\\/#website\",\"url\":\"https:\\\/\\\/diariodepe.com.br\\\/cri\\\/\",\"name\":\"CRI e Diario de Pernambuco\",\"description\":\"R\u00e1dio Internacional da China\",\"publisher\":{\"@id\":\"https:\\\/\\\/diariodepe.com.br\\\/cri\\\/#organization\"},\"potentialAction\":[{\"@type\":\"SearchAction\",\"target\":{\"@type\":\"EntryPoint\",\"urlTemplate\":\"https:\\\/\\\/diariodepe.com.br\\\/cri\\\/?s={search_term_string}\"},\"query-input\":{\"@type\":\"PropertyValueSpecification\",\"valueRequired\":true,\"valueName\":\"search_term_string\"}}],\"inLanguage\":\"pt-BR\"},{\"@type\":\"Organization\",\"@id\":\"https:\\\/\\\/diariodepe.com.br\\\/cri\\\/#organization\",\"name\":\"CRI e Diario de Pernambuco\",\"url\":\"https:\\\/\\\/diariodepe.com.br\\\/cri\\\/\",\"logo\":{\"@type\":\"ImageObject\",\"inLanguage\":\"pt-BR\",\"@id\":\"https:\\\/\\\/diariodepe.com.br\\\/cri\\\/#\\\/schema\\\/logo\\\/image\\\/\",\"url\":\"https:\\\/\\\/diariodepe.com.br\\\/cri\\\/wp-content\\\/uploads\\\/sites\\\/2\\\/2022\\\/12\\\/cropped-Logo.jpg\",\"contentUrl\":\"https:\\\/\\\/diariodepe.com.br\\\/cri\\\/wp-content\\\/uploads\\\/sites\\\/2\\\/2022\\\/12\\\/cropped-Logo.jpg\",\"width\":700,\"height\":59,\"caption\":\"CRI e Diario de Pernambuco\"},\"image\":{\"@id\":\"https:\\\/\\\/diariodepe.com.br\\\/cri\\\/#\\\/schema\\\/logo\\\/image\\\/\"}},{\"@type\":\"Person\",\"@id\":\"https:\\\/\\\/diariodepe.com.br\\\/cri\\\/#\\\/schema\\\/person\\\/121bb28d84f1a5b1205ef4ce9c2e0c6b\",\"name\":\"Ismael Lucas S. Pereira\",\"image\":{\"@type\":\"ImageObject\",\"inLanguage\":\"pt-BR\",\"@id\":\"https:\\\/\\\/secure.gravatar.com\\\/avatar\\\/887a0f3b5a7ceea963a48499fb883ffce6b5037362def025c52c2505b15d63e4?s=96&d=mm&r=g\",\"url\":\"https:\\\/\\\/secure.gravatar.com\\\/avatar\\\/887a0f3b5a7ceea963a48499fb883ffce6b5037362def025c52c2505b15d63e4?s=96&d=mm&r=g\",\"contentUrl\":\"https:\\\/\\\/secure.gravatar.com\\\/avatar\\\/887a0f3b5a7ceea963a48499fb883ffce6b5037362def025c52c2505b15d63e4?s=96&d=mm&r=g\",\"caption\":\"Ismael Lucas S. Pereira\"},\"url\":\"https:\\\/\\\/diariodepe.com.br\\\/cri\\\/author\\\/ismael-lucas\\\/\"}]}<\/script>\n<!-- \/ Yoast SEO plugin. -->","yoast_head_json":{"title":"\u201cTemporada de Document\u00e1rios da China\u201d \u00e9 lan\u00e7ada na S\u00e9rvia - CRI e Diario de Pernambuco","robots":{"index":"index","follow":"follow","max-snippet":"max-snippet:-1","max-image-preview":"max-image-preview:large","max-video-preview":"max-video-preview:-1"},"canonical":"https:\/\/diariodepe.com.br\/cri\/2024\/06\/27\/temporada-de-documentarios-da-china-e-lancada-na-servia\/","og_locale":"pt_BR","og_type":"article","og_title":"\u201cTemporada de Document\u00e1rios da China\u201d \u00e9 lan\u00e7ada na S\u00e9rvia - CRI e Diario de Pernambuco","og_description":"Em 25 de abril, hor\u00e1rio local, foi lan\u00e7ada em Belgrado, na capital da S\u00e9rvia a \u201cTemporada de Document\u00e1rios da China\u201d organizada conjuntamente pelo Grupo de M\u00eddia da China (CMG, sigla em ingl\u00eas) e pela R\u00e1dio e Televis\u00e3o da S\u00e9rvia. Durante...","og_url":"https:\/\/diariodepe.com.br\/cri\/2024\/06\/27\/temporada-de-documentarios-da-china-e-lancada-na-servia\/","og_site_name":"CRI e Diario de Pernambuco","article_published_time":"2024-06-28T01:47:07+00:00","og_image":[{"url":"https:\/\/p1crires.cri.cn\/photoworkspace\/cri\/contentimg\/2024\/04\/25\/2024042517145549623.jpg","type":"","width":"","height":""}],"author":"Ismael Lucas S. Pereira","twitter_card":"summary_large_image","twitter_misc":{"Escrito por":"Ismael Lucas S. Pereira","Est. tempo de leitura":"2 minutos"},"schema":{"@context":"https:\/\/schema.org","@graph":[{"@type":"Article","@id":"https:\/\/diariodepe.com.br\/cri\/2024\/06\/27\/temporada-de-documentarios-da-china-e-lancada-na-servia\/#article","isPartOf":{"@id":"https:\/\/diariodepe.com.br\/cri\/2024\/06\/27\/temporada-de-documentarios-da-china-e-lancada-na-servia\/"},"author":{"name":"Ismael Lucas S. Pereira","@id":"https:\/\/diariodepe.com.br\/cri\/#\/schema\/person\/121bb28d84f1a5b1205ef4ce9c2e0c6b"},"headline":"\u201cTemporada de Document\u00e1rios da China\u201d \u00e9 lan\u00e7ada na S\u00e9rvia","datePublished":"2024-06-28T01:47:07+00:00","mainEntityOfPage":{"@id":"https:\/\/diariodepe.com.br\/cri\/2024\/06\/27\/temporada-de-documentarios-da-china-e-lancada-na-servia\/"},"wordCount":250,"commentCount":0,"publisher":{"@id":"https:\/\/diariodepe.com.br\/cri\/#organization"},"image":{"@id":"https:\/\/diariodepe.com.br\/cri\/2024\/06\/27\/temporada-de-documentarios-da-china-e-lancada-na-servia\/#primaryimage"},"thumbnailUrl":"https:\/\/p1crires.cri.cn\/photoworkspace\/cri\/contentimg\/2024\/04\/25\/2024042517145549623.jpg","articleSection":["Internacional"],"inLanguage":"pt-BR","potentialAction":[{"@type":"CommentAction","name":"Comment","target":["https:\/\/diariodepe.com.br\/cri\/2024\/06\/27\/temporada-de-documentarios-da-china-e-lancada-na-servia\/#respond"]}]},{"@type":"WebPage","@id":"https:\/\/diariodepe.com.br\/cri\/2024\/06\/27\/temporada-de-documentarios-da-china-e-lancada-na-servia\/","url":"https:\/\/diariodepe.com.br\/cri\/2024\/06\/27\/temporada-de-documentarios-da-china-e-lancada-na-servia\/","name":"\u201cTemporada de Document\u00e1rios da China\u201d \u00e9 lan\u00e7ada na S\u00e9rvia - CRI e Diario de Pernambuco","isPartOf":{"@id":"https:\/\/diariodepe.com.br\/cri\/#website"},"primaryImageOfPage":{"@id":"https:\/\/diariodepe.com.br\/cri\/2024\/06\/27\/temporada-de-documentarios-da-china-e-lancada-na-servia\/#primaryimage"},"image":{"@id":"https:\/\/diariodepe.com.br\/cri\/2024\/06\/27\/temporada-de-documentarios-da-china-e-lancada-na-servia\/#primaryimage"},"thumbnailUrl":"https:\/\/p1crires.cri.cn\/photoworkspace\/cri\/contentimg\/2024\/04\/25\/2024042517145549623.jpg","datePublished":"2024-06-28T01:47:07+00:00","breadcrumb":{"@id":"https:\/\/diariodepe.com.br\/cri\/2024\/06\/27\/temporada-de-documentarios-da-china-e-lancada-na-servia\/#breadcrumb"},"inLanguage":"pt-BR","potentialAction":[{"@type":"ReadAction","target":["https:\/\/diariodepe.com.br\/cri\/2024\/06\/27\/temporada-de-documentarios-da-china-e-lancada-na-servia\/"]}]},{"@type":"ImageObject","inLanguage":"pt-BR","@id":"https:\/\/diariodepe.com.br\/cri\/2024\/06\/27\/temporada-de-documentarios-da-china-e-lancada-na-servia\/#primaryimage","url":"https:\/\/p1crires.cri.cn\/photoworkspace\/cri\/contentimg\/2024\/04\/25\/2024042517145549623.jpg","contentUrl":"https:\/\/p1crires.cri.cn\/photoworkspace\/cri\/contentimg\/2024\/04\/25\/2024042517145549623.jpg"},{"@type":"BreadcrumbList","@id":"https:\/\/diariodepe.com.br\/cri\/2024\/06\/27\/temporada-de-documentarios-da-china-e-lancada-na-servia\/#breadcrumb","itemListElement":[{"@type":"ListItem","position":1,"name":"In\u00edcio","item":"https:\/\/diariodepe.com.br\/cri\/"},{"@type":"ListItem","position":2,"name":"\u201cTemporada de Document\u00e1rios da China\u201d \u00e9 lan\u00e7ada na S\u00e9rvia"}]},{"@type":"WebSite","@id":"https:\/\/diariodepe.com.br\/cri\/#website","url":"https:\/\/diariodepe.com.br\/cri\/","name":"CRI e Diario de Pernambuco","description":"R\u00e1dio Internacional da China","publisher":{"@id":"https:\/\/diariodepe.com.br\/cri\/#organization"},"potentialAction":[{"@type":"SearchAction","target":{"@type":"EntryPoint","urlTemplate":"https:\/\/diariodepe.com.br\/cri\/?s={search_term_string}"},"query-input":{"@type":"PropertyValueSpecification","valueRequired":true,"valueName":"search_term_string"}}],"inLanguage":"pt-BR"},{"@type":"Organization","@id":"https:\/\/diariodepe.com.br\/cri\/#organization","name":"CRI e Diario de Pernambuco","url":"https:\/\/diariodepe.com.br\/cri\/","logo":{"@type":"ImageObject","inLanguage":"pt-BR","@id":"https:\/\/diariodepe.com.br\/cri\/#\/schema\/logo\/image\/","url":"https:\/\/diariodepe.com.br\/cri\/wp-content\/uploads\/sites\/2\/2022\/12\/cropped-Logo.jpg","contentUrl":"https:\/\/diariodepe.com.br\/cri\/wp-content\/uploads\/sites\/2\/2022\/12\/cropped-Logo.jpg","width":700,"height":59,"caption":"CRI e Diario de Pernambuco"},"image":{"@id":"https:\/\/diariodepe.com.br\/cri\/#\/schema\/logo\/image\/"}},{"@type":"Person","@id":"https:\/\/diariodepe.com.br\/cri\/#\/schema\/person\/121bb28d84f1a5b1205ef4ce9c2e0c6b","name":"Ismael Lucas S. Pereira","image":{"@type":"ImageObject","inLanguage":"pt-BR","@id":"https:\/\/secure.gravatar.com\/avatar\/887a0f3b5a7ceea963a48499fb883ffce6b5037362def025c52c2505b15d63e4?s=96&d=mm&r=g","url":"https:\/\/secure.gravatar.com\/avatar\/887a0f3b5a7ceea963a48499fb883ffce6b5037362def025c52c2505b15d63e4?s=96&d=mm&r=g","contentUrl":"https:\/\/secure.gravatar.com\/avatar\/887a0f3b5a7ceea963a48499fb883ffce6b5037362def025c52c2505b15d63e4?s=96&d=mm&r=g","caption":"Ismael Lucas S. Pereira"},"url":"https:\/\/diariodepe.com.br\/cri\/author\/ismael-lucas\/"}]}},"cc_featured_image_caption":{"caption_text":false,"source_text":false,"source_url":false},"amp_enabled":true,"_links":{"self":[{"href":"https:\/\/diariodepe.com.br\/cri\/wp-json\/wp\/v2\/posts\/5594","targetHints":{"allow":["GET"]}}],"collection":[{"href":"https:\/\/diariodepe.com.br\/cri\/wp-json\/wp\/v2\/posts"}],"about":[{"href":"https:\/\/diariodepe.com.br\/cri\/wp-json\/wp\/v2\/types\/post"}],"author":[{"embeddable":true,"href":"https:\/\/diariodepe.com.br\/cri\/wp-json\/wp\/v2\/users\/2"}],"replies":[{"embeddable":true,"href":"https:\/\/diariodepe.com.br\/cri\/wp-json\/wp\/v2\/comments?post=5594"}],"version-history":[{"count":1,"href":"https:\/\/diariodepe.com.br\/cri\/wp-json\/wp\/v2\/posts\/5594\/revisions"}],"predecessor-version":[{"id":5595,"href":"https:\/\/diariodepe.com.br\/cri\/wp-json\/wp\/v2\/posts\/5594\/revisions\/5595"}],"wp:attachment":[{"href":"https:\/\/diariodepe.com.br\/cri\/wp-json\/wp\/v2\/media?parent=5594"}],"wp:term":[{"taxonomy":"category","embeddable":true,"href":"https:\/\/diariodepe.com.br\/cri\/wp-json\/wp\/v2\/categories?post=5594"},{"taxonomy":"post_tag","embeddable":true,"href":"https:\/\/diariodepe.com.br\/cri\/wp-json\/wp\/v2\/tags?post=5594"}],"curies":[{"name":"wp","href":"https:\/\/api.w.org\/{rel}","templated":true}]}}