{"id":5591,"date":"2024-06-26T04:01:53","date_gmt":"2024-06-26T07:01:53","guid":{"rendered":"https:\/\/diariodepe.com.br\/cri\/?p=5591"},"modified":"2024-06-26T04:01:53","modified_gmt":"2024-06-26T07:01:53","slug":"lancado-primeiro-relatorio-de-relatos-sobre-terrorismo-na-china","status":"publish","type":"post","link":"https:\/\/diariodepe.com.br\/cri\/2024\/06\/26\/lancado-primeiro-relatorio-de-relatos-sobre-terrorismo-na-china\/","title":{"rendered":"Lan\u00e7ado primeiro relat\u00f3rio de relatos sobre terrorismo na China"},"content":{"rendered":"<p class=\"photo_img_20190808\"><img decoding=\"async\" src=\"https:\/\/p5crires.cri.cn\/photoworkspace\/cri\/contentimg\/2024\/06\/25\/2024062511142421010.png\" alt=\"\" \/><\/p>\n<p>No in\u00edcio deste ano, foi lan\u00e7ado pela Universidade Qinan o relat\u00f3rio \u201cV\u00edtimas e Sobreviventes do Terrorismo na China: uma hist\u00f3ria oral &#8211; Incidente 1: Ataque Terrorista &#8220;2\u00b728&#8221; em Yecheng, Xinjiang, 2012\u201d.<\/p>\n<p>Trata-se do primeiro relat\u00f3rio de relatos do pa\u00eds que se concentra nas v\u00edtimas e nos sobreviventes de violentos ataques terroristas. O documento traz o registro das vozes daqueles que testemunharam e sofreram com os incidentes terroristas, refletindo sobre os danos sofridos pela China e a legitimidade dos esfor\u00e7os do pa\u00eds para combater o extremismo e o radicalismo.<\/p>\n<p>Segundo o relat\u00f3rio, o terrorismo \u00e9 um inimigo comum da humanidade. Estat\u00edsticas incompletas mostram que, de 1990 at\u00e9 o final de 2016, milhares de incidentes terroristas ocorreram em Xinjiang, muitas pessoas inocentes foram mortas e centenas de policiais morreram em servi\u00e7o. As perdas de propriedades n\u00e3o podem ser estimadas.<\/p>\n<p>O relat\u00f3rio exp\u00f5e uma s\u00e9rie de incidentes de viol\u00eancia e terrorismo que provam que a China, especialmente a regi\u00e3o de Xinjiang, \u00e9 v\u00edtima do extremismo e que os esfor\u00e7os antiterroristas do pa\u00eds s\u00e3o inquestionavelmente justificados.<\/p>\n<p>Ao apresentar os in\u00fameros crimes terroristas, o relat\u00f3rio refuta as tentativas de for\u00e7as separatistas anti-China de confundir o certo e o errado, de fabricar e disseminar rumores, de estigmatizar Xinjiang e de usar Xinjiang como ferramenta para conter a China, al\u00e9m de expor a hipocrisia do chamado \u201cconceito de direitos humanos\u201d das for\u00e7as separatistas anti-China.<\/p>\n","protected":false},"excerpt":{"rendered":"<p>No in\u00edcio deste ano, foi lan\u00e7ado pela Universidade Qinan o relat\u00f3rio \u201cV\u00edtimas e Sobreviventes do Terrorismo na China: uma hist\u00f3ria oral &#8211; Incidente 1: Ataque Terrorista &#8220;2\u00b728&#8221; em Yecheng, Xinjiang, 2012\u201d. Trata-se do primeiro relat\u00f3rio de relatos do pa\u00eds que&#8230;<\/p>\n","protected":false},"author":2,"featured_media":0,"comment_status":"open","ping_status":"open","sticky":false,"template":"","format":"standard","meta":{"footnotes":""},"categories":[3],"tags":[],"class_list":["post-5591","post","type-post","status-publish","format-standard","hentry","category-china"],"yoast_head":"<!-- This site is optimized with the Yoast SEO plugin v27.4 - https:\/\/yoast.com\/product\/yoast-seo-wordpress\/ -->\n<title>Lan\u00e7ado primeiro relat\u00f3rio de relatos sobre terrorismo na China - CRI e Diario de Pernambuco<\/title>\n<meta name=\"robots\" content=\"index, follow, max-snippet:-1, max-image-preview:large, max-video-preview:-1\" \/>\n<link rel=\"canonical\" href=\"https:\/\/diariodepe.com.br\/cri\/2024\/06\/26\/lancado-primeiro-relatorio-de-relatos-sobre-terrorismo-na-china\/\" \/>\n<meta property=\"og:locale\" content=\"pt_BR\" \/>\n<meta property=\"og:type\" content=\"article\" \/>\n<meta property=\"og:title\" content=\"Lan\u00e7ado primeiro relat\u00f3rio de relatos sobre terrorismo na China - CRI e Diario de Pernambuco\" \/>\n<meta property=\"og:description\" content=\"No in\u00edcio deste ano, foi lan\u00e7ado pela Universidade Qinan o relat\u00f3rio \u201cV\u00edtimas e Sobreviventes do Terrorismo na China: uma hist\u00f3ria oral &#8211; Incidente 1: Ataque Terrorista &#8220;2\u00b728&#8221; em Yecheng, Xinjiang, 2012\u201d. Trata-se do primeiro relat\u00f3rio de relatos do pa\u00eds que...\" \/>\n<meta property=\"og:url\" content=\"https:\/\/diariodepe.com.br\/cri\/2024\/06\/26\/lancado-primeiro-relatorio-de-relatos-sobre-terrorismo-na-china\/\" \/>\n<meta property=\"og:site_name\" content=\"CRI e Diario de Pernambuco\" \/>\n<meta property=\"article:published_time\" content=\"2024-06-26T07:01:53+00:00\" \/>\n<meta property=\"og:image\" content=\"https:\/\/p5crires.cri.cn\/photoworkspace\/cri\/contentimg\/2024\/06\/25\/2024062511142421010.png\" \/>\n<meta name=\"author\" content=\"Ismael Lucas S. Pereira\" \/>\n<meta name=\"twitter:card\" content=\"summary_large_image\" \/>\n<meta name=\"twitter:label1\" content=\"Escrito por\" \/>\n\t<meta name=\"twitter:data1\" content=\"Ismael Lucas S. Pereira\" \/>\n\t<meta name=\"twitter:label2\" content=\"Est. tempo de leitura\" \/>\n\t<meta name=\"twitter:data2\" content=\"2 minutos\" \/>\n<script type=\"application\/ld+json\" class=\"yoast-schema-graph\">{\"@context\":\"https:\\\/\\\/schema.org\",\"@graph\":[{\"@type\":\"Article\",\"@id\":\"https:\\\/\\\/diariodepe.com.br\\\/cri\\\/2024\\\/06\\\/26\\\/lancado-primeiro-relatorio-de-relatos-sobre-terrorismo-na-china\\\/#article\",\"isPartOf\":{\"@id\":\"https:\\\/\\\/diariodepe.com.br\\\/cri\\\/2024\\\/06\\\/26\\\/lancado-primeiro-relatorio-de-relatos-sobre-terrorismo-na-china\\\/\"},\"author\":{\"name\":\"Ismael Lucas S. Pereira\",\"@id\":\"https:\\\/\\\/diariodepe.com.br\\\/cri\\\/#\\\/schema\\\/person\\\/121bb28d84f1a5b1205ef4ce9c2e0c6b\"},\"headline\":\"Lan\u00e7ado primeiro relat\u00f3rio de relatos sobre terrorismo na China\",\"datePublished\":\"2024-06-26T07:01:53+00:00\",\"mainEntityOfPage\":{\"@id\":\"https:\\\/\\\/diariodepe.com.br\\\/cri\\\/2024\\\/06\\\/26\\\/lancado-primeiro-relatorio-de-relatos-sobre-terrorismo-na-china\\\/\"},\"wordCount\":259,\"commentCount\":0,\"publisher\":{\"@id\":\"https:\\\/\\\/diariodepe.com.br\\\/cri\\\/#organization\"},\"image\":{\"@id\":\"https:\\\/\\\/diariodepe.com.br\\\/cri\\\/2024\\\/06\\\/26\\\/lancado-primeiro-relatorio-de-relatos-sobre-terrorismo-na-china\\\/#primaryimage\"},\"thumbnailUrl\":\"https:\\\/\\\/p5crires.cri.cn\\\/photoworkspace\\\/cri\\\/contentimg\\\/2024\\\/06\\\/25\\\/2024062511142421010.png\",\"articleSection\":[\"China\"],\"inLanguage\":\"pt-BR\",\"potentialAction\":[{\"@type\":\"CommentAction\",\"name\":\"Comment\",\"target\":[\"https:\\\/\\\/diariodepe.com.br\\\/cri\\\/2024\\\/06\\\/26\\\/lancado-primeiro-relatorio-de-relatos-sobre-terrorismo-na-china\\\/#respond\"]}]},{\"@type\":\"WebPage\",\"@id\":\"https:\\\/\\\/diariodepe.com.br\\\/cri\\\/2024\\\/06\\\/26\\\/lancado-primeiro-relatorio-de-relatos-sobre-terrorismo-na-china\\\/\",\"url\":\"https:\\\/\\\/diariodepe.com.br\\\/cri\\\/2024\\\/06\\\/26\\\/lancado-primeiro-relatorio-de-relatos-sobre-terrorismo-na-china\\\/\",\"name\":\"Lan\u00e7ado primeiro relat\u00f3rio de relatos sobre terrorismo na China - CRI e Diario de Pernambuco\",\"isPartOf\":{\"@id\":\"https:\\\/\\\/diariodepe.com.br\\\/cri\\\/#website\"},\"primaryImageOfPage\":{\"@id\":\"https:\\\/\\\/diariodepe.com.br\\\/cri\\\/2024\\\/06\\\/26\\\/lancado-primeiro-relatorio-de-relatos-sobre-terrorismo-na-china\\\/#primaryimage\"},\"image\":{\"@id\":\"https:\\\/\\\/diariodepe.com.br\\\/cri\\\/2024\\\/06\\\/26\\\/lancado-primeiro-relatorio-de-relatos-sobre-terrorismo-na-china\\\/#primaryimage\"},\"thumbnailUrl\":\"https:\\\/\\\/p5crires.cri.cn\\\/photoworkspace\\\/cri\\\/contentimg\\\/2024\\\/06\\\/25\\\/2024062511142421010.png\",\"datePublished\":\"2024-06-26T07:01:53+00:00\",\"breadcrumb\":{\"@id\":\"https:\\\/\\\/diariodepe.com.br\\\/cri\\\/2024\\\/06\\\/26\\\/lancado-primeiro-relatorio-de-relatos-sobre-terrorismo-na-china\\\/#breadcrumb\"},\"inLanguage\":\"pt-BR\",\"potentialAction\":[{\"@type\":\"ReadAction\",\"target\":[\"https:\\\/\\\/diariodepe.com.br\\\/cri\\\/2024\\\/06\\\/26\\\/lancado-primeiro-relatorio-de-relatos-sobre-terrorismo-na-china\\\/\"]}]},{\"@type\":\"ImageObject\",\"inLanguage\":\"pt-BR\",\"@id\":\"https:\\\/\\\/diariodepe.com.br\\\/cri\\\/2024\\\/06\\\/26\\\/lancado-primeiro-relatorio-de-relatos-sobre-terrorismo-na-china\\\/#primaryimage\",\"url\":\"https:\\\/\\\/p5crires.cri.cn\\\/photoworkspace\\\/cri\\\/contentimg\\\/2024\\\/06\\\/25\\\/2024062511142421010.png\",\"contentUrl\":\"https:\\\/\\\/p5crires.cri.cn\\\/photoworkspace\\\/cri\\\/contentimg\\\/2024\\\/06\\\/25\\\/2024062511142421010.png\"},{\"@type\":\"BreadcrumbList\",\"@id\":\"https:\\\/\\\/diariodepe.com.br\\\/cri\\\/2024\\\/06\\\/26\\\/lancado-primeiro-relatorio-de-relatos-sobre-terrorismo-na-china\\\/#breadcrumb\",\"itemListElement\":[{\"@type\":\"ListItem\",\"position\":1,\"name\":\"In\u00edcio\",\"item\":\"https:\\\/\\\/diariodepe.com.br\\\/cri\\\/\"},{\"@type\":\"ListItem\",\"position\":2,\"name\":\"Lan\u00e7ado primeiro relat\u00f3rio de relatos sobre terrorismo na China\"}]},{\"@type\":\"WebSite\",\"@id\":\"https:\\\/\\\/diariodepe.com.br\\\/cri\\\/#website\",\"url\":\"https:\\\/\\\/diariodepe.com.br\\\/cri\\\/\",\"name\":\"CRI e Diario de Pernambuco\",\"description\":\"R\u00e1dio Internacional da China\",\"publisher\":{\"@id\":\"https:\\\/\\\/diariodepe.com.br\\\/cri\\\/#organization\"},\"potentialAction\":[{\"@type\":\"SearchAction\",\"target\":{\"@type\":\"EntryPoint\",\"urlTemplate\":\"https:\\\/\\\/diariodepe.com.br\\\/cri\\\/?s={search_term_string}\"},\"query-input\":{\"@type\":\"PropertyValueSpecification\",\"valueRequired\":true,\"valueName\":\"search_term_string\"}}],\"inLanguage\":\"pt-BR\"},{\"@type\":\"Organization\",\"@id\":\"https:\\\/\\\/diariodepe.com.br\\\/cri\\\/#organization\",\"name\":\"CRI e Diario de Pernambuco\",\"url\":\"https:\\\/\\\/diariodepe.com.br\\\/cri\\\/\",\"logo\":{\"@type\":\"ImageObject\",\"inLanguage\":\"pt-BR\",\"@id\":\"https:\\\/\\\/diariodepe.com.br\\\/cri\\\/#\\\/schema\\\/logo\\\/image\\\/\",\"url\":\"https:\\\/\\\/diariodepe.com.br\\\/cri\\\/wp-content\\\/uploads\\\/sites\\\/2\\\/2022\\\/12\\\/cropped-Logo.jpg\",\"contentUrl\":\"https:\\\/\\\/diariodepe.com.br\\\/cri\\\/wp-content\\\/uploads\\\/sites\\\/2\\\/2022\\\/12\\\/cropped-Logo.jpg\",\"width\":700,\"height\":59,\"caption\":\"CRI e Diario de Pernambuco\"},\"image\":{\"@id\":\"https:\\\/\\\/diariodepe.com.br\\\/cri\\\/#\\\/schema\\\/logo\\\/image\\\/\"}},{\"@type\":\"Person\",\"@id\":\"https:\\\/\\\/diariodepe.com.br\\\/cri\\\/#\\\/schema\\\/person\\\/121bb28d84f1a5b1205ef4ce9c2e0c6b\",\"name\":\"Ismael Lucas S. Pereira\",\"image\":{\"@type\":\"ImageObject\",\"inLanguage\":\"pt-BR\",\"@id\":\"https:\\\/\\\/secure.gravatar.com\\\/avatar\\\/887a0f3b5a7ceea963a48499fb883ffce6b5037362def025c52c2505b15d63e4?s=96&d=mm&r=g\",\"url\":\"https:\\\/\\\/secure.gravatar.com\\\/avatar\\\/887a0f3b5a7ceea963a48499fb883ffce6b5037362def025c52c2505b15d63e4?s=96&d=mm&r=g\",\"contentUrl\":\"https:\\\/\\\/secure.gravatar.com\\\/avatar\\\/887a0f3b5a7ceea963a48499fb883ffce6b5037362def025c52c2505b15d63e4?s=96&d=mm&r=g\",\"caption\":\"Ismael Lucas S. Pereira\"},\"url\":\"https:\\\/\\\/diariodepe.com.br\\\/cri\\\/author\\\/ismael-lucas\\\/\"}]}<\/script>\n<!-- \/ Yoast SEO plugin. -->","yoast_head_json":{"title":"Lan\u00e7ado primeiro relat\u00f3rio de relatos sobre terrorismo na China - CRI e Diario de Pernambuco","robots":{"index":"index","follow":"follow","max-snippet":"max-snippet:-1","max-image-preview":"max-image-preview:large","max-video-preview":"max-video-preview:-1"},"canonical":"https:\/\/diariodepe.com.br\/cri\/2024\/06\/26\/lancado-primeiro-relatorio-de-relatos-sobre-terrorismo-na-china\/","og_locale":"pt_BR","og_type":"article","og_title":"Lan\u00e7ado primeiro relat\u00f3rio de relatos sobre terrorismo na China - CRI e Diario de Pernambuco","og_description":"No in\u00edcio deste ano, foi lan\u00e7ado pela Universidade Qinan o relat\u00f3rio \u201cV\u00edtimas e Sobreviventes do Terrorismo na China: uma hist\u00f3ria oral &#8211; Incidente 1: Ataque Terrorista &#8220;2\u00b728&#8221; em Yecheng, Xinjiang, 2012\u201d. Trata-se do primeiro relat\u00f3rio de relatos do pa\u00eds que...","og_url":"https:\/\/diariodepe.com.br\/cri\/2024\/06\/26\/lancado-primeiro-relatorio-de-relatos-sobre-terrorismo-na-china\/","og_site_name":"CRI e Diario de Pernambuco","article_published_time":"2024-06-26T07:01:53+00:00","og_image":[{"url":"https:\/\/p5crires.cri.cn\/photoworkspace\/cri\/contentimg\/2024\/06\/25\/2024062511142421010.png","type":"","width":"","height":""}],"author":"Ismael Lucas S. Pereira","twitter_card":"summary_large_image","twitter_misc":{"Escrito por":"Ismael Lucas S. Pereira","Est. tempo de leitura":"2 minutos"},"schema":{"@context":"https:\/\/schema.org","@graph":[{"@type":"Article","@id":"https:\/\/diariodepe.com.br\/cri\/2024\/06\/26\/lancado-primeiro-relatorio-de-relatos-sobre-terrorismo-na-china\/#article","isPartOf":{"@id":"https:\/\/diariodepe.com.br\/cri\/2024\/06\/26\/lancado-primeiro-relatorio-de-relatos-sobre-terrorismo-na-china\/"},"author":{"name":"Ismael Lucas S. Pereira","@id":"https:\/\/diariodepe.com.br\/cri\/#\/schema\/person\/121bb28d84f1a5b1205ef4ce9c2e0c6b"},"headline":"Lan\u00e7ado primeiro relat\u00f3rio de relatos sobre terrorismo na China","datePublished":"2024-06-26T07:01:53+00:00","mainEntityOfPage":{"@id":"https:\/\/diariodepe.com.br\/cri\/2024\/06\/26\/lancado-primeiro-relatorio-de-relatos-sobre-terrorismo-na-china\/"},"wordCount":259,"commentCount":0,"publisher":{"@id":"https:\/\/diariodepe.com.br\/cri\/#organization"},"image":{"@id":"https:\/\/diariodepe.com.br\/cri\/2024\/06\/26\/lancado-primeiro-relatorio-de-relatos-sobre-terrorismo-na-china\/#primaryimage"},"thumbnailUrl":"https:\/\/p5crires.cri.cn\/photoworkspace\/cri\/contentimg\/2024\/06\/25\/2024062511142421010.png","articleSection":["China"],"inLanguage":"pt-BR","potentialAction":[{"@type":"CommentAction","name":"Comment","target":["https:\/\/diariodepe.com.br\/cri\/2024\/06\/26\/lancado-primeiro-relatorio-de-relatos-sobre-terrorismo-na-china\/#respond"]}]},{"@type":"WebPage","@id":"https:\/\/diariodepe.com.br\/cri\/2024\/06\/26\/lancado-primeiro-relatorio-de-relatos-sobre-terrorismo-na-china\/","url":"https:\/\/diariodepe.com.br\/cri\/2024\/06\/26\/lancado-primeiro-relatorio-de-relatos-sobre-terrorismo-na-china\/","name":"Lan\u00e7ado primeiro relat\u00f3rio de relatos sobre terrorismo na China - CRI e Diario de Pernambuco","isPartOf":{"@id":"https:\/\/diariodepe.com.br\/cri\/#website"},"primaryImageOfPage":{"@id":"https:\/\/diariodepe.com.br\/cri\/2024\/06\/26\/lancado-primeiro-relatorio-de-relatos-sobre-terrorismo-na-china\/#primaryimage"},"image":{"@id":"https:\/\/diariodepe.com.br\/cri\/2024\/06\/26\/lancado-primeiro-relatorio-de-relatos-sobre-terrorismo-na-china\/#primaryimage"},"thumbnailUrl":"https:\/\/p5crires.cri.cn\/photoworkspace\/cri\/contentimg\/2024\/06\/25\/2024062511142421010.png","datePublished":"2024-06-26T07:01:53+00:00","breadcrumb":{"@id":"https:\/\/diariodepe.com.br\/cri\/2024\/06\/26\/lancado-primeiro-relatorio-de-relatos-sobre-terrorismo-na-china\/#breadcrumb"},"inLanguage":"pt-BR","potentialAction":[{"@type":"ReadAction","target":["https:\/\/diariodepe.com.br\/cri\/2024\/06\/26\/lancado-primeiro-relatorio-de-relatos-sobre-terrorismo-na-china\/"]}]},{"@type":"ImageObject","inLanguage":"pt-BR","@id":"https:\/\/diariodepe.com.br\/cri\/2024\/06\/26\/lancado-primeiro-relatorio-de-relatos-sobre-terrorismo-na-china\/#primaryimage","url":"https:\/\/p5crires.cri.cn\/photoworkspace\/cri\/contentimg\/2024\/06\/25\/2024062511142421010.png","contentUrl":"https:\/\/p5crires.cri.cn\/photoworkspace\/cri\/contentimg\/2024\/06\/25\/2024062511142421010.png"},{"@type":"BreadcrumbList","@id":"https:\/\/diariodepe.com.br\/cri\/2024\/06\/26\/lancado-primeiro-relatorio-de-relatos-sobre-terrorismo-na-china\/#breadcrumb","itemListElement":[{"@type":"ListItem","position":1,"name":"In\u00edcio","item":"https:\/\/diariodepe.com.br\/cri\/"},{"@type":"ListItem","position":2,"name":"Lan\u00e7ado primeiro relat\u00f3rio de relatos sobre terrorismo na China"}]},{"@type":"WebSite","@id":"https:\/\/diariodepe.com.br\/cri\/#website","url":"https:\/\/diariodepe.com.br\/cri\/","name":"CRI e Diario de Pernambuco","description":"R\u00e1dio Internacional da China","publisher":{"@id":"https:\/\/diariodepe.com.br\/cri\/#organization"},"potentialAction":[{"@type":"SearchAction","target":{"@type":"EntryPoint","urlTemplate":"https:\/\/diariodepe.com.br\/cri\/?s={search_term_string}"},"query-input":{"@type":"PropertyValueSpecification","valueRequired":true,"valueName":"search_term_string"}}],"inLanguage":"pt-BR"},{"@type":"Organization","@id":"https:\/\/diariodepe.com.br\/cri\/#organization","name":"CRI e Diario de Pernambuco","url":"https:\/\/diariodepe.com.br\/cri\/","logo":{"@type":"ImageObject","inLanguage":"pt-BR","@id":"https:\/\/diariodepe.com.br\/cri\/#\/schema\/logo\/image\/","url":"https:\/\/diariodepe.com.br\/cri\/wp-content\/uploads\/sites\/2\/2022\/12\/cropped-Logo.jpg","contentUrl":"https:\/\/diariodepe.com.br\/cri\/wp-content\/uploads\/sites\/2\/2022\/12\/cropped-Logo.jpg","width":700,"height":59,"caption":"CRI e Diario de Pernambuco"},"image":{"@id":"https:\/\/diariodepe.com.br\/cri\/#\/schema\/logo\/image\/"}},{"@type":"Person","@id":"https:\/\/diariodepe.com.br\/cri\/#\/schema\/person\/121bb28d84f1a5b1205ef4ce9c2e0c6b","name":"Ismael Lucas S. Pereira","image":{"@type":"ImageObject","inLanguage":"pt-BR","@id":"https:\/\/secure.gravatar.com\/avatar\/887a0f3b5a7ceea963a48499fb883ffce6b5037362def025c52c2505b15d63e4?s=96&d=mm&r=g","url":"https:\/\/secure.gravatar.com\/avatar\/887a0f3b5a7ceea963a48499fb883ffce6b5037362def025c52c2505b15d63e4?s=96&d=mm&r=g","contentUrl":"https:\/\/secure.gravatar.com\/avatar\/887a0f3b5a7ceea963a48499fb883ffce6b5037362def025c52c2505b15d63e4?s=96&d=mm&r=g","caption":"Ismael Lucas S. Pereira"},"url":"https:\/\/diariodepe.com.br\/cri\/author\/ismael-lucas\/"}]}},"cc_featured_image_caption":{"caption_text":false,"source_text":false,"source_url":false},"amp_enabled":true,"_links":{"self":[{"href":"https:\/\/diariodepe.com.br\/cri\/wp-json\/wp\/v2\/posts\/5591","targetHints":{"allow":["GET"]}}],"collection":[{"href":"https:\/\/diariodepe.com.br\/cri\/wp-json\/wp\/v2\/posts"}],"about":[{"href":"https:\/\/diariodepe.com.br\/cri\/wp-json\/wp\/v2\/types\/post"}],"author":[{"embeddable":true,"href":"https:\/\/diariodepe.com.br\/cri\/wp-json\/wp\/v2\/users\/2"}],"replies":[{"embeddable":true,"href":"https:\/\/diariodepe.com.br\/cri\/wp-json\/wp\/v2\/comments?post=5591"}],"version-history":[{"count":1,"href":"https:\/\/diariodepe.com.br\/cri\/wp-json\/wp\/v2\/posts\/5591\/revisions"}],"predecessor-version":[{"id":5592,"href":"https:\/\/diariodepe.com.br\/cri\/wp-json\/wp\/v2\/posts\/5591\/revisions\/5592"}],"wp:attachment":[{"href":"https:\/\/diariodepe.com.br\/cri\/wp-json\/wp\/v2\/media?parent=5591"}],"wp:term":[{"taxonomy":"category","embeddable":true,"href":"https:\/\/diariodepe.com.br\/cri\/wp-json\/wp\/v2\/categories?post=5591"},{"taxonomy":"post_tag","embeddable":true,"href":"https:\/\/diariodepe.com.br\/cri\/wp-json\/wp\/v2\/tags?post=5591"}],"curies":[{"name":"wp","href":"https:\/\/api.w.org\/{rel}","templated":true}]}}