{"id":5576,"date":"2024-06-20T08:47:39","date_gmt":"2024-06-20T11:47:39","guid":{"rendered":"https:\/\/diariodepe.com.br\/cri\/?p=5576"},"modified":"2024-06-20T08:47:39","modified_gmt":"2024-06-20T11:47:39","slug":"a-obsessao-das-filipinas-sobre-o-mar-do-sul-da-china","status":"publish","type":"post","link":"https:\/\/diariodepe.com.br\/cri\/2024\/06\/20\/a-obsessao-das-filipinas-sobre-o-mar-do-sul-da-china\/","title":{"rendered":"A \u201cobsess\u00e3o\u201d das Filipinas sobre o Mar do Sul da China"},"content":{"rendered":"<p class=\"photo_img_20190808\"><img decoding=\"async\" src=\"https:\/\/p4crires.cri.cn\/photoworkspace\/cri\/contentimg\/2024\/06\/19\/2024061921215582874.png\" alt=\"\" \/><\/p>\n<p>As provoca\u00e7\u00f5es das Filipinas no Mar do Sul da China est\u00e3o se tornando cada vez mais agressivas. De acordo com a Guarda Costeira da China, em 17 de junho, as Filipinas enviaram um navio de abastecimento e dois barcos infl\u00e1veis para invadir ilegalmente as \u00e1guas adjacentes ao Recife Ren&#8217;ai Jiao nas Ilhas Nansha da China.<\/p>\n<p>Durante esse per\u00edodo, o navio de suprimentos das Filipinas se aproximou deliberadamente e colidiu com embarca\u00e7\u00f5es chinesas que navegavam regularmente. A Guarda Costeira da China tomou medidas de controle contra o navio filipino, de acordo com a lei e, portanto, razo\u00e1veis, legais e t\u00e9cnicas.<\/p>\n<p>O lado filipino tem afirmado repetidamente que os reabastecimentos s\u00e3o destinados a cobrir necessidades di\u00e1rias, mas, na realidade, tem contrabandeado materiais de constru\u00e7\u00e3o e at\u00e9 mesmo armas e muni\u00e7\u00f5es, em uma tentativa de ocupar o Ren&#8217;ai Jiao por longo tempo. Essa \u00e9 a causa direta da escalada das tens\u00f5es no Mar do Sul da China. Analisando o que as Filipinas fizeram em rela\u00e7\u00e3o \u00e0 quest\u00e3o desde maio deste ano, a comunidade internacional percebe que, impulsionadas pelos Estados Unidos, t\u00eam se comportado de forma cada vez mais obsessiva.<\/p>\n<p>Em 15 de junho, as Filipinas anunciaram que haviam submetido uma proposta \u00e0 Comiss\u00e3o sobre os Limites da Plataforma Continental em rela\u00e7\u00e3o \u00e0 plataforma continental estendida no Mar do Sul da China, alegando que buscariam estabelecer seu direito exclusivo de explorar recursos naturais nessa \u00e1rea, de acordo com a Conven\u00e7\u00e3o das Na\u00e7\u00f5es Unidas sobre o Direito do Mar.<\/p>\n<p>A apresenta\u00e7\u00e3o unilateral de tal proposta pelo Estado filipino infringe os direitos soberanos e a jurisdi\u00e7\u00e3o chineses, viola o direito internacional, inclusive a Conven\u00e7\u00e3o das Na\u00e7\u00f5es Unidas sobre o Direito do Mar, e infringe as disposi\u00e7\u00f5es relevantes da Declara\u00e7\u00e3o sobre a Conduta das Partes no Mar do Sul da China. De acordo com as regras de procedimento da Comiss\u00e3o sobre os Limites da Plataforma Continental, a postula\u00e7\u00e3o feita pelas Filipinas n\u00e3o deve ser objeto de delibera\u00e7\u00e3o.<\/p>\n<p>Em rela\u00e7\u00e3o \u00e0 quest\u00e3o do Mar do Sul da China, a atitude da China sempre foi muito clara: o pa\u00eds insiste em resolver as contradi\u00e7\u00f5es e diferen\u00e7as a ele relacionadas por meio de negocia\u00e7\u00f5es e consultas com os pa\u00edses diretamente envolvidos e, ao mesmo tempo, responde com determina\u00e7\u00e3o a qualquer ato provocativo de viola\u00e7\u00e3o ao direito do mar. Essa n\u00e3o \u00e9 apenas uma defesa leg\u00edtima dos direitos e interesses sobre o mar pelo lado chin\u00eas, mas tamb\u00e9m um apoio \u00e0 paz e \u00e0 estabilidade regionais.<\/p>\n","protected":false},"excerpt":{"rendered":"<p>As provoca\u00e7\u00f5es das Filipinas no Mar do Sul da China est\u00e3o se tornando cada vez mais agressivas. De acordo com a Guarda Costeira da China, em 17 de junho, as Filipinas enviaram um navio de abastecimento e dois barcos infl\u00e1veis&#8230;<\/p>\n","protected":false},"author":2,"featured_media":0,"comment_status":"open","ping_status":"open","sticky":false,"template":"","format":"standard","meta":{"footnotes":""},"categories":[7],"tags":[],"class_list":["post-5576","post","type-post","status-publish","format-standard","hentry","category-visao"],"yoast_head":"<!-- This site is optimized with the Yoast SEO plugin v27.4 - https:\/\/yoast.com\/product\/yoast-seo-wordpress\/ -->\n<title>A \u201cobsess\u00e3o\u201d das Filipinas sobre o Mar do Sul da China - CRI e Diario de Pernambuco<\/title>\n<meta name=\"robots\" content=\"index, follow, max-snippet:-1, max-image-preview:large, max-video-preview:-1\" \/>\n<link rel=\"canonical\" href=\"https:\/\/diariodepe.com.br\/cri\/2024\/06\/20\/a-obsessao-das-filipinas-sobre-o-mar-do-sul-da-china\/\" \/>\n<meta property=\"og:locale\" content=\"pt_BR\" \/>\n<meta property=\"og:type\" content=\"article\" \/>\n<meta property=\"og:title\" content=\"A \u201cobsess\u00e3o\u201d das Filipinas sobre o Mar do Sul da China - CRI e Diario de Pernambuco\" \/>\n<meta property=\"og:description\" content=\"As provoca\u00e7\u00f5es das Filipinas no Mar do Sul da China est\u00e3o se tornando cada vez mais agressivas. De acordo com a Guarda Costeira da China, em 17 de junho, as Filipinas enviaram um navio de abastecimento e dois barcos infl\u00e1veis...\" \/>\n<meta property=\"og:url\" content=\"https:\/\/diariodepe.com.br\/cri\/2024\/06\/20\/a-obsessao-das-filipinas-sobre-o-mar-do-sul-da-china\/\" \/>\n<meta property=\"og:site_name\" content=\"CRI e Diario de Pernambuco\" \/>\n<meta property=\"article:published_time\" content=\"2024-06-20T11:47:39+00:00\" \/>\n<meta property=\"og:image\" content=\"https:\/\/p4crires.cri.cn\/photoworkspace\/cri\/contentimg\/2024\/06\/19\/2024061921215582874.png\" \/>\n<meta name=\"author\" content=\"Ismael Lucas S. Pereira\" \/>\n<meta name=\"twitter:card\" content=\"summary_large_image\" \/>\n<meta name=\"twitter:label1\" content=\"Escrito por\" \/>\n\t<meta name=\"twitter:data1\" content=\"Ismael Lucas S. Pereira\" \/>\n\t<meta name=\"twitter:label2\" content=\"Est. tempo de leitura\" \/>\n\t<meta name=\"twitter:data2\" content=\"3 minutos\" \/>\n<script type=\"application\/ld+json\" class=\"yoast-schema-graph\">{\"@context\":\"https:\\\/\\\/schema.org\",\"@graph\":[{\"@type\":\"Article\",\"@id\":\"https:\\\/\\\/diariodepe.com.br\\\/cri\\\/2024\\\/06\\\/20\\\/a-obsessao-das-filipinas-sobre-o-mar-do-sul-da-china\\\/#article\",\"isPartOf\":{\"@id\":\"https:\\\/\\\/diariodepe.com.br\\\/cri\\\/2024\\\/06\\\/20\\\/a-obsessao-das-filipinas-sobre-o-mar-do-sul-da-china\\\/\"},\"author\":{\"name\":\"Ismael Lucas S. Pereira\",\"@id\":\"https:\\\/\\\/diariodepe.com.br\\\/cri\\\/#\\\/schema\\\/person\\\/121bb28d84f1a5b1205ef4ce9c2e0c6b\"},\"headline\":\"A \u201cobsess\u00e3o\u201d das Filipinas sobre o Mar do Sul da China\",\"datePublished\":\"2024-06-20T11:47:39+00:00\",\"mainEntityOfPage\":{\"@id\":\"https:\\\/\\\/diariodepe.com.br\\\/cri\\\/2024\\\/06\\\/20\\\/a-obsessao-das-filipinas-sobre-o-mar-do-sul-da-china\\\/\"},\"wordCount\":451,\"commentCount\":0,\"publisher\":{\"@id\":\"https:\\\/\\\/diariodepe.com.br\\\/cri\\\/#organization\"},\"image\":{\"@id\":\"https:\\\/\\\/diariodepe.com.br\\\/cri\\\/2024\\\/06\\\/20\\\/a-obsessao-das-filipinas-sobre-o-mar-do-sul-da-china\\\/#primaryimage\"},\"thumbnailUrl\":\"https:\\\/\\\/p4crires.cri.cn\\\/photoworkspace\\\/cri\\\/contentimg\\\/2024\\\/06\\\/19\\\/2024061921215582874.png\",\"articleSection\":[\"Vis\u00e3o\"],\"inLanguage\":\"pt-BR\",\"potentialAction\":[{\"@type\":\"CommentAction\",\"name\":\"Comment\",\"target\":[\"https:\\\/\\\/diariodepe.com.br\\\/cri\\\/2024\\\/06\\\/20\\\/a-obsessao-das-filipinas-sobre-o-mar-do-sul-da-china\\\/#respond\"]}]},{\"@type\":\"WebPage\",\"@id\":\"https:\\\/\\\/diariodepe.com.br\\\/cri\\\/2024\\\/06\\\/20\\\/a-obsessao-das-filipinas-sobre-o-mar-do-sul-da-china\\\/\",\"url\":\"https:\\\/\\\/diariodepe.com.br\\\/cri\\\/2024\\\/06\\\/20\\\/a-obsessao-das-filipinas-sobre-o-mar-do-sul-da-china\\\/\",\"name\":\"A \u201cobsess\u00e3o\u201d das Filipinas sobre o Mar do Sul da China - CRI e Diario de Pernambuco\",\"isPartOf\":{\"@id\":\"https:\\\/\\\/diariodepe.com.br\\\/cri\\\/#website\"},\"primaryImageOfPage\":{\"@id\":\"https:\\\/\\\/diariodepe.com.br\\\/cri\\\/2024\\\/06\\\/20\\\/a-obsessao-das-filipinas-sobre-o-mar-do-sul-da-china\\\/#primaryimage\"},\"image\":{\"@id\":\"https:\\\/\\\/diariodepe.com.br\\\/cri\\\/2024\\\/06\\\/20\\\/a-obsessao-das-filipinas-sobre-o-mar-do-sul-da-china\\\/#primaryimage\"},\"thumbnailUrl\":\"https:\\\/\\\/p4crires.cri.cn\\\/photoworkspace\\\/cri\\\/contentimg\\\/2024\\\/06\\\/19\\\/2024061921215582874.png\",\"datePublished\":\"2024-06-20T11:47:39+00:00\",\"breadcrumb\":{\"@id\":\"https:\\\/\\\/diariodepe.com.br\\\/cri\\\/2024\\\/06\\\/20\\\/a-obsessao-das-filipinas-sobre-o-mar-do-sul-da-china\\\/#breadcrumb\"},\"inLanguage\":\"pt-BR\",\"potentialAction\":[{\"@type\":\"ReadAction\",\"target\":[\"https:\\\/\\\/diariodepe.com.br\\\/cri\\\/2024\\\/06\\\/20\\\/a-obsessao-das-filipinas-sobre-o-mar-do-sul-da-china\\\/\"]}]},{\"@type\":\"ImageObject\",\"inLanguage\":\"pt-BR\",\"@id\":\"https:\\\/\\\/diariodepe.com.br\\\/cri\\\/2024\\\/06\\\/20\\\/a-obsessao-das-filipinas-sobre-o-mar-do-sul-da-china\\\/#primaryimage\",\"url\":\"https:\\\/\\\/p4crires.cri.cn\\\/photoworkspace\\\/cri\\\/contentimg\\\/2024\\\/06\\\/19\\\/2024061921215582874.png\",\"contentUrl\":\"https:\\\/\\\/p4crires.cri.cn\\\/photoworkspace\\\/cri\\\/contentimg\\\/2024\\\/06\\\/19\\\/2024061921215582874.png\"},{\"@type\":\"BreadcrumbList\",\"@id\":\"https:\\\/\\\/diariodepe.com.br\\\/cri\\\/2024\\\/06\\\/20\\\/a-obsessao-das-filipinas-sobre-o-mar-do-sul-da-china\\\/#breadcrumb\",\"itemListElement\":[{\"@type\":\"ListItem\",\"position\":1,\"name\":\"In\u00edcio\",\"item\":\"https:\\\/\\\/diariodepe.com.br\\\/cri\\\/\"},{\"@type\":\"ListItem\",\"position\":2,\"name\":\"A \u201cobsess\u00e3o\u201d das Filipinas sobre o Mar do Sul da China\"}]},{\"@type\":\"WebSite\",\"@id\":\"https:\\\/\\\/diariodepe.com.br\\\/cri\\\/#website\",\"url\":\"https:\\\/\\\/diariodepe.com.br\\\/cri\\\/\",\"name\":\"CRI e Diario de Pernambuco\",\"description\":\"R\u00e1dio Internacional da China\",\"publisher\":{\"@id\":\"https:\\\/\\\/diariodepe.com.br\\\/cri\\\/#organization\"},\"potentialAction\":[{\"@type\":\"SearchAction\",\"target\":{\"@type\":\"EntryPoint\",\"urlTemplate\":\"https:\\\/\\\/diariodepe.com.br\\\/cri\\\/?s={search_term_string}\"},\"query-input\":{\"@type\":\"PropertyValueSpecification\",\"valueRequired\":true,\"valueName\":\"search_term_string\"}}],\"inLanguage\":\"pt-BR\"},{\"@type\":\"Organization\",\"@id\":\"https:\\\/\\\/diariodepe.com.br\\\/cri\\\/#organization\",\"name\":\"CRI e Diario de Pernambuco\",\"url\":\"https:\\\/\\\/diariodepe.com.br\\\/cri\\\/\",\"logo\":{\"@type\":\"ImageObject\",\"inLanguage\":\"pt-BR\",\"@id\":\"https:\\\/\\\/diariodepe.com.br\\\/cri\\\/#\\\/schema\\\/logo\\\/image\\\/\",\"url\":\"https:\\\/\\\/diariodepe.com.br\\\/cri\\\/wp-content\\\/uploads\\\/sites\\\/2\\\/2022\\\/12\\\/cropped-Logo.jpg\",\"contentUrl\":\"https:\\\/\\\/diariodepe.com.br\\\/cri\\\/wp-content\\\/uploads\\\/sites\\\/2\\\/2022\\\/12\\\/cropped-Logo.jpg\",\"width\":700,\"height\":59,\"caption\":\"CRI e Diario de Pernambuco\"},\"image\":{\"@id\":\"https:\\\/\\\/diariodepe.com.br\\\/cri\\\/#\\\/schema\\\/logo\\\/image\\\/\"}},{\"@type\":\"Person\",\"@id\":\"https:\\\/\\\/diariodepe.com.br\\\/cri\\\/#\\\/schema\\\/person\\\/121bb28d84f1a5b1205ef4ce9c2e0c6b\",\"name\":\"Ismael Lucas S. Pereira\",\"image\":{\"@type\":\"ImageObject\",\"inLanguage\":\"pt-BR\",\"@id\":\"https:\\\/\\\/secure.gravatar.com\\\/avatar\\\/887a0f3b5a7ceea963a48499fb883ffce6b5037362def025c52c2505b15d63e4?s=96&d=mm&r=g\",\"url\":\"https:\\\/\\\/secure.gravatar.com\\\/avatar\\\/887a0f3b5a7ceea963a48499fb883ffce6b5037362def025c52c2505b15d63e4?s=96&d=mm&r=g\",\"contentUrl\":\"https:\\\/\\\/secure.gravatar.com\\\/avatar\\\/887a0f3b5a7ceea963a48499fb883ffce6b5037362def025c52c2505b15d63e4?s=96&d=mm&r=g\",\"caption\":\"Ismael Lucas S. Pereira\"},\"url\":\"https:\\\/\\\/diariodepe.com.br\\\/cri\\\/author\\\/ismael-lucas\\\/\"}]}<\/script>\n<!-- \/ Yoast SEO plugin. -->","yoast_head_json":{"title":"A \u201cobsess\u00e3o\u201d das Filipinas sobre o Mar do Sul da China - CRI e Diario de Pernambuco","robots":{"index":"index","follow":"follow","max-snippet":"max-snippet:-1","max-image-preview":"max-image-preview:large","max-video-preview":"max-video-preview:-1"},"canonical":"https:\/\/diariodepe.com.br\/cri\/2024\/06\/20\/a-obsessao-das-filipinas-sobre-o-mar-do-sul-da-china\/","og_locale":"pt_BR","og_type":"article","og_title":"A \u201cobsess\u00e3o\u201d das Filipinas sobre o Mar do Sul da China - CRI e Diario de Pernambuco","og_description":"As provoca\u00e7\u00f5es das Filipinas no Mar do Sul da China est\u00e3o se tornando cada vez mais agressivas. De acordo com a Guarda Costeira da China, em 17 de junho, as Filipinas enviaram um navio de abastecimento e dois barcos infl\u00e1veis...","og_url":"https:\/\/diariodepe.com.br\/cri\/2024\/06\/20\/a-obsessao-das-filipinas-sobre-o-mar-do-sul-da-china\/","og_site_name":"CRI e Diario de Pernambuco","article_published_time":"2024-06-20T11:47:39+00:00","og_image":[{"url":"https:\/\/p4crires.cri.cn\/photoworkspace\/cri\/contentimg\/2024\/06\/19\/2024061921215582874.png","type":"","width":"","height":""}],"author":"Ismael Lucas S. Pereira","twitter_card":"summary_large_image","twitter_misc":{"Escrito por":"Ismael Lucas S. Pereira","Est. tempo de leitura":"3 minutos"},"schema":{"@context":"https:\/\/schema.org","@graph":[{"@type":"Article","@id":"https:\/\/diariodepe.com.br\/cri\/2024\/06\/20\/a-obsessao-das-filipinas-sobre-o-mar-do-sul-da-china\/#article","isPartOf":{"@id":"https:\/\/diariodepe.com.br\/cri\/2024\/06\/20\/a-obsessao-das-filipinas-sobre-o-mar-do-sul-da-china\/"},"author":{"name":"Ismael Lucas S. Pereira","@id":"https:\/\/diariodepe.com.br\/cri\/#\/schema\/person\/121bb28d84f1a5b1205ef4ce9c2e0c6b"},"headline":"A \u201cobsess\u00e3o\u201d das Filipinas sobre o Mar do Sul da China","datePublished":"2024-06-20T11:47:39+00:00","mainEntityOfPage":{"@id":"https:\/\/diariodepe.com.br\/cri\/2024\/06\/20\/a-obsessao-das-filipinas-sobre-o-mar-do-sul-da-china\/"},"wordCount":451,"commentCount":0,"publisher":{"@id":"https:\/\/diariodepe.com.br\/cri\/#organization"},"image":{"@id":"https:\/\/diariodepe.com.br\/cri\/2024\/06\/20\/a-obsessao-das-filipinas-sobre-o-mar-do-sul-da-china\/#primaryimage"},"thumbnailUrl":"https:\/\/p4crires.cri.cn\/photoworkspace\/cri\/contentimg\/2024\/06\/19\/2024061921215582874.png","articleSection":["Vis\u00e3o"],"inLanguage":"pt-BR","potentialAction":[{"@type":"CommentAction","name":"Comment","target":["https:\/\/diariodepe.com.br\/cri\/2024\/06\/20\/a-obsessao-das-filipinas-sobre-o-mar-do-sul-da-china\/#respond"]}]},{"@type":"WebPage","@id":"https:\/\/diariodepe.com.br\/cri\/2024\/06\/20\/a-obsessao-das-filipinas-sobre-o-mar-do-sul-da-china\/","url":"https:\/\/diariodepe.com.br\/cri\/2024\/06\/20\/a-obsessao-das-filipinas-sobre-o-mar-do-sul-da-china\/","name":"A \u201cobsess\u00e3o\u201d das Filipinas sobre o Mar do Sul da China - CRI e Diario de Pernambuco","isPartOf":{"@id":"https:\/\/diariodepe.com.br\/cri\/#website"},"primaryImageOfPage":{"@id":"https:\/\/diariodepe.com.br\/cri\/2024\/06\/20\/a-obsessao-das-filipinas-sobre-o-mar-do-sul-da-china\/#primaryimage"},"image":{"@id":"https:\/\/diariodepe.com.br\/cri\/2024\/06\/20\/a-obsessao-das-filipinas-sobre-o-mar-do-sul-da-china\/#primaryimage"},"thumbnailUrl":"https:\/\/p4crires.cri.cn\/photoworkspace\/cri\/contentimg\/2024\/06\/19\/2024061921215582874.png","datePublished":"2024-06-20T11:47:39+00:00","breadcrumb":{"@id":"https:\/\/diariodepe.com.br\/cri\/2024\/06\/20\/a-obsessao-das-filipinas-sobre-o-mar-do-sul-da-china\/#breadcrumb"},"inLanguage":"pt-BR","potentialAction":[{"@type":"ReadAction","target":["https:\/\/diariodepe.com.br\/cri\/2024\/06\/20\/a-obsessao-das-filipinas-sobre-o-mar-do-sul-da-china\/"]}]},{"@type":"ImageObject","inLanguage":"pt-BR","@id":"https:\/\/diariodepe.com.br\/cri\/2024\/06\/20\/a-obsessao-das-filipinas-sobre-o-mar-do-sul-da-china\/#primaryimage","url":"https:\/\/p4crires.cri.cn\/photoworkspace\/cri\/contentimg\/2024\/06\/19\/2024061921215582874.png","contentUrl":"https:\/\/p4crires.cri.cn\/photoworkspace\/cri\/contentimg\/2024\/06\/19\/2024061921215582874.png"},{"@type":"BreadcrumbList","@id":"https:\/\/diariodepe.com.br\/cri\/2024\/06\/20\/a-obsessao-das-filipinas-sobre-o-mar-do-sul-da-china\/#breadcrumb","itemListElement":[{"@type":"ListItem","position":1,"name":"In\u00edcio","item":"https:\/\/diariodepe.com.br\/cri\/"},{"@type":"ListItem","position":2,"name":"A \u201cobsess\u00e3o\u201d das Filipinas sobre o Mar do Sul da China"}]},{"@type":"WebSite","@id":"https:\/\/diariodepe.com.br\/cri\/#website","url":"https:\/\/diariodepe.com.br\/cri\/","name":"CRI e Diario de Pernambuco","description":"R\u00e1dio Internacional da China","publisher":{"@id":"https:\/\/diariodepe.com.br\/cri\/#organization"},"potentialAction":[{"@type":"SearchAction","target":{"@type":"EntryPoint","urlTemplate":"https:\/\/diariodepe.com.br\/cri\/?s={search_term_string}"},"query-input":{"@type":"PropertyValueSpecification","valueRequired":true,"valueName":"search_term_string"}}],"inLanguage":"pt-BR"},{"@type":"Organization","@id":"https:\/\/diariodepe.com.br\/cri\/#organization","name":"CRI e Diario de Pernambuco","url":"https:\/\/diariodepe.com.br\/cri\/","logo":{"@type":"ImageObject","inLanguage":"pt-BR","@id":"https:\/\/diariodepe.com.br\/cri\/#\/schema\/logo\/image\/","url":"https:\/\/diariodepe.com.br\/cri\/wp-content\/uploads\/sites\/2\/2022\/12\/cropped-Logo.jpg","contentUrl":"https:\/\/diariodepe.com.br\/cri\/wp-content\/uploads\/sites\/2\/2022\/12\/cropped-Logo.jpg","width":700,"height":59,"caption":"CRI e Diario de Pernambuco"},"image":{"@id":"https:\/\/diariodepe.com.br\/cri\/#\/schema\/logo\/image\/"}},{"@type":"Person","@id":"https:\/\/diariodepe.com.br\/cri\/#\/schema\/person\/121bb28d84f1a5b1205ef4ce9c2e0c6b","name":"Ismael Lucas S. Pereira","image":{"@type":"ImageObject","inLanguage":"pt-BR","@id":"https:\/\/secure.gravatar.com\/avatar\/887a0f3b5a7ceea963a48499fb883ffce6b5037362def025c52c2505b15d63e4?s=96&d=mm&r=g","url":"https:\/\/secure.gravatar.com\/avatar\/887a0f3b5a7ceea963a48499fb883ffce6b5037362def025c52c2505b15d63e4?s=96&d=mm&r=g","contentUrl":"https:\/\/secure.gravatar.com\/avatar\/887a0f3b5a7ceea963a48499fb883ffce6b5037362def025c52c2505b15d63e4?s=96&d=mm&r=g","caption":"Ismael Lucas S. Pereira"},"url":"https:\/\/diariodepe.com.br\/cri\/author\/ismael-lucas\/"}]}},"cc_featured_image_caption":{"caption_text":false,"source_text":false,"source_url":false},"amp_enabled":true,"_links":{"self":[{"href":"https:\/\/diariodepe.com.br\/cri\/wp-json\/wp\/v2\/posts\/5576","targetHints":{"allow":["GET"]}}],"collection":[{"href":"https:\/\/diariodepe.com.br\/cri\/wp-json\/wp\/v2\/posts"}],"about":[{"href":"https:\/\/diariodepe.com.br\/cri\/wp-json\/wp\/v2\/types\/post"}],"author":[{"embeddable":true,"href":"https:\/\/diariodepe.com.br\/cri\/wp-json\/wp\/v2\/users\/2"}],"replies":[{"embeddable":true,"href":"https:\/\/diariodepe.com.br\/cri\/wp-json\/wp\/v2\/comments?post=5576"}],"version-history":[{"count":1,"href":"https:\/\/diariodepe.com.br\/cri\/wp-json\/wp\/v2\/posts\/5576\/revisions"}],"predecessor-version":[{"id":5577,"href":"https:\/\/diariodepe.com.br\/cri\/wp-json\/wp\/v2\/posts\/5576\/revisions\/5577"}],"wp:attachment":[{"href":"https:\/\/diariodepe.com.br\/cri\/wp-json\/wp\/v2\/media?parent=5576"}],"wp:term":[{"taxonomy":"category","embeddable":true,"href":"https:\/\/diariodepe.com.br\/cri\/wp-json\/wp\/v2\/categories?post=5576"},{"taxonomy":"post_tag","embeddable":true,"href":"https:\/\/diariodepe.com.br\/cri\/wp-json\/wp\/v2\/tags?post=5576"}],"curies":[{"name":"wp","href":"https:\/\/api.w.org\/{rel}","templated":true}]}}