{"id":5550,"date":"2024-06-17T07:52:00","date_gmt":"2024-06-17T10:52:00","guid":{"rendered":"https:\/\/diariodepe.com.br\/cri\/?p=5550"},"modified":"2024-06-17T07:52:00","modified_gmt":"2024-06-17T10:52:00","slug":"uso-de-tarifas-pela-ue-para-suprimir-os-carros-eletricos-chineses-nao-sucedera","status":"publish","type":"post","link":"https:\/\/diariodepe.com.br\/cri\/2024\/06\/17\/uso-de-tarifas-pela-ue-para-suprimir-os-carros-eletricos-chineses-nao-sucedera\/","title":{"rendered":"Uso de tarifas pela UE para suprimir os carros el\u00e9tricos chineses n\u00e3o suceder\u00e1"},"content":{"rendered":"<p data-spm-anchor-id=\"0.0.0.i1\">&#8220;Para a Europa, especialmente para a ind\u00fastria automobil\u00edstica alem\u00e3, esta decis\u00e3o da Uni\u00e3o Europeia traz mais preju\u00edzos do que benef\u00edcios e n\u00e3o favorece o aumento da competitividade do setor automotivo europeu.\u201d A afirma\u00e7\u00e3o foi feita por um respons\u00e1vel do grupo Volkswagen ao comentar a decis\u00e3o da Comiss\u00e3o Europeia de impor uma tarifa antidumping tempor\u00e1ria de at\u00e9 38,1% sobre os ve\u00edculos el\u00e9tricos importados da China. O principal fabricante de autom\u00f3veis europeu destacou que a Europa precisa promover a transi\u00e7\u00e3o do setor automobil\u00edstico para a eletrifica\u00e7\u00e3o e a neutralidade clim\u00e1tica, e n\u00e3o adotar medidas protecionistas.<\/p>\n<p>De fato, desde que a Comiss\u00e3o Europeia decidiu iniciar uma investiga\u00e7\u00e3o antidumping sobre os ve\u00edculos el\u00e9tricos chineses em outubro do ano passado, surgiram grandes diverg\u00eancias dentro da Europa. Pa\u00edses como a Alemanha e a Hungria expressaram claramente sua oposi\u00e7\u00e3o. Os \u201cimpactos\u201dgerados pelos autom\u00f3veis el\u00e9tricos chineses no mercado europeu n\u00e3o s\u00e3o t\u00e3o graves quanto algumas pessoas exageram. Dados da consultoria estadunidense Rhodium Group mostram que, no ano passado, a participa\u00e7\u00e3o dos ve\u00edculos el\u00e9tricos chineses no mercado da Europa foi de 8%. No entanto, em 2022, a participa\u00e7\u00e3o dos autom\u00f3veis el\u00e9tricos de marcas europeias no mercado chin\u00eas atingiu 6%. Por que ent\u00e3o a UE ignora as vozes de oposi\u00e7\u00e3o e insiste em usar tarifas para restringir os ve\u00edculos el\u00e9tricos chineses?<\/p>\n<p class=\"photo_img_20190808\"><img decoding=\"async\" src=\"https:\/\/p5crires.cri.cn\/photoworkspace\/cri\/contentimg\/2024\/06\/13\/2024061322141956261.jpg\" alt=\"\" width=\"1000\" \/><\/p>\n<p>Na Europa, a defesa da coopera\u00e7\u00e3o sino-europeia \u00e9 a voz dominante, mas tamb\u00e9m existe uma for\u00e7a anti-China. Essas pessoas n\u00e3o querem ver o desenvolvimento da China e exageram deliberadamente as diverg\u00eancias ideol\u00f3gicas e dos sistemas pol\u00edticos entre os dois lados, tentando impedir o aprofundamento da confian\u00e7a pol\u00edtica m\u00fatua e a expans\u00e3o da coopera\u00e7\u00e3o pragm\u00e1tica bilateral.<\/p>\n<p>A Europa mant\u00e9m sempre uma vantagem significativa no campo dos ve\u00edculos movidos a combust\u00edveis f\u00f3sseis, mas com o r\u00e1pido desenvolvimento da ind\u00fastria de ve\u00edculos de nova energia da China, alguns europeus temem que o pa\u00eds asi\u00e1tico possa &#8220;ultrapass\u00e1-los&#8221;. Entretanto, a longo prazo, usar meios desleais para reprimir concorrentes n\u00e3o apenas aumentar\u00e1 os custos para os consumidores europeus comprarem autom\u00f3veis, como tamb\u00e9m ser\u00e1 ineficaz para realmente melhorar a competitividade das montadoras europeias no mercado.<\/p>\n<p class=\"photo_img_20190808\"><img decoding=\"async\" src=\"https:\/\/p4crires.cri.cn\/photoworkspace\/cri\/contentimg\/2024\/06\/13\/2024061322143191816.jpg\" alt=\"\" width=\"1000\" \/><\/p>\n<p>A Europa tinha sido v\u00edtima das pol\u00edticas protecionistas dos Estados Unidos, mas agora se transformou em uma promotora de atritos comerciais. Uma raz\u00e3o importante por tr\u00e1s disso \u00e9 a press\u00e3o de Washington. Alguns analistas afirmam que a decis\u00e3o da Uni\u00e3o Europeia de seguir o exemplo dos EUA e impor tarifas aos produtos chineses \u00e9 para dar uma explica\u00e7\u00e3o aos norte-americanos.<\/p>\n<p>Na verdade, a China e a Europa compartilham amplos interesses comuns no setor de ve\u00edculos el\u00e9tricos. Nos \u00faltimos anos, montadoras europeias como BMW e Volkswagen expandiram seus neg\u00f3cios de autom\u00f3veis de nova energia na China. Ao mesmo tempo, as empresas chinesas como CATL, BYD e GWM j\u00e1 investiram ou planejam investir na Europa para construir f\u00e1bricas. Uma competi\u00e7\u00e3o e coopera\u00e7\u00e3o saud\u00e1veis s\u00e3o ben\u00e9ficas para aumentar a competitividade industrial da Europa e alinham-se com a vis\u00e3o europeia de transi\u00e7\u00e3o energ\u00e9tica e desenvolvimento.<\/p>\n","protected":false},"excerpt":{"rendered":"<p>&#8220;Para a Europa, especialmente para a ind\u00fastria automobil\u00edstica alem\u00e3, esta decis\u00e3o da Uni\u00e3o Europeia traz mais preju\u00edzos do que benef\u00edcios e n\u00e3o favorece o aumento da competitividade do setor automotivo europeu.\u201d A afirma\u00e7\u00e3o foi feita por um respons\u00e1vel do grupo&#8230;<\/p>\n","protected":false},"author":2,"featured_media":0,"comment_status":"open","ping_status":"open","sticky":false,"template":"","format":"standard","meta":{"footnotes":""},"categories":[7],"tags":[],"class_list":["post-5550","post","type-post","status-publish","format-standard","hentry","category-visao"],"yoast_head":"<!-- This site is optimized with the Yoast SEO plugin v27.4 - https:\/\/yoast.com\/product\/yoast-seo-wordpress\/ -->\n<title>Uso de tarifas pela UE para suprimir os carros el\u00e9tricos chineses n\u00e3o suceder\u00e1 - CRI e Diario de Pernambuco<\/title>\n<meta name=\"robots\" content=\"index, follow, max-snippet:-1, max-image-preview:large, max-video-preview:-1\" \/>\n<link rel=\"canonical\" href=\"https:\/\/diariodepe.com.br\/cri\/2024\/06\/17\/uso-de-tarifas-pela-ue-para-suprimir-os-carros-eletricos-chineses-nao-sucedera\/\" \/>\n<meta property=\"og:locale\" content=\"pt_BR\" \/>\n<meta property=\"og:type\" content=\"article\" \/>\n<meta property=\"og:title\" content=\"Uso de tarifas pela UE para suprimir os carros el\u00e9tricos chineses n\u00e3o suceder\u00e1 - CRI e Diario de Pernambuco\" \/>\n<meta property=\"og:description\" content=\"&#8220;Para a Europa, especialmente para a ind\u00fastria automobil\u00edstica alem\u00e3, esta decis\u00e3o da Uni\u00e3o Europeia traz mais preju\u00edzos do que benef\u00edcios e n\u00e3o favorece o aumento da competitividade do setor automotivo europeu.\u201d A afirma\u00e7\u00e3o foi feita por um respons\u00e1vel do grupo...\" \/>\n<meta property=\"og:url\" content=\"https:\/\/diariodepe.com.br\/cri\/2024\/06\/17\/uso-de-tarifas-pela-ue-para-suprimir-os-carros-eletricos-chineses-nao-sucedera\/\" \/>\n<meta property=\"og:site_name\" content=\"CRI e Diario de Pernambuco\" \/>\n<meta property=\"article:published_time\" content=\"2024-06-17T10:52:00+00:00\" \/>\n<meta property=\"og:image\" content=\"https:\/\/p5crires.cri.cn\/photoworkspace\/cri\/contentimg\/2024\/06\/13\/2024061322141956261.jpg\" \/>\n<meta name=\"author\" content=\"Ismael Lucas S. Pereira\" \/>\n<meta name=\"twitter:card\" content=\"summary_large_image\" \/>\n<meta name=\"twitter:label1\" content=\"Escrito por\" \/>\n\t<meta name=\"twitter:data1\" content=\"Ismael Lucas S. Pereira\" \/>\n\t<meta name=\"twitter:label2\" content=\"Est. tempo de leitura\" \/>\n\t<meta name=\"twitter:data2\" content=\"4 minutos\" \/>\n<script type=\"application\/ld+json\" class=\"yoast-schema-graph\">{\"@context\":\"https:\\\/\\\/schema.org\",\"@graph\":[{\"@type\":\"Article\",\"@id\":\"https:\\\/\\\/diariodepe.com.br\\\/cri\\\/2024\\\/06\\\/17\\\/uso-de-tarifas-pela-ue-para-suprimir-os-carros-eletricos-chineses-nao-sucedera\\\/#article\",\"isPartOf\":{\"@id\":\"https:\\\/\\\/diariodepe.com.br\\\/cri\\\/2024\\\/06\\\/17\\\/uso-de-tarifas-pela-ue-para-suprimir-os-carros-eletricos-chineses-nao-sucedera\\\/\"},\"author\":{\"name\":\"Ismael Lucas S. Pereira\",\"@id\":\"https:\\\/\\\/diariodepe.com.br\\\/cri\\\/#\\\/schema\\\/person\\\/121bb28d84f1a5b1205ef4ce9c2e0c6b\"},\"headline\":\"Uso de tarifas pela UE para suprimir os carros el\u00e9tricos chineses n\u00e3o suceder\u00e1\",\"datePublished\":\"2024-06-17T10:52:00+00:00\",\"mainEntityOfPage\":{\"@id\":\"https:\\\/\\\/diariodepe.com.br\\\/cri\\\/2024\\\/06\\\/17\\\/uso-de-tarifas-pela-ue-para-suprimir-os-carros-eletricos-chineses-nao-sucedera\\\/\"},\"wordCount\":579,\"commentCount\":0,\"publisher\":{\"@id\":\"https:\\\/\\\/diariodepe.com.br\\\/cri\\\/#organization\"},\"image\":{\"@id\":\"https:\\\/\\\/diariodepe.com.br\\\/cri\\\/2024\\\/06\\\/17\\\/uso-de-tarifas-pela-ue-para-suprimir-os-carros-eletricos-chineses-nao-sucedera\\\/#primaryimage\"},\"thumbnailUrl\":\"https:\\\/\\\/p5crires.cri.cn\\\/photoworkspace\\\/cri\\\/contentimg\\\/2024\\\/06\\\/13\\\/2024061322141956261.jpg\",\"articleSection\":[\"Vis\u00e3o\"],\"inLanguage\":\"pt-BR\",\"potentialAction\":[{\"@type\":\"CommentAction\",\"name\":\"Comment\",\"target\":[\"https:\\\/\\\/diariodepe.com.br\\\/cri\\\/2024\\\/06\\\/17\\\/uso-de-tarifas-pela-ue-para-suprimir-os-carros-eletricos-chineses-nao-sucedera\\\/#respond\"]}]},{\"@type\":\"WebPage\",\"@id\":\"https:\\\/\\\/diariodepe.com.br\\\/cri\\\/2024\\\/06\\\/17\\\/uso-de-tarifas-pela-ue-para-suprimir-os-carros-eletricos-chineses-nao-sucedera\\\/\",\"url\":\"https:\\\/\\\/diariodepe.com.br\\\/cri\\\/2024\\\/06\\\/17\\\/uso-de-tarifas-pela-ue-para-suprimir-os-carros-eletricos-chineses-nao-sucedera\\\/\",\"name\":\"Uso de tarifas pela UE para suprimir os carros el\u00e9tricos chineses n\u00e3o suceder\u00e1 - CRI e Diario de Pernambuco\",\"isPartOf\":{\"@id\":\"https:\\\/\\\/diariodepe.com.br\\\/cri\\\/#website\"},\"primaryImageOfPage\":{\"@id\":\"https:\\\/\\\/diariodepe.com.br\\\/cri\\\/2024\\\/06\\\/17\\\/uso-de-tarifas-pela-ue-para-suprimir-os-carros-eletricos-chineses-nao-sucedera\\\/#primaryimage\"},\"image\":{\"@id\":\"https:\\\/\\\/diariodepe.com.br\\\/cri\\\/2024\\\/06\\\/17\\\/uso-de-tarifas-pela-ue-para-suprimir-os-carros-eletricos-chineses-nao-sucedera\\\/#primaryimage\"},\"thumbnailUrl\":\"https:\\\/\\\/p5crires.cri.cn\\\/photoworkspace\\\/cri\\\/contentimg\\\/2024\\\/06\\\/13\\\/2024061322141956261.jpg\",\"datePublished\":\"2024-06-17T10:52:00+00:00\",\"breadcrumb\":{\"@id\":\"https:\\\/\\\/diariodepe.com.br\\\/cri\\\/2024\\\/06\\\/17\\\/uso-de-tarifas-pela-ue-para-suprimir-os-carros-eletricos-chineses-nao-sucedera\\\/#breadcrumb\"},\"inLanguage\":\"pt-BR\",\"potentialAction\":[{\"@type\":\"ReadAction\",\"target\":[\"https:\\\/\\\/diariodepe.com.br\\\/cri\\\/2024\\\/06\\\/17\\\/uso-de-tarifas-pela-ue-para-suprimir-os-carros-eletricos-chineses-nao-sucedera\\\/\"]}]},{\"@type\":\"ImageObject\",\"inLanguage\":\"pt-BR\",\"@id\":\"https:\\\/\\\/diariodepe.com.br\\\/cri\\\/2024\\\/06\\\/17\\\/uso-de-tarifas-pela-ue-para-suprimir-os-carros-eletricos-chineses-nao-sucedera\\\/#primaryimage\",\"url\":\"https:\\\/\\\/p5crires.cri.cn\\\/photoworkspace\\\/cri\\\/contentimg\\\/2024\\\/06\\\/13\\\/2024061322141956261.jpg\",\"contentUrl\":\"https:\\\/\\\/p5crires.cri.cn\\\/photoworkspace\\\/cri\\\/contentimg\\\/2024\\\/06\\\/13\\\/2024061322141956261.jpg\"},{\"@type\":\"BreadcrumbList\",\"@id\":\"https:\\\/\\\/diariodepe.com.br\\\/cri\\\/2024\\\/06\\\/17\\\/uso-de-tarifas-pela-ue-para-suprimir-os-carros-eletricos-chineses-nao-sucedera\\\/#breadcrumb\",\"itemListElement\":[{\"@type\":\"ListItem\",\"position\":1,\"name\":\"In\u00edcio\",\"item\":\"https:\\\/\\\/diariodepe.com.br\\\/cri\\\/\"},{\"@type\":\"ListItem\",\"position\":2,\"name\":\"Uso de tarifas pela UE para suprimir os carros el\u00e9tricos chineses n\u00e3o suceder\u00e1\"}]},{\"@type\":\"WebSite\",\"@id\":\"https:\\\/\\\/diariodepe.com.br\\\/cri\\\/#website\",\"url\":\"https:\\\/\\\/diariodepe.com.br\\\/cri\\\/\",\"name\":\"CRI e Diario de Pernambuco\",\"description\":\"R\u00e1dio Internacional da China\",\"publisher\":{\"@id\":\"https:\\\/\\\/diariodepe.com.br\\\/cri\\\/#organization\"},\"potentialAction\":[{\"@type\":\"SearchAction\",\"target\":{\"@type\":\"EntryPoint\",\"urlTemplate\":\"https:\\\/\\\/diariodepe.com.br\\\/cri\\\/?s={search_term_string}\"},\"query-input\":{\"@type\":\"PropertyValueSpecification\",\"valueRequired\":true,\"valueName\":\"search_term_string\"}}],\"inLanguage\":\"pt-BR\"},{\"@type\":\"Organization\",\"@id\":\"https:\\\/\\\/diariodepe.com.br\\\/cri\\\/#organization\",\"name\":\"CRI e Diario de Pernambuco\",\"url\":\"https:\\\/\\\/diariodepe.com.br\\\/cri\\\/\",\"logo\":{\"@type\":\"ImageObject\",\"inLanguage\":\"pt-BR\",\"@id\":\"https:\\\/\\\/diariodepe.com.br\\\/cri\\\/#\\\/schema\\\/logo\\\/image\\\/\",\"url\":\"https:\\\/\\\/diariodepe.com.br\\\/cri\\\/wp-content\\\/uploads\\\/sites\\\/2\\\/2022\\\/12\\\/cropped-Logo.jpg\",\"contentUrl\":\"https:\\\/\\\/diariodepe.com.br\\\/cri\\\/wp-content\\\/uploads\\\/sites\\\/2\\\/2022\\\/12\\\/cropped-Logo.jpg\",\"width\":700,\"height\":59,\"caption\":\"CRI e Diario de Pernambuco\"},\"image\":{\"@id\":\"https:\\\/\\\/diariodepe.com.br\\\/cri\\\/#\\\/schema\\\/logo\\\/image\\\/\"}},{\"@type\":\"Person\",\"@id\":\"https:\\\/\\\/diariodepe.com.br\\\/cri\\\/#\\\/schema\\\/person\\\/121bb28d84f1a5b1205ef4ce9c2e0c6b\",\"name\":\"Ismael Lucas S. Pereira\",\"image\":{\"@type\":\"ImageObject\",\"inLanguage\":\"pt-BR\",\"@id\":\"https:\\\/\\\/secure.gravatar.com\\\/avatar\\\/887a0f3b5a7ceea963a48499fb883ffce6b5037362def025c52c2505b15d63e4?s=96&d=mm&r=g\",\"url\":\"https:\\\/\\\/secure.gravatar.com\\\/avatar\\\/887a0f3b5a7ceea963a48499fb883ffce6b5037362def025c52c2505b15d63e4?s=96&d=mm&r=g\",\"contentUrl\":\"https:\\\/\\\/secure.gravatar.com\\\/avatar\\\/887a0f3b5a7ceea963a48499fb883ffce6b5037362def025c52c2505b15d63e4?s=96&d=mm&r=g\",\"caption\":\"Ismael Lucas S. Pereira\"},\"url\":\"https:\\\/\\\/diariodepe.com.br\\\/cri\\\/author\\\/ismael-lucas\\\/\"}]}<\/script>\n<!-- \/ Yoast SEO plugin. -->","yoast_head_json":{"title":"Uso de tarifas pela UE para suprimir os carros el\u00e9tricos chineses n\u00e3o suceder\u00e1 - CRI e Diario de Pernambuco","robots":{"index":"index","follow":"follow","max-snippet":"max-snippet:-1","max-image-preview":"max-image-preview:large","max-video-preview":"max-video-preview:-1"},"canonical":"https:\/\/diariodepe.com.br\/cri\/2024\/06\/17\/uso-de-tarifas-pela-ue-para-suprimir-os-carros-eletricos-chineses-nao-sucedera\/","og_locale":"pt_BR","og_type":"article","og_title":"Uso de tarifas pela UE para suprimir os carros el\u00e9tricos chineses n\u00e3o suceder\u00e1 - CRI e Diario de Pernambuco","og_description":"&#8220;Para a Europa, especialmente para a ind\u00fastria automobil\u00edstica alem\u00e3, esta decis\u00e3o da Uni\u00e3o Europeia traz mais preju\u00edzos do que benef\u00edcios e n\u00e3o favorece o aumento da competitividade do setor automotivo europeu.\u201d A afirma\u00e7\u00e3o foi feita por um respons\u00e1vel do grupo...","og_url":"https:\/\/diariodepe.com.br\/cri\/2024\/06\/17\/uso-de-tarifas-pela-ue-para-suprimir-os-carros-eletricos-chineses-nao-sucedera\/","og_site_name":"CRI e Diario de Pernambuco","article_published_time":"2024-06-17T10:52:00+00:00","og_image":[{"url":"https:\/\/p5crires.cri.cn\/photoworkspace\/cri\/contentimg\/2024\/06\/13\/2024061322141956261.jpg","type":"","width":"","height":""}],"author":"Ismael Lucas S. Pereira","twitter_card":"summary_large_image","twitter_misc":{"Escrito por":"Ismael Lucas S. Pereira","Est. tempo de leitura":"4 minutos"},"schema":{"@context":"https:\/\/schema.org","@graph":[{"@type":"Article","@id":"https:\/\/diariodepe.com.br\/cri\/2024\/06\/17\/uso-de-tarifas-pela-ue-para-suprimir-os-carros-eletricos-chineses-nao-sucedera\/#article","isPartOf":{"@id":"https:\/\/diariodepe.com.br\/cri\/2024\/06\/17\/uso-de-tarifas-pela-ue-para-suprimir-os-carros-eletricos-chineses-nao-sucedera\/"},"author":{"name":"Ismael Lucas S. Pereira","@id":"https:\/\/diariodepe.com.br\/cri\/#\/schema\/person\/121bb28d84f1a5b1205ef4ce9c2e0c6b"},"headline":"Uso de tarifas pela UE para suprimir os carros el\u00e9tricos chineses n\u00e3o suceder\u00e1","datePublished":"2024-06-17T10:52:00+00:00","mainEntityOfPage":{"@id":"https:\/\/diariodepe.com.br\/cri\/2024\/06\/17\/uso-de-tarifas-pela-ue-para-suprimir-os-carros-eletricos-chineses-nao-sucedera\/"},"wordCount":579,"commentCount":0,"publisher":{"@id":"https:\/\/diariodepe.com.br\/cri\/#organization"},"image":{"@id":"https:\/\/diariodepe.com.br\/cri\/2024\/06\/17\/uso-de-tarifas-pela-ue-para-suprimir-os-carros-eletricos-chineses-nao-sucedera\/#primaryimage"},"thumbnailUrl":"https:\/\/p5crires.cri.cn\/photoworkspace\/cri\/contentimg\/2024\/06\/13\/2024061322141956261.jpg","articleSection":["Vis\u00e3o"],"inLanguage":"pt-BR","potentialAction":[{"@type":"CommentAction","name":"Comment","target":["https:\/\/diariodepe.com.br\/cri\/2024\/06\/17\/uso-de-tarifas-pela-ue-para-suprimir-os-carros-eletricos-chineses-nao-sucedera\/#respond"]}]},{"@type":"WebPage","@id":"https:\/\/diariodepe.com.br\/cri\/2024\/06\/17\/uso-de-tarifas-pela-ue-para-suprimir-os-carros-eletricos-chineses-nao-sucedera\/","url":"https:\/\/diariodepe.com.br\/cri\/2024\/06\/17\/uso-de-tarifas-pela-ue-para-suprimir-os-carros-eletricos-chineses-nao-sucedera\/","name":"Uso de tarifas pela UE para suprimir os carros el\u00e9tricos chineses n\u00e3o suceder\u00e1 - CRI e Diario de Pernambuco","isPartOf":{"@id":"https:\/\/diariodepe.com.br\/cri\/#website"},"primaryImageOfPage":{"@id":"https:\/\/diariodepe.com.br\/cri\/2024\/06\/17\/uso-de-tarifas-pela-ue-para-suprimir-os-carros-eletricos-chineses-nao-sucedera\/#primaryimage"},"image":{"@id":"https:\/\/diariodepe.com.br\/cri\/2024\/06\/17\/uso-de-tarifas-pela-ue-para-suprimir-os-carros-eletricos-chineses-nao-sucedera\/#primaryimage"},"thumbnailUrl":"https:\/\/p5crires.cri.cn\/photoworkspace\/cri\/contentimg\/2024\/06\/13\/2024061322141956261.jpg","datePublished":"2024-06-17T10:52:00+00:00","breadcrumb":{"@id":"https:\/\/diariodepe.com.br\/cri\/2024\/06\/17\/uso-de-tarifas-pela-ue-para-suprimir-os-carros-eletricos-chineses-nao-sucedera\/#breadcrumb"},"inLanguage":"pt-BR","potentialAction":[{"@type":"ReadAction","target":["https:\/\/diariodepe.com.br\/cri\/2024\/06\/17\/uso-de-tarifas-pela-ue-para-suprimir-os-carros-eletricos-chineses-nao-sucedera\/"]}]},{"@type":"ImageObject","inLanguage":"pt-BR","@id":"https:\/\/diariodepe.com.br\/cri\/2024\/06\/17\/uso-de-tarifas-pela-ue-para-suprimir-os-carros-eletricos-chineses-nao-sucedera\/#primaryimage","url":"https:\/\/p5crires.cri.cn\/photoworkspace\/cri\/contentimg\/2024\/06\/13\/2024061322141956261.jpg","contentUrl":"https:\/\/p5crires.cri.cn\/photoworkspace\/cri\/contentimg\/2024\/06\/13\/2024061322141956261.jpg"},{"@type":"BreadcrumbList","@id":"https:\/\/diariodepe.com.br\/cri\/2024\/06\/17\/uso-de-tarifas-pela-ue-para-suprimir-os-carros-eletricos-chineses-nao-sucedera\/#breadcrumb","itemListElement":[{"@type":"ListItem","position":1,"name":"In\u00edcio","item":"https:\/\/diariodepe.com.br\/cri\/"},{"@type":"ListItem","position":2,"name":"Uso de tarifas pela UE para suprimir os carros el\u00e9tricos chineses n\u00e3o suceder\u00e1"}]},{"@type":"WebSite","@id":"https:\/\/diariodepe.com.br\/cri\/#website","url":"https:\/\/diariodepe.com.br\/cri\/","name":"CRI e Diario de Pernambuco","description":"R\u00e1dio Internacional da China","publisher":{"@id":"https:\/\/diariodepe.com.br\/cri\/#organization"},"potentialAction":[{"@type":"SearchAction","target":{"@type":"EntryPoint","urlTemplate":"https:\/\/diariodepe.com.br\/cri\/?s={search_term_string}"},"query-input":{"@type":"PropertyValueSpecification","valueRequired":true,"valueName":"search_term_string"}}],"inLanguage":"pt-BR"},{"@type":"Organization","@id":"https:\/\/diariodepe.com.br\/cri\/#organization","name":"CRI e Diario de Pernambuco","url":"https:\/\/diariodepe.com.br\/cri\/","logo":{"@type":"ImageObject","inLanguage":"pt-BR","@id":"https:\/\/diariodepe.com.br\/cri\/#\/schema\/logo\/image\/","url":"https:\/\/diariodepe.com.br\/cri\/wp-content\/uploads\/sites\/2\/2022\/12\/cropped-Logo.jpg","contentUrl":"https:\/\/diariodepe.com.br\/cri\/wp-content\/uploads\/sites\/2\/2022\/12\/cropped-Logo.jpg","width":700,"height":59,"caption":"CRI e Diario de Pernambuco"},"image":{"@id":"https:\/\/diariodepe.com.br\/cri\/#\/schema\/logo\/image\/"}},{"@type":"Person","@id":"https:\/\/diariodepe.com.br\/cri\/#\/schema\/person\/121bb28d84f1a5b1205ef4ce9c2e0c6b","name":"Ismael Lucas S. Pereira","image":{"@type":"ImageObject","inLanguage":"pt-BR","@id":"https:\/\/secure.gravatar.com\/avatar\/887a0f3b5a7ceea963a48499fb883ffce6b5037362def025c52c2505b15d63e4?s=96&d=mm&r=g","url":"https:\/\/secure.gravatar.com\/avatar\/887a0f3b5a7ceea963a48499fb883ffce6b5037362def025c52c2505b15d63e4?s=96&d=mm&r=g","contentUrl":"https:\/\/secure.gravatar.com\/avatar\/887a0f3b5a7ceea963a48499fb883ffce6b5037362def025c52c2505b15d63e4?s=96&d=mm&r=g","caption":"Ismael Lucas S. Pereira"},"url":"https:\/\/diariodepe.com.br\/cri\/author\/ismael-lucas\/"}]}},"cc_featured_image_caption":{"caption_text":false,"source_text":false,"source_url":false},"amp_enabled":true,"_links":{"self":[{"href":"https:\/\/diariodepe.com.br\/cri\/wp-json\/wp\/v2\/posts\/5550","targetHints":{"allow":["GET"]}}],"collection":[{"href":"https:\/\/diariodepe.com.br\/cri\/wp-json\/wp\/v2\/posts"}],"about":[{"href":"https:\/\/diariodepe.com.br\/cri\/wp-json\/wp\/v2\/types\/post"}],"author":[{"embeddable":true,"href":"https:\/\/diariodepe.com.br\/cri\/wp-json\/wp\/v2\/users\/2"}],"replies":[{"embeddable":true,"href":"https:\/\/diariodepe.com.br\/cri\/wp-json\/wp\/v2\/comments?post=5550"}],"version-history":[{"count":1,"href":"https:\/\/diariodepe.com.br\/cri\/wp-json\/wp\/v2\/posts\/5550\/revisions"}],"predecessor-version":[{"id":5551,"href":"https:\/\/diariodepe.com.br\/cri\/wp-json\/wp\/v2\/posts\/5550\/revisions\/5551"}],"wp:attachment":[{"href":"https:\/\/diariodepe.com.br\/cri\/wp-json\/wp\/v2\/media?parent=5550"}],"wp:term":[{"taxonomy":"category","embeddable":true,"href":"https:\/\/diariodepe.com.br\/cri\/wp-json\/wp\/v2\/categories?post=5550"},{"taxonomy":"post_tag","embeddable":true,"href":"https:\/\/diariodepe.com.br\/cri\/wp-json\/wp\/v2\/tags?post=5550"}],"curies":[{"name":"wp","href":"https:\/\/api.w.org\/{rel}","templated":true}]}}