{"id":5548,"date":"2024-06-17T07:51:15","date_gmt":"2024-06-17T10:51:15","guid":{"rendered":"https:\/\/diariodepe.com.br\/cri\/?p=5548"},"modified":"2024-06-17T07:51:15","modified_gmt":"2024-06-17T10:51:15","slug":"comercio-exterior-da-china-avanca-apesar-de-desafios","status":"publish","type":"post","link":"https:\/\/diariodepe.com.br\/cri\/2024\/06\/17\/comercio-exterior-da-china-avanca-apesar-de-desafios\/","title":{"rendered":"Com\u00e9rcio exterior da China avan\u00e7a apesar de desafios"},"content":{"rendered":"<p data-spm-anchor-id=\"0.0.0.i1\">Dados oficiais divulgados no come\u00e7o dessa semana mostram que a China exportou nos primeiros cinco meses deste ano, 2,45 milh\u00f5es de unidades de autom\u00f3veis, um aumento de 27% em rela\u00e7\u00e3o ao mesmo per\u00edodo do ano passado. Os ve\u00edculos movidos a energias novas tornaram-se uma importante for\u00e7a motriz para o crescimento do com\u00e9rcio ao exterior do pa\u00eds.<\/p>\n<p>Apesar do contexto internacional complicado, o com\u00e9rcio exterior da China conseguiu resistir \u00e0 press\u00e3o com os produtos qualificados. De janeiro a maio, o com\u00e9rcio de mercadorias do pa\u00eds chegou a 17,5 bilh\u00f5es de yuans, um crescimento de 6,3% em compara\u00e7\u00e3o com o mesmo per\u00edodo do ano passado. Apesar das restri\u00e7\u00f5es comerciais impostas pelos Estados Unidos e pela Europa \u00e0 China, o com\u00e9rcio exterior do pa\u00eds asi\u00e1tico alcan\u00e7ou resultados melhores do que o esperado, refletindo a forte resili\u00eancia da economia chinesa.<\/p>\n<p>Al\u00e9m da consolida\u00e7\u00e3o de uma tend\u00eancia positiva geral, o com\u00e9rcio exterior da China mostrou dinamismo marcado por produtos de alta qualidade, inteligentes e verdes. Nos primeiros cinco meses deste ano, os produtos eletromec\u00e2nicos com alto conte\u00fado t\u00e9cnico e valor agregado representaram quase 60% das exporta\u00e7\u00f5es de bens comerciais do pa\u00eds.<\/p>\n<p>A competitividade das empresas chinesas decorre principalmente de sua cadeia industrial completa e de seu sistema de cadeia de suprimentos, das vantagens em tecnologia gra\u00e7as \u00e0 inova\u00e7\u00e3o cont\u00ednua, de seu enorme mercado e de suas ricas vantagens em recursos humanos.<\/p>\n<p>Na verdade, a China n\u00e3o s\u00f3 fornece ao mundo produtos de qualidade, mas tamb\u00e9m novas oportunidades e grandes mercados. As importa\u00e7\u00f5es de bens comerciais da China aumentaram 6,4% nos primeiros cinco meses deste ano.<\/p>\n<p>Institui\u00e7\u00f5es financeiras internacionais como o Fundo Monet\u00e1rio Internacional (FMI), o BNP Pariba e o Bank of America, anunciaram a eleva\u00e7\u00e3o da sua expectativa com o crescimento do PIB chin\u00eas de 2024 para 5%. Gra\u00e7as \u00e0 sua enorme economia, \u00e0s ind\u00fastrias maduras e ao crescente grupo de pessoas com renda m\u00e9dia, a China continua sendo o maior motor do crescimento da economia global.<\/p>\n","protected":false},"excerpt":{"rendered":"<p>Dados oficiais divulgados no come\u00e7o dessa semana mostram que a China exportou nos primeiros cinco meses deste ano, 2,45 milh\u00f5es de unidades de autom\u00f3veis, um aumento de 27% em rela\u00e7\u00e3o ao mesmo per\u00edodo do ano passado. Os ve\u00edculos movidos a&#8230;<\/p>\n","protected":false},"author":2,"featured_media":0,"comment_status":"open","ping_status":"open","sticky":false,"template":"","format":"standard","meta":{"footnotes":""},"categories":[7],"tags":[],"class_list":["post-5548","post","type-post","status-publish","format-standard","hentry","category-visao"],"yoast_head":"<!-- This site is optimized with the Yoast SEO plugin v27.4 - https:\/\/yoast.com\/product\/yoast-seo-wordpress\/ -->\n<title>Com\u00e9rcio exterior da China avan\u00e7a apesar de desafios - CRI e Diario de Pernambuco<\/title>\n<meta name=\"robots\" content=\"index, follow, max-snippet:-1, max-image-preview:large, max-video-preview:-1\" \/>\n<link rel=\"canonical\" href=\"https:\/\/diariodepe.com.br\/cri\/2024\/06\/17\/comercio-exterior-da-china-avanca-apesar-de-desafios\/\" \/>\n<meta property=\"og:locale\" content=\"pt_BR\" \/>\n<meta property=\"og:type\" content=\"article\" \/>\n<meta property=\"og:title\" content=\"Com\u00e9rcio exterior da China avan\u00e7a apesar de desafios - CRI e Diario de Pernambuco\" \/>\n<meta property=\"og:description\" content=\"Dados oficiais divulgados no come\u00e7o dessa semana mostram que a China exportou nos primeiros cinco meses deste ano, 2,45 milh\u00f5es de unidades de autom\u00f3veis, um aumento de 27% em rela\u00e7\u00e3o ao mesmo per\u00edodo do ano passado. Os ve\u00edculos movidos a...\" \/>\n<meta property=\"og:url\" content=\"https:\/\/diariodepe.com.br\/cri\/2024\/06\/17\/comercio-exterior-da-china-avanca-apesar-de-desafios\/\" \/>\n<meta property=\"og:site_name\" content=\"CRI e Diario de Pernambuco\" \/>\n<meta property=\"article:published_time\" content=\"2024-06-17T10:51:15+00:00\" \/>\n<meta name=\"author\" content=\"Ismael Lucas S. Pereira\" \/>\n<meta name=\"twitter:card\" content=\"summary_large_image\" \/>\n<meta name=\"twitter:label1\" content=\"Escrito por\" \/>\n\t<meta name=\"twitter:data1\" content=\"Ismael Lucas S. Pereira\" \/>\n<script type=\"application\/ld+json\" class=\"yoast-schema-graph\">{\"@context\":\"https:\\\/\\\/schema.org\",\"@graph\":[{\"@type\":\"Article\",\"@id\":\"https:\\\/\\\/diariodepe.com.br\\\/cri\\\/2024\\\/06\\\/17\\\/comercio-exterior-da-china-avanca-apesar-de-desafios\\\/#article\",\"isPartOf\":{\"@id\":\"https:\\\/\\\/diariodepe.com.br\\\/cri\\\/2024\\\/06\\\/17\\\/comercio-exterior-da-china-avanca-apesar-de-desafios\\\/\"},\"author\":{\"name\":\"Ismael Lucas S. Pereira\",\"@id\":\"https:\\\/\\\/diariodepe.com.br\\\/cri\\\/#\\\/schema\\\/person\\\/121bb28d84f1a5b1205ef4ce9c2e0c6b\"},\"headline\":\"Com\u00e9rcio exterior da China avan\u00e7a apesar de desafios\",\"datePublished\":\"2024-06-17T10:51:15+00:00\",\"mainEntityOfPage\":{\"@id\":\"https:\\\/\\\/diariodepe.com.br\\\/cri\\\/2024\\\/06\\\/17\\\/comercio-exterior-da-china-avanca-apesar-de-desafios\\\/\"},\"wordCount\":364,\"commentCount\":0,\"publisher\":{\"@id\":\"https:\\\/\\\/diariodepe.com.br\\\/cri\\\/#organization\"},\"articleSection\":[\"Vis\u00e3o\"],\"inLanguage\":\"pt-BR\",\"potentialAction\":[{\"@type\":\"CommentAction\",\"name\":\"Comment\",\"target\":[\"https:\\\/\\\/diariodepe.com.br\\\/cri\\\/2024\\\/06\\\/17\\\/comercio-exterior-da-china-avanca-apesar-de-desafios\\\/#respond\"]}]},{\"@type\":\"WebPage\",\"@id\":\"https:\\\/\\\/diariodepe.com.br\\\/cri\\\/2024\\\/06\\\/17\\\/comercio-exterior-da-china-avanca-apesar-de-desafios\\\/\",\"url\":\"https:\\\/\\\/diariodepe.com.br\\\/cri\\\/2024\\\/06\\\/17\\\/comercio-exterior-da-china-avanca-apesar-de-desafios\\\/\",\"name\":\"Com\u00e9rcio exterior da China avan\u00e7a apesar de desafios - CRI e Diario de Pernambuco\",\"isPartOf\":{\"@id\":\"https:\\\/\\\/diariodepe.com.br\\\/cri\\\/#website\"},\"datePublished\":\"2024-06-17T10:51:15+00:00\",\"breadcrumb\":{\"@id\":\"https:\\\/\\\/diariodepe.com.br\\\/cri\\\/2024\\\/06\\\/17\\\/comercio-exterior-da-china-avanca-apesar-de-desafios\\\/#breadcrumb\"},\"inLanguage\":\"pt-BR\",\"potentialAction\":[{\"@type\":\"ReadAction\",\"target\":[\"https:\\\/\\\/diariodepe.com.br\\\/cri\\\/2024\\\/06\\\/17\\\/comercio-exterior-da-china-avanca-apesar-de-desafios\\\/\"]}]},{\"@type\":\"BreadcrumbList\",\"@id\":\"https:\\\/\\\/diariodepe.com.br\\\/cri\\\/2024\\\/06\\\/17\\\/comercio-exterior-da-china-avanca-apesar-de-desafios\\\/#breadcrumb\",\"itemListElement\":[{\"@type\":\"ListItem\",\"position\":1,\"name\":\"In\u00edcio\",\"item\":\"https:\\\/\\\/diariodepe.com.br\\\/cri\\\/\"},{\"@type\":\"ListItem\",\"position\":2,\"name\":\"Com\u00e9rcio exterior da China avan\u00e7a apesar de desafios\"}]},{\"@type\":\"WebSite\",\"@id\":\"https:\\\/\\\/diariodepe.com.br\\\/cri\\\/#website\",\"url\":\"https:\\\/\\\/diariodepe.com.br\\\/cri\\\/\",\"name\":\"CRI e Diario de Pernambuco\",\"description\":\"R\u00e1dio Internacional da China\",\"publisher\":{\"@id\":\"https:\\\/\\\/diariodepe.com.br\\\/cri\\\/#organization\"},\"potentialAction\":[{\"@type\":\"SearchAction\",\"target\":{\"@type\":\"EntryPoint\",\"urlTemplate\":\"https:\\\/\\\/diariodepe.com.br\\\/cri\\\/?s={search_term_string}\"},\"query-input\":{\"@type\":\"PropertyValueSpecification\",\"valueRequired\":true,\"valueName\":\"search_term_string\"}}],\"inLanguage\":\"pt-BR\"},{\"@type\":\"Organization\",\"@id\":\"https:\\\/\\\/diariodepe.com.br\\\/cri\\\/#organization\",\"name\":\"CRI e Diario de Pernambuco\",\"url\":\"https:\\\/\\\/diariodepe.com.br\\\/cri\\\/\",\"logo\":{\"@type\":\"ImageObject\",\"inLanguage\":\"pt-BR\",\"@id\":\"https:\\\/\\\/diariodepe.com.br\\\/cri\\\/#\\\/schema\\\/logo\\\/image\\\/\",\"url\":\"https:\\\/\\\/diariodepe.com.br\\\/cri\\\/wp-content\\\/uploads\\\/sites\\\/2\\\/2022\\\/12\\\/cropped-Logo.jpg\",\"contentUrl\":\"https:\\\/\\\/diariodepe.com.br\\\/cri\\\/wp-content\\\/uploads\\\/sites\\\/2\\\/2022\\\/12\\\/cropped-Logo.jpg\",\"width\":700,\"height\":59,\"caption\":\"CRI e Diario de Pernambuco\"},\"image\":{\"@id\":\"https:\\\/\\\/diariodepe.com.br\\\/cri\\\/#\\\/schema\\\/logo\\\/image\\\/\"}},{\"@type\":\"Person\",\"@id\":\"https:\\\/\\\/diariodepe.com.br\\\/cri\\\/#\\\/schema\\\/person\\\/121bb28d84f1a5b1205ef4ce9c2e0c6b\",\"name\":\"Ismael Lucas S. Pereira\",\"image\":{\"@type\":\"ImageObject\",\"inLanguage\":\"pt-BR\",\"@id\":\"https:\\\/\\\/secure.gravatar.com\\\/avatar\\\/887a0f3b5a7ceea963a48499fb883ffce6b5037362def025c52c2505b15d63e4?s=96&d=mm&r=g\",\"url\":\"https:\\\/\\\/secure.gravatar.com\\\/avatar\\\/887a0f3b5a7ceea963a48499fb883ffce6b5037362def025c52c2505b15d63e4?s=96&d=mm&r=g\",\"contentUrl\":\"https:\\\/\\\/secure.gravatar.com\\\/avatar\\\/887a0f3b5a7ceea963a48499fb883ffce6b5037362def025c52c2505b15d63e4?s=96&d=mm&r=g\",\"caption\":\"Ismael Lucas S. Pereira\"},\"url\":\"https:\\\/\\\/diariodepe.com.br\\\/cri\\\/author\\\/ismael-lucas\\\/\"}]}<\/script>\n<!-- \/ Yoast SEO plugin. -->","yoast_head_json":{"title":"Com\u00e9rcio exterior da China avan\u00e7a apesar de desafios - CRI e Diario de Pernambuco","robots":{"index":"index","follow":"follow","max-snippet":"max-snippet:-1","max-image-preview":"max-image-preview:large","max-video-preview":"max-video-preview:-1"},"canonical":"https:\/\/diariodepe.com.br\/cri\/2024\/06\/17\/comercio-exterior-da-china-avanca-apesar-de-desafios\/","og_locale":"pt_BR","og_type":"article","og_title":"Com\u00e9rcio exterior da China avan\u00e7a apesar de desafios - CRI e Diario de Pernambuco","og_description":"Dados oficiais divulgados no come\u00e7o dessa semana mostram que a China exportou nos primeiros cinco meses deste ano, 2,45 milh\u00f5es de unidades de autom\u00f3veis, um aumento de 27% em rela\u00e7\u00e3o ao mesmo per\u00edodo do ano passado. Os ve\u00edculos movidos a...","og_url":"https:\/\/diariodepe.com.br\/cri\/2024\/06\/17\/comercio-exterior-da-china-avanca-apesar-de-desafios\/","og_site_name":"CRI e Diario de Pernambuco","article_published_time":"2024-06-17T10:51:15+00:00","author":"Ismael Lucas S. Pereira","twitter_card":"summary_large_image","twitter_misc":{"Escrito por":"Ismael Lucas S. Pereira"},"schema":{"@context":"https:\/\/schema.org","@graph":[{"@type":"Article","@id":"https:\/\/diariodepe.com.br\/cri\/2024\/06\/17\/comercio-exterior-da-china-avanca-apesar-de-desafios\/#article","isPartOf":{"@id":"https:\/\/diariodepe.com.br\/cri\/2024\/06\/17\/comercio-exterior-da-china-avanca-apesar-de-desafios\/"},"author":{"name":"Ismael Lucas S. Pereira","@id":"https:\/\/diariodepe.com.br\/cri\/#\/schema\/person\/121bb28d84f1a5b1205ef4ce9c2e0c6b"},"headline":"Com\u00e9rcio exterior da China avan\u00e7a apesar de desafios","datePublished":"2024-06-17T10:51:15+00:00","mainEntityOfPage":{"@id":"https:\/\/diariodepe.com.br\/cri\/2024\/06\/17\/comercio-exterior-da-china-avanca-apesar-de-desafios\/"},"wordCount":364,"commentCount":0,"publisher":{"@id":"https:\/\/diariodepe.com.br\/cri\/#organization"},"articleSection":["Vis\u00e3o"],"inLanguage":"pt-BR","potentialAction":[{"@type":"CommentAction","name":"Comment","target":["https:\/\/diariodepe.com.br\/cri\/2024\/06\/17\/comercio-exterior-da-china-avanca-apesar-de-desafios\/#respond"]}]},{"@type":"WebPage","@id":"https:\/\/diariodepe.com.br\/cri\/2024\/06\/17\/comercio-exterior-da-china-avanca-apesar-de-desafios\/","url":"https:\/\/diariodepe.com.br\/cri\/2024\/06\/17\/comercio-exterior-da-china-avanca-apesar-de-desafios\/","name":"Com\u00e9rcio exterior da China avan\u00e7a apesar de desafios - CRI e Diario de Pernambuco","isPartOf":{"@id":"https:\/\/diariodepe.com.br\/cri\/#website"},"datePublished":"2024-06-17T10:51:15+00:00","breadcrumb":{"@id":"https:\/\/diariodepe.com.br\/cri\/2024\/06\/17\/comercio-exterior-da-china-avanca-apesar-de-desafios\/#breadcrumb"},"inLanguage":"pt-BR","potentialAction":[{"@type":"ReadAction","target":["https:\/\/diariodepe.com.br\/cri\/2024\/06\/17\/comercio-exterior-da-china-avanca-apesar-de-desafios\/"]}]},{"@type":"BreadcrumbList","@id":"https:\/\/diariodepe.com.br\/cri\/2024\/06\/17\/comercio-exterior-da-china-avanca-apesar-de-desafios\/#breadcrumb","itemListElement":[{"@type":"ListItem","position":1,"name":"In\u00edcio","item":"https:\/\/diariodepe.com.br\/cri\/"},{"@type":"ListItem","position":2,"name":"Com\u00e9rcio exterior da China avan\u00e7a apesar de desafios"}]},{"@type":"WebSite","@id":"https:\/\/diariodepe.com.br\/cri\/#website","url":"https:\/\/diariodepe.com.br\/cri\/","name":"CRI e Diario de Pernambuco","description":"R\u00e1dio Internacional da China","publisher":{"@id":"https:\/\/diariodepe.com.br\/cri\/#organization"},"potentialAction":[{"@type":"SearchAction","target":{"@type":"EntryPoint","urlTemplate":"https:\/\/diariodepe.com.br\/cri\/?s={search_term_string}"},"query-input":{"@type":"PropertyValueSpecification","valueRequired":true,"valueName":"search_term_string"}}],"inLanguage":"pt-BR"},{"@type":"Organization","@id":"https:\/\/diariodepe.com.br\/cri\/#organization","name":"CRI e Diario de Pernambuco","url":"https:\/\/diariodepe.com.br\/cri\/","logo":{"@type":"ImageObject","inLanguage":"pt-BR","@id":"https:\/\/diariodepe.com.br\/cri\/#\/schema\/logo\/image\/","url":"https:\/\/diariodepe.com.br\/cri\/wp-content\/uploads\/sites\/2\/2022\/12\/cropped-Logo.jpg","contentUrl":"https:\/\/diariodepe.com.br\/cri\/wp-content\/uploads\/sites\/2\/2022\/12\/cropped-Logo.jpg","width":700,"height":59,"caption":"CRI e Diario de Pernambuco"},"image":{"@id":"https:\/\/diariodepe.com.br\/cri\/#\/schema\/logo\/image\/"}},{"@type":"Person","@id":"https:\/\/diariodepe.com.br\/cri\/#\/schema\/person\/121bb28d84f1a5b1205ef4ce9c2e0c6b","name":"Ismael Lucas S. Pereira","image":{"@type":"ImageObject","inLanguage":"pt-BR","@id":"https:\/\/secure.gravatar.com\/avatar\/887a0f3b5a7ceea963a48499fb883ffce6b5037362def025c52c2505b15d63e4?s=96&d=mm&r=g","url":"https:\/\/secure.gravatar.com\/avatar\/887a0f3b5a7ceea963a48499fb883ffce6b5037362def025c52c2505b15d63e4?s=96&d=mm&r=g","contentUrl":"https:\/\/secure.gravatar.com\/avatar\/887a0f3b5a7ceea963a48499fb883ffce6b5037362def025c52c2505b15d63e4?s=96&d=mm&r=g","caption":"Ismael Lucas S. Pereira"},"url":"https:\/\/diariodepe.com.br\/cri\/author\/ismael-lucas\/"}]}},"cc_featured_image_caption":{"caption_text":false,"source_text":false,"source_url":false},"amp_enabled":true,"_links":{"self":[{"href":"https:\/\/diariodepe.com.br\/cri\/wp-json\/wp\/v2\/posts\/5548","targetHints":{"allow":["GET"]}}],"collection":[{"href":"https:\/\/diariodepe.com.br\/cri\/wp-json\/wp\/v2\/posts"}],"about":[{"href":"https:\/\/diariodepe.com.br\/cri\/wp-json\/wp\/v2\/types\/post"}],"author":[{"embeddable":true,"href":"https:\/\/diariodepe.com.br\/cri\/wp-json\/wp\/v2\/users\/2"}],"replies":[{"embeddable":true,"href":"https:\/\/diariodepe.com.br\/cri\/wp-json\/wp\/v2\/comments?post=5548"}],"version-history":[{"count":1,"href":"https:\/\/diariodepe.com.br\/cri\/wp-json\/wp\/v2\/posts\/5548\/revisions"}],"predecessor-version":[{"id":5549,"href":"https:\/\/diariodepe.com.br\/cri\/wp-json\/wp\/v2\/posts\/5548\/revisions\/5549"}],"wp:attachment":[{"href":"https:\/\/diariodepe.com.br\/cri\/wp-json\/wp\/v2\/media?parent=5548"}],"wp:term":[{"taxonomy":"category","embeddable":true,"href":"https:\/\/diariodepe.com.br\/cri\/wp-json\/wp\/v2\/categories?post=5548"},{"taxonomy":"post_tag","embeddable":true,"href":"https:\/\/diariodepe.com.br\/cri\/wp-json\/wp\/v2\/tags?post=5548"}],"curies":[{"name":"wp","href":"https:\/\/api.w.org\/{rel}","templated":true}]}}