{"id":5537,"date":"2024-06-16T09:15:12","date_gmt":"2024-06-16T12:15:12","guid":{"rendered":"https:\/\/diariodepe.com.br\/cri\/?p=5537"},"modified":"2024-06-16T09:15:12","modified_gmt":"2024-06-16T12:15:12","slug":"figueiras-e-a-heranca-do-espirito-da-reforma-chinesa","status":"publish","type":"post","link":"https:\/\/diariodepe.com.br\/cri\/2024\/06\/16\/figueiras-e-a-heranca-do-espirito-da-reforma-chinesa\/","title":{"rendered":"Figueiras e a heran\u00e7a do esp\u00edrito da reforma chinesa"},"content":{"rendered":"<p>A figueira-asi\u00e1tica tem uma vitalidade incr\u00edvel. N\u00e3o importa qu\u00e3o \u00e1rida seja a terra, ela pode romper a superf\u00edcie.<\/p>\n<p>Em 2000, Xi Zhongxun, o pai do presidente Xi Jinping, de 87 anos, plantou junto com os membros da fam\u00edlia uma figueira-asi\u00e1tica em sua resid\u00eancia em Shenzhen que mostrou o desejo dele de acompanhar o desenvolvimento da cidade.<\/p>\n<p>Em dezembro de 1978, a Terceira Sess\u00e3o Plen\u00e1ria do D\u00e9cimo Primeiro Comit\u00e9 Central do Partido Comunista da China inaugurou a reforma e abertura e a nova \u00e9poca da constru\u00e7\u00e3o da moderniza\u00e7\u00e3o socialista do pa\u00eds.<\/p>\n<p>Para estimular o desenvolvimento regional \u00a0de Guangdong na reforma e abertura, Xi Zhongxun, o\u00a0ent\u00e3o secret\u00e1rio do Comit\u00ea Provincial, programou uma s\u00e9rie de pol\u00edticas criativas, fazendo com que a prov\u00edncia de Guangdong ganhasse resultados not\u00e1veis no processo de reforma e abertura da China.<\/p>\n<p>Os pensamentos de Xi Zhongxun e as pr\u00e1ticas que ele alcan\u00e7ou na reforma e abertura t\u00eam uma influ\u00eancia profunda para Xi Jinping na governan\u00e7a do pa\u00eds.<\/p>\n<p>Em Hebei, para resolver a escassez de \u00a0talentos cient\u00edficos e tecnol\u00f3gicos no condado onde o presidente chin\u00eas trabalhou, ele recrutou corajosamente e aceitou amplamente talentos de todos os tipos. Requisitos como permitir projetos de investiga\u00e7\u00e3o falharem sem responsabilizar os autores e pagar sal\u00e1rios e custo de transporte sem avaliar o sucesso ou fracasso dos \u00a0projetos cient\u00edficos ganharam grande sucesso para resolver a escassez de talentos.<\/p>\n<p>Em Fujian, Xi Jinping prop\u00f4s a dire\u00e7\u00e3o do desenvolvimento econ\u00f4mico do condado e criou o conceito de &#8220;edif\u00edcio \u00fanico&#8221; para tratar assuntos relacionados ao com\u00e9rcio exterior. Em Shanghai, ele destacou a import\u00e2ncia da integra\u00e7\u00e3o do Delta do Rio Yangtze.<\/p>\n<p>Xi Jinping enfatizou que a chave para \u00a0resolver contradi\u00e7\u00f5es e desafios no desenvolvimento da China \u00e9 um aprofundamento de reforma de forma \u00a0abrangente que exige perseveran\u00e7a e coragem dos membros do partido comunista.<\/p>\n<p>A luta da China contra a corrup\u00e7\u00e3o \u00e9 uma reforma, governar o pa\u00eds de acordo com a lei \u00e9 uma reforma, o al\u00edvio da pobreza \u00e9 uma reforma, a reorganiza\u00e7\u00e3o das for\u00e7as armadas \u00e9 uma reforma, e a reforma das institui\u00e7\u00f5es partid\u00e1rias e governamentais \u00e9 tamb\u00e9m uma grande reforma. Sem a determina\u00e7\u00e3o de Xi Jinping, muitas reformas importantes seriam dif\u00edceis de alcan\u00e7ar, uma avalia\u00e7\u00e3o semelhante sobre como Xi Zhongxun promoveu firmemente a reforma e a abertura de Guangdong.<\/p>\n<p>Em \u00a02012, o presidente chin\u00eas plantou uma figueira-asi\u00e1tica no Parque de \u00a0Lianhuashan, em Shenzhen, onde ele revisou o caminho de reforma dos seus pais e pensou sobre adire\u00e7\u00e3o de desenvolvimento subsequente da reforma da China. Hoje o pa\u00eds est\u00e1 desenhando um novo \u00a0plano, seguindo o esp\u00edrito da reforma herdado das duas figueiras, para construir de forma abrangente um socialismo moderno com Guangdong como ponto de partida da reforma e abertura da China.<\/p>\n","protected":false},"excerpt":{"rendered":"<p>A figueira-asi\u00e1tica tem uma vitalidade incr\u00edvel. N\u00e3o importa qu\u00e3o \u00e1rida seja a terra, ela pode romper a superf\u00edcie. Em 2000, Xi Zhongxun, o pai do presidente Xi Jinping, de 87 anos, plantou junto com os membros da fam\u00edlia uma figueira-asi\u00e1tica&#8230;<\/p>\n","protected":false},"author":2,"featured_media":5538,"comment_status":"open","ping_status":"open","sticky":false,"template":"","format":"standard","meta":{"footnotes":""},"categories":[5],"tags":[],"class_list":["post-5537","post","type-post","status-publish","format-standard","has-post-thumbnail","hentry","category-destaques-capa"],"yoast_head":"<!-- This site is optimized with the Yoast SEO plugin v27.4 - https:\/\/yoast.com\/product\/yoast-seo-wordpress\/ -->\n<title>Figueiras e a heran\u00e7a do esp\u00edrito da reforma chinesa - CRI e Diario de Pernambuco<\/title>\n<meta name=\"robots\" content=\"index, follow, max-snippet:-1, max-image-preview:large, max-video-preview:-1\" \/>\n<link rel=\"canonical\" href=\"https:\/\/diariodepe.com.br\/cri\/2024\/06\/16\/figueiras-e-a-heranca-do-espirito-da-reforma-chinesa\/\" \/>\n<meta property=\"og:locale\" content=\"pt_BR\" \/>\n<meta property=\"og:type\" content=\"article\" \/>\n<meta property=\"og:title\" content=\"Figueiras e a heran\u00e7a do esp\u00edrito da reforma chinesa - CRI e Diario de Pernambuco\" \/>\n<meta property=\"og:description\" content=\"A figueira-asi\u00e1tica tem uma vitalidade incr\u00edvel. N\u00e3o importa qu\u00e3o \u00e1rida seja a terra, ela pode romper a superf\u00edcie. Em 2000, Xi Zhongxun, o pai do presidente Xi Jinping, de 87 anos, plantou junto com os membros da fam\u00edlia uma figueira-asi\u00e1tica...\" \/>\n<meta property=\"og:url\" content=\"https:\/\/diariodepe.com.br\/cri\/2024\/06\/16\/figueiras-e-a-heranca-do-espirito-da-reforma-chinesa\/\" \/>\n<meta property=\"og:site_name\" content=\"CRI e Diario de Pernambuco\" \/>\n<meta property=\"article:published_time\" content=\"2024-06-16T12:15:12+00:00\" \/>\n<meta property=\"og:image\" content=\"https:\/\/diariodepe.com.br\/cri\/wp-content\/uploads\/sites\/2\/2024\/06\/2024061419505817722.jpg\" \/>\n\t<meta property=\"og:image:width\" content=\"1000\" \/>\n\t<meta property=\"og:image:height\" content=\"660\" \/>\n\t<meta property=\"og:image:type\" content=\"image\/jpeg\" \/>\n<meta name=\"author\" content=\"Ismael Lucas S. Pereira\" \/>\n<meta name=\"twitter:card\" content=\"summary_large_image\" \/>\n<meta name=\"twitter:label1\" content=\"Escrito por\" \/>\n\t<meta name=\"twitter:data1\" content=\"Ismael Lucas S. Pereira\" \/>\n\t<meta name=\"twitter:label2\" content=\"Est. tempo de leitura\" \/>\n\t<meta name=\"twitter:data2\" content=\"3 minutos\" \/>\n<script type=\"application\/ld+json\" class=\"yoast-schema-graph\">{\"@context\":\"https:\\\/\\\/schema.org\",\"@graph\":[{\"@type\":\"Article\",\"@id\":\"https:\\\/\\\/diariodepe.com.br\\\/cri\\\/2024\\\/06\\\/16\\\/figueiras-e-a-heranca-do-espirito-da-reforma-chinesa\\\/#article\",\"isPartOf\":{\"@id\":\"https:\\\/\\\/diariodepe.com.br\\\/cri\\\/2024\\\/06\\\/16\\\/figueiras-e-a-heranca-do-espirito-da-reforma-chinesa\\\/\"},\"author\":{\"name\":\"Ismael Lucas S. Pereira\",\"@id\":\"https:\\\/\\\/diariodepe.com.br\\\/cri\\\/#\\\/schema\\\/person\\\/121bb28d84f1a5b1205ef4ce9c2e0c6b\"},\"headline\":\"Figueiras e a heran\u00e7a do esp\u00edrito da reforma chinesa\",\"datePublished\":\"2024-06-16T12:15:12+00:00\",\"mainEntityOfPage\":{\"@id\":\"https:\\\/\\\/diariodepe.com.br\\\/cri\\\/2024\\\/06\\\/16\\\/figueiras-e-a-heranca-do-espirito-da-reforma-chinesa\\\/\"},\"wordCount\":505,\"commentCount\":0,\"publisher\":{\"@id\":\"https:\\\/\\\/diariodepe.com.br\\\/cri\\\/#organization\"},\"image\":{\"@id\":\"https:\\\/\\\/diariodepe.com.br\\\/cri\\\/2024\\\/06\\\/16\\\/figueiras-e-a-heranca-do-espirito-da-reforma-chinesa\\\/#primaryimage\"},\"thumbnailUrl\":\"https:\\\/\\\/diariodepe.com.br\\\/cri\\\/wp-content\\\/uploads\\\/sites\\\/2\\\/2024\\\/06\\\/2024061419505817722.jpg\",\"articleSection\":[\"Destaques Capa\"],\"inLanguage\":\"pt-BR\",\"potentialAction\":[{\"@type\":\"CommentAction\",\"name\":\"Comment\",\"target\":[\"https:\\\/\\\/diariodepe.com.br\\\/cri\\\/2024\\\/06\\\/16\\\/figueiras-e-a-heranca-do-espirito-da-reforma-chinesa\\\/#respond\"]}]},{\"@type\":\"WebPage\",\"@id\":\"https:\\\/\\\/diariodepe.com.br\\\/cri\\\/2024\\\/06\\\/16\\\/figueiras-e-a-heranca-do-espirito-da-reforma-chinesa\\\/\",\"url\":\"https:\\\/\\\/diariodepe.com.br\\\/cri\\\/2024\\\/06\\\/16\\\/figueiras-e-a-heranca-do-espirito-da-reforma-chinesa\\\/\",\"name\":\"Figueiras e a heran\u00e7a do esp\u00edrito da reforma chinesa - CRI e Diario de Pernambuco\",\"isPartOf\":{\"@id\":\"https:\\\/\\\/diariodepe.com.br\\\/cri\\\/#website\"},\"primaryImageOfPage\":{\"@id\":\"https:\\\/\\\/diariodepe.com.br\\\/cri\\\/2024\\\/06\\\/16\\\/figueiras-e-a-heranca-do-espirito-da-reforma-chinesa\\\/#primaryimage\"},\"image\":{\"@id\":\"https:\\\/\\\/diariodepe.com.br\\\/cri\\\/2024\\\/06\\\/16\\\/figueiras-e-a-heranca-do-espirito-da-reforma-chinesa\\\/#primaryimage\"},\"thumbnailUrl\":\"https:\\\/\\\/diariodepe.com.br\\\/cri\\\/wp-content\\\/uploads\\\/sites\\\/2\\\/2024\\\/06\\\/2024061419505817722.jpg\",\"datePublished\":\"2024-06-16T12:15:12+00:00\",\"breadcrumb\":{\"@id\":\"https:\\\/\\\/diariodepe.com.br\\\/cri\\\/2024\\\/06\\\/16\\\/figueiras-e-a-heranca-do-espirito-da-reforma-chinesa\\\/#breadcrumb\"},\"inLanguage\":\"pt-BR\",\"potentialAction\":[{\"@type\":\"ReadAction\",\"target\":[\"https:\\\/\\\/diariodepe.com.br\\\/cri\\\/2024\\\/06\\\/16\\\/figueiras-e-a-heranca-do-espirito-da-reforma-chinesa\\\/\"]}]},{\"@type\":\"ImageObject\",\"inLanguage\":\"pt-BR\",\"@id\":\"https:\\\/\\\/diariodepe.com.br\\\/cri\\\/2024\\\/06\\\/16\\\/figueiras-e-a-heranca-do-espirito-da-reforma-chinesa\\\/#primaryimage\",\"url\":\"https:\\\/\\\/diariodepe.com.br\\\/cri\\\/wp-content\\\/uploads\\\/sites\\\/2\\\/2024\\\/06\\\/2024061419505817722.jpg\",\"contentUrl\":\"https:\\\/\\\/diariodepe.com.br\\\/cri\\\/wp-content\\\/uploads\\\/sites\\\/2\\\/2024\\\/06\\\/2024061419505817722.jpg\",\"width\":1000,\"height\":660},{\"@type\":\"BreadcrumbList\",\"@id\":\"https:\\\/\\\/diariodepe.com.br\\\/cri\\\/2024\\\/06\\\/16\\\/figueiras-e-a-heranca-do-espirito-da-reforma-chinesa\\\/#breadcrumb\",\"itemListElement\":[{\"@type\":\"ListItem\",\"position\":1,\"name\":\"In\u00edcio\",\"item\":\"https:\\\/\\\/diariodepe.com.br\\\/cri\\\/\"},{\"@type\":\"ListItem\",\"position\":2,\"name\":\"Figueiras e a heran\u00e7a do esp\u00edrito da reforma chinesa\"}]},{\"@type\":\"WebSite\",\"@id\":\"https:\\\/\\\/diariodepe.com.br\\\/cri\\\/#website\",\"url\":\"https:\\\/\\\/diariodepe.com.br\\\/cri\\\/\",\"name\":\"CRI e Diario de Pernambuco\",\"description\":\"R\u00e1dio Internacional da China\",\"publisher\":{\"@id\":\"https:\\\/\\\/diariodepe.com.br\\\/cri\\\/#organization\"},\"potentialAction\":[{\"@type\":\"SearchAction\",\"target\":{\"@type\":\"EntryPoint\",\"urlTemplate\":\"https:\\\/\\\/diariodepe.com.br\\\/cri\\\/?s={search_term_string}\"},\"query-input\":{\"@type\":\"PropertyValueSpecification\",\"valueRequired\":true,\"valueName\":\"search_term_string\"}}],\"inLanguage\":\"pt-BR\"},{\"@type\":\"Organization\",\"@id\":\"https:\\\/\\\/diariodepe.com.br\\\/cri\\\/#organization\",\"name\":\"CRI e Diario de Pernambuco\",\"url\":\"https:\\\/\\\/diariodepe.com.br\\\/cri\\\/\",\"logo\":{\"@type\":\"ImageObject\",\"inLanguage\":\"pt-BR\",\"@id\":\"https:\\\/\\\/diariodepe.com.br\\\/cri\\\/#\\\/schema\\\/logo\\\/image\\\/\",\"url\":\"https:\\\/\\\/diariodepe.com.br\\\/cri\\\/wp-content\\\/uploads\\\/sites\\\/2\\\/2022\\\/12\\\/cropped-Logo.jpg\",\"contentUrl\":\"https:\\\/\\\/diariodepe.com.br\\\/cri\\\/wp-content\\\/uploads\\\/sites\\\/2\\\/2022\\\/12\\\/cropped-Logo.jpg\",\"width\":700,\"height\":59,\"caption\":\"CRI e Diario de Pernambuco\"},\"image\":{\"@id\":\"https:\\\/\\\/diariodepe.com.br\\\/cri\\\/#\\\/schema\\\/logo\\\/image\\\/\"}},{\"@type\":\"Person\",\"@id\":\"https:\\\/\\\/diariodepe.com.br\\\/cri\\\/#\\\/schema\\\/person\\\/121bb28d84f1a5b1205ef4ce9c2e0c6b\",\"name\":\"Ismael Lucas S. Pereira\",\"image\":{\"@type\":\"ImageObject\",\"inLanguage\":\"pt-BR\",\"@id\":\"https:\\\/\\\/secure.gravatar.com\\\/avatar\\\/887a0f3b5a7ceea963a48499fb883ffce6b5037362def025c52c2505b15d63e4?s=96&d=mm&r=g\",\"url\":\"https:\\\/\\\/secure.gravatar.com\\\/avatar\\\/887a0f3b5a7ceea963a48499fb883ffce6b5037362def025c52c2505b15d63e4?s=96&d=mm&r=g\",\"contentUrl\":\"https:\\\/\\\/secure.gravatar.com\\\/avatar\\\/887a0f3b5a7ceea963a48499fb883ffce6b5037362def025c52c2505b15d63e4?s=96&d=mm&r=g\",\"caption\":\"Ismael Lucas S. Pereira\"},\"url\":\"https:\\\/\\\/diariodepe.com.br\\\/cri\\\/author\\\/ismael-lucas\\\/\"}]}<\/script>\n<!-- \/ Yoast SEO plugin. -->","yoast_head_json":{"title":"Figueiras e a heran\u00e7a do esp\u00edrito da reforma chinesa - CRI e Diario de Pernambuco","robots":{"index":"index","follow":"follow","max-snippet":"max-snippet:-1","max-image-preview":"max-image-preview:large","max-video-preview":"max-video-preview:-1"},"canonical":"https:\/\/diariodepe.com.br\/cri\/2024\/06\/16\/figueiras-e-a-heranca-do-espirito-da-reforma-chinesa\/","og_locale":"pt_BR","og_type":"article","og_title":"Figueiras e a heran\u00e7a do esp\u00edrito da reforma chinesa - CRI e Diario de Pernambuco","og_description":"A figueira-asi\u00e1tica tem uma vitalidade incr\u00edvel. N\u00e3o importa qu\u00e3o \u00e1rida seja a terra, ela pode romper a superf\u00edcie. Em 2000, Xi Zhongxun, o pai do presidente Xi Jinping, de 87 anos, plantou junto com os membros da fam\u00edlia uma figueira-asi\u00e1tica...","og_url":"https:\/\/diariodepe.com.br\/cri\/2024\/06\/16\/figueiras-e-a-heranca-do-espirito-da-reforma-chinesa\/","og_site_name":"CRI e Diario de Pernambuco","article_published_time":"2024-06-16T12:15:12+00:00","og_image":[{"width":1000,"height":660,"url":"https:\/\/diariodepe.com.br\/cri\/wp-content\/uploads\/sites\/2\/2024\/06\/2024061419505817722.jpg","type":"image\/jpeg"}],"author":"Ismael Lucas S. Pereira","twitter_card":"summary_large_image","twitter_misc":{"Escrito por":"Ismael Lucas S. Pereira","Est. tempo de leitura":"3 minutos"},"schema":{"@context":"https:\/\/schema.org","@graph":[{"@type":"Article","@id":"https:\/\/diariodepe.com.br\/cri\/2024\/06\/16\/figueiras-e-a-heranca-do-espirito-da-reforma-chinesa\/#article","isPartOf":{"@id":"https:\/\/diariodepe.com.br\/cri\/2024\/06\/16\/figueiras-e-a-heranca-do-espirito-da-reforma-chinesa\/"},"author":{"name":"Ismael Lucas S. Pereira","@id":"https:\/\/diariodepe.com.br\/cri\/#\/schema\/person\/121bb28d84f1a5b1205ef4ce9c2e0c6b"},"headline":"Figueiras e a heran\u00e7a do esp\u00edrito da reforma chinesa","datePublished":"2024-06-16T12:15:12+00:00","mainEntityOfPage":{"@id":"https:\/\/diariodepe.com.br\/cri\/2024\/06\/16\/figueiras-e-a-heranca-do-espirito-da-reforma-chinesa\/"},"wordCount":505,"commentCount":0,"publisher":{"@id":"https:\/\/diariodepe.com.br\/cri\/#organization"},"image":{"@id":"https:\/\/diariodepe.com.br\/cri\/2024\/06\/16\/figueiras-e-a-heranca-do-espirito-da-reforma-chinesa\/#primaryimage"},"thumbnailUrl":"https:\/\/diariodepe.com.br\/cri\/wp-content\/uploads\/sites\/2\/2024\/06\/2024061419505817722.jpg","articleSection":["Destaques Capa"],"inLanguage":"pt-BR","potentialAction":[{"@type":"CommentAction","name":"Comment","target":["https:\/\/diariodepe.com.br\/cri\/2024\/06\/16\/figueiras-e-a-heranca-do-espirito-da-reforma-chinesa\/#respond"]}]},{"@type":"WebPage","@id":"https:\/\/diariodepe.com.br\/cri\/2024\/06\/16\/figueiras-e-a-heranca-do-espirito-da-reforma-chinesa\/","url":"https:\/\/diariodepe.com.br\/cri\/2024\/06\/16\/figueiras-e-a-heranca-do-espirito-da-reforma-chinesa\/","name":"Figueiras e a heran\u00e7a do esp\u00edrito da reforma chinesa - CRI e Diario de Pernambuco","isPartOf":{"@id":"https:\/\/diariodepe.com.br\/cri\/#website"},"primaryImageOfPage":{"@id":"https:\/\/diariodepe.com.br\/cri\/2024\/06\/16\/figueiras-e-a-heranca-do-espirito-da-reforma-chinesa\/#primaryimage"},"image":{"@id":"https:\/\/diariodepe.com.br\/cri\/2024\/06\/16\/figueiras-e-a-heranca-do-espirito-da-reforma-chinesa\/#primaryimage"},"thumbnailUrl":"https:\/\/diariodepe.com.br\/cri\/wp-content\/uploads\/sites\/2\/2024\/06\/2024061419505817722.jpg","datePublished":"2024-06-16T12:15:12+00:00","breadcrumb":{"@id":"https:\/\/diariodepe.com.br\/cri\/2024\/06\/16\/figueiras-e-a-heranca-do-espirito-da-reforma-chinesa\/#breadcrumb"},"inLanguage":"pt-BR","potentialAction":[{"@type":"ReadAction","target":["https:\/\/diariodepe.com.br\/cri\/2024\/06\/16\/figueiras-e-a-heranca-do-espirito-da-reforma-chinesa\/"]}]},{"@type":"ImageObject","inLanguage":"pt-BR","@id":"https:\/\/diariodepe.com.br\/cri\/2024\/06\/16\/figueiras-e-a-heranca-do-espirito-da-reforma-chinesa\/#primaryimage","url":"https:\/\/diariodepe.com.br\/cri\/wp-content\/uploads\/sites\/2\/2024\/06\/2024061419505817722.jpg","contentUrl":"https:\/\/diariodepe.com.br\/cri\/wp-content\/uploads\/sites\/2\/2024\/06\/2024061419505817722.jpg","width":1000,"height":660},{"@type":"BreadcrumbList","@id":"https:\/\/diariodepe.com.br\/cri\/2024\/06\/16\/figueiras-e-a-heranca-do-espirito-da-reforma-chinesa\/#breadcrumb","itemListElement":[{"@type":"ListItem","position":1,"name":"In\u00edcio","item":"https:\/\/diariodepe.com.br\/cri\/"},{"@type":"ListItem","position":2,"name":"Figueiras e a heran\u00e7a do esp\u00edrito da reforma chinesa"}]},{"@type":"WebSite","@id":"https:\/\/diariodepe.com.br\/cri\/#website","url":"https:\/\/diariodepe.com.br\/cri\/","name":"CRI e Diario de Pernambuco","description":"R\u00e1dio Internacional da China","publisher":{"@id":"https:\/\/diariodepe.com.br\/cri\/#organization"},"potentialAction":[{"@type":"SearchAction","target":{"@type":"EntryPoint","urlTemplate":"https:\/\/diariodepe.com.br\/cri\/?s={search_term_string}"},"query-input":{"@type":"PropertyValueSpecification","valueRequired":true,"valueName":"search_term_string"}}],"inLanguage":"pt-BR"},{"@type":"Organization","@id":"https:\/\/diariodepe.com.br\/cri\/#organization","name":"CRI e Diario de Pernambuco","url":"https:\/\/diariodepe.com.br\/cri\/","logo":{"@type":"ImageObject","inLanguage":"pt-BR","@id":"https:\/\/diariodepe.com.br\/cri\/#\/schema\/logo\/image\/","url":"https:\/\/diariodepe.com.br\/cri\/wp-content\/uploads\/sites\/2\/2022\/12\/cropped-Logo.jpg","contentUrl":"https:\/\/diariodepe.com.br\/cri\/wp-content\/uploads\/sites\/2\/2022\/12\/cropped-Logo.jpg","width":700,"height":59,"caption":"CRI e Diario de Pernambuco"},"image":{"@id":"https:\/\/diariodepe.com.br\/cri\/#\/schema\/logo\/image\/"}},{"@type":"Person","@id":"https:\/\/diariodepe.com.br\/cri\/#\/schema\/person\/121bb28d84f1a5b1205ef4ce9c2e0c6b","name":"Ismael Lucas S. Pereira","image":{"@type":"ImageObject","inLanguage":"pt-BR","@id":"https:\/\/secure.gravatar.com\/avatar\/887a0f3b5a7ceea963a48499fb883ffce6b5037362def025c52c2505b15d63e4?s=96&d=mm&r=g","url":"https:\/\/secure.gravatar.com\/avatar\/887a0f3b5a7ceea963a48499fb883ffce6b5037362def025c52c2505b15d63e4?s=96&d=mm&r=g","contentUrl":"https:\/\/secure.gravatar.com\/avatar\/887a0f3b5a7ceea963a48499fb883ffce6b5037362def025c52c2505b15d63e4?s=96&d=mm&r=g","caption":"Ismael Lucas S. Pereira"},"url":"https:\/\/diariodepe.com.br\/cri\/author\/ismael-lucas\/"}]}},"cc_featured_image_caption":{"caption_text":false,"source_text":false,"source_url":false},"amp_enabled":true,"_links":{"self":[{"href":"https:\/\/diariodepe.com.br\/cri\/wp-json\/wp\/v2\/posts\/5537","targetHints":{"allow":["GET"]}}],"collection":[{"href":"https:\/\/diariodepe.com.br\/cri\/wp-json\/wp\/v2\/posts"}],"about":[{"href":"https:\/\/diariodepe.com.br\/cri\/wp-json\/wp\/v2\/types\/post"}],"author":[{"embeddable":true,"href":"https:\/\/diariodepe.com.br\/cri\/wp-json\/wp\/v2\/users\/2"}],"replies":[{"embeddable":true,"href":"https:\/\/diariodepe.com.br\/cri\/wp-json\/wp\/v2\/comments?post=5537"}],"version-history":[{"count":1,"href":"https:\/\/diariodepe.com.br\/cri\/wp-json\/wp\/v2\/posts\/5537\/revisions"}],"predecessor-version":[{"id":5539,"href":"https:\/\/diariodepe.com.br\/cri\/wp-json\/wp\/v2\/posts\/5537\/revisions\/5539"}],"wp:featuredmedia":[{"embeddable":true,"href":"https:\/\/diariodepe.com.br\/cri\/wp-json\/wp\/v2\/media\/5538"}],"wp:attachment":[{"href":"https:\/\/diariodepe.com.br\/cri\/wp-json\/wp\/v2\/media?parent=5537"}],"wp:term":[{"taxonomy":"category","embeddable":true,"href":"https:\/\/diariodepe.com.br\/cri\/wp-json\/wp\/v2\/categories?post=5537"},{"taxonomy":"post_tag","embeddable":true,"href":"https:\/\/diariodepe.com.br\/cri\/wp-json\/wp\/v2\/tags?post=5537"}],"curies":[{"name":"wp","href":"https:\/\/api.w.org\/{rel}","templated":true}]}}