{"id":5535,"date":"2024-06-15T11:09:21","date_gmt":"2024-06-15T14:09:21","guid":{"rendered":"https:\/\/diariodepe.com.br\/cri\/?p=5535"},"modified":"2024-06-15T11:09:21","modified_gmt":"2024-06-15T14:09:21","slug":"coracao-de-servico-ao-povo-legado-de-duas-geracoes-de-comunistas","status":"publish","type":"post","link":"https:\/\/diariodepe.com.br\/cri\/2024\/06\/15\/coracao-de-servico-ao-povo-legado-de-duas-geracoes-de-comunistas\/","title":{"rendered":"Cora\u00e7\u00e3o de servi\u00e7o ao povo: legado de duas gera\u00e7\u00f5es de comunistas"},"content":{"rendered":"<p class=\"photo_img_20190808\"><img decoding=\"async\" src=\"https:\/\/p4crires.cri.cn\/photoworkspace\/cri\/contentimg\/2024\/06\/15\/2024061522044884967.jpg\" alt=\"\" \/><\/p>\n<p>No sal\u00e3o de exposi\u00e7\u00f5es da antiga sede do Comit\u00ea Regional de Suide do Partido Comunista da China (PCCh), uma frase se destaca: \u201cFique firmemente ao lado do povo\u201d. Estas palavras s\u00e3o de Xi Zhongxun, pai do presidente Xi Jinping.<\/p>\n<p class=\"photo_img_20190808\"><img decoding=\"async\" src=\"https:\/\/p3crires.cri.cn\/photoworkspace\/cri\/contentimg\/2024\/06\/15\/2024061522045781550.png\" alt=\"\" \/><\/p>\n<p>Xi Zhongxun, que veio do povo, sempre teve o povo em seu cora\u00e7\u00e3o e praticou a linha de massas ao longo da vida. As a\u00e7\u00f5es e palavras de seu pai influenciaram profundamente Xi Jinping. Desde a pequena aldeia at\u00e9 o Comit\u00ea Central do Partido, desde o cargo de secret\u00e1rio da c\u00e9lula do Partido na zona rural at\u00e9 o posto de secret\u00e1rio-geral do Comit\u00ea Central do PCCh, Xi Jinping sempre se preocupou com o pa\u00eds e se dedicou ao povo, tomando a aspira\u00e7\u00e3o do povo por uma vida melhor como seu objetivo de luta.<\/p>\n<p class=\"photo_img_20190808\"><img decoding=\"async\" src=\"https:\/\/p1crires.cri.cn\/photoworkspace\/cri\/contentimg\/2024\/06\/15\/2024061522050526988.jpg\" alt=\"\" \/><\/p>\n<p>Vindo do povo, para o povo e beneficiando o povo: esta \u00e9 uma continuidade, heran\u00e7a e promo\u00e7\u00e3o do esp\u00edrito revolucion\u00e1rio de duas gera\u00e7\u00f5es de comunistas. Isso representa tanto um profundo v\u00ednculo entre pai e filho, quanto cora\u00e7\u00f5es dedicados a servir ao povo.<\/p>\n","protected":false},"excerpt":{"rendered":"<p>No sal\u00e3o de exposi\u00e7\u00f5es da antiga sede do Comit\u00ea Regional de Suide do Partido Comunista da China (PCCh), uma frase se destaca: \u201cFique firmemente ao lado do povo\u201d. Estas palavras s\u00e3o de Xi Zhongxun, pai do presidente Xi Jinping. Xi&#8230;<\/p>\n","protected":false},"author":2,"featured_media":0,"comment_status":"open","ping_status":"open","sticky":false,"template":"","format":"standard","meta":{"footnotes":""},"categories":[3],"tags":[],"class_list":["post-5535","post","type-post","status-publish","format-standard","hentry","category-china"],"yoast_head":"<!-- This site is optimized with the Yoast SEO plugin v27.4 - https:\/\/yoast.com\/product\/yoast-seo-wordpress\/ -->\n<title>Cora\u00e7\u00e3o de servi\u00e7o ao povo: legado de duas gera\u00e7\u00f5es de comunistas - CRI e Diario de Pernambuco<\/title>\n<meta name=\"robots\" content=\"index, follow, max-snippet:-1, max-image-preview:large, max-video-preview:-1\" \/>\n<link rel=\"canonical\" href=\"https:\/\/diariodepe.com.br\/cri\/2024\/06\/15\/coracao-de-servico-ao-povo-legado-de-duas-geracoes-de-comunistas\/\" \/>\n<meta property=\"og:locale\" content=\"pt_BR\" \/>\n<meta property=\"og:type\" content=\"article\" \/>\n<meta property=\"og:title\" content=\"Cora\u00e7\u00e3o de servi\u00e7o ao povo: legado de duas gera\u00e7\u00f5es de comunistas - CRI e Diario de Pernambuco\" \/>\n<meta property=\"og:description\" content=\"No sal\u00e3o de exposi\u00e7\u00f5es da antiga sede do Comit\u00ea Regional de Suide do Partido Comunista da China (PCCh), uma frase se destaca: \u201cFique firmemente ao lado do povo\u201d. Estas palavras s\u00e3o de Xi Zhongxun, pai do presidente Xi Jinping. Xi...\" \/>\n<meta property=\"og:url\" content=\"https:\/\/diariodepe.com.br\/cri\/2024\/06\/15\/coracao-de-servico-ao-povo-legado-de-duas-geracoes-de-comunistas\/\" \/>\n<meta property=\"og:site_name\" content=\"CRI e Diario de Pernambuco\" \/>\n<meta property=\"article:published_time\" content=\"2024-06-15T14:09:21+00:00\" \/>\n<meta property=\"og:image\" content=\"https:\/\/p4crires.cri.cn\/photoworkspace\/cri\/contentimg\/2024\/06\/15\/2024061522044884967.jpg\" \/>\n<meta name=\"author\" content=\"Ismael Lucas S. Pereira\" \/>\n<meta name=\"twitter:card\" content=\"summary_large_image\" \/>\n<meta name=\"twitter:label1\" content=\"Escrito por\" \/>\n\t<meta name=\"twitter:data1\" content=\"Ismael Lucas S. Pereira\" \/>\n\t<meta name=\"twitter:label2\" content=\"Est. tempo de leitura\" \/>\n\t<meta name=\"twitter:data2\" content=\"2 minutos\" \/>\n<script type=\"application\/ld+json\" class=\"yoast-schema-graph\">{\"@context\":\"https:\\\/\\\/schema.org\",\"@graph\":[{\"@type\":\"Article\",\"@id\":\"https:\\\/\\\/diariodepe.com.br\\\/cri\\\/2024\\\/06\\\/15\\\/coracao-de-servico-ao-povo-legado-de-duas-geracoes-de-comunistas\\\/#article\",\"isPartOf\":{\"@id\":\"https:\\\/\\\/diariodepe.com.br\\\/cri\\\/2024\\\/06\\\/15\\\/coracao-de-servico-ao-povo-legado-de-duas-geracoes-de-comunistas\\\/\"},\"author\":{\"name\":\"Ismael Lucas S. Pereira\",\"@id\":\"https:\\\/\\\/diariodepe.com.br\\\/cri\\\/#\\\/schema\\\/person\\\/121bb28d84f1a5b1205ef4ce9c2e0c6b\"},\"headline\":\"Cora\u00e7\u00e3o de servi\u00e7o ao povo: legado de duas gera\u00e7\u00f5es de comunistas\",\"datePublished\":\"2024-06-15T14:09:21+00:00\",\"mainEntityOfPage\":{\"@id\":\"https:\\\/\\\/diariodepe.com.br\\\/cri\\\/2024\\\/06\\\/15\\\/coracao-de-servico-ao-povo-legado-de-duas-geracoes-de-comunistas\\\/\"},\"wordCount\":204,\"commentCount\":0,\"publisher\":{\"@id\":\"https:\\\/\\\/diariodepe.com.br\\\/cri\\\/#organization\"},\"image\":{\"@id\":\"https:\\\/\\\/diariodepe.com.br\\\/cri\\\/2024\\\/06\\\/15\\\/coracao-de-servico-ao-povo-legado-de-duas-geracoes-de-comunistas\\\/#primaryimage\"},\"thumbnailUrl\":\"https:\\\/\\\/p4crires.cri.cn\\\/photoworkspace\\\/cri\\\/contentimg\\\/2024\\\/06\\\/15\\\/2024061522044884967.jpg\",\"articleSection\":[\"China\"],\"inLanguage\":\"pt-BR\",\"potentialAction\":[{\"@type\":\"CommentAction\",\"name\":\"Comment\",\"target\":[\"https:\\\/\\\/diariodepe.com.br\\\/cri\\\/2024\\\/06\\\/15\\\/coracao-de-servico-ao-povo-legado-de-duas-geracoes-de-comunistas\\\/#respond\"]}]},{\"@type\":\"WebPage\",\"@id\":\"https:\\\/\\\/diariodepe.com.br\\\/cri\\\/2024\\\/06\\\/15\\\/coracao-de-servico-ao-povo-legado-de-duas-geracoes-de-comunistas\\\/\",\"url\":\"https:\\\/\\\/diariodepe.com.br\\\/cri\\\/2024\\\/06\\\/15\\\/coracao-de-servico-ao-povo-legado-de-duas-geracoes-de-comunistas\\\/\",\"name\":\"Cora\u00e7\u00e3o de servi\u00e7o ao povo: legado de duas gera\u00e7\u00f5es de comunistas - CRI e Diario de Pernambuco\",\"isPartOf\":{\"@id\":\"https:\\\/\\\/diariodepe.com.br\\\/cri\\\/#website\"},\"primaryImageOfPage\":{\"@id\":\"https:\\\/\\\/diariodepe.com.br\\\/cri\\\/2024\\\/06\\\/15\\\/coracao-de-servico-ao-povo-legado-de-duas-geracoes-de-comunistas\\\/#primaryimage\"},\"image\":{\"@id\":\"https:\\\/\\\/diariodepe.com.br\\\/cri\\\/2024\\\/06\\\/15\\\/coracao-de-servico-ao-povo-legado-de-duas-geracoes-de-comunistas\\\/#primaryimage\"},\"thumbnailUrl\":\"https:\\\/\\\/p4crires.cri.cn\\\/photoworkspace\\\/cri\\\/contentimg\\\/2024\\\/06\\\/15\\\/2024061522044884967.jpg\",\"datePublished\":\"2024-06-15T14:09:21+00:00\",\"breadcrumb\":{\"@id\":\"https:\\\/\\\/diariodepe.com.br\\\/cri\\\/2024\\\/06\\\/15\\\/coracao-de-servico-ao-povo-legado-de-duas-geracoes-de-comunistas\\\/#breadcrumb\"},\"inLanguage\":\"pt-BR\",\"potentialAction\":[{\"@type\":\"ReadAction\",\"target\":[\"https:\\\/\\\/diariodepe.com.br\\\/cri\\\/2024\\\/06\\\/15\\\/coracao-de-servico-ao-povo-legado-de-duas-geracoes-de-comunistas\\\/\"]}]},{\"@type\":\"ImageObject\",\"inLanguage\":\"pt-BR\",\"@id\":\"https:\\\/\\\/diariodepe.com.br\\\/cri\\\/2024\\\/06\\\/15\\\/coracao-de-servico-ao-povo-legado-de-duas-geracoes-de-comunistas\\\/#primaryimage\",\"url\":\"https:\\\/\\\/p4crires.cri.cn\\\/photoworkspace\\\/cri\\\/contentimg\\\/2024\\\/06\\\/15\\\/2024061522044884967.jpg\",\"contentUrl\":\"https:\\\/\\\/p4crires.cri.cn\\\/photoworkspace\\\/cri\\\/contentimg\\\/2024\\\/06\\\/15\\\/2024061522044884967.jpg\"},{\"@type\":\"BreadcrumbList\",\"@id\":\"https:\\\/\\\/diariodepe.com.br\\\/cri\\\/2024\\\/06\\\/15\\\/coracao-de-servico-ao-povo-legado-de-duas-geracoes-de-comunistas\\\/#breadcrumb\",\"itemListElement\":[{\"@type\":\"ListItem\",\"position\":1,\"name\":\"In\u00edcio\",\"item\":\"https:\\\/\\\/diariodepe.com.br\\\/cri\\\/\"},{\"@type\":\"ListItem\",\"position\":2,\"name\":\"Cora\u00e7\u00e3o de servi\u00e7o ao povo: legado de duas gera\u00e7\u00f5es de comunistas\"}]},{\"@type\":\"WebSite\",\"@id\":\"https:\\\/\\\/diariodepe.com.br\\\/cri\\\/#website\",\"url\":\"https:\\\/\\\/diariodepe.com.br\\\/cri\\\/\",\"name\":\"CRI e Diario de Pernambuco\",\"description\":\"R\u00e1dio Internacional da China\",\"publisher\":{\"@id\":\"https:\\\/\\\/diariodepe.com.br\\\/cri\\\/#organization\"},\"potentialAction\":[{\"@type\":\"SearchAction\",\"target\":{\"@type\":\"EntryPoint\",\"urlTemplate\":\"https:\\\/\\\/diariodepe.com.br\\\/cri\\\/?s={search_term_string}\"},\"query-input\":{\"@type\":\"PropertyValueSpecification\",\"valueRequired\":true,\"valueName\":\"search_term_string\"}}],\"inLanguage\":\"pt-BR\"},{\"@type\":\"Organization\",\"@id\":\"https:\\\/\\\/diariodepe.com.br\\\/cri\\\/#organization\",\"name\":\"CRI e Diario de Pernambuco\",\"url\":\"https:\\\/\\\/diariodepe.com.br\\\/cri\\\/\",\"logo\":{\"@type\":\"ImageObject\",\"inLanguage\":\"pt-BR\",\"@id\":\"https:\\\/\\\/diariodepe.com.br\\\/cri\\\/#\\\/schema\\\/logo\\\/image\\\/\",\"url\":\"https:\\\/\\\/diariodepe.com.br\\\/cri\\\/wp-content\\\/uploads\\\/sites\\\/2\\\/2022\\\/12\\\/cropped-Logo.jpg\",\"contentUrl\":\"https:\\\/\\\/diariodepe.com.br\\\/cri\\\/wp-content\\\/uploads\\\/sites\\\/2\\\/2022\\\/12\\\/cropped-Logo.jpg\",\"width\":700,\"height\":59,\"caption\":\"CRI e Diario de Pernambuco\"},\"image\":{\"@id\":\"https:\\\/\\\/diariodepe.com.br\\\/cri\\\/#\\\/schema\\\/logo\\\/image\\\/\"}},{\"@type\":\"Person\",\"@id\":\"https:\\\/\\\/diariodepe.com.br\\\/cri\\\/#\\\/schema\\\/person\\\/121bb28d84f1a5b1205ef4ce9c2e0c6b\",\"name\":\"Ismael Lucas S. Pereira\",\"image\":{\"@type\":\"ImageObject\",\"inLanguage\":\"pt-BR\",\"@id\":\"https:\\\/\\\/secure.gravatar.com\\\/avatar\\\/887a0f3b5a7ceea963a48499fb883ffce6b5037362def025c52c2505b15d63e4?s=96&d=mm&r=g\",\"url\":\"https:\\\/\\\/secure.gravatar.com\\\/avatar\\\/887a0f3b5a7ceea963a48499fb883ffce6b5037362def025c52c2505b15d63e4?s=96&d=mm&r=g\",\"contentUrl\":\"https:\\\/\\\/secure.gravatar.com\\\/avatar\\\/887a0f3b5a7ceea963a48499fb883ffce6b5037362def025c52c2505b15d63e4?s=96&d=mm&r=g\",\"caption\":\"Ismael Lucas S. Pereira\"},\"url\":\"https:\\\/\\\/diariodepe.com.br\\\/cri\\\/author\\\/ismael-lucas\\\/\"}]}<\/script>\n<!-- \/ Yoast SEO plugin. -->","yoast_head_json":{"title":"Cora\u00e7\u00e3o de servi\u00e7o ao povo: legado de duas gera\u00e7\u00f5es de comunistas - CRI e Diario de Pernambuco","robots":{"index":"index","follow":"follow","max-snippet":"max-snippet:-1","max-image-preview":"max-image-preview:large","max-video-preview":"max-video-preview:-1"},"canonical":"https:\/\/diariodepe.com.br\/cri\/2024\/06\/15\/coracao-de-servico-ao-povo-legado-de-duas-geracoes-de-comunistas\/","og_locale":"pt_BR","og_type":"article","og_title":"Cora\u00e7\u00e3o de servi\u00e7o ao povo: legado de duas gera\u00e7\u00f5es de comunistas - CRI e Diario de Pernambuco","og_description":"No sal\u00e3o de exposi\u00e7\u00f5es da antiga sede do Comit\u00ea Regional de Suide do Partido Comunista da China (PCCh), uma frase se destaca: \u201cFique firmemente ao lado do povo\u201d. Estas palavras s\u00e3o de Xi Zhongxun, pai do presidente Xi Jinping. Xi...","og_url":"https:\/\/diariodepe.com.br\/cri\/2024\/06\/15\/coracao-de-servico-ao-povo-legado-de-duas-geracoes-de-comunistas\/","og_site_name":"CRI e Diario de Pernambuco","article_published_time":"2024-06-15T14:09:21+00:00","og_image":[{"url":"https:\/\/p4crires.cri.cn\/photoworkspace\/cri\/contentimg\/2024\/06\/15\/2024061522044884967.jpg","type":"","width":"","height":""}],"author":"Ismael Lucas S. Pereira","twitter_card":"summary_large_image","twitter_misc":{"Escrito por":"Ismael Lucas S. Pereira","Est. tempo de leitura":"2 minutos"},"schema":{"@context":"https:\/\/schema.org","@graph":[{"@type":"Article","@id":"https:\/\/diariodepe.com.br\/cri\/2024\/06\/15\/coracao-de-servico-ao-povo-legado-de-duas-geracoes-de-comunistas\/#article","isPartOf":{"@id":"https:\/\/diariodepe.com.br\/cri\/2024\/06\/15\/coracao-de-servico-ao-povo-legado-de-duas-geracoes-de-comunistas\/"},"author":{"name":"Ismael Lucas S. Pereira","@id":"https:\/\/diariodepe.com.br\/cri\/#\/schema\/person\/121bb28d84f1a5b1205ef4ce9c2e0c6b"},"headline":"Cora\u00e7\u00e3o de servi\u00e7o ao povo: legado de duas gera\u00e7\u00f5es de comunistas","datePublished":"2024-06-15T14:09:21+00:00","mainEntityOfPage":{"@id":"https:\/\/diariodepe.com.br\/cri\/2024\/06\/15\/coracao-de-servico-ao-povo-legado-de-duas-geracoes-de-comunistas\/"},"wordCount":204,"commentCount":0,"publisher":{"@id":"https:\/\/diariodepe.com.br\/cri\/#organization"},"image":{"@id":"https:\/\/diariodepe.com.br\/cri\/2024\/06\/15\/coracao-de-servico-ao-povo-legado-de-duas-geracoes-de-comunistas\/#primaryimage"},"thumbnailUrl":"https:\/\/p4crires.cri.cn\/photoworkspace\/cri\/contentimg\/2024\/06\/15\/2024061522044884967.jpg","articleSection":["China"],"inLanguage":"pt-BR","potentialAction":[{"@type":"CommentAction","name":"Comment","target":["https:\/\/diariodepe.com.br\/cri\/2024\/06\/15\/coracao-de-servico-ao-povo-legado-de-duas-geracoes-de-comunistas\/#respond"]}]},{"@type":"WebPage","@id":"https:\/\/diariodepe.com.br\/cri\/2024\/06\/15\/coracao-de-servico-ao-povo-legado-de-duas-geracoes-de-comunistas\/","url":"https:\/\/diariodepe.com.br\/cri\/2024\/06\/15\/coracao-de-servico-ao-povo-legado-de-duas-geracoes-de-comunistas\/","name":"Cora\u00e7\u00e3o de servi\u00e7o ao povo: legado de duas gera\u00e7\u00f5es de comunistas - CRI e Diario de Pernambuco","isPartOf":{"@id":"https:\/\/diariodepe.com.br\/cri\/#website"},"primaryImageOfPage":{"@id":"https:\/\/diariodepe.com.br\/cri\/2024\/06\/15\/coracao-de-servico-ao-povo-legado-de-duas-geracoes-de-comunistas\/#primaryimage"},"image":{"@id":"https:\/\/diariodepe.com.br\/cri\/2024\/06\/15\/coracao-de-servico-ao-povo-legado-de-duas-geracoes-de-comunistas\/#primaryimage"},"thumbnailUrl":"https:\/\/p4crires.cri.cn\/photoworkspace\/cri\/contentimg\/2024\/06\/15\/2024061522044884967.jpg","datePublished":"2024-06-15T14:09:21+00:00","breadcrumb":{"@id":"https:\/\/diariodepe.com.br\/cri\/2024\/06\/15\/coracao-de-servico-ao-povo-legado-de-duas-geracoes-de-comunistas\/#breadcrumb"},"inLanguage":"pt-BR","potentialAction":[{"@type":"ReadAction","target":["https:\/\/diariodepe.com.br\/cri\/2024\/06\/15\/coracao-de-servico-ao-povo-legado-de-duas-geracoes-de-comunistas\/"]}]},{"@type":"ImageObject","inLanguage":"pt-BR","@id":"https:\/\/diariodepe.com.br\/cri\/2024\/06\/15\/coracao-de-servico-ao-povo-legado-de-duas-geracoes-de-comunistas\/#primaryimage","url":"https:\/\/p4crires.cri.cn\/photoworkspace\/cri\/contentimg\/2024\/06\/15\/2024061522044884967.jpg","contentUrl":"https:\/\/p4crires.cri.cn\/photoworkspace\/cri\/contentimg\/2024\/06\/15\/2024061522044884967.jpg"},{"@type":"BreadcrumbList","@id":"https:\/\/diariodepe.com.br\/cri\/2024\/06\/15\/coracao-de-servico-ao-povo-legado-de-duas-geracoes-de-comunistas\/#breadcrumb","itemListElement":[{"@type":"ListItem","position":1,"name":"In\u00edcio","item":"https:\/\/diariodepe.com.br\/cri\/"},{"@type":"ListItem","position":2,"name":"Cora\u00e7\u00e3o de servi\u00e7o ao povo: legado de duas gera\u00e7\u00f5es de comunistas"}]},{"@type":"WebSite","@id":"https:\/\/diariodepe.com.br\/cri\/#website","url":"https:\/\/diariodepe.com.br\/cri\/","name":"CRI e Diario de Pernambuco","description":"R\u00e1dio Internacional da China","publisher":{"@id":"https:\/\/diariodepe.com.br\/cri\/#organization"},"potentialAction":[{"@type":"SearchAction","target":{"@type":"EntryPoint","urlTemplate":"https:\/\/diariodepe.com.br\/cri\/?s={search_term_string}"},"query-input":{"@type":"PropertyValueSpecification","valueRequired":true,"valueName":"search_term_string"}}],"inLanguage":"pt-BR"},{"@type":"Organization","@id":"https:\/\/diariodepe.com.br\/cri\/#organization","name":"CRI e Diario de Pernambuco","url":"https:\/\/diariodepe.com.br\/cri\/","logo":{"@type":"ImageObject","inLanguage":"pt-BR","@id":"https:\/\/diariodepe.com.br\/cri\/#\/schema\/logo\/image\/","url":"https:\/\/diariodepe.com.br\/cri\/wp-content\/uploads\/sites\/2\/2022\/12\/cropped-Logo.jpg","contentUrl":"https:\/\/diariodepe.com.br\/cri\/wp-content\/uploads\/sites\/2\/2022\/12\/cropped-Logo.jpg","width":700,"height":59,"caption":"CRI e Diario de Pernambuco"},"image":{"@id":"https:\/\/diariodepe.com.br\/cri\/#\/schema\/logo\/image\/"}},{"@type":"Person","@id":"https:\/\/diariodepe.com.br\/cri\/#\/schema\/person\/121bb28d84f1a5b1205ef4ce9c2e0c6b","name":"Ismael Lucas S. Pereira","image":{"@type":"ImageObject","inLanguage":"pt-BR","@id":"https:\/\/secure.gravatar.com\/avatar\/887a0f3b5a7ceea963a48499fb883ffce6b5037362def025c52c2505b15d63e4?s=96&d=mm&r=g","url":"https:\/\/secure.gravatar.com\/avatar\/887a0f3b5a7ceea963a48499fb883ffce6b5037362def025c52c2505b15d63e4?s=96&d=mm&r=g","contentUrl":"https:\/\/secure.gravatar.com\/avatar\/887a0f3b5a7ceea963a48499fb883ffce6b5037362def025c52c2505b15d63e4?s=96&d=mm&r=g","caption":"Ismael Lucas S. Pereira"},"url":"https:\/\/diariodepe.com.br\/cri\/author\/ismael-lucas\/"}]}},"cc_featured_image_caption":{"caption_text":false,"source_text":false,"source_url":false},"amp_enabled":true,"_links":{"self":[{"href":"https:\/\/diariodepe.com.br\/cri\/wp-json\/wp\/v2\/posts\/5535","targetHints":{"allow":["GET"]}}],"collection":[{"href":"https:\/\/diariodepe.com.br\/cri\/wp-json\/wp\/v2\/posts"}],"about":[{"href":"https:\/\/diariodepe.com.br\/cri\/wp-json\/wp\/v2\/types\/post"}],"author":[{"embeddable":true,"href":"https:\/\/diariodepe.com.br\/cri\/wp-json\/wp\/v2\/users\/2"}],"replies":[{"embeddable":true,"href":"https:\/\/diariodepe.com.br\/cri\/wp-json\/wp\/v2\/comments?post=5535"}],"version-history":[{"count":1,"href":"https:\/\/diariodepe.com.br\/cri\/wp-json\/wp\/v2\/posts\/5535\/revisions"}],"predecessor-version":[{"id":5536,"href":"https:\/\/diariodepe.com.br\/cri\/wp-json\/wp\/v2\/posts\/5535\/revisions\/5536"}],"wp:attachment":[{"href":"https:\/\/diariodepe.com.br\/cri\/wp-json\/wp\/v2\/media?parent=5535"}],"wp:term":[{"taxonomy":"category","embeddable":true,"href":"https:\/\/diariodepe.com.br\/cri\/wp-json\/wp\/v2\/categories?post=5535"},{"taxonomy":"post_tag","embeddable":true,"href":"https:\/\/diariodepe.com.br\/cri\/wp-json\/wp\/v2\/tags?post=5535"}],"curies":[{"name":"wp","href":"https:\/\/api.w.org\/{rel}","templated":true}]}}