{"id":5533,"date":"2024-06-15T10:58:40","date_gmt":"2024-06-15T13:58:40","guid":{"rendered":"https:\/\/diariodepe.com.br\/cri\/?p=5533"},"modified":"2024-06-15T10:58:40","modified_gmt":"2024-06-15T13:58:40","slug":"xi-jinping-dedica-coracao-ao-pais-e-ao-povo","status":"publish","type":"post","link":"https:\/\/diariodepe.com.br\/cri\/2024\/06\/15\/xi-jinping-dedica-coracao-ao-pais-e-ao-povo\/","title":{"rendered":"Xi Jinping dedica cora\u00e7\u00e3o ao pa\u00eds e ao povo"},"content":{"rendered":"<p>Xi Jinping, que veio do povo, sempre coloca o povo em primeiro lugar em seu cora\u00e7\u00e3o.<\/p>\n<p>H\u00e1 55 anos, aos quase 16 anos, Xi Jinping chegou \u00e0 aldeia de Liangjiahe, na prov\u00edncia de Shaanxi, noroeste da China, onde viveu em casas-caverna e dormiu em camas de terra com os moradores locais. Depois de se tornar o secret\u00e1rio da c\u00e9lula do Partido na aldeia, ele trabalhou com os habitantes para cavar po\u00e7os, construir terra\u00e7os e instalar tanques de biog\u00e1s, estabelecendo la\u00e7os profundos com a popula\u00e7\u00e3o.<\/p>\n<p>\u201cA aspira\u00e7\u00e3o do povo por uma vida melhor \u00e9 nosso objetivo de luta.\u201d Em novembro de 2012, Xi Jinping, que havia acabado de ser eleito secret\u00e1rio-geral do Comit\u00ea Central do Partido Comunista da China (PCCh), fez tal promessa.<\/p>\n<p>Desde o 18\u00ba Congresso Nacional do PCCh, em 2012, Xi Jinping realizou mais de cem inspe\u00e7\u00f5es. Durante 12 anos consecutivos, nas Duas Sess\u00f5es, ou seja, a sess\u00e3o anual da Assembleia Popular Nacional (APN) da China e a sess\u00e3o anual da Confer\u00eancia Consultiva Pol\u00edtica do Povo Chin\u00eas (CCPPCh), o presidente chin\u00eas ouviu as falas de centenas de representantes e membros. As preocupa\u00e7\u00f5es do povo s\u00e3o os assuntos mais importantes no cora\u00e7\u00e3o de Xi Jinping. As necessidades urgentes e os problemas dif\u00edceis do povo foram inclu\u00eddos na agenda das reuni\u00f5es importantes do governo central, tornando-se os pontos focais e for\u00e7as motrizes das reformas.<\/p>\n<p>\u201cEstou comprometido totalmente com o povo e nunca o decepcionarei\u201d. Este \u00e9 o cora\u00e7\u00e3o dedicado de Xi Jinping ao pa\u00eds e ao povo, e a sincera dedica\u00e7\u00e3o do l\u00edder do povo aos mais de 1,4 bilh\u00e3o de chineses. Fazer coisas pr\u00e1ticas para o povo sempre foi sua convic\u00e7\u00e3o mais firme.<\/p>\n","protected":false},"excerpt":{"rendered":"<p>Xi Jinping, que veio do povo, sempre coloca o povo em primeiro lugar em seu cora\u00e7\u00e3o. H\u00e1 55 anos, aos quase 16 anos, Xi Jinping chegou \u00e0 aldeia de Liangjiahe, na prov\u00edncia de Shaanxi, noroeste da China, onde viveu em&#8230;<\/p>\n","protected":false},"author":2,"featured_media":0,"comment_status":"open","ping_status":"open","sticky":false,"template":"","format":"standard","meta":{"footnotes":""},"categories":[1],"tags":[],"class_list":["post-5533","post","type-post","status-publish","format-standard","hentry","category-estudio-paulista"],"yoast_head":"<!-- This site is optimized with the Yoast SEO plugin v27.4 - https:\/\/yoast.com\/product\/yoast-seo-wordpress\/ -->\n<title>Xi Jinping dedica cora\u00e7\u00e3o ao pa\u00eds e ao povo - CRI e Diario de Pernambuco<\/title>\n<meta name=\"robots\" content=\"index, follow, max-snippet:-1, max-image-preview:large, max-video-preview:-1\" \/>\n<link rel=\"canonical\" href=\"https:\/\/diariodepe.com.br\/cri\/2024\/06\/15\/xi-jinping-dedica-coracao-ao-pais-e-ao-povo\/\" \/>\n<meta property=\"og:locale\" content=\"pt_BR\" \/>\n<meta property=\"og:type\" content=\"article\" \/>\n<meta property=\"og:title\" content=\"Xi Jinping dedica cora\u00e7\u00e3o ao pa\u00eds e ao povo - CRI e Diario de Pernambuco\" \/>\n<meta property=\"og:description\" content=\"Xi Jinping, que veio do povo, sempre coloca o povo em primeiro lugar em seu cora\u00e7\u00e3o. H\u00e1 55 anos, aos quase 16 anos, Xi Jinping chegou \u00e0 aldeia de Liangjiahe, na prov\u00edncia de Shaanxi, noroeste da China, onde viveu em...\" \/>\n<meta property=\"og:url\" content=\"https:\/\/diariodepe.com.br\/cri\/2024\/06\/15\/xi-jinping-dedica-coracao-ao-pais-e-ao-povo\/\" \/>\n<meta property=\"og:site_name\" content=\"CRI e Diario de Pernambuco\" \/>\n<meta property=\"article:published_time\" content=\"2024-06-15T13:58:40+00:00\" \/>\n<meta name=\"author\" content=\"Ismael Lucas S. Pereira\" \/>\n<meta name=\"twitter:card\" content=\"summary_large_image\" \/>\n<meta name=\"twitter:label1\" content=\"Escrito por\" \/>\n\t<meta name=\"twitter:data1\" content=\"Ismael Lucas S. Pereira\" \/>\n<script type=\"application\/ld+json\" class=\"yoast-schema-graph\">{\"@context\":\"https:\\\/\\\/schema.org\",\"@graph\":[{\"@type\":\"Article\",\"@id\":\"https:\\\/\\\/diariodepe.com.br\\\/cri\\\/2024\\\/06\\\/15\\\/xi-jinping-dedica-coracao-ao-pais-e-ao-povo\\\/#article\",\"isPartOf\":{\"@id\":\"https:\\\/\\\/diariodepe.com.br\\\/cri\\\/2024\\\/06\\\/15\\\/xi-jinping-dedica-coracao-ao-pais-e-ao-povo\\\/\"},\"author\":{\"name\":\"Ismael Lucas S. Pereira\",\"@id\":\"https:\\\/\\\/diariodepe.com.br\\\/cri\\\/#\\\/schema\\\/person\\\/121bb28d84f1a5b1205ef4ce9c2e0c6b\"},\"headline\":\"Xi Jinping dedica cora\u00e7\u00e3o ao pa\u00eds e ao povo\",\"datePublished\":\"2024-06-15T13:58:40+00:00\",\"mainEntityOfPage\":{\"@id\":\"https:\\\/\\\/diariodepe.com.br\\\/cri\\\/2024\\\/06\\\/15\\\/xi-jinping-dedica-coracao-ao-pais-e-ao-povo\\\/\"},\"wordCount\":307,\"commentCount\":0,\"publisher\":{\"@id\":\"https:\\\/\\\/diariodepe.com.br\\\/cri\\\/#organization\"},\"articleSection\":[\"Est\u00fadio Paulista\"],\"inLanguage\":\"pt-BR\",\"potentialAction\":[{\"@type\":\"CommentAction\",\"name\":\"Comment\",\"target\":[\"https:\\\/\\\/diariodepe.com.br\\\/cri\\\/2024\\\/06\\\/15\\\/xi-jinping-dedica-coracao-ao-pais-e-ao-povo\\\/#respond\"]}]},{\"@type\":\"WebPage\",\"@id\":\"https:\\\/\\\/diariodepe.com.br\\\/cri\\\/2024\\\/06\\\/15\\\/xi-jinping-dedica-coracao-ao-pais-e-ao-povo\\\/\",\"url\":\"https:\\\/\\\/diariodepe.com.br\\\/cri\\\/2024\\\/06\\\/15\\\/xi-jinping-dedica-coracao-ao-pais-e-ao-povo\\\/\",\"name\":\"Xi Jinping dedica cora\u00e7\u00e3o ao pa\u00eds e ao povo - CRI e Diario de Pernambuco\",\"isPartOf\":{\"@id\":\"https:\\\/\\\/diariodepe.com.br\\\/cri\\\/#website\"},\"datePublished\":\"2024-06-15T13:58:40+00:00\",\"breadcrumb\":{\"@id\":\"https:\\\/\\\/diariodepe.com.br\\\/cri\\\/2024\\\/06\\\/15\\\/xi-jinping-dedica-coracao-ao-pais-e-ao-povo\\\/#breadcrumb\"},\"inLanguage\":\"pt-BR\",\"potentialAction\":[{\"@type\":\"ReadAction\",\"target\":[\"https:\\\/\\\/diariodepe.com.br\\\/cri\\\/2024\\\/06\\\/15\\\/xi-jinping-dedica-coracao-ao-pais-e-ao-povo\\\/\"]}]},{\"@type\":\"BreadcrumbList\",\"@id\":\"https:\\\/\\\/diariodepe.com.br\\\/cri\\\/2024\\\/06\\\/15\\\/xi-jinping-dedica-coracao-ao-pais-e-ao-povo\\\/#breadcrumb\",\"itemListElement\":[{\"@type\":\"ListItem\",\"position\":1,\"name\":\"In\u00edcio\",\"item\":\"https:\\\/\\\/diariodepe.com.br\\\/cri\\\/\"},{\"@type\":\"ListItem\",\"position\":2,\"name\":\"Xi Jinping dedica cora\u00e7\u00e3o ao pa\u00eds e ao povo\"}]},{\"@type\":\"WebSite\",\"@id\":\"https:\\\/\\\/diariodepe.com.br\\\/cri\\\/#website\",\"url\":\"https:\\\/\\\/diariodepe.com.br\\\/cri\\\/\",\"name\":\"CRI e Diario de Pernambuco\",\"description\":\"R\u00e1dio Internacional da China\",\"publisher\":{\"@id\":\"https:\\\/\\\/diariodepe.com.br\\\/cri\\\/#organization\"},\"potentialAction\":[{\"@type\":\"SearchAction\",\"target\":{\"@type\":\"EntryPoint\",\"urlTemplate\":\"https:\\\/\\\/diariodepe.com.br\\\/cri\\\/?s={search_term_string}\"},\"query-input\":{\"@type\":\"PropertyValueSpecification\",\"valueRequired\":true,\"valueName\":\"search_term_string\"}}],\"inLanguage\":\"pt-BR\"},{\"@type\":\"Organization\",\"@id\":\"https:\\\/\\\/diariodepe.com.br\\\/cri\\\/#organization\",\"name\":\"CRI e Diario de Pernambuco\",\"url\":\"https:\\\/\\\/diariodepe.com.br\\\/cri\\\/\",\"logo\":{\"@type\":\"ImageObject\",\"inLanguage\":\"pt-BR\",\"@id\":\"https:\\\/\\\/diariodepe.com.br\\\/cri\\\/#\\\/schema\\\/logo\\\/image\\\/\",\"url\":\"https:\\\/\\\/diariodepe.com.br\\\/cri\\\/wp-content\\\/uploads\\\/sites\\\/2\\\/2022\\\/12\\\/cropped-Logo.jpg\",\"contentUrl\":\"https:\\\/\\\/diariodepe.com.br\\\/cri\\\/wp-content\\\/uploads\\\/sites\\\/2\\\/2022\\\/12\\\/cropped-Logo.jpg\",\"width\":700,\"height\":59,\"caption\":\"CRI e Diario de Pernambuco\"},\"image\":{\"@id\":\"https:\\\/\\\/diariodepe.com.br\\\/cri\\\/#\\\/schema\\\/logo\\\/image\\\/\"}},{\"@type\":\"Person\",\"@id\":\"https:\\\/\\\/diariodepe.com.br\\\/cri\\\/#\\\/schema\\\/person\\\/121bb28d84f1a5b1205ef4ce9c2e0c6b\",\"name\":\"Ismael Lucas S. Pereira\",\"image\":{\"@type\":\"ImageObject\",\"inLanguage\":\"pt-BR\",\"@id\":\"https:\\\/\\\/secure.gravatar.com\\\/avatar\\\/887a0f3b5a7ceea963a48499fb883ffce6b5037362def025c52c2505b15d63e4?s=96&d=mm&r=g\",\"url\":\"https:\\\/\\\/secure.gravatar.com\\\/avatar\\\/887a0f3b5a7ceea963a48499fb883ffce6b5037362def025c52c2505b15d63e4?s=96&d=mm&r=g\",\"contentUrl\":\"https:\\\/\\\/secure.gravatar.com\\\/avatar\\\/887a0f3b5a7ceea963a48499fb883ffce6b5037362def025c52c2505b15d63e4?s=96&d=mm&r=g\",\"caption\":\"Ismael Lucas S. Pereira\"},\"url\":\"https:\\\/\\\/diariodepe.com.br\\\/cri\\\/author\\\/ismael-lucas\\\/\"}]}<\/script>\n<!-- \/ Yoast SEO plugin. -->","yoast_head_json":{"title":"Xi Jinping dedica cora\u00e7\u00e3o ao pa\u00eds e ao povo - CRI e Diario de Pernambuco","robots":{"index":"index","follow":"follow","max-snippet":"max-snippet:-1","max-image-preview":"max-image-preview:large","max-video-preview":"max-video-preview:-1"},"canonical":"https:\/\/diariodepe.com.br\/cri\/2024\/06\/15\/xi-jinping-dedica-coracao-ao-pais-e-ao-povo\/","og_locale":"pt_BR","og_type":"article","og_title":"Xi Jinping dedica cora\u00e7\u00e3o ao pa\u00eds e ao povo - CRI e Diario de Pernambuco","og_description":"Xi Jinping, que veio do povo, sempre coloca o povo em primeiro lugar em seu cora\u00e7\u00e3o. H\u00e1 55 anos, aos quase 16 anos, Xi Jinping chegou \u00e0 aldeia de Liangjiahe, na prov\u00edncia de Shaanxi, noroeste da China, onde viveu em...","og_url":"https:\/\/diariodepe.com.br\/cri\/2024\/06\/15\/xi-jinping-dedica-coracao-ao-pais-e-ao-povo\/","og_site_name":"CRI e Diario de Pernambuco","article_published_time":"2024-06-15T13:58:40+00:00","author":"Ismael Lucas S. Pereira","twitter_card":"summary_large_image","twitter_misc":{"Escrito por":"Ismael Lucas S. Pereira"},"schema":{"@context":"https:\/\/schema.org","@graph":[{"@type":"Article","@id":"https:\/\/diariodepe.com.br\/cri\/2024\/06\/15\/xi-jinping-dedica-coracao-ao-pais-e-ao-povo\/#article","isPartOf":{"@id":"https:\/\/diariodepe.com.br\/cri\/2024\/06\/15\/xi-jinping-dedica-coracao-ao-pais-e-ao-povo\/"},"author":{"name":"Ismael Lucas S. Pereira","@id":"https:\/\/diariodepe.com.br\/cri\/#\/schema\/person\/121bb28d84f1a5b1205ef4ce9c2e0c6b"},"headline":"Xi Jinping dedica cora\u00e7\u00e3o ao pa\u00eds e ao povo","datePublished":"2024-06-15T13:58:40+00:00","mainEntityOfPage":{"@id":"https:\/\/diariodepe.com.br\/cri\/2024\/06\/15\/xi-jinping-dedica-coracao-ao-pais-e-ao-povo\/"},"wordCount":307,"commentCount":0,"publisher":{"@id":"https:\/\/diariodepe.com.br\/cri\/#organization"},"articleSection":["Est\u00fadio Paulista"],"inLanguage":"pt-BR","potentialAction":[{"@type":"CommentAction","name":"Comment","target":["https:\/\/diariodepe.com.br\/cri\/2024\/06\/15\/xi-jinping-dedica-coracao-ao-pais-e-ao-povo\/#respond"]}]},{"@type":"WebPage","@id":"https:\/\/diariodepe.com.br\/cri\/2024\/06\/15\/xi-jinping-dedica-coracao-ao-pais-e-ao-povo\/","url":"https:\/\/diariodepe.com.br\/cri\/2024\/06\/15\/xi-jinping-dedica-coracao-ao-pais-e-ao-povo\/","name":"Xi Jinping dedica cora\u00e7\u00e3o ao pa\u00eds e ao povo - CRI e Diario de Pernambuco","isPartOf":{"@id":"https:\/\/diariodepe.com.br\/cri\/#website"},"datePublished":"2024-06-15T13:58:40+00:00","breadcrumb":{"@id":"https:\/\/diariodepe.com.br\/cri\/2024\/06\/15\/xi-jinping-dedica-coracao-ao-pais-e-ao-povo\/#breadcrumb"},"inLanguage":"pt-BR","potentialAction":[{"@type":"ReadAction","target":["https:\/\/diariodepe.com.br\/cri\/2024\/06\/15\/xi-jinping-dedica-coracao-ao-pais-e-ao-povo\/"]}]},{"@type":"BreadcrumbList","@id":"https:\/\/diariodepe.com.br\/cri\/2024\/06\/15\/xi-jinping-dedica-coracao-ao-pais-e-ao-povo\/#breadcrumb","itemListElement":[{"@type":"ListItem","position":1,"name":"In\u00edcio","item":"https:\/\/diariodepe.com.br\/cri\/"},{"@type":"ListItem","position":2,"name":"Xi Jinping dedica cora\u00e7\u00e3o ao pa\u00eds e ao povo"}]},{"@type":"WebSite","@id":"https:\/\/diariodepe.com.br\/cri\/#website","url":"https:\/\/diariodepe.com.br\/cri\/","name":"CRI e Diario de Pernambuco","description":"R\u00e1dio Internacional da China","publisher":{"@id":"https:\/\/diariodepe.com.br\/cri\/#organization"},"potentialAction":[{"@type":"SearchAction","target":{"@type":"EntryPoint","urlTemplate":"https:\/\/diariodepe.com.br\/cri\/?s={search_term_string}"},"query-input":{"@type":"PropertyValueSpecification","valueRequired":true,"valueName":"search_term_string"}}],"inLanguage":"pt-BR"},{"@type":"Organization","@id":"https:\/\/diariodepe.com.br\/cri\/#organization","name":"CRI e Diario de Pernambuco","url":"https:\/\/diariodepe.com.br\/cri\/","logo":{"@type":"ImageObject","inLanguage":"pt-BR","@id":"https:\/\/diariodepe.com.br\/cri\/#\/schema\/logo\/image\/","url":"https:\/\/diariodepe.com.br\/cri\/wp-content\/uploads\/sites\/2\/2022\/12\/cropped-Logo.jpg","contentUrl":"https:\/\/diariodepe.com.br\/cri\/wp-content\/uploads\/sites\/2\/2022\/12\/cropped-Logo.jpg","width":700,"height":59,"caption":"CRI e Diario de Pernambuco"},"image":{"@id":"https:\/\/diariodepe.com.br\/cri\/#\/schema\/logo\/image\/"}},{"@type":"Person","@id":"https:\/\/diariodepe.com.br\/cri\/#\/schema\/person\/121bb28d84f1a5b1205ef4ce9c2e0c6b","name":"Ismael Lucas S. Pereira","image":{"@type":"ImageObject","inLanguage":"pt-BR","@id":"https:\/\/secure.gravatar.com\/avatar\/887a0f3b5a7ceea963a48499fb883ffce6b5037362def025c52c2505b15d63e4?s=96&d=mm&r=g","url":"https:\/\/secure.gravatar.com\/avatar\/887a0f3b5a7ceea963a48499fb883ffce6b5037362def025c52c2505b15d63e4?s=96&d=mm&r=g","contentUrl":"https:\/\/secure.gravatar.com\/avatar\/887a0f3b5a7ceea963a48499fb883ffce6b5037362def025c52c2505b15d63e4?s=96&d=mm&r=g","caption":"Ismael Lucas S. Pereira"},"url":"https:\/\/diariodepe.com.br\/cri\/author\/ismael-lucas\/"}]}},"cc_featured_image_caption":{"caption_text":false,"source_text":false,"source_url":false},"amp_enabled":true,"_links":{"self":[{"href":"https:\/\/diariodepe.com.br\/cri\/wp-json\/wp\/v2\/posts\/5533","targetHints":{"allow":["GET"]}}],"collection":[{"href":"https:\/\/diariodepe.com.br\/cri\/wp-json\/wp\/v2\/posts"}],"about":[{"href":"https:\/\/diariodepe.com.br\/cri\/wp-json\/wp\/v2\/types\/post"}],"author":[{"embeddable":true,"href":"https:\/\/diariodepe.com.br\/cri\/wp-json\/wp\/v2\/users\/2"}],"replies":[{"embeddable":true,"href":"https:\/\/diariodepe.com.br\/cri\/wp-json\/wp\/v2\/comments?post=5533"}],"version-history":[{"count":1,"href":"https:\/\/diariodepe.com.br\/cri\/wp-json\/wp\/v2\/posts\/5533\/revisions"}],"predecessor-version":[{"id":5534,"href":"https:\/\/diariodepe.com.br\/cri\/wp-json\/wp\/v2\/posts\/5533\/revisions\/5534"}],"wp:attachment":[{"href":"https:\/\/diariodepe.com.br\/cri\/wp-json\/wp\/v2\/media?parent=5533"}],"wp:term":[{"taxonomy":"category","embeddable":true,"href":"https:\/\/diariodepe.com.br\/cri\/wp-json\/wp\/v2\/categories?post=5533"},{"taxonomy":"post_tag","embeddable":true,"href":"https:\/\/diariodepe.com.br\/cri\/wp-json\/wp\/v2\/tags?post=5533"}],"curies":[{"name":"wp","href":"https:\/\/api.w.org\/{rel}","templated":true}]}}