{"id":5527,"date":"2024-06-13T04:06:22","date_gmt":"2024-06-13T07:06:22","guid":{"rendered":"https:\/\/diariodepe.com.br\/cri\/?p=5527"},"modified":"2024-06-13T04:06:22","modified_gmt":"2024-06-13T07:06:22","slug":"chanceleres-chines-e-brasileiro-se-reunem-em-nizhny-novgorod-na-russia","status":"publish","type":"post","link":"https:\/\/diariodepe.com.br\/cri\/2024\/06\/13\/chanceleres-chines-e-brasileiro-se-reunem-em-nizhny-novgorod-na-russia\/","title":{"rendered":"Chanceleres chin\u00eas e brasileiro se re\u00fanem em Nizhny Novgorod na R\u00fassia"},"content":{"rendered":"<p>O conselheiro de Estado e chanceler chin\u00eas, Wang Yi, encontrou-se com o ministro das Rela\u00e7\u00f5es Exteriores do Brasil, Mauro Vieira, no dia 10 em Nizhny Novgorod, na R\u00fassia.<\/p>\n<p>Wang Yi disse que este ano marca o 50\u00ba anivers\u00e1rio do estabelecimento das rela\u00e7\u00f5es diplom\u00e1ticas entre os dois pa\u00edses, um momento especial para o desenvolvimento das rela\u00e7\u00f5es bilaterais. Como o presidente chin\u00eas Xi Jinping disse, as duas partes devem compreender a estrat\u00e9gia, aumentar os benef\u00edcios m\u00fatuos e destacar a abrang\u00eancia para construir um comunidade com futuro compartilhado China-Brasil, acrescentou Wang.<\/p>\n<p>O chanceler chin\u00eas disse que a parte chinesa sempre considerou o relacionamento com o Brasil uma prioridade diplom\u00e1tica, pois o Brasil \u00e9 um importante pa\u00eds na Am\u00e9rica Latina, e a China quer trabalhar ao seu lado para promover coopera\u00e7\u00f5es com a Comunidade de Estados Latino-Americanos e Caribenhos (Celac) e o Mercado Comum do Sul (Mercosul).<\/p>\n<p>Al\u00e9m disso, Wang Yi enfatizou que, como dois grandes pa\u00edses em desenvolvimento, a China e o Brasil devem emitir vozes justas, equitativas e construtivas em rela\u00e7\u00e3o \u00e0s quest\u00f5es internacionais em foco.<\/p>\n<p>Mauro Vieira disse que o vice-presidente brasileiro, Geraldo Alckmin, acabou de realizar uma visita bem frut\u00edfera \u00e0 China na semana passada. O Brasil presta alta aten\u00e7\u00e3o \u00e0s rela\u00e7\u00f5es com a China e o papel do pa\u00eds asi\u00e1tico na arena internacional. O chanceler brasileiro enfatizou que seu pa\u00eds quer continuar refor\u00e7ando coopera\u00e7\u00f5es com a China nas Na\u00e7\u00f5es Unidas, BRICS e G20, entre outros mecanismos multilaterais.<\/p>\n","protected":false},"excerpt":{"rendered":"<p>O conselheiro de Estado e chanceler chin\u00eas, Wang Yi, encontrou-se com o ministro das Rela\u00e7\u00f5es Exteriores do Brasil, Mauro Vieira, no dia 10 em Nizhny Novgorod, na R\u00fassia. Wang Yi disse que este ano marca o 50\u00ba anivers\u00e1rio do estabelecimento&#8230;<\/p>\n","protected":false},"author":2,"featured_media":0,"comment_status":"open","ping_status":"open","sticky":false,"template":"","format":"standard","meta":{"footnotes":""},"categories":[8],"tags":[],"class_list":["post-5527","post","type-post","status-publish","format-standard","hentry","category-internacional"],"yoast_head":"<!-- This site is optimized with the Yoast SEO plugin v27.4 - https:\/\/yoast.com\/product\/yoast-seo-wordpress\/ -->\n<title>Chanceleres chin\u00eas e brasileiro se re\u00fanem em Nizhny Novgorod na R\u00fassia - CRI e Diario de Pernambuco<\/title>\n<meta name=\"robots\" content=\"index, follow, max-snippet:-1, max-image-preview:large, max-video-preview:-1\" \/>\n<link rel=\"canonical\" href=\"https:\/\/diariodepe.com.br\/cri\/2024\/06\/13\/chanceleres-chines-e-brasileiro-se-reunem-em-nizhny-novgorod-na-russia\/\" \/>\n<meta property=\"og:locale\" content=\"pt_BR\" \/>\n<meta property=\"og:type\" content=\"article\" \/>\n<meta property=\"og:title\" content=\"Chanceleres chin\u00eas e brasileiro se re\u00fanem em Nizhny Novgorod na R\u00fassia - CRI e Diario de Pernambuco\" \/>\n<meta property=\"og:description\" content=\"O conselheiro de Estado e chanceler chin\u00eas, Wang Yi, encontrou-se com o ministro das Rela\u00e7\u00f5es Exteriores do Brasil, Mauro Vieira, no dia 10 em Nizhny Novgorod, na R\u00fassia. Wang Yi disse que este ano marca o 50\u00ba anivers\u00e1rio do estabelecimento...\" \/>\n<meta property=\"og:url\" content=\"https:\/\/diariodepe.com.br\/cri\/2024\/06\/13\/chanceleres-chines-e-brasileiro-se-reunem-em-nizhny-novgorod-na-russia\/\" \/>\n<meta property=\"og:site_name\" content=\"CRI e Diario de Pernambuco\" \/>\n<meta property=\"article:published_time\" content=\"2024-06-13T07:06:22+00:00\" \/>\n<meta name=\"author\" content=\"Ismael Lucas S. Pereira\" \/>\n<meta name=\"twitter:card\" content=\"summary_large_image\" \/>\n<meta name=\"twitter:label1\" content=\"Escrito por\" \/>\n\t<meta name=\"twitter:data1\" content=\"Ismael Lucas S. Pereira\" \/>\n\t<meta name=\"twitter:label2\" content=\"Est. tempo de leitura\" \/>\n\t<meta name=\"twitter:data2\" content=\"2 minutos\" \/>\n<script type=\"application\/ld+json\" class=\"yoast-schema-graph\">{\"@context\":\"https:\\\/\\\/schema.org\",\"@graph\":[{\"@type\":\"Article\",\"@id\":\"https:\\\/\\\/diariodepe.com.br\\\/cri\\\/2024\\\/06\\\/13\\\/chanceleres-chines-e-brasileiro-se-reunem-em-nizhny-novgorod-na-russia\\\/#article\",\"isPartOf\":{\"@id\":\"https:\\\/\\\/diariodepe.com.br\\\/cri\\\/2024\\\/06\\\/13\\\/chanceleres-chines-e-brasileiro-se-reunem-em-nizhny-novgorod-na-russia\\\/\"},\"author\":{\"name\":\"Ismael Lucas S. Pereira\",\"@id\":\"https:\\\/\\\/diariodepe.com.br\\\/cri\\\/#\\\/schema\\\/person\\\/121bb28d84f1a5b1205ef4ce9c2e0c6b\"},\"headline\":\"Chanceleres chin\u00eas e brasileiro se re\u00fanem em Nizhny Novgorod na R\u00fassia\",\"datePublished\":\"2024-06-13T07:06:22+00:00\",\"mainEntityOfPage\":{\"@id\":\"https:\\\/\\\/diariodepe.com.br\\\/cri\\\/2024\\\/06\\\/13\\\/chanceleres-chines-e-brasileiro-se-reunem-em-nizhny-novgorod-na-russia\\\/\"},\"wordCount\":279,\"commentCount\":0,\"publisher\":{\"@id\":\"https:\\\/\\\/diariodepe.com.br\\\/cri\\\/#organization\"},\"articleSection\":[\"Internacional\"],\"inLanguage\":\"pt-BR\",\"potentialAction\":[{\"@type\":\"CommentAction\",\"name\":\"Comment\",\"target\":[\"https:\\\/\\\/diariodepe.com.br\\\/cri\\\/2024\\\/06\\\/13\\\/chanceleres-chines-e-brasileiro-se-reunem-em-nizhny-novgorod-na-russia\\\/#respond\"]}]},{\"@type\":\"WebPage\",\"@id\":\"https:\\\/\\\/diariodepe.com.br\\\/cri\\\/2024\\\/06\\\/13\\\/chanceleres-chines-e-brasileiro-se-reunem-em-nizhny-novgorod-na-russia\\\/\",\"url\":\"https:\\\/\\\/diariodepe.com.br\\\/cri\\\/2024\\\/06\\\/13\\\/chanceleres-chines-e-brasileiro-se-reunem-em-nizhny-novgorod-na-russia\\\/\",\"name\":\"Chanceleres chin\u00eas e brasileiro se re\u00fanem em Nizhny Novgorod na R\u00fassia - CRI e Diario de Pernambuco\",\"isPartOf\":{\"@id\":\"https:\\\/\\\/diariodepe.com.br\\\/cri\\\/#website\"},\"datePublished\":\"2024-06-13T07:06:22+00:00\",\"breadcrumb\":{\"@id\":\"https:\\\/\\\/diariodepe.com.br\\\/cri\\\/2024\\\/06\\\/13\\\/chanceleres-chines-e-brasileiro-se-reunem-em-nizhny-novgorod-na-russia\\\/#breadcrumb\"},\"inLanguage\":\"pt-BR\",\"potentialAction\":[{\"@type\":\"ReadAction\",\"target\":[\"https:\\\/\\\/diariodepe.com.br\\\/cri\\\/2024\\\/06\\\/13\\\/chanceleres-chines-e-brasileiro-se-reunem-em-nizhny-novgorod-na-russia\\\/\"]}]},{\"@type\":\"BreadcrumbList\",\"@id\":\"https:\\\/\\\/diariodepe.com.br\\\/cri\\\/2024\\\/06\\\/13\\\/chanceleres-chines-e-brasileiro-se-reunem-em-nizhny-novgorod-na-russia\\\/#breadcrumb\",\"itemListElement\":[{\"@type\":\"ListItem\",\"position\":1,\"name\":\"In\u00edcio\",\"item\":\"https:\\\/\\\/diariodepe.com.br\\\/cri\\\/\"},{\"@type\":\"ListItem\",\"position\":2,\"name\":\"Chanceleres chin\u00eas e brasileiro se re\u00fanem em Nizhny Novgorod na R\u00fassia\"}]},{\"@type\":\"WebSite\",\"@id\":\"https:\\\/\\\/diariodepe.com.br\\\/cri\\\/#website\",\"url\":\"https:\\\/\\\/diariodepe.com.br\\\/cri\\\/\",\"name\":\"CRI e Diario de Pernambuco\",\"description\":\"R\u00e1dio Internacional da China\",\"publisher\":{\"@id\":\"https:\\\/\\\/diariodepe.com.br\\\/cri\\\/#organization\"},\"potentialAction\":[{\"@type\":\"SearchAction\",\"target\":{\"@type\":\"EntryPoint\",\"urlTemplate\":\"https:\\\/\\\/diariodepe.com.br\\\/cri\\\/?s={search_term_string}\"},\"query-input\":{\"@type\":\"PropertyValueSpecification\",\"valueRequired\":true,\"valueName\":\"search_term_string\"}}],\"inLanguage\":\"pt-BR\"},{\"@type\":\"Organization\",\"@id\":\"https:\\\/\\\/diariodepe.com.br\\\/cri\\\/#organization\",\"name\":\"CRI e Diario de Pernambuco\",\"url\":\"https:\\\/\\\/diariodepe.com.br\\\/cri\\\/\",\"logo\":{\"@type\":\"ImageObject\",\"inLanguage\":\"pt-BR\",\"@id\":\"https:\\\/\\\/diariodepe.com.br\\\/cri\\\/#\\\/schema\\\/logo\\\/image\\\/\",\"url\":\"https:\\\/\\\/diariodepe.com.br\\\/cri\\\/wp-content\\\/uploads\\\/sites\\\/2\\\/2022\\\/12\\\/cropped-Logo.jpg\",\"contentUrl\":\"https:\\\/\\\/diariodepe.com.br\\\/cri\\\/wp-content\\\/uploads\\\/sites\\\/2\\\/2022\\\/12\\\/cropped-Logo.jpg\",\"width\":700,\"height\":59,\"caption\":\"CRI e Diario de Pernambuco\"},\"image\":{\"@id\":\"https:\\\/\\\/diariodepe.com.br\\\/cri\\\/#\\\/schema\\\/logo\\\/image\\\/\"}},{\"@type\":\"Person\",\"@id\":\"https:\\\/\\\/diariodepe.com.br\\\/cri\\\/#\\\/schema\\\/person\\\/121bb28d84f1a5b1205ef4ce9c2e0c6b\",\"name\":\"Ismael Lucas S. Pereira\",\"image\":{\"@type\":\"ImageObject\",\"inLanguage\":\"pt-BR\",\"@id\":\"https:\\\/\\\/secure.gravatar.com\\\/avatar\\\/887a0f3b5a7ceea963a48499fb883ffce6b5037362def025c52c2505b15d63e4?s=96&d=mm&r=g\",\"url\":\"https:\\\/\\\/secure.gravatar.com\\\/avatar\\\/887a0f3b5a7ceea963a48499fb883ffce6b5037362def025c52c2505b15d63e4?s=96&d=mm&r=g\",\"contentUrl\":\"https:\\\/\\\/secure.gravatar.com\\\/avatar\\\/887a0f3b5a7ceea963a48499fb883ffce6b5037362def025c52c2505b15d63e4?s=96&d=mm&r=g\",\"caption\":\"Ismael Lucas S. Pereira\"},\"url\":\"https:\\\/\\\/diariodepe.com.br\\\/cri\\\/author\\\/ismael-lucas\\\/\"}]}<\/script>\n<!-- \/ Yoast SEO plugin. -->","yoast_head_json":{"title":"Chanceleres chin\u00eas e brasileiro se re\u00fanem em Nizhny Novgorod na R\u00fassia - CRI e Diario de Pernambuco","robots":{"index":"index","follow":"follow","max-snippet":"max-snippet:-1","max-image-preview":"max-image-preview:large","max-video-preview":"max-video-preview:-1"},"canonical":"https:\/\/diariodepe.com.br\/cri\/2024\/06\/13\/chanceleres-chines-e-brasileiro-se-reunem-em-nizhny-novgorod-na-russia\/","og_locale":"pt_BR","og_type":"article","og_title":"Chanceleres chin\u00eas e brasileiro se re\u00fanem em Nizhny Novgorod na R\u00fassia - CRI e Diario de Pernambuco","og_description":"O conselheiro de Estado e chanceler chin\u00eas, Wang Yi, encontrou-se com o ministro das Rela\u00e7\u00f5es Exteriores do Brasil, Mauro Vieira, no dia 10 em Nizhny Novgorod, na R\u00fassia. Wang Yi disse que este ano marca o 50\u00ba anivers\u00e1rio do estabelecimento...","og_url":"https:\/\/diariodepe.com.br\/cri\/2024\/06\/13\/chanceleres-chines-e-brasileiro-se-reunem-em-nizhny-novgorod-na-russia\/","og_site_name":"CRI e Diario de Pernambuco","article_published_time":"2024-06-13T07:06:22+00:00","author":"Ismael Lucas S. Pereira","twitter_card":"summary_large_image","twitter_misc":{"Escrito por":"Ismael Lucas S. Pereira","Est. tempo de leitura":"2 minutos"},"schema":{"@context":"https:\/\/schema.org","@graph":[{"@type":"Article","@id":"https:\/\/diariodepe.com.br\/cri\/2024\/06\/13\/chanceleres-chines-e-brasileiro-se-reunem-em-nizhny-novgorod-na-russia\/#article","isPartOf":{"@id":"https:\/\/diariodepe.com.br\/cri\/2024\/06\/13\/chanceleres-chines-e-brasileiro-se-reunem-em-nizhny-novgorod-na-russia\/"},"author":{"name":"Ismael Lucas S. Pereira","@id":"https:\/\/diariodepe.com.br\/cri\/#\/schema\/person\/121bb28d84f1a5b1205ef4ce9c2e0c6b"},"headline":"Chanceleres chin\u00eas e brasileiro se re\u00fanem em Nizhny Novgorod na R\u00fassia","datePublished":"2024-06-13T07:06:22+00:00","mainEntityOfPage":{"@id":"https:\/\/diariodepe.com.br\/cri\/2024\/06\/13\/chanceleres-chines-e-brasileiro-se-reunem-em-nizhny-novgorod-na-russia\/"},"wordCount":279,"commentCount":0,"publisher":{"@id":"https:\/\/diariodepe.com.br\/cri\/#organization"},"articleSection":["Internacional"],"inLanguage":"pt-BR","potentialAction":[{"@type":"CommentAction","name":"Comment","target":["https:\/\/diariodepe.com.br\/cri\/2024\/06\/13\/chanceleres-chines-e-brasileiro-se-reunem-em-nizhny-novgorod-na-russia\/#respond"]}]},{"@type":"WebPage","@id":"https:\/\/diariodepe.com.br\/cri\/2024\/06\/13\/chanceleres-chines-e-brasileiro-se-reunem-em-nizhny-novgorod-na-russia\/","url":"https:\/\/diariodepe.com.br\/cri\/2024\/06\/13\/chanceleres-chines-e-brasileiro-se-reunem-em-nizhny-novgorod-na-russia\/","name":"Chanceleres chin\u00eas e brasileiro se re\u00fanem em Nizhny Novgorod na R\u00fassia - CRI e Diario de Pernambuco","isPartOf":{"@id":"https:\/\/diariodepe.com.br\/cri\/#website"},"datePublished":"2024-06-13T07:06:22+00:00","breadcrumb":{"@id":"https:\/\/diariodepe.com.br\/cri\/2024\/06\/13\/chanceleres-chines-e-brasileiro-se-reunem-em-nizhny-novgorod-na-russia\/#breadcrumb"},"inLanguage":"pt-BR","potentialAction":[{"@type":"ReadAction","target":["https:\/\/diariodepe.com.br\/cri\/2024\/06\/13\/chanceleres-chines-e-brasileiro-se-reunem-em-nizhny-novgorod-na-russia\/"]}]},{"@type":"BreadcrumbList","@id":"https:\/\/diariodepe.com.br\/cri\/2024\/06\/13\/chanceleres-chines-e-brasileiro-se-reunem-em-nizhny-novgorod-na-russia\/#breadcrumb","itemListElement":[{"@type":"ListItem","position":1,"name":"In\u00edcio","item":"https:\/\/diariodepe.com.br\/cri\/"},{"@type":"ListItem","position":2,"name":"Chanceleres chin\u00eas e brasileiro se re\u00fanem em Nizhny Novgorod na R\u00fassia"}]},{"@type":"WebSite","@id":"https:\/\/diariodepe.com.br\/cri\/#website","url":"https:\/\/diariodepe.com.br\/cri\/","name":"CRI e Diario de Pernambuco","description":"R\u00e1dio Internacional da China","publisher":{"@id":"https:\/\/diariodepe.com.br\/cri\/#organization"},"potentialAction":[{"@type":"SearchAction","target":{"@type":"EntryPoint","urlTemplate":"https:\/\/diariodepe.com.br\/cri\/?s={search_term_string}"},"query-input":{"@type":"PropertyValueSpecification","valueRequired":true,"valueName":"search_term_string"}}],"inLanguage":"pt-BR"},{"@type":"Organization","@id":"https:\/\/diariodepe.com.br\/cri\/#organization","name":"CRI e Diario de Pernambuco","url":"https:\/\/diariodepe.com.br\/cri\/","logo":{"@type":"ImageObject","inLanguage":"pt-BR","@id":"https:\/\/diariodepe.com.br\/cri\/#\/schema\/logo\/image\/","url":"https:\/\/diariodepe.com.br\/cri\/wp-content\/uploads\/sites\/2\/2022\/12\/cropped-Logo.jpg","contentUrl":"https:\/\/diariodepe.com.br\/cri\/wp-content\/uploads\/sites\/2\/2022\/12\/cropped-Logo.jpg","width":700,"height":59,"caption":"CRI e Diario de Pernambuco"},"image":{"@id":"https:\/\/diariodepe.com.br\/cri\/#\/schema\/logo\/image\/"}},{"@type":"Person","@id":"https:\/\/diariodepe.com.br\/cri\/#\/schema\/person\/121bb28d84f1a5b1205ef4ce9c2e0c6b","name":"Ismael Lucas S. Pereira","image":{"@type":"ImageObject","inLanguage":"pt-BR","@id":"https:\/\/secure.gravatar.com\/avatar\/887a0f3b5a7ceea963a48499fb883ffce6b5037362def025c52c2505b15d63e4?s=96&d=mm&r=g","url":"https:\/\/secure.gravatar.com\/avatar\/887a0f3b5a7ceea963a48499fb883ffce6b5037362def025c52c2505b15d63e4?s=96&d=mm&r=g","contentUrl":"https:\/\/secure.gravatar.com\/avatar\/887a0f3b5a7ceea963a48499fb883ffce6b5037362def025c52c2505b15d63e4?s=96&d=mm&r=g","caption":"Ismael Lucas S. Pereira"},"url":"https:\/\/diariodepe.com.br\/cri\/author\/ismael-lucas\/"}]}},"cc_featured_image_caption":{"caption_text":false,"source_text":false,"source_url":false},"amp_enabled":true,"_links":{"self":[{"href":"https:\/\/diariodepe.com.br\/cri\/wp-json\/wp\/v2\/posts\/5527","targetHints":{"allow":["GET"]}}],"collection":[{"href":"https:\/\/diariodepe.com.br\/cri\/wp-json\/wp\/v2\/posts"}],"about":[{"href":"https:\/\/diariodepe.com.br\/cri\/wp-json\/wp\/v2\/types\/post"}],"author":[{"embeddable":true,"href":"https:\/\/diariodepe.com.br\/cri\/wp-json\/wp\/v2\/users\/2"}],"replies":[{"embeddable":true,"href":"https:\/\/diariodepe.com.br\/cri\/wp-json\/wp\/v2\/comments?post=5527"}],"version-history":[{"count":1,"href":"https:\/\/diariodepe.com.br\/cri\/wp-json\/wp\/v2\/posts\/5527\/revisions"}],"predecessor-version":[{"id":5528,"href":"https:\/\/diariodepe.com.br\/cri\/wp-json\/wp\/v2\/posts\/5527\/revisions\/5528"}],"wp:attachment":[{"href":"https:\/\/diariodepe.com.br\/cri\/wp-json\/wp\/v2\/media?parent=5527"}],"wp:term":[{"taxonomy":"category","embeddable":true,"href":"https:\/\/diariodepe.com.br\/cri\/wp-json\/wp\/v2\/categories?post=5527"},{"taxonomy":"post_tag","embeddable":true,"href":"https:\/\/diariodepe.com.br\/cri\/wp-json\/wp\/v2\/tags?post=5527"}],"curies":[{"name":"wp","href":"https:\/\/api.w.org\/{rel}","templated":true}]}}