{"id":5517,"date":"2024-06-11T04:00:07","date_gmt":"2024-06-11T07:00:07","guid":{"rendered":"https:\/\/diariodepe.com.br\/cri\/?p=5517"},"modified":"2024-06-11T04:02:26","modified_gmt":"2024-06-11T07:02:26","slug":"chanceler-chines-participa-da-reuniao-dos-ministros-das-relacoes-exteriores-do-brics","status":"publish","type":"post","link":"https:\/\/diariodepe.com.br\/cri\/2024\/06\/11\/chanceler-chines-participa-da-reuniao-dos-ministros-das-relacoes-exteriores-do-brics\/","title":{"rendered":"Chanceler chin\u00eas participa da reuni\u00e3o dos ministros das Rela\u00e7\u00f5es Exteriores do BRICS"},"content":{"rendered":"<p>O ministro das Rela\u00e7\u00f5es Exteriores da China, Wang Yi, participou na segunda-feira (10), da reuni\u00e3o dos ministros das Rela\u00e7\u00f5es Exteriores do BRICS em Nizhny Novgorod, na R\u00fassia, e fez um discurso.<\/p>\n<p>Wang Yi, tamb\u00e9m membro do Bir\u00f4 Pol\u00edtico do Comit\u00ea Central do Partido Comunista da China, disse que o BRICS deve fortalecer sua confian\u00e7a no multilateralismo e elaborar um novo projeto para o futuro desenvolvimento global.<\/p>\n<p>Wang Yi apontou que o mecanismo deve ser firme em sua determina\u00e7\u00e3o de manter a paz e a seguran\u00e7a e dar um novo \u00edmpeto \u00e0 solu\u00e7\u00e3o pol\u00edtica de quest\u00f5es importantes.<\/p>\n<p>Todas as partes devem manter firmemente o esp\u00edrito original de \u201cabertura, inclus\u00e3o e coopera\u00e7\u00e3o ganha-ganha\u201d, de modo a levar a colabora\u00e7\u00e3o pragm\u00e1tica do BRICS a um novo patamar, acrescentou.<\/p>\n<p>Os participantes elogiaram o importante papel do mecanismo do BRICS e os resultados de sua expans\u00e3o, expressando apoio ao estabelecimento de pa\u00edses parceiros. A reuni\u00e3o emitiu uma Declara\u00e7\u00e3o Conjunta da Reuni\u00e3o de Ministros das Rela\u00e7\u00f5es Exteriores do BRICS.<\/p>\n<p>Durante a reuni\u00e3o, Wang Yi se reuniu separadamente com o vice-primeiro-ministro e ministro das Rela\u00e7\u00f5es Exteriores do Laos, os ministros das Rela\u00e7\u00f5es Exteriores da R\u00fassia, do Brasil, da \u00c1frica do Sul e da Eti\u00f3pia, e tamb\u00e9m com o ministro interino das Rela\u00e7\u00f5es Exteriores do Ir\u00e3.<\/p>\n","protected":false},"excerpt":{"rendered":"<p>O ministro das Rela\u00e7\u00f5es Exteriores da China, Wang Yi, participou na segunda-feira (10), da reuni\u00e3o dos ministros das Rela\u00e7\u00f5es Exteriores do BRICS em Nizhny Novgorod, na R\u00fassia, e fez um discurso. Wang Yi, tamb\u00e9m membro do Bir\u00f4 Pol\u00edtico do Comit\u00ea&#8230;<\/p>\n","protected":false},"author":2,"featured_media":5518,"comment_status":"open","ping_status":"open","sticky":false,"template":"","format":"standard","meta":{"footnotes":""},"categories":[5,8],"tags":[],"class_list":["post-5517","post","type-post","status-publish","format-standard","has-post-thumbnail","hentry","category-destaques-capa","category-internacional"],"yoast_head":"<!-- This site is optimized with the Yoast SEO plugin v27.4 - https:\/\/yoast.com\/product\/yoast-seo-wordpress\/ -->\n<title>Chanceler chin\u00eas participa da reuni\u00e3o dos ministros das Rela\u00e7\u00f5es Exteriores do BRICS - CRI e Diario de Pernambuco<\/title>\n<meta name=\"robots\" content=\"index, follow, max-snippet:-1, max-image-preview:large, max-video-preview:-1\" \/>\n<link rel=\"canonical\" href=\"https:\/\/diariodepe.com.br\/cri\/2024\/06\/11\/chanceler-chines-participa-da-reuniao-dos-ministros-das-relacoes-exteriores-do-brics\/\" \/>\n<meta property=\"og:locale\" content=\"pt_BR\" \/>\n<meta property=\"og:type\" content=\"article\" \/>\n<meta property=\"og:title\" content=\"Chanceler chin\u00eas participa da reuni\u00e3o dos ministros das Rela\u00e7\u00f5es Exteriores do BRICS - CRI e Diario de Pernambuco\" \/>\n<meta property=\"og:description\" content=\"O ministro das Rela\u00e7\u00f5es Exteriores da China, Wang Yi, participou na segunda-feira (10), da reuni\u00e3o dos ministros das Rela\u00e7\u00f5es Exteriores do BRICS em Nizhny Novgorod, na R\u00fassia, e fez um discurso. Wang Yi, tamb\u00e9m membro do Bir\u00f4 Pol\u00edtico do Comit\u00ea...\" \/>\n<meta property=\"og:url\" content=\"https:\/\/diariodepe.com.br\/cri\/2024\/06\/11\/chanceler-chines-participa-da-reuniao-dos-ministros-das-relacoes-exteriores-do-brics\/\" \/>\n<meta property=\"og:site_name\" content=\"CRI e Diario de Pernambuco\" \/>\n<meta property=\"article:published_time\" content=\"2024-06-11T07:00:07+00:00\" \/>\n<meta property=\"article:modified_time\" content=\"2024-06-11T07:02:26+00:00\" \/>\n<meta property=\"og:image\" content=\"https:\/\/diariodepe.com.br\/cri\/wp-content\/uploads\/sites\/2\/2024\/06\/2024061022044839621.png\" \/>\n\t<meta property=\"og:image:width\" content=\"600\" \/>\n\t<meta property=\"og:image:height\" content=\"400\" \/>\n\t<meta property=\"og:image:type\" content=\"image\/png\" \/>\n<meta name=\"author\" content=\"Ismael Lucas S. Pereira\" \/>\n<meta name=\"twitter:card\" content=\"summary_large_image\" \/>\n<meta name=\"twitter:label1\" content=\"Escrito por\" \/>\n\t<meta name=\"twitter:data1\" content=\"Ismael Lucas S. Pereira\" \/>\n\t<meta name=\"twitter:label2\" content=\"Est. tempo de leitura\" \/>\n\t<meta name=\"twitter:data2\" content=\"2 minutos\" \/>\n<script type=\"application\/ld+json\" class=\"yoast-schema-graph\">{\"@context\":\"https:\\\/\\\/schema.org\",\"@graph\":[{\"@type\":\"Article\",\"@id\":\"https:\\\/\\\/diariodepe.com.br\\\/cri\\\/2024\\\/06\\\/11\\\/chanceler-chines-participa-da-reuniao-dos-ministros-das-relacoes-exteriores-do-brics\\\/#article\",\"isPartOf\":{\"@id\":\"https:\\\/\\\/diariodepe.com.br\\\/cri\\\/2024\\\/06\\\/11\\\/chanceler-chines-participa-da-reuniao-dos-ministros-das-relacoes-exteriores-do-brics\\\/\"},\"author\":{\"name\":\"Ismael Lucas S. Pereira\",\"@id\":\"https:\\\/\\\/diariodepe.com.br\\\/cri\\\/#\\\/schema\\\/person\\\/121bb28d84f1a5b1205ef4ce9c2e0c6b\"},\"headline\":\"Chanceler chin\u00eas participa da reuni\u00e3o dos ministros das Rela\u00e7\u00f5es Exteriores do BRICS\",\"datePublished\":\"2024-06-11T07:00:07+00:00\",\"dateModified\":\"2024-06-11T07:02:26+00:00\",\"mainEntityOfPage\":{\"@id\":\"https:\\\/\\\/diariodepe.com.br\\\/cri\\\/2024\\\/06\\\/11\\\/chanceler-chines-participa-da-reuniao-dos-ministros-das-relacoes-exteriores-do-brics\\\/\"},\"wordCount\":251,\"commentCount\":0,\"publisher\":{\"@id\":\"https:\\\/\\\/diariodepe.com.br\\\/cri\\\/#organization\"},\"image\":{\"@id\":\"https:\\\/\\\/diariodepe.com.br\\\/cri\\\/2024\\\/06\\\/11\\\/chanceler-chines-participa-da-reuniao-dos-ministros-das-relacoes-exteriores-do-brics\\\/#primaryimage\"},\"thumbnailUrl\":\"https:\\\/\\\/diariodepe.com.br\\\/cri\\\/wp-content\\\/uploads\\\/sites\\\/2\\\/2024\\\/06\\\/2024061022044839621.png\",\"articleSection\":[\"Destaques Capa\",\"Internacional\"],\"inLanguage\":\"pt-BR\",\"potentialAction\":[{\"@type\":\"CommentAction\",\"name\":\"Comment\",\"target\":[\"https:\\\/\\\/diariodepe.com.br\\\/cri\\\/2024\\\/06\\\/11\\\/chanceler-chines-participa-da-reuniao-dos-ministros-das-relacoes-exteriores-do-brics\\\/#respond\"]}]},{\"@type\":\"WebPage\",\"@id\":\"https:\\\/\\\/diariodepe.com.br\\\/cri\\\/2024\\\/06\\\/11\\\/chanceler-chines-participa-da-reuniao-dos-ministros-das-relacoes-exteriores-do-brics\\\/\",\"url\":\"https:\\\/\\\/diariodepe.com.br\\\/cri\\\/2024\\\/06\\\/11\\\/chanceler-chines-participa-da-reuniao-dos-ministros-das-relacoes-exteriores-do-brics\\\/\",\"name\":\"Chanceler chin\u00eas participa da reuni\u00e3o dos ministros das Rela\u00e7\u00f5es Exteriores do BRICS - CRI e Diario de Pernambuco\",\"isPartOf\":{\"@id\":\"https:\\\/\\\/diariodepe.com.br\\\/cri\\\/#website\"},\"primaryImageOfPage\":{\"@id\":\"https:\\\/\\\/diariodepe.com.br\\\/cri\\\/2024\\\/06\\\/11\\\/chanceler-chines-participa-da-reuniao-dos-ministros-das-relacoes-exteriores-do-brics\\\/#primaryimage\"},\"image\":{\"@id\":\"https:\\\/\\\/diariodepe.com.br\\\/cri\\\/2024\\\/06\\\/11\\\/chanceler-chines-participa-da-reuniao-dos-ministros-das-relacoes-exteriores-do-brics\\\/#primaryimage\"},\"thumbnailUrl\":\"https:\\\/\\\/diariodepe.com.br\\\/cri\\\/wp-content\\\/uploads\\\/sites\\\/2\\\/2024\\\/06\\\/2024061022044839621.png\",\"datePublished\":\"2024-06-11T07:00:07+00:00\",\"dateModified\":\"2024-06-11T07:02:26+00:00\",\"breadcrumb\":{\"@id\":\"https:\\\/\\\/diariodepe.com.br\\\/cri\\\/2024\\\/06\\\/11\\\/chanceler-chines-participa-da-reuniao-dos-ministros-das-relacoes-exteriores-do-brics\\\/#breadcrumb\"},\"inLanguage\":\"pt-BR\",\"potentialAction\":[{\"@type\":\"ReadAction\",\"target\":[\"https:\\\/\\\/diariodepe.com.br\\\/cri\\\/2024\\\/06\\\/11\\\/chanceler-chines-participa-da-reuniao-dos-ministros-das-relacoes-exteriores-do-brics\\\/\"]}]},{\"@type\":\"ImageObject\",\"inLanguage\":\"pt-BR\",\"@id\":\"https:\\\/\\\/diariodepe.com.br\\\/cri\\\/2024\\\/06\\\/11\\\/chanceler-chines-participa-da-reuniao-dos-ministros-das-relacoes-exteriores-do-brics\\\/#primaryimage\",\"url\":\"https:\\\/\\\/diariodepe.com.br\\\/cri\\\/wp-content\\\/uploads\\\/sites\\\/2\\\/2024\\\/06\\\/2024061022044839621.png\",\"contentUrl\":\"https:\\\/\\\/diariodepe.com.br\\\/cri\\\/wp-content\\\/uploads\\\/sites\\\/2\\\/2024\\\/06\\\/2024061022044839621.png\",\"width\":600,\"height\":400},{\"@type\":\"BreadcrumbList\",\"@id\":\"https:\\\/\\\/diariodepe.com.br\\\/cri\\\/2024\\\/06\\\/11\\\/chanceler-chines-participa-da-reuniao-dos-ministros-das-relacoes-exteriores-do-brics\\\/#breadcrumb\",\"itemListElement\":[{\"@type\":\"ListItem\",\"position\":1,\"name\":\"In\u00edcio\",\"item\":\"https:\\\/\\\/diariodepe.com.br\\\/cri\\\/\"},{\"@type\":\"ListItem\",\"position\":2,\"name\":\"Chanceler chin\u00eas participa da reuni\u00e3o dos ministros das Rela\u00e7\u00f5es Exteriores do BRICS\"}]},{\"@type\":\"WebSite\",\"@id\":\"https:\\\/\\\/diariodepe.com.br\\\/cri\\\/#website\",\"url\":\"https:\\\/\\\/diariodepe.com.br\\\/cri\\\/\",\"name\":\"CRI e Diario de Pernambuco\",\"description\":\"R\u00e1dio Internacional da China\",\"publisher\":{\"@id\":\"https:\\\/\\\/diariodepe.com.br\\\/cri\\\/#organization\"},\"potentialAction\":[{\"@type\":\"SearchAction\",\"target\":{\"@type\":\"EntryPoint\",\"urlTemplate\":\"https:\\\/\\\/diariodepe.com.br\\\/cri\\\/?s={search_term_string}\"},\"query-input\":{\"@type\":\"PropertyValueSpecification\",\"valueRequired\":true,\"valueName\":\"search_term_string\"}}],\"inLanguage\":\"pt-BR\"},{\"@type\":\"Organization\",\"@id\":\"https:\\\/\\\/diariodepe.com.br\\\/cri\\\/#organization\",\"name\":\"CRI e Diario de Pernambuco\",\"url\":\"https:\\\/\\\/diariodepe.com.br\\\/cri\\\/\",\"logo\":{\"@type\":\"ImageObject\",\"inLanguage\":\"pt-BR\",\"@id\":\"https:\\\/\\\/diariodepe.com.br\\\/cri\\\/#\\\/schema\\\/logo\\\/image\\\/\",\"url\":\"https:\\\/\\\/diariodepe.com.br\\\/cri\\\/wp-content\\\/uploads\\\/sites\\\/2\\\/2022\\\/12\\\/cropped-Logo.jpg\",\"contentUrl\":\"https:\\\/\\\/diariodepe.com.br\\\/cri\\\/wp-content\\\/uploads\\\/sites\\\/2\\\/2022\\\/12\\\/cropped-Logo.jpg\",\"width\":700,\"height\":59,\"caption\":\"CRI e Diario de Pernambuco\"},\"image\":{\"@id\":\"https:\\\/\\\/diariodepe.com.br\\\/cri\\\/#\\\/schema\\\/logo\\\/image\\\/\"}},{\"@type\":\"Person\",\"@id\":\"https:\\\/\\\/diariodepe.com.br\\\/cri\\\/#\\\/schema\\\/person\\\/121bb28d84f1a5b1205ef4ce9c2e0c6b\",\"name\":\"Ismael Lucas S. Pereira\",\"image\":{\"@type\":\"ImageObject\",\"inLanguage\":\"pt-BR\",\"@id\":\"https:\\\/\\\/secure.gravatar.com\\\/avatar\\\/887a0f3b5a7ceea963a48499fb883ffce6b5037362def025c52c2505b15d63e4?s=96&d=mm&r=g\",\"url\":\"https:\\\/\\\/secure.gravatar.com\\\/avatar\\\/887a0f3b5a7ceea963a48499fb883ffce6b5037362def025c52c2505b15d63e4?s=96&d=mm&r=g\",\"contentUrl\":\"https:\\\/\\\/secure.gravatar.com\\\/avatar\\\/887a0f3b5a7ceea963a48499fb883ffce6b5037362def025c52c2505b15d63e4?s=96&d=mm&r=g\",\"caption\":\"Ismael Lucas S. Pereira\"},\"url\":\"https:\\\/\\\/diariodepe.com.br\\\/cri\\\/author\\\/ismael-lucas\\\/\"}]}<\/script>\n<!-- \/ Yoast SEO plugin. -->","yoast_head_json":{"title":"Chanceler chin\u00eas participa da reuni\u00e3o dos ministros das Rela\u00e7\u00f5es Exteriores do BRICS - CRI e Diario de Pernambuco","robots":{"index":"index","follow":"follow","max-snippet":"max-snippet:-1","max-image-preview":"max-image-preview:large","max-video-preview":"max-video-preview:-1"},"canonical":"https:\/\/diariodepe.com.br\/cri\/2024\/06\/11\/chanceler-chines-participa-da-reuniao-dos-ministros-das-relacoes-exteriores-do-brics\/","og_locale":"pt_BR","og_type":"article","og_title":"Chanceler chin\u00eas participa da reuni\u00e3o dos ministros das Rela\u00e7\u00f5es Exteriores do BRICS - CRI e Diario de Pernambuco","og_description":"O ministro das Rela\u00e7\u00f5es Exteriores da China, Wang Yi, participou na segunda-feira (10), da reuni\u00e3o dos ministros das Rela\u00e7\u00f5es Exteriores do BRICS em Nizhny Novgorod, na R\u00fassia, e fez um discurso. Wang Yi, tamb\u00e9m membro do Bir\u00f4 Pol\u00edtico do Comit\u00ea...","og_url":"https:\/\/diariodepe.com.br\/cri\/2024\/06\/11\/chanceler-chines-participa-da-reuniao-dos-ministros-das-relacoes-exteriores-do-brics\/","og_site_name":"CRI e Diario de Pernambuco","article_published_time":"2024-06-11T07:00:07+00:00","article_modified_time":"2024-06-11T07:02:26+00:00","og_image":[{"width":600,"height":400,"url":"https:\/\/diariodepe.com.br\/cri\/wp-content\/uploads\/sites\/2\/2024\/06\/2024061022044839621.png","type":"image\/png"}],"author":"Ismael Lucas S. Pereira","twitter_card":"summary_large_image","twitter_misc":{"Escrito por":"Ismael Lucas S. Pereira","Est. tempo de leitura":"2 minutos"},"schema":{"@context":"https:\/\/schema.org","@graph":[{"@type":"Article","@id":"https:\/\/diariodepe.com.br\/cri\/2024\/06\/11\/chanceler-chines-participa-da-reuniao-dos-ministros-das-relacoes-exteriores-do-brics\/#article","isPartOf":{"@id":"https:\/\/diariodepe.com.br\/cri\/2024\/06\/11\/chanceler-chines-participa-da-reuniao-dos-ministros-das-relacoes-exteriores-do-brics\/"},"author":{"name":"Ismael Lucas S. Pereira","@id":"https:\/\/diariodepe.com.br\/cri\/#\/schema\/person\/121bb28d84f1a5b1205ef4ce9c2e0c6b"},"headline":"Chanceler chin\u00eas participa da reuni\u00e3o dos ministros das Rela\u00e7\u00f5es Exteriores do BRICS","datePublished":"2024-06-11T07:00:07+00:00","dateModified":"2024-06-11T07:02:26+00:00","mainEntityOfPage":{"@id":"https:\/\/diariodepe.com.br\/cri\/2024\/06\/11\/chanceler-chines-participa-da-reuniao-dos-ministros-das-relacoes-exteriores-do-brics\/"},"wordCount":251,"commentCount":0,"publisher":{"@id":"https:\/\/diariodepe.com.br\/cri\/#organization"},"image":{"@id":"https:\/\/diariodepe.com.br\/cri\/2024\/06\/11\/chanceler-chines-participa-da-reuniao-dos-ministros-das-relacoes-exteriores-do-brics\/#primaryimage"},"thumbnailUrl":"https:\/\/diariodepe.com.br\/cri\/wp-content\/uploads\/sites\/2\/2024\/06\/2024061022044839621.png","articleSection":["Destaques Capa","Internacional"],"inLanguage":"pt-BR","potentialAction":[{"@type":"CommentAction","name":"Comment","target":["https:\/\/diariodepe.com.br\/cri\/2024\/06\/11\/chanceler-chines-participa-da-reuniao-dos-ministros-das-relacoes-exteriores-do-brics\/#respond"]}]},{"@type":"WebPage","@id":"https:\/\/diariodepe.com.br\/cri\/2024\/06\/11\/chanceler-chines-participa-da-reuniao-dos-ministros-das-relacoes-exteriores-do-brics\/","url":"https:\/\/diariodepe.com.br\/cri\/2024\/06\/11\/chanceler-chines-participa-da-reuniao-dos-ministros-das-relacoes-exteriores-do-brics\/","name":"Chanceler chin\u00eas participa da reuni\u00e3o dos ministros das Rela\u00e7\u00f5es Exteriores do BRICS - CRI e Diario de Pernambuco","isPartOf":{"@id":"https:\/\/diariodepe.com.br\/cri\/#website"},"primaryImageOfPage":{"@id":"https:\/\/diariodepe.com.br\/cri\/2024\/06\/11\/chanceler-chines-participa-da-reuniao-dos-ministros-das-relacoes-exteriores-do-brics\/#primaryimage"},"image":{"@id":"https:\/\/diariodepe.com.br\/cri\/2024\/06\/11\/chanceler-chines-participa-da-reuniao-dos-ministros-das-relacoes-exteriores-do-brics\/#primaryimage"},"thumbnailUrl":"https:\/\/diariodepe.com.br\/cri\/wp-content\/uploads\/sites\/2\/2024\/06\/2024061022044839621.png","datePublished":"2024-06-11T07:00:07+00:00","dateModified":"2024-06-11T07:02:26+00:00","breadcrumb":{"@id":"https:\/\/diariodepe.com.br\/cri\/2024\/06\/11\/chanceler-chines-participa-da-reuniao-dos-ministros-das-relacoes-exteriores-do-brics\/#breadcrumb"},"inLanguage":"pt-BR","potentialAction":[{"@type":"ReadAction","target":["https:\/\/diariodepe.com.br\/cri\/2024\/06\/11\/chanceler-chines-participa-da-reuniao-dos-ministros-das-relacoes-exteriores-do-brics\/"]}]},{"@type":"ImageObject","inLanguage":"pt-BR","@id":"https:\/\/diariodepe.com.br\/cri\/2024\/06\/11\/chanceler-chines-participa-da-reuniao-dos-ministros-das-relacoes-exteriores-do-brics\/#primaryimage","url":"https:\/\/diariodepe.com.br\/cri\/wp-content\/uploads\/sites\/2\/2024\/06\/2024061022044839621.png","contentUrl":"https:\/\/diariodepe.com.br\/cri\/wp-content\/uploads\/sites\/2\/2024\/06\/2024061022044839621.png","width":600,"height":400},{"@type":"BreadcrumbList","@id":"https:\/\/diariodepe.com.br\/cri\/2024\/06\/11\/chanceler-chines-participa-da-reuniao-dos-ministros-das-relacoes-exteriores-do-brics\/#breadcrumb","itemListElement":[{"@type":"ListItem","position":1,"name":"In\u00edcio","item":"https:\/\/diariodepe.com.br\/cri\/"},{"@type":"ListItem","position":2,"name":"Chanceler chin\u00eas participa da reuni\u00e3o dos ministros das Rela\u00e7\u00f5es Exteriores do BRICS"}]},{"@type":"WebSite","@id":"https:\/\/diariodepe.com.br\/cri\/#website","url":"https:\/\/diariodepe.com.br\/cri\/","name":"CRI e Diario de Pernambuco","description":"R\u00e1dio Internacional da China","publisher":{"@id":"https:\/\/diariodepe.com.br\/cri\/#organization"},"potentialAction":[{"@type":"SearchAction","target":{"@type":"EntryPoint","urlTemplate":"https:\/\/diariodepe.com.br\/cri\/?s={search_term_string}"},"query-input":{"@type":"PropertyValueSpecification","valueRequired":true,"valueName":"search_term_string"}}],"inLanguage":"pt-BR"},{"@type":"Organization","@id":"https:\/\/diariodepe.com.br\/cri\/#organization","name":"CRI e Diario de Pernambuco","url":"https:\/\/diariodepe.com.br\/cri\/","logo":{"@type":"ImageObject","inLanguage":"pt-BR","@id":"https:\/\/diariodepe.com.br\/cri\/#\/schema\/logo\/image\/","url":"https:\/\/diariodepe.com.br\/cri\/wp-content\/uploads\/sites\/2\/2022\/12\/cropped-Logo.jpg","contentUrl":"https:\/\/diariodepe.com.br\/cri\/wp-content\/uploads\/sites\/2\/2022\/12\/cropped-Logo.jpg","width":700,"height":59,"caption":"CRI e Diario de Pernambuco"},"image":{"@id":"https:\/\/diariodepe.com.br\/cri\/#\/schema\/logo\/image\/"}},{"@type":"Person","@id":"https:\/\/diariodepe.com.br\/cri\/#\/schema\/person\/121bb28d84f1a5b1205ef4ce9c2e0c6b","name":"Ismael Lucas S. Pereira","image":{"@type":"ImageObject","inLanguage":"pt-BR","@id":"https:\/\/secure.gravatar.com\/avatar\/887a0f3b5a7ceea963a48499fb883ffce6b5037362def025c52c2505b15d63e4?s=96&d=mm&r=g","url":"https:\/\/secure.gravatar.com\/avatar\/887a0f3b5a7ceea963a48499fb883ffce6b5037362def025c52c2505b15d63e4?s=96&d=mm&r=g","contentUrl":"https:\/\/secure.gravatar.com\/avatar\/887a0f3b5a7ceea963a48499fb883ffce6b5037362def025c52c2505b15d63e4?s=96&d=mm&r=g","caption":"Ismael Lucas S. Pereira"},"url":"https:\/\/diariodepe.com.br\/cri\/author\/ismael-lucas\/"}]}},"cc_featured_image_caption":{"caption_text":false,"source_text":false,"source_url":false},"amp_enabled":true,"_links":{"self":[{"href":"https:\/\/diariodepe.com.br\/cri\/wp-json\/wp\/v2\/posts\/5517","targetHints":{"allow":["GET"]}}],"collection":[{"href":"https:\/\/diariodepe.com.br\/cri\/wp-json\/wp\/v2\/posts"}],"about":[{"href":"https:\/\/diariodepe.com.br\/cri\/wp-json\/wp\/v2\/types\/post"}],"author":[{"embeddable":true,"href":"https:\/\/diariodepe.com.br\/cri\/wp-json\/wp\/v2\/users\/2"}],"replies":[{"embeddable":true,"href":"https:\/\/diariodepe.com.br\/cri\/wp-json\/wp\/v2\/comments?post=5517"}],"version-history":[{"count":2,"href":"https:\/\/diariodepe.com.br\/cri\/wp-json\/wp\/v2\/posts\/5517\/revisions"}],"predecessor-version":[{"id":5521,"href":"https:\/\/diariodepe.com.br\/cri\/wp-json\/wp\/v2\/posts\/5517\/revisions\/5521"}],"wp:featuredmedia":[{"embeddable":true,"href":"https:\/\/diariodepe.com.br\/cri\/wp-json\/wp\/v2\/media\/5518"}],"wp:attachment":[{"href":"https:\/\/diariodepe.com.br\/cri\/wp-json\/wp\/v2\/media?parent=5517"}],"wp:term":[{"taxonomy":"category","embeddable":true,"href":"https:\/\/diariodepe.com.br\/cri\/wp-json\/wp\/v2\/categories?post=5517"},{"taxonomy":"post_tag","embeddable":true,"href":"https:\/\/diariodepe.com.br\/cri\/wp-json\/wp\/v2\/tags?post=5517"}],"curies":[{"name":"wp","href":"https:\/\/api.w.org\/{rel}","templated":true}]}}