{"id":5509,"date":"2024-06-11T03:55:09","date_gmt":"2024-06-11T06:55:09","guid":{"rendered":"https:\/\/diariodepe.com.br\/cri\/?p=5509"},"modified":"2024-06-11T03:55:09","modified_gmt":"2024-06-11T06:55:09","slug":"inaugurada-primeira-usina-fotovoltaica-da-spic-no-brasil","status":"publish","type":"post","link":"https:\/\/diariodepe.com.br\/cri\/2024\/06\/11\/inaugurada-primeira-usina-fotovoltaica-da-spic-no-brasil\/","title":{"rendered":"Inaugurada primeira usina fotovoltaica da SPIC no Brasil"},"content":{"rendered":"<p data-spm-anchor-id=\"0.0.0.i1\">Realizou-se nessa sexta-feira (7) a cerim\u00f4nia de inaugura\u00e7\u00e3o do Complexo Solar Marangatu, que \u00e9 o resultado do\u00a0investimento\u00a0e constru\u00e7\u00e3o\u00a0da\u00a0State Power Investment Corporation (SPIC) da China no Brasil. O projeto fotovoltaico tem\u00a0a\u00a0capacidade instalada total de 446 quilowatts e poder\u00e1 fornecer, anualmente,\u00a0energia el\u00e9trica para quase 550 mil fam\u00edlias.<\/p>\n<p>O chefe da SPIC Brasil, Lin Guixiang, afirmou que o projeto na terra de Marangatu demonstra os esfor\u00e7os concretos da SPIC na\u00a0implementa\u00e7\u00e3o da iniciativa global\u00a0de baixa emiss\u00e3o de carbono. Depois\u00a0de ser conectado totalmente \u00e0\u00a0rede, o sistema fotovoltaico dever\u00e1 reduzir anualmente 900 mil toneladas de emiss\u00e3o de carbono, o que n\u00e3o somente trar\u00e1 grandes benef\u00edcios ambientais e econ\u00f4micos para a comunidade local, como tamb\u00e9m contribuir\u00e1 para o desenvolvimento das energias limpas globais.<\/p>\n<p>O governador do estado de Piau\u00ed, Rafael Fonteles, agradeceu a SPIC Brasil por estabelecer a usina fotovoltaica no territ\u00f3rio estadual. Ele considera que, ao mesmo tempo que traz\u00a0resultados\u00a0econ\u00f4micos para o estado, esse projeto tamb\u00e9m deixar\u00e1 um\u00a0legado\u00a0ambiental e social valioso.<\/p>\n<p>A C\u00f4nsul-Geral da China em Recife, Lan Heping, afirmou que a China d\u00e1 grande import\u00e2ncia \u00e0\u00a0vantagem do desenvolvimento da regi\u00e3o nordeste no\u00a0Brasil e se esfor\u00e7a com a regi\u00e3o para impulsionar o processo de baixa emiss\u00e3o de carbono, a fim de melhorar o bem-estar do povo. Para ela, a inaugura\u00e7\u00e3o\u00a0do projeto vai trazer grandes\u00a0oportunidades\u00a0de desenvolvimento econ\u00f4mico e social para o Piau\u00ed, representando a eleva\u00e7\u00e3o de qualidade e n\u00edvel da parceria bilateral e demonstrando a implementa\u00e7\u00e3o da Iniciativa Global de Desenvolvimento pelos dois pa\u00edses.<\/p>\n","protected":false},"excerpt":{"rendered":"<p>Realizou-se nessa sexta-feira (7) a cerim\u00f4nia de inaugura\u00e7\u00e3o do Complexo Solar Marangatu, que \u00e9 o resultado do\u00a0investimento\u00a0e constru\u00e7\u00e3o\u00a0da\u00a0State Power Investment Corporation (SPIC) da China no Brasil. O projeto fotovoltaico tem\u00a0a\u00a0capacidade instalada total de 446 quilowatts e poder\u00e1 fornecer, anualmente,\u00a0energia el\u00e9trica&#8230;<\/p>\n","protected":false},"author":2,"featured_media":0,"comment_status":"open","ping_status":"open","sticky":false,"template":"","format":"standard","meta":{"footnotes":""},"categories":[8],"tags":[],"class_list":["post-5509","post","type-post","status-publish","format-standard","hentry","category-internacional"],"yoast_head":"<!-- This site is optimized with the Yoast SEO plugin v27.4 - https:\/\/yoast.com\/product\/yoast-seo-wordpress\/ -->\n<title>Inaugurada primeira usina fotovoltaica da SPIC no Brasil - CRI e Diario de Pernambuco<\/title>\n<meta name=\"robots\" content=\"index, follow, max-snippet:-1, max-image-preview:large, max-video-preview:-1\" \/>\n<link rel=\"canonical\" href=\"https:\/\/diariodepe.com.br\/cri\/2024\/06\/11\/inaugurada-primeira-usina-fotovoltaica-da-spic-no-brasil\/\" \/>\n<meta property=\"og:locale\" content=\"pt_BR\" \/>\n<meta property=\"og:type\" content=\"article\" \/>\n<meta property=\"og:title\" content=\"Inaugurada primeira usina fotovoltaica da SPIC no Brasil - CRI e Diario de Pernambuco\" \/>\n<meta property=\"og:description\" content=\"Realizou-se nessa sexta-feira (7) a cerim\u00f4nia de inaugura\u00e7\u00e3o do Complexo Solar Marangatu, que \u00e9 o resultado do\u00a0investimento\u00a0e constru\u00e7\u00e3o\u00a0da\u00a0State Power Investment Corporation (SPIC) da China no Brasil. O projeto fotovoltaico tem\u00a0a\u00a0capacidade instalada total de 446 quilowatts e poder\u00e1 fornecer, anualmente,\u00a0energia el\u00e9trica...\" \/>\n<meta property=\"og:url\" content=\"https:\/\/diariodepe.com.br\/cri\/2024\/06\/11\/inaugurada-primeira-usina-fotovoltaica-da-spic-no-brasil\/\" \/>\n<meta property=\"og:site_name\" content=\"CRI e Diario de Pernambuco\" \/>\n<meta property=\"article:published_time\" content=\"2024-06-11T06:55:09+00:00\" \/>\n<meta name=\"author\" content=\"Ismael Lucas S. Pereira\" \/>\n<meta name=\"twitter:card\" content=\"summary_large_image\" \/>\n<meta name=\"twitter:label1\" content=\"Escrito por\" \/>\n\t<meta name=\"twitter:data1\" content=\"Ismael Lucas S. Pereira\" \/>\n\t<meta name=\"twitter:label2\" content=\"Est. tempo de leitura\" \/>\n\t<meta name=\"twitter:data2\" content=\"2 minutos\" \/>\n<script type=\"application\/ld+json\" class=\"yoast-schema-graph\">{\"@context\":\"https:\\\/\\\/schema.org\",\"@graph\":[{\"@type\":\"Article\",\"@id\":\"https:\\\/\\\/diariodepe.com.br\\\/cri\\\/2024\\\/06\\\/11\\\/inaugurada-primeira-usina-fotovoltaica-da-spic-no-brasil\\\/#article\",\"isPartOf\":{\"@id\":\"https:\\\/\\\/diariodepe.com.br\\\/cri\\\/2024\\\/06\\\/11\\\/inaugurada-primeira-usina-fotovoltaica-da-spic-no-brasil\\\/\"},\"author\":{\"name\":\"Ismael Lucas S. Pereira\",\"@id\":\"https:\\\/\\\/diariodepe.com.br\\\/cri\\\/#\\\/schema\\\/person\\\/121bb28d84f1a5b1205ef4ce9c2e0c6b\"},\"headline\":\"Inaugurada primeira usina fotovoltaica da SPIC no Brasil\",\"datePublished\":\"2024-06-11T06:55:09+00:00\",\"mainEntityOfPage\":{\"@id\":\"https:\\\/\\\/diariodepe.com.br\\\/cri\\\/2024\\\/06\\\/11\\\/inaugurada-primeira-usina-fotovoltaica-da-spic-no-brasil\\\/\"},\"wordCount\":286,\"commentCount\":0,\"publisher\":{\"@id\":\"https:\\\/\\\/diariodepe.com.br\\\/cri\\\/#organization\"},\"articleSection\":[\"Internacional\"],\"inLanguage\":\"pt-BR\",\"potentialAction\":[{\"@type\":\"CommentAction\",\"name\":\"Comment\",\"target\":[\"https:\\\/\\\/diariodepe.com.br\\\/cri\\\/2024\\\/06\\\/11\\\/inaugurada-primeira-usina-fotovoltaica-da-spic-no-brasil\\\/#respond\"]}]},{\"@type\":\"WebPage\",\"@id\":\"https:\\\/\\\/diariodepe.com.br\\\/cri\\\/2024\\\/06\\\/11\\\/inaugurada-primeira-usina-fotovoltaica-da-spic-no-brasil\\\/\",\"url\":\"https:\\\/\\\/diariodepe.com.br\\\/cri\\\/2024\\\/06\\\/11\\\/inaugurada-primeira-usina-fotovoltaica-da-spic-no-brasil\\\/\",\"name\":\"Inaugurada primeira usina fotovoltaica da SPIC no Brasil - CRI e Diario de Pernambuco\",\"isPartOf\":{\"@id\":\"https:\\\/\\\/diariodepe.com.br\\\/cri\\\/#website\"},\"datePublished\":\"2024-06-11T06:55:09+00:00\",\"breadcrumb\":{\"@id\":\"https:\\\/\\\/diariodepe.com.br\\\/cri\\\/2024\\\/06\\\/11\\\/inaugurada-primeira-usina-fotovoltaica-da-spic-no-brasil\\\/#breadcrumb\"},\"inLanguage\":\"pt-BR\",\"potentialAction\":[{\"@type\":\"ReadAction\",\"target\":[\"https:\\\/\\\/diariodepe.com.br\\\/cri\\\/2024\\\/06\\\/11\\\/inaugurada-primeira-usina-fotovoltaica-da-spic-no-brasil\\\/\"]}]},{\"@type\":\"BreadcrumbList\",\"@id\":\"https:\\\/\\\/diariodepe.com.br\\\/cri\\\/2024\\\/06\\\/11\\\/inaugurada-primeira-usina-fotovoltaica-da-spic-no-brasil\\\/#breadcrumb\",\"itemListElement\":[{\"@type\":\"ListItem\",\"position\":1,\"name\":\"In\u00edcio\",\"item\":\"https:\\\/\\\/diariodepe.com.br\\\/cri\\\/\"},{\"@type\":\"ListItem\",\"position\":2,\"name\":\"Inaugurada primeira usina fotovoltaica da SPIC no Brasil\"}]},{\"@type\":\"WebSite\",\"@id\":\"https:\\\/\\\/diariodepe.com.br\\\/cri\\\/#website\",\"url\":\"https:\\\/\\\/diariodepe.com.br\\\/cri\\\/\",\"name\":\"CRI e Diario de Pernambuco\",\"description\":\"R\u00e1dio Internacional da China\",\"publisher\":{\"@id\":\"https:\\\/\\\/diariodepe.com.br\\\/cri\\\/#organization\"},\"potentialAction\":[{\"@type\":\"SearchAction\",\"target\":{\"@type\":\"EntryPoint\",\"urlTemplate\":\"https:\\\/\\\/diariodepe.com.br\\\/cri\\\/?s={search_term_string}\"},\"query-input\":{\"@type\":\"PropertyValueSpecification\",\"valueRequired\":true,\"valueName\":\"search_term_string\"}}],\"inLanguage\":\"pt-BR\"},{\"@type\":\"Organization\",\"@id\":\"https:\\\/\\\/diariodepe.com.br\\\/cri\\\/#organization\",\"name\":\"CRI e Diario de Pernambuco\",\"url\":\"https:\\\/\\\/diariodepe.com.br\\\/cri\\\/\",\"logo\":{\"@type\":\"ImageObject\",\"inLanguage\":\"pt-BR\",\"@id\":\"https:\\\/\\\/diariodepe.com.br\\\/cri\\\/#\\\/schema\\\/logo\\\/image\\\/\",\"url\":\"https:\\\/\\\/diariodepe.com.br\\\/cri\\\/wp-content\\\/uploads\\\/sites\\\/2\\\/2022\\\/12\\\/cropped-Logo.jpg\",\"contentUrl\":\"https:\\\/\\\/diariodepe.com.br\\\/cri\\\/wp-content\\\/uploads\\\/sites\\\/2\\\/2022\\\/12\\\/cropped-Logo.jpg\",\"width\":700,\"height\":59,\"caption\":\"CRI e Diario de Pernambuco\"},\"image\":{\"@id\":\"https:\\\/\\\/diariodepe.com.br\\\/cri\\\/#\\\/schema\\\/logo\\\/image\\\/\"}},{\"@type\":\"Person\",\"@id\":\"https:\\\/\\\/diariodepe.com.br\\\/cri\\\/#\\\/schema\\\/person\\\/121bb28d84f1a5b1205ef4ce9c2e0c6b\",\"name\":\"Ismael Lucas S. Pereira\",\"image\":{\"@type\":\"ImageObject\",\"inLanguage\":\"pt-BR\",\"@id\":\"https:\\\/\\\/secure.gravatar.com\\\/avatar\\\/887a0f3b5a7ceea963a48499fb883ffce6b5037362def025c52c2505b15d63e4?s=96&d=mm&r=g\",\"url\":\"https:\\\/\\\/secure.gravatar.com\\\/avatar\\\/887a0f3b5a7ceea963a48499fb883ffce6b5037362def025c52c2505b15d63e4?s=96&d=mm&r=g\",\"contentUrl\":\"https:\\\/\\\/secure.gravatar.com\\\/avatar\\\/887a0f3b5a7ceea963a48499fb883ffce6b5037362def025c52c2505b15d63e4?s=96&d=mm&r=g\",\"caption\":\"Ismael Lucas S. Pereira\"},\"url\":\"https:\\\/\\\/diariodepe.com.br\\\/cri\\\/author\\\/ismael-lucas\\\/\"}]}<\/script>\n<!-- \/ Yoast SEO plugin. -->","yoast_head_json":{"title":"Inaugurada primeira usina fotovoltaica da SPIC no Brasil - CRI e Diario de Pernambuco","robots":{"index":"index","follow":"follow","max-snippet":"max-snippet:-1","max-image-preview":"max-image-preview:large","max-video-preview":"max-video-preview:-1"},"canonical":"https:\/\/diariodepe.com.br\/cri\/2024\/06\/11\/inaugurada-primeira-usina-fotovoltaica-da-spic-no-brasil\/","og_locale":"pt_BR","og_type":"article","og_title":"Inaugurada primeira usina fotovoltaica da SPIC no Brasil - CRI e Diario de Pernambuco","og_description":"Realizou-se nessa sexta-feira (7) a cerim\u00f4nia de inaugura\u00e7\u00e3o do Complexo Solar Marangatu, que \u00e9 o resultado do\u00a0investimento\u00a0e constru\u00e7\u00e3o\u00a0da\u00a0State Power Investment Corporation (SPIC) da China no Brasil. O projeto fotovoltaico tem\u00a0a\u00a0capacidade instalada total de 446 quilowatts e poder\u00e1 fornecer, anualmente,\u00a0energia el\u00e9trica...","og_url":"https:\/\/diariodepe.com.br\/cri\/2024\/06\/11\/inaugurada-primeira-usina-fotovoltaica-da-spic-no-brasil\/","og_site_name":"CRI e Diario de Pernambuco","article_published_time":"2024-06-11T06:55:09+00:00","author":"Ismael Lucas S. Pereira","twitter_card":"summary_large_image","twitter_misc":{"Escrito por":"Ismael Lucas S. Pereira","Est. tempo de leitura":"2 minutos"},"schema":{"@context":"https:\/\/schema.org","@graph":[{"@type":"Article","@id":"https:\/\/diariodepe.com.br\/cri\/2024\/06\/11\/inaugurada-primeira-usina-fotovoltaica-da-spic-no-brasil\/#article","isPartOf":{"@id":"https:\/\/diariodepe.com.br\/cri\/2024\/06\/11\/inaugurada-primeira-usina-fotovoltaica-da-spic-no-brasil\/"},"author":{"name":"Ismael Lucas S. Pereira","@id":"https:\/\/diariodepe.com.br\/cri\/#\/schema\/person\/121bb28d84f1a5b1205ef4ce9c2e0c6b"},"headline":"Inaugurada primeira usina fotovoltaica da SPIC no Brasil","datePublished":"2024-06-11T06:55:09+00:00","mainEntityOfPage":{"@id":"https:\/\/diariodepe.com.br\/cri\/2024\/06\/11\/inaugurada-primeira-usina-fotovoltaica-da-spic-no-brasil\/"},"wordCount":286,"commentCount":0,"publisher":{"@id":"https:\/\/diariodepe.com.br\/cri\/#organization"},"articleSection":["Internacional"],"inLanguage":"pt-BR","potentialAction":[{"@type":"CommentAction","name":"Comment","target":["https:\/\/diariodepe.com.br\/cri\/2024\/06\/11\/inaugurada-primeira-usina-fotovoltaica-da-spic-no-brasil\/#respond"]}]},{"@type":"WebPage","@id":"https:\/\/diariodepe.com.br\/cri\/2024\/06\/11\/inaugurada-primeira-usina-fotovoltaica-da-spic-no-brasil\/","url":"https:\/\/diariodepe.com.br\/cri\/2024\/06\/11\/inaugurada-primeira-usina-fotovoltaica-da-spic-no-brasil\/","name":"Inaugurada primeira usina fotovoltaica da SPIC no Brasil - CRI e Diario de Pernambuco","isPartOf":{"@id":"https:\/\/diariodepe.com.br\/cri\/#website"},"datePublished":"2024-06-11T06:55:09+00:00","breadcrumb":{"@id":"https:\/\/diariodepe.com.br\/cri\/2024\/06\/11\/inaugurada-primeira-usina-fotovoltaica-da-spic-no-brasil\/#breadcrumb"},"inLanguage":"pt-BR","potentialAction":[{"@type":"ReadAction","target":["https:\/\/diariodepe.com.br\/cri\/2024\/06\/11\/inaugurada-primeira-usina-fotovoltaica-da-spic-no-brasil\/"]}]},{"@type":"BreadcrumbList","@id":"https:\/\/diariodepe.com.br\/cri\/2024\/06\/11\/inaugurada-primeira-usina-fotovoltaica-da-spic-no-brasil\/#breadcrumb","itemListElement":[{"@type":"ListItem","position":1,"name":"In\u00edcio","item":"https:\/\/diariodepe.com.br\/cri\/"},{"@type":"ListItem","position":2,"name":"Inaugurada primeira usina fotovoltaica da SPIC no Brasil"}]},{"@type":"WebSite","@id":"https:\/\/diariodepe.com.br\/cri\/#website","url":"https:\/\/diariodepe.com.br\/cri\/","name":"CRI e Diario de Pernambuco","description":"R\u00e1dio Internacional da China","publisher":{"@id":"https:\/\/diariodepe.com.br\/cri\/#organization"},"potentialAction":[{"@type":"SearchAction","target":{"@type":"EntryPoint","urlTemplate":"https:\/\/diariodepe.com.br\/cri\/?s={search_term_string}"},"query-input":{"@type":"PropertyValueSpecification","valueRequired":true,"valueName":"search_term_string"}}],"inLanguage":"pt-BR"},{"@type":"Organization","@id":"https:\/\/diariodepe.com.br\/cri\/#organization","name":"CRI e Diario de Pernambuco","url":"https:\/\/diariodepe.com.br\/cri\/","logo":{"@type":"ImageObject","inLanguage":"pt-BR","@id":"https:\/\/diariodepe.com.br\/cri\/#\/schema\/logo\/image\/","url":"https:\/\/diariodepe.com.br\/cri\/wp-content\/uploads\/sites\/2\/2022\/12\/cropped-Logo.jpg","contentUrl":"https:\/\/diariodepe.com.br\/cri\/wp-content\/uploads\/sites\/2\/2022\/12\/cropped-Logo.jpg","width":700,"height":59,"caption":"CRI e Diario de Pernambuco"},"image":{"@id":"https:\/\/diariodepe.com.br\/cri\/#\/schema\/logo\/image\/"}},{"@type":"Person","@id":"https:\/\/diariodepe.com.br\/cri\/#\/schema\/person\/121bb28d84f1a5b1205ef4ce9c2e0c6b","name":"Ismael Lucas S. Pereira","image":{"@type":"ImageObject","inLanguage":"pt-BR","@id":"https:\/\/secure.gravatar.com\/avatar\/887a0f3b5a7ceea963a48499fb883ffce6b5037362def025c52c2505b15d63e4?s=96&d=mm&r=g","url":"https:\/\/secure.gravatar.com\/avatar\/887a0f3b5a7ceea963a48499fb883ffce6b5037362def025c52c2505b15d63e4?s=96&d=mm&r=g","contentUrl":"https:\/\/secure.gravatar.com\/avatar\/887a0f3b5a7ceea963a48499fb883ffce6b5037362def025c52c2505b15d63e4?s=96&d=mm&r=g","caption":"Ismael Lucas S. Pereira"},"url":"https:\/\/diariodepe.com.br\/cri\/author\/ismael-lucas\/"}]}},"cc_featured_image_caption":{"caption_text":false,"source_text":false,"source_url":false},"amp_enabled":true,"_links":{"self":[{"href":"https:\/\/diariodepe.com.br\/cri\/wp-json\/wp\/v2\/posts\/5509","targetHints":{"allow":["GET"]}}],"collection":[{"href":"https:\/\/diariodepe.com.br\/cri\/wp-json\/wp\/v2\/posts"}],"about":[{"href":"https:\/\/diariodepe.com.br\/cri\/wp-json\/wp\/v2\/types\/post"}],"author":[{"embeddable":true,"href":"https:\/\/diariodepe.com.br\/cri\/wp-json\/wp\/v2\/users\/2"}],"replies":[{"embeddable":true,"href":"https:\/\/diariodepe.com.br\/cri\/wp-json\/wp\/v2\/comments?post=5509"}],"version-history":[{"count":1,"href":"https:\/\/diariodepe.com.br\/cri\/wp-json\/wp\/v2\/posts\/5509\/revisions"}],"predecessor-version":[{"id":5510,"href":"https:\/\/diariodepe.com.br\/cri\/wp-json\/wp\/v2\/posts\/5509\/revisions\/5510"}],"wp:attachment":[{"href":"https:\/\/diariodepe.com.br\/cri\/wp-json\/wp\/v2\/media?parent=5509"}],"wp:term":[{"taxonomy":"category","embeddable":true,"href":"https:\/\/diariodepe.com.br\/cri\/wp-json\/wp\/v2\/categories?post=5509"},{"taxonomy":"post_tag","embeddable":true,"href":"https:\/\/diariodepe.com.br\/cri\/wp-json\/wp\/v2\/tags?post=5509"}],"curies":[{"name":"wp","href":"https:\/\/api.w.org\/{rel}","templated":true}]}}