{"id":5505,"date":"2024-06-11T03:53:28","date_gmt":"2024-06-11T06:53:28","guid":{"rendered":"https:\/\/diariodepe.com.br\/cri\/?p=5505"},"modified":"2024-06-11T03:53:28","modified_gmt":"2024-06-11T06:53:28","slug":"xi-jinping-recebe-vice-presidente-do-brasil-em-beijing","status":"publish","type":"post","link":"https:\/\/diariodepe.com.br\/cri\/2024\/06\/11\/xi-jinping-recebe-vice-presidente-do-brasil-em-beijing\/","title":{"rendered":"Xi Jinping recebe vice-presidente do Brasil em Beijing"},"content":{"rendered":"<p data-spm-anchor-id=\"0.0.0.i1\">O presidente chin\u00eas, Xi Jinping, encontrou-se com o vice-presidente brasileiro, Geraldo Alckmin, nesta sexta-feira (7) no Grande Pal\u00e1cio do Povo, em Beijing.<\/p>\n<p>Xi Jinping disse que a China e o Brasil s\u00e3o amigos e parceiros que t\u00eam a mesma ambi\u00e7\u00e3o e est\u00e3o progredindo em conjunto. O presidente chin\u00eas lembrou que no encontro com o presidente brasileiro, Luiz In\u00e1cio Lula da Silva, em abril do ano passado, foram alcan\u00e7ados importantes consensos para o futuro das rela\u00e7\u00f5es sino-brasileiras.<\/p>\n<p>Em 2023, as duas partes trabalharam em conjunto para refor\u00e7ar a confian\u00e7a estrat\u00e9gica, impulsionar as coopera\u00e7\u00f5es pragm\u00e1ticas e fortalecer a coordena\u00e7\u00e3o no palco internacional, o que n\u00e3o s\u00f3 promoveu o desenvolvimento dos dois pa\u00edses, como tamb\u00e9m defendeu os interesses comuns dos pa\u00edses em desenvolvimento, acrescentou Xi Jinping.<\/p>\n<p>O presidente chin\u00eas apontou que a China e o Brasil, como duas grandes na\u00e7\u00f5es em desenvolvimento e importantes mercados de emerg\u00eancia, t\u00eam amplos interesses comuns, e que o relacionamento entre os dois lados \u00e9 uma demonstra\u00e7\u00e3o da uni\u00e3o e coopera\u00e7\u00e3o de todos os pa\u00edses em desenvolvimento.<\/p>\n<p>Xi Jinping lembrou ainda que este ano coincide com o 50\u00ba anivers\u00e1rio do estabelecimento das rela\u00e7\u00f5es diplom\u00e1ticas entre os dois pa\u00edses, por isso as duas partes devem aproveitar a oportunidade para fortalecer a coopera\u00e7\u00e3o em todos os setores.<\/p>\n<p>A China apoia que o Brasil desempenhe um papel mais relevante na arena internacional e deseja que o pa\u00eds consiga pleno sucesso em realizar a C\u00fapula do G20 neste ano, completou Xi Jinping.<\/p>\n<p>Geraldo Alckmin disse que presidiu nessa quinta-feira (6), junto com o vice-presidente chin\u00eas, Han Zheng, a s\u00e9tima reuni\u00e3o da Comiss\u00e3o Sino-brasileira de Alto N\u00edvel de Concerta\u00e7\u00e3o e Coopera\u00e7\u00e3o (Cosban), na qual foram alcan\u00e7ados muitos \u00eaxitos. Alckmin lembrou que, nos \u00faltimos anos, centenas de milh\u00f5es de chineses sa\u00edram da pobreza, o que \u00e9 um milagre no mundo, e que a experi\u00eancia chinesa tem um importante significado de refer\u00eancia para o Brasil.<\/p>\n<p>O vice-presidente brasileiro deu boas-vindas para as empresas chinesas investirem no Brasil e destacou que os dois pa\u00edses devem continuar ampliando as coopera\u00e7\u00f5es e promovendo as rela\u00e7\u00f5es bilaterais, para construir um mundo mais justo, equitativo e sustent\u00e1vel.<\/p>\n","protected":false},"excerpt":{"rendered":"<p>O presidente chin\u00eas, Xi Jinping, encontrou-se com o vice-presidente brasileiro, Geraldo Alckmin, nesta sexta-feira (7) no Grande Pal\u00e1cio do Povo, em Beijing. Xi Jinping disse que a China e o Brasil s\u00e3o amigos e parceiros que t\u00eam a mesma ambi\u00e7\u00e3o&#8230;<\/p>\n","protected":false},"author":2,"featured_media":0,"comment_status":"open","ping_status":"open","sticky":false,"template":"","format":"standard","meta":{"footnotes":""},"categories":[3],"tags":[],"class_list":["post-5505","post","type-post","status-publish","format-standard","hentry","category-china"],"yoast_head":"<!-- This site is optimized with the Yoast SEO plugin v27.4 - https:\/\/yoast.com\/product\/yoast-seo-wordpress\/ -->\n<title>Xi Jinping recebe vice-presidente do Brasil em Beijing - CRI e Diario de Pernambuco<\/title>\n<meta name=\"robots\" content=\"index, follow, max-snippet:-1, max-image-preview:large, max-video-preview:-1\" \/>\n<link rel=\"canonical\" href=\"https:\/\/diariodepe.com.br\/cri\/2024\/06\/11\/xi-jinping-recebe-vice-presidente-do-brasil-em-beijing\/\" \/>\n<meta property=\"og:locale\" content=\"pt_BR\" \/>\n<meta property=\"og:type\" content=\"article\" \/>\n<meta property=\"og:title\" content=\"Xi Jinping recebe vice-presidente do Brasil em Beijing - CRI e Diario de Pernambuco\" \/>\n<meta property=\"og:description\" content=\"O presidente chin\u00eas, Xi Jinping, encontrou-se com o vice-presidente brasileiro, Geraldo Alckmin, nesta sexta-feira (7) no Grande Pal\u00e1cio do Povo, em Beijing. Xi Jinping disse que a China e o Brasil s\u00e3o amigos e parceiros que t\u00eam a mesma ambi\u00e7\u00e3o...\" \/>\n<meta property=\"og:url\" content=\"https:\/\/diariodepe.com.br\/cri\/2024\/06\/11\/xi-jinping-recebe-vice-presidente-do-brasil-em-beijing\/\" \/>\n<meta property=\"og:site_name\" content=\"CRI e Diario de Pernambuco\" \/>\n<meta property=\"article:published_time\" content=\"2024-06-11T06:53:28+00:00\" \/>\n<meta name=\"author\" content=\"Ismael Lucas S. Pereira\" \/>\n<meta name=\"twitter:card\" content=\"summary_large_image\" \/>\n<meta name=\"twitter:label1\" content=\"Escrito por\" \/>\n\t<meta name=\"twitter:data1\" content=\"Ismael Lucas S. Pereira\" \/>\n\t<meta name=\"twitter:label2\" content=\"Est. tempo de leitura\" \/>\n\t<meta name=\"twitter:data2\" content=\"2 minutos\" \/>\n<script type=\"application\/ld+json\" class=\"yoast-schema-graph\">{\"@context\":\"https:\\\/\\\/schema.org\",\"@graph\":[{\"@type\":\"Article\",\"@id\":\"https:\\\/\\\/diariodepe.com.br\\\/cri\\\/2024\\\/06\\\/11\\\/xi-jinping-recebe-vice-presidente-do-brasil-em-beijing\\\/#article\",\"isPartOf\":{\"@id\":\"https:\\\/\\\/diariodepe.com.br\\\/cri\\\/2024\\\/06\\\/11\\\/xi-jinping-recebe-vice-presidente-do-brasil-em-beijing\\\/\"},\"author\":{\"name\":\"Ismael Lucas S. Pereira\",\"@id\":\"https:\\\/\\\/diariodepe.com.br\\\/cri\\\/#\\\/schema\\\/person\\\/121bb28d84f1a5b1205ef4ce9c2e0c6b\"},\"headline\":\"Xi Jinping recebe vice-presidente do Brasil em Beijing\",\"datePublished\":\"2024-06-11T06:53:28+00:00\",\"mainEntityOfPage\":{\"@id\":\"https:\\\/\\\/diariodepe.com.br\\\/cri\\\/2024\\\/06\\\/11\\\/xi-jinping-recebe-vice-presidente-do-brasil-em-beijing\\\/\"},\"wordCount\":400,\"commentCount\":0,\"publisher\":{\"@id\":\"https:\\\/\\\/diariodepe.com.br\\\/cri\\\/#organization\"},\"articleSection\":[\"China\"],\"inLanguage\":\"pt-BR\",\"potentialAction\":[{\"@type\":\"CommentAction\",\"name\":\"Comment\",\"target\":[\"https:\\\/\\\/diariodepe.com.br\\\/cri\\\/2024\\\/06\\\/11\\\/xi-jinping-recebe-vice-presidente-do-brasil-em-beijing\\\/#respond\"]}]},{\"@type\":\"WebPage\",\"@id\":\"https:\\\/\\\/diariodepe.com.br\\\/cri\\\/2024\\\/06\\\/11\\\/xi-jinping-recebe-vice-presidente-do-brasil-em-beijing\\\/\",\"url\":\"https:\\\/\\\/diariodepe.com.br\\\/cri\\\/2024\\\/06\\\/11\\\/xi-jinping-recebe-vice-presidente-do-brasil-em-beijing\\\/\",\"name\":\"Xi Jinping recebe vice-presidente do Brasil em Beijing - CRI e Diario de Pernambuco\",\"isPartOf\":{\"@id\":\"https:\\\/\\\/diariodepe.com.br\\\/cri\\\/#website\"},\"datePublished\":\"2024-06-11T06:53:28+00:00\",\"breadcrumb\":{\"@id\":\"https:\\\/\\\/diariodepe.com.br\\\/cri\\\/2024\\\/06\\\/11\\\/xi-jinping-recebe-vice-presidente-do-brasil-em-beijing\\\/#breadcrumb\"},\"inLanguage\":\"pt-BR\",\"potentialAction\":[{\"@type\":\"ReadAction\",\"target\":[\"https:\\\/\\\/diariodepe.com.br\\\/cri\\\/2024\\\/06\\\/11\\\/xi-jinping-recebe-vice-presidente-do-brasil-em-beijing\\\/\"]}]},{\"@type\":\"BreadcrumbList\",\"@id\":\"https:\\\/\\\/diariodepe.com.br\\\/cri\\\/2024\\\/06\\\/11\\\/xi-jinping-recebe-vice-presidente-do-brasil-em-beijing\\\/#breadcrumb\",\"itemListElement\":[{\"@type\":\"ListItem\",\"position\":1,\"name\":\"In\u00edcio\",\"item\":\"https:\\\/\\\/diariodepe.com.br\\\/cri\\\/\"},{\"@type\":\"ListItem\",\"position\":2,\"name\":\"Xi Jinping recebe vice-presidente do Brasil em Beijing\"}]},{\"@type\":\"WebSite\",\"@id\":\"https:\\\/\\\/diariodepe.com.br\\\/cri\\\/#website\",\"url\":\"https:\\\/\\\/diariodepe.com.br\\\/cri\\\/\",\"name\":\"CRI e Diario de Pernambuco\",\"description\":\"R\u00e1dio Internacional da China\",\"publisher\":{\"@id\":\"https:\\\/\\\/diariodepe.com.br\\\/cri\\\/#organization\"},\"potentialAction\":[{\"@type\":\"SearchAction\",\"target\":{\"@type\":\"EntryPoint\",\"urlTemplate\":\"https:\\\/\\\/diariodepe.com.br\\\/cri\\\/?s={search_term_string}\"},\"query-input\":{\"@type\":\"PropertyValueSpecification\",\"valueRequired\":true,\"valueName\":\"search_term_string\"}}],\"inLanguage\":\"pt-BR\"},{\"@type\":\"Organization\",\"@id\":\"https:\\\/\\\/diariodepe.com.br\\\/cri\\\/#organization\",\"name\":\"CRI e Diario de Pernambuco\",\"url\":\"https:\\\/\\\/diariodepe.com.br\\\/cri\\\/\",\"logo\":{\"@type\":\"ImageObject\",\"inLanguage\":\"pt-BR\",\"@id\":\"https:\\\/\\\/diariodepe.com.br\\\/cri\\\/#\\\/schema\\\/logo\\\/image\\\/\",\"url\":\"https:\\\/\\\/diariodepe.com.br\\\/cri\\\/wp-content\\\/uploads\\\/sites\\\/2\\\/2022\\\/12\\\/cropped-Logo.jpg\",\"contentUrl\":\"https:\\\/\\\/diariodepe.com.br\\\/cri\\\/wp-content\\\/uploads\\\/sites\\\/2\\\/2022\\\/12\\\/cropped-Logo.jpg\",\"width\":700,\"height\":59,\"caption\":\"CRI e Diario de Pernambuco\"},\"image\":{\"@id\":\"https:\\\/\\\/diariodepe.com.br\\\/cri\\\/#\\\/schema\\\/logo\\\/image\\\/\"}},{\"@type\":\"Person\",\"@id\":\"https:\\\/\\\/diariodepe.com.br\\\/cri\\\/#\\\/schema\\\/person\\\/121bb28d84f1a5b1205ef4ce9c2e0c6b\",\"name\":\"Ismael Lucas S. Pereira\",\"image\":{\"@type\":\"ImageObject\",\"inLanguage\":\"pt-BR\",\"@id\":\"https:\\\/\\\/secure.gravatar.com\\\/avatar\\\/887a0f3b5a7ceea963a48499fb883ffce6b5037362def025c52c2505b15d63e4?s=96&d=mm&r=g\",\"url\":\"https:\\\/\\\/secure.gravatar.com\\\/avatar\\\/887a0f3b5a7ceea963a48499fb883ffce6b5037362def025c52c2505b15d63e4?s=96&d=mm&r=g\",\"contentUrl\":\"https:\\\/\\\/secure.gravatar.com\\\/avatar\\\/887a0f3b5a7ceea963a48499fb883ffce6b5037362def025c52c2505b15d63e4?s=96&d=mm&r=g\",\"caption\":\"Ismael Lucas S. Pereira\"},\"url\":\"https:\\\/\\\/diariodepe.com.br\\\/cri\\\/author\\\/ismael-lucas\\\/\"}]}<\/script>\n<!-- \/ Yoast SEO plugin. -->","yoast_head_json":{"title":"Xi Jinping recebe vice-presidente do Brasil em Beijing - CRI e Diario de Pernambuco","robots":{"index":"index","follow":"follow","max-snippet":"max-snippet:-1","max-image-preview":"max-image-preview:large","max-video-preview":"max-video-preview:-1"},"canonical":"https:\/\/diariodepe.com.br\/cri\/2024\/06\/11\/xi-jinping-recebe-vice-presidente-do-brasil-em-beijing\/","og_locale":"pt_BR","og_type":"article","og_title":"Xi Jinping recebe vice-presidente do Brasil em Beijing - CRI e Diario de Pernambuco","og_description":"O presidente chin\u00eas, Xi Jinping, encontrou-se com o vice-presidente brasileiro, Geraldo Alckmin, nesta sexta-feira (7) no Grande Pal\u00e1cio do Povo, em Beijing. Xi Jinping disse que a China e o Brasil s\u00e3o amigos e parceiros que t\u00eam a mesma ambi\u00e7\u00e3o...","og_url":"https:\/\/diariodepe.com.br\/cri\/2024\/06\/11\/xi-jinping-recebe-vice-presidente-do-brasil-em-beijing\/","og_site_name":"CRI e Diario de Pernambuco","article_published_time":"2024-06-11T06:53:28+00:00","author":"Ismael Lucas S. Pereira","twitter_card":"summary_large_image","twitter_misc":{"Escrito por":"Ismael Lucas S. Pereira","Est. tempo de leitura":"2 minutos"},"schema":{"@context":"https:\/\/schema.org","@graph":[{"@type":"Article","@id":"https:\/\/diariodepe.com.br\/cri\/2024\/06\/11\/xi-jinping-recebe-vice-presidente-do-brasil-em-beijing\/#article","isPartOf":{"@id":"https:\/\/diariodepe.com.br\/cri\/2024\/06\/11\/xi-jinping-recebe-vice-presidente-do-brasil-em-beijing\/"},"author":{"name":"Ismael Lucas S. Pereira","@id":"https:\/\/diariodepe.com.br\/cri\/#\/schema\/person\/121bb28d84f1a5b1205ef4ce9c2e0c6b"},"headline":"Xi Jinping recebe vice-presidente do Brasil em Beijing","datePublished":"2024-06-11T06:53:28+00:00","mainEntityOfPage":{"@id":"https:\/\/diariodepe.com.br\/cri\/2024\/06\/11\/xi-jinping-recebe-vice-presidente-do-brasil-em-beijing\/"},"wordCount":400,"commentCount":0,"publisher":{"@id":"https:\/\/diariodepe.com.br\/cri\/#organization"},"articleSection":["China"],"inLanguage":"pt-BR","potentialAction":[{"@type":"CommentAction","name":"Comment","target":["https:\/\/diariodepe.com.br\/cri\/2024\/06\/11\/xi-jinping-recebe-vice-presidente-do-brasil-em-beijing\/#respond"]}]},{"@type":"WebPage","@id":"https:\/\/diariodepe.com.br\/cri\/2024\/06\/11\/xi-jinping-recebe-vice-presidente-do-brasil-em-beijing\/","url":"https:\/\/diariodepe.com.br\/cri\/2024\/06\/11\/xi-jinping-recebe-vice-presidente-do-brasil-em-beijing\/","name":"Xi Jinping recebe vice-presidente do Brasil em Beijing - CRI e Diario de Pernambuco","isPartOf":{"@id":"https:\/\/diariodepe.com.br\/cri\/#website"},"datePublished":"2024-06-11T06:53:28+00:00","breadcrumb":{"@id":"https:\/\/diariodepe.com.br\/cri\/2024\/06\/11\/xi-jinping-recebe-vice-presidente-do-brasil-em-beijing\/#breadcrumb"},"inLanguage":"pt-BR","potentialAction":[{"@type":"ReadAction","target":["https:\/\/diariodepe.com.br\/cri\/2024\/06\/11\/xi-jinping-recebe-vice-presidente-do-brasil-em-beijing\/"]}]},{"@type":"BreadcrumbList","@id":"https:\/\/diariodepe.com.br\/cri\/2024\/06\/11\/xi-jinping-recebe-vice-presidente-do-brasil-em-beijing\/#breadcrumb","itemListElement":[{"@type":"ListItem","position":1,"name":"In\u00edcio","item":"https:\/\/diariodepe.com.br\/cri\/"},{"@type":"ListItem","position":2,"name":"Xi Jinping recebe vice-presidente do Brasil em Beijing"}]},{"@type":"WebSite","@id":"https:\/\/diariodepe.com.br\/cri\/#website","url":"https:\/\/diariodepe.com.br\/cri\/","name":"CRI e Diario de Pernambuco","description":"R\u00e1dio Internacional da China","publisher":{"@id":"https:\/\/diariodepe.com.br\/cri\/#organization"},"potentialAction":[{"@type":"SearchAction","target":{"@type":"EntryPoint","urlTemplate":"https:\/\/diariodepe.com.br\/cri\/?s={search_term_string}"},"query-input":{"@type":"PropertyValueSpecification","valueRequired":true,"valueName":"search_term_string"}}],"inLanguage":"pt-BR"},{"@type":"Organization","@id":"https:\/\/diariodepe.com.br\/cri\/#organization","name":"CRI e Diario de Pernambuco","url":"https:\/\/diariodepe.com.br\/cri\/","logo":{"@type":"ImageObject","inLanguage":"pt-BR","@id":"https:\/\/diariodepe.com.br\/cri\/#\/schema\/logo\/image\/","url":"https:\/\/diariodepe.com.br\/cri\/wp-content\/uploads\/sites\/2\/2022\/12\/cropped-Logo.jpg","contentUrl":"https:\/\/diariodepe.com.br\/cri\/wp-content\/uploads\/sites\/2\/2022\/12\/cropped-Logo.jpg","width":700,"height":59,"caption":"CRI e Diario de Pernambuco"},"image":{"@id":"https:\/\/diariodepe.com.br\/cri\/#\/schema\/logo\/image\/"}},{"@type":"Person","@id":"https:\/\/diariodepe.com.br\/cri\/#\/schema\/person\/121bb28d84f1a5b1205ef4ce9c2e0c6b","name":"Ismael Lucas S. Pereira","image":{"@type":"ImageObject","inLanguage":"pt-BR","@id":"https:\/\/secure.gravatar.com\/avatar\/887a0f3b5a7ceea963a48499fb883ffce6b5037362def025c52c2505b15d63e4?s=96&d=mm&r=g","url":"https:\/\/secure.gravatar.com\/avatar\/887a0f3b5a7ceea963a48499fb883ffce6b5037362def025c52c2505b15d63e4?s=96&d=mm&r=g","contentUrl":"https:\/\/secure.gravatar.com\/avatar\/887a0f3b5a7ceea963a48499fb883ffce6b5037362def025c52c2505b15d63e4?s=96&d=mm&r=g","caption":"Ismael Lucas S. Pereira"},"url":"https:\/\/diariodepe.com.br\/cri\/author\/ismael-lucas\/"}]}},"cc_featured_image_caption":{"caption_text":false,"source_text":false,"source_url":false},"amp_enabled":true,"_links":{"self":[{"href":"https:\/\/diariodepe.com.br\/cri\/wp-json\/wp\/v2\/posts\/5505","targetHints":{"allow":["GET"]}}],"collection":[{"href":"https:\/\/diariodepe.com.br\/cri\/wp-json\/wp\/v2\/posts"}],"about":[{"href":"https:\/\/diariodepe.com.br\/cri\/wp-json\/wp\/v2\/types\/post"}],"author":[{"embeddable":true,"href":"https:\/\/diariodepe.com.br\/cri\/wp-json\/wp\/v2\/users\/2"}],"replies":[{"embeddable":true,"href":"https:\/\/diariodepe.com.br\/cri\/wp-json\/wp\/v2\/comments?post=5505"}],"version-history":[{"count":1,"href":"https:\/\/diariodepe.com.br\/cri\/wp-json\/wp\/v2\/posts\/5505\/revisions"}],"predecessor-version":[{"id":5506,"href":"https:\/\/diariodepe.com.br\/cri\/wp-json\/wp\/v2\/posts\/5505\/revisions\/5506"}],"wp:attachment":[{"href":"https:\/\/diariodepe.com.br\/cri\/wp-json\/wp\/v2\/media?parent=5505"}],"wp:term":[{"taxonomy":"category","embeddable":true,"href":"https:\/\/diariodepe.com.br\/cri\/wp-json\/wp\/v2\/categories?post=5505"},{"taxonomy":"post_tag","embeddable":true,"href":"https:\/\/diariodepe.com.br\/cri\/wp-json\/wp\/v2\/tags?post=5505"}],"curies":[{"name":"wp","href":"https:\/\/api.w.org\/{rel}","templated":true}]}}