{"id":5462,"date":"2024-06-05T05:02:27","date_gmt":"2024-06-05T08:02:27","guid":{"rendered":"https:\/\/diariodepe.com.br\/cri\/?p=5462"},"modified":"2024-06-05T05:02:27","modified_gmt":"2024-06-05T08:02:27","slug":"a-reuniao-da-cosban-e-o-adensamento-da-relacao-china-brasil","status":"publish","type":"post","link":"https:\/\/diariodepe.com.br\/cri\/2024\/06\/05\/a-reuniao-da-cosban-e-o-adensamento-da-relacao-china-brasil\/","title":{"rendered":"A reuni\u00e3o da Cosban e o adensamento da rela\u00e7\u00e3o China-Brasil"},"content":{"rendered":"<p class=\"photo_img_20190808\" data-spm-anchor-id=\"0.0.0.i1\"><img decoding=\"async\" class=\"aligncenter\" src=\"https:\/\/p5crires.cri.cn\/photoworkspace\/cri\/contentimg\/2024\/06\/05\/2024060515360958928.jpg\" alt=\"Por Jos\u00e9 Nelson Bessa Maia, economista, mestre em Economia e doutor em Rela\u00e7\u00f5es Internacionais pela Universidade de Bras\u00edlia (UnB) e pesquisador independente das rela\u00e7\u00f5es China-Brasil, China-Pa\u00edses Lus\u00f3fonos e China-Am\u00e9rica Latina.\" \/><\/p>\n<p data-spm-anchor-id=\"0.0.0.i2\">No pr\u00f3ximo dia 15 de agosto comemoram-se os 50 anos de estabelecimento das rela\u00e7\u00f5es diplom\u00e1ticas entre o Brasil e a Rep\u00fablica Popular da China. Neste ano tamb\u00e9m se celebram os 20 anos de cria\u00e7\u00e3o da Comiss\u00e3o Sino-Brasileira de Alto N\u00edvel de Concerta\u00e7\u00e3o e Coopera\u00e7\u00e3o (a Cosban), o principal mecanismo de coopera\u00e7\u00e3o bilateral para consolidar a parceria estrat\u00e9gica entre ambos os pa\u00edses. O objetivo da Cosban \u00e9 incentivar o relacionamento bilateral, permitindo o di\u00e1logo sobre temas de interesse m\u00fatuo e facilitando a comunica\u00e7\u00e3o entre os governos. Tamb\u00e9m promove a implementa\u00e7\u00e3o de projetos conjuntos em diversos campos.<\/p>\n<p>A Cosban realiza reuni\u00f5es plen\u00e1rias a cada dois anos copresididas pelos respectivos vice-presidentes da Rep\u00fablica. Para dinamizar seu funcionamento foram criadas subcomiss\u00f5es com as atribui\u00e7\u00f5es de promover e implementar os acordos estabelecidos entre Brasil e China; executar as solicita\u00e7\u00f5es advindas da Comiss\u00e3o; al\u00e9m de analisar e identificar poss\u00edveis novos campos e modalidades de coopera\u00e7\u00e3o. S\u00e3o hoje 11 subcomiss\u00f5es, a saber: Pol\u00edtica; Econ\u00f4mica-Comercial; Agricultura; Ci\u00eancia, Tecnologia e Inova\u00e7\u00e3o; Energia e Minera\u00e7\u00e3o; Ind\u00fastria e Tecnologia da Informa\u00e7\u00e3o e Comunica\u00e7\u00e3o; Espacial; Temas Sanit\u00e1rios e Fitossanit\u00e1rios; Econ\u00f4mico-Financeira; Cultura e Turismo e Meio Ambiente e Mudan\u00e7a Clim\u00e1tica.<\/p>\n<p>Este ano, a 7\u00aa Reuni\u00e3o da Cosban ser\u00e1 aberta em Beijing no dia 6 de junho. Do lado chin\u00eas a reuni\u00e3o ser\u00e1 presidida pelo vice-presidente Han Zheng com a participa\u00e7\u00e3o de v\u00e1rios ministros de Estado. A comitiva brasileira, por sua vez, ser\u00e1 liderada pelo vice-presidente e ministro da Ind\u00fastria, Com\u00e9rcio e Servi\u00e7os, Geraldo Alckmin, com a presen\u00e7a de mais seis ministros de Estado e outras autoridades. A comitiva brasileira inclui ainda parlamentares e empres\u00e1rios, pois, al\u00e9m das reuni\u00f5es oficiais da Cosban, haver\u00e1 um f\u00f3rum empresarial organizado com o apoio do Minist\u00e9rio do Com\u00e9rcio da China e do Conselho da China para a Promo\u00e7\u00e3o de Investimento Internacional (CCIIP), com a presen\u00e7a esperada de 400 empres\u00e1rios, entre brasileiros e chineses, para debater parcerias de neg\u00f3cios e celebrar as cinco d\u00e9cadas de rela\u00e7\u00f5es bilaterais.<\/p>\n<p>Desde 2009, a China \u00e9 o maior parceiro comercial do Brasil. Em 2023, o fluxo comercial entre os dois pa\u00edses foi de US$ 157 bilh\u00f5es, com exporta\u00e7\u00f5es brasileiras de US$ 104 bilh\u00f5es. Entre 2007 e 2022 o Brasil foi o quarto principal destino mundial de investimentos chineses. No entanto, apesar dos avan\u00e7os j\u00e1 alcan\u00e7ados nos \u00faltimos 20 anos, as rela\u00e7\u00f5es econ\u00f4micas entre a China e o Brasil ainda est\u00e3o aqu\u00e9m do potencial. Partindo dessa assertiva, a pr\u00f3xima reuni\u00e3o da Cosban em Beijing buscar\u00e1 refor\u00e7ar o potencial de expans\u00e3o e diversifica\u00e7\u00e3o dos fluxos comerciais e de investimentos entre os dois pa\u00edses, com destaque para a pauta da sustentabilidade e da descarboniza\u00e7\u00e3o da economia.<\/p>\n<p class=\"photo_img_20190808\"><img decoding=\"async\" src=\"https:\/\/p4crires.cri.cn\/photoworkspace\/cri\/contentimg\/2024\/06\/05\/2024060515385639812.jpg\" alt=\"\" width=\"1000\" \/><\/p>\n<p>Ademais, o Brasil solicitou ao lado chin\u00eas a inclus\u00e3o na agenda da Cosban de mais investimentos em infraestrutura no \u00e2mbito do Programa Federal Novo PAC, uma maior coopera\u00e7\u00e3o em alta tecnologia e a forma\u00e7\u00e3o de uma alian\u00e7a para combater a fome e as desigualdades, um tema que o Brasil defende em sua atual presid\u00eancia rotativa no G20.<\/p>\n<p>As discuss\u00f5es da Cosban incluir\u00e3o um balan\u00e7o da execu\u00e7\u00e3o dos projetos conjuntos inseridos no Plano Executivo 2022-2026, medidas para remo\u00e7\u00e3o de gargalos, al\u00e9m de in\u00fameras iniciativas e acertos, como a remo\u00e7\u00e3o de obst\u00e1culos fitossanit\u00e1rios para a abertura do mercado chin\u00eas a produtos do agroneg\u00f3cio (uva fresca, sorgo, noz pec\u00e3, gergelim, etc). Tamb\u00e9m incluir\u00e1, no \u00e2mbito da coopera\u00e7\u00e3o espacial, a prepara\u00e7\u00e3o de um novo sat\u00e9lite binacional, no caso um sat\u00e9lite meteorol\u00f3gico, al\u00e9m do andamento do projeto conjunto de sat\u00e9lite CBERS-6 a ser lan\u00e7ado em 2028, cujo acordo foi firmado no ano passado por ocasi\u00e3o da visita do presidente Lula \u00e0 China.<\/p>\n<p>No entanto, al\u00e9m de medidas de abertura de mercado e projetos bilaterais de colabora\u00e7\u00e3o t\u00e9cnica e cient\u00edfica, o simbolismo dos 50 anos de rela\u00e7\u00f5es diplom\u00e1ticas bilaterais requer que o Brasil d\u00ea um passo mais ousado no aprofundamento de suas rela\u00e7\u00f5es com a China. Essa pr\u00f3xima reuni\u00e3o da Cosban em Beijing poderia muito bem marcar o compromisso em aderir \u00e0 Iniciativa Cintur\u00e3o e Rota (the Belt &amp; Road Initiative ou BRI) e com isso poder alavancar o investimento chin\u00eas em infraestrutura no Programa Novo PAC.<\/p>\n<p>A ades\u00e3o do Brasil \u00e0 BRI serviria tamb\u00e9m ao projeto maior de integra\u00e7\u00e3o log\u00edstica da Am\u00e9rica do Sul com a China, permitindo viabilizar liga\u00e7\u00f5es ferrovi\u00e1rias interoce\u00e2nicas entre o Atl\u00e2ntico e o Pac\u00edfico. Caso implantado, esse corredor ferrovi\u00e1rio n\u00e3o s\u00f3 favoreceria o interc\u00e2mbio comercial sul-americano com a \u00c1sia, mas tamb\u00e9m ampliaria as conex\u00f5es de transporte de cargas do Brasil com os pa\u00edses vizinhos, tornando poss\u00edvel expandir o com\u00e9rcio dentro da Am\u00e9rica do Sul, algo nunca alcan\u00e7ado plenamente ap\u00f3s 60 anos de esfor\u00e7os de integra\u00e7\u00e3o regional e de assist\u00eancia dos bancos multilaterais como BIRD e BID.<\/p>\n<p>O Minist\u00e9rio das Rela\u00e7\u00f5es Exteriores da China j\u00e1 aventou essa vincula\u00e7\u00e3o do Novo PAC com a BRI. No entanto, a proposta parece n\u00e3o ter sensibilizado certos c\u00edrculos do governo brasileiro que continuam a ter receios de eventuais rea\u00e7\u00f5es geopol\u00edticas adversas por parte dos EUA, como ficou evidente na recente visita ao Brasil da comandante das For\u00e7as Navais do Comando Sul dos EUA. Ap\u00f3s 10 anos de cria\u00e7\u00e3o da BRI, o tema de ades\u00e3o ainda n\u00e3o foi amadurecido pela diplomacia brasileira, mesmo com v\u00e1rios pa\u00edses vizinhos j\u00e1 participando ativamente da BRI. Na opini\u00e3o de analistas, a quest\u00e3o deveria ser avaliada do ponto de vista pragm\u00e1tico e n\u00e3o continuar travada no governo, pois a indefini\u00e7\u00e3o em torno do tema prejudica o interesse nacional e \u201capequena\u201d o Brasil no cen\u00e1rio internacional.<\/p>\n<p>A mera tentativa de atra\u00e7\u00e3o de investimento chineses para projetos do Novo PAC e do Programa Nova Ind\u00fastria Brasil (NIB) sem vincula\u00e7\u00e3o formal com a iniciativa chinesa da nova Rota da Seda n\u00e3o vai contribuir para alavancar a escala e o patamar das rela\u00e7\u00f5es bilaterais do Brasil com a China. A reuni\u00e3o da Cosban poderia avan\u00e7ar na discuss\u00e3o do tema da ades\u00e3o \u00e0 BRI, abrindo espa\u00e7o para o adensamento das rela\u00e7\u00f5es bilaterais e o fortalecimento da coopera\u00e7\u00e3o Sul-Sul entre pa\u00edses emergentes. Uma dose de ambi\u00e7\u00e3o \u00e9 necess\u00e1ria no contexto geopol\u00edtico global altamente desafiador em que o mundo passa no momento.<\/p>\n<p><em>Por Jos\u00e9 Nelson Bessa Maia, economista, mestre em Economia e doutor em Rela\u00e7\u00f5es Internacionais pela Universidade de Bras\u00edlia (UnB) e pesquisador independente das rela\u00e7\u00f5es China-Brasil, China-Pa\u00edses Lus\u00f3fonos e China-Am\u00e9rica Latina.<\/em><\/p>\n<p>&nbsp;<\/p>\n","protected":false},"excerpt":{"rendered":"<p>No pr\u00f3ximo dia 15 de agosto comemoram-se os 50 anos de estabelecimento das rela\u00e7\u00f5es diplom\u00e1ticas entre o Brasil e a Rep\u00fablica Popular da China. Neste ano tamb\u00e9m se celebram os 20 anos de cria\u00e7\u00e3o da Comiss\u00e3o Sino-Brasileira de Alto N\u00edvel&#8230;<\/p>\n","protected":false},"author":2,"featured_media":0,"comment_status":"open","ping_status":"open","sticky":false,"template":"","format":"standard","meta":{"footnotes":""},"categories":[7],"tags":[],"class_list":["post-5462","post","type-post","status-publish","format-standard","hentry","category-visao"],"yoast_head":"<!-- This site is optimized with the Yoast SEO plugin v27.4 - https:\/\/yoast.com\/product\/yoast-seo-wordpress\/ -->\n<title>A reuni\u00e3o da Cosban e o adensamento da rela\u00e7\u00e3o China-Brasil - CRI e Diario de Pernambuco<\/title>\n<meta name=\"robots\" content=\"index, follow, max-snippet:-1, max-image-preview:large, max-video-preview:-1\" \/>\n<link rel=\"canonical\" href=\"https:\/\/diariodepe.com.br\/cri\/2024\/06\/05\/a-reuniao-da-cosban-e-o-adensamento-da-relacao-china-brasil\/\" \/>\n<meta property=\"og:locale\" content=\"pt_BR\" \/>\n<meta property=\"og:type\" content=\"article\" \/>\n<meta property=\"og:title\" content=\"A reuni\u00e3o da Cosban e o adensamento da rela\u00e7\u00e3o China-Brasil - CRI e Diario de Pernambuco\" \/>\n<meta property=\"og:description\" content=\"No pr\u00f3ximo dia 15 de agosto comemoram-se os 50 anos de estabelecimento das rela\u00e7\u00f5es diplom\u00e1ticas entre o Brasil e a Rep\u00fablica Popular da China. Neste ano tamb\u00e9m se celebram os 20 anos de cria\u00e7\u00e3o da Comiss\u00e3o Sino-Brasileira de Alto N\u00edvel...\" \/>\n<meta property=\"og:url\" content=\"https:\/\/diariodepe.com.br\/cri\/2024\/06\/05\/a-reuniao-da-cosban-e-o-adensamento-da-relacao-china-brasil\/\" \/>\n<meta property=\"og:site_name\" content=\"CRI e Diario de Pernambuco\" \/>\n<meta property=\"article:published_time\" content=\"2024-06-05T08:02:27+00:00\" \/>\n<meta property=\"og:image\" content=\"https:\/\/p5crires.cri.cn\/photoworkspace\/cri\/contentimg\/2024\/06\/05\/2024060515360958928.jpg\" \/>\n<meta name=\"author\" content=\"Ismael Lucas S. Pereira\" \/>\n<meta name=\"twitter:card\" content=\"summary_large_image\" \/>\n<meta name=\"twitter:label1\" content=\"Escrito por\" \/>\n\t<meta name=\"twitter:data1\" content=\"Ismael Lucas S. Pereira\" \/>\n\t<meta name=\"twitter:label2\" content=\"Est. tempo de leitura\" \/>\n\t<meta name=\"twitter:data2\" content=\"7 minutos\" \/>\n<script type=\"application\/ld+json\" class=\"yoast-schema-graph\">{\"@context\":\"https:\\\/\\\/schema.org\",\"@graph\":[{\"@type\":\"Article\",\"@id\":\"https:\\\/\\\/diariodepe.com.br\\\/cri\\\/2024\\\/06\\\/05\\\/a-reuniao-da-cosban-e-o-adensamento-da-relacao-china-brasil\\\/#article\",\"isPartOf\":{\"@id\":\"https:\\\/\\\/diariodepe.com.br\\\/cri\\\/2024\\\/06\\\/05\\\/a-reuniao-da-cosban-e-o-adensamento-da-relacao-china-brasil\\\/\"},\"author\":{\"name\":\"Ismael Lucas S. Pereira\",\"@id\":\"https:\\\/\\\/diariodepe.com.br\\\/cri\\\/#\\\/schema\\\/person\\\/121bb28d84f1a5b1205ef4ce9c2e0c6b\"},\"headline\":\"A reuni\u00e3o da Cosban e o adensamento da rela\u00e7\u00e3o China-Brasil\",\"datePublished\":\"2024-06-05T08:02:27+00:00\",\"mainEntityOfPage\":{\"@id\":\"https:\\\/\\\/diariodepe.com.br\\\/cri\\\/2024\\\/06\\\/05\\\/a-reuniao-da-cosban-e-o-adensamento-da-relacao-china-brasil\\\/\"},\"wordCount\":1197,\"commentCount\":0,\"publisher\":{\"@id\":\"https:\\\/\\\/diariodepe.com.br\\\/cri\\\/#organization\"},\"image\":{\"@id\":\"https:\\\/\\\/diariodepe.com.br\\\/cri\\\/2024\\\/06\\\/05\\\/a-reuniao-da-cosban-e-o-adensamento-da-relacao-china-brasil\\\/#primaryimage\"},\"thumbnailUrl\":\"https:\\\/\\\/p5crires.cri.cn\\\/photoworkspace\\\/cri\\\/contentimg\\\/2024\\\/06\\\/05\\\/2024060515360958928.jpg\",\"articleSection\":[\"Vis\u00e3o\"],\"inLanguage\":\"pt-BR\",\"potentialAction\":[{\"@type\":\"CommentAction\",\"name\":\"Comment\",\"target\":[\"https:\\\/\\\/diariodepe.com.br\\\/cri\\\/2024\\\/06\\\/05\\\/a-reuniao-da-cosban-e-o-adensamento-da-relacao-china-brasil\\\/#respond\"]}]},{\"@type\":\"WebPage\",\"@id\":\"https:\\\/\\\/diariodepe.com.br\\\/cri\\\/2024\\\/06\\\/05\\\/a-reuniao-da-cosban-e-o-adensamento-da-relacao-china-brasil\\\/\",\"url\":\"https:\\\/\\\/diariodepe.com.br\\\/cri\\\/2024\\\/06\\\/05\\\/a-reuniao-da-cosban-e-o-adensamento-da-relacao-china-brasil\\\/\",\"name\":\"A reuni\u00e3o da Cosban e o adensamento da rela\u00e7\u00e3o China-Brasil - CRI e Diario de Pernambuco\",\"isPartOf\":{\"@id\":\"https:\\\/\\\/diariodepe.com.br\\\/cri\\\/#website\"},\"primaryImageOfPage\":{\"@id\":\"https:\\\/\\\/diariodepe.com.br\\\/cri\\\/2024\\\/06\\\/05\\\/a-reuniao-da-cosban-e-o-adensamento-da-relacao-china-brasil\\\/#primaryimage\"},\"image\":{\"@id\":\"https:\\\/\\\/diariodepe.com.br\\\/cri\\\/2024\\\/06\\\/05\\\/a-reuniao-da-cosban-e-o-adensamento-da-relacao-china-brasil\\\/#primaryimage\"},\"thumbnailUrl\":\"https:\\\/\\\/p5crires.cri.cn\\\/photoworkspace\\\/cri\\\/contentimg\\\/2024\\\/06\\\/05\\\/2024060515360958928.jpg\",\"datePublished\":\"2024-06-05T08:02:27+00:00\",\"breadcrumb\":{\"@id\":\"https:\\\/\\\/diariodepe.com.br\\\/cri\\\/2024\\\/06\\\/05\\\/a-reuniao-da-cosban-e-o-adensamento-da-relacao-china-brasil\\\/#breadcrumb\"},\"inLanguage\":\"pt-BR\",\"potentialAction\":[{\"@type\":\"ReadAction\",\"target\":[\"https:\\\/\\\/diariodepe.com.br\\\/cri\\\/2024\\\/06\\\/05\\\/a-reuniao-da-cosban-e-o-adensamento-da-relacao-china-brasil\\\/\"]}]},{\"@type\":\"ImageObject\",\"inLanguage\":\"pt-BR\",\"@id\":\"https:\\\/\\\/diariodepe.com.br\\\/cri\\\/2024\\\/06\\\/05\\\/a-reuniao-da-cosban-e-o-adensamento-da-relacao-china-brasil\\\/#primaryimage\",\"url\":\"https:\\\/\\\/p5crires.cri.cn\\\/photoworkspace\\\/cri\\\/contentimg\\\/2024\\\/06\\\/05\\\/2024060515360958928.jpg\",\"contentUrl\":\"https:\\\/\\\/p5crires.cri.cn\\\/photoworkspace\\\/cri\\\/contentimg\\\/2024\\\/06\\\/05\\\/2024060515360958928.jpg\"},{\"@type\":\"BreadcrumbList\",\"@id\":\"https:\\\/\\\/diariodepe.com.br\\\/cri\\\/2024\\\/06\\\/05\\\/a-reuniao-da-cosban-e-o-adensamento-da-relacao-china-brasil\\\/#breadcrumb\",\"itemListElement\":[{\"@type\":\"ListItem\",\"position\":1,\"name\":\"In\u00edcio\",\"item\":\"https:\\\/\\\/diariodepe.com.br\\\/cri\\\/\"},{\"@type\":\"ListItem\",\"position\":2,\"name\":\"A reuni\u00e3o da Cosban e o adensamento da rela\u00e7\u00e3o China-Brasil\"}]},{\"@type\":\"WebSite\",\"@id\":\"https:\\\/\\\/diariodepe.com.br\\\/cri\\\/#website\",\"url\":\"https:\\\/\\\/diariodepe.com.br\\\/cri\\\/\",\"name\":\"CRI e Diario de Pernambuco\",\"description\":\"R\u00e1dio Internacional da China\",\"publisher\":{\"@id\":\"https:\\\/\\\/diariodepe.com.br\\\/cri\\\/#organization\"},\"potentialAction\":[{\"@type\":\"SearchAction\",\"target\":{\"@type\":\"EntryPoint\",\"urlTemplate\":\"https:\\\/\\\/diariodepe.com.br\\\/cri\\\/?s={search_term_string}\"},\"query-input\":{\"@type\":\"PropertyValueSpecification\",\"valueRequired\":true,\"valueName\":\"search_term_string\"}}],\"inLanguage\":\"pt-BR\"},{\"@type\":\"Organization\",\"@id\":\"https:\\\/\\\/diariodepe.com.br\\\/cri\\\/#organization\",\"name\":\"CRI e Diario de Pernambuco\",\"url\":\"https:\\\/\\\/diariodepe.com.br\\\/cri\\\/\",\"logo\":{\"@type\":\"ImageObject\",\"inLanguage\":\"pt-BR\",\"@id\":\"https:\\\/\\\/diariodepe.com.br\\\/cri\\\/#\\\/schema\\\/logo\\\/image\\\/\",\"url\":\"https:\\\/\\\/diariodepe.com.br\\\/cri\\\/wp-content\\\/uploads\\\/sites\\\/2\\\/2022\\\/12\\\/cropped-Logo.jpg\",\"contentUrl\":\"https:\\\/\\\/diariodepe.com.br\\\/cri\\\/wp-content\\\/uploads\\\/sites\\\/2\\\/2022\\\/12\\\/cropped-Logo.jpg\",\"width\":700,\"height\":59,\"caption\":\"CRI e Diario de Pernambuco\"},\"image\":{\"@id\":\"https:\\\/\\\/diariodepe.com.br\\\/cri\\\/#\\\/schema\\\/logo\\\/image\\\/\"}},{\"@type\":\"Person\",\"@id\":\"https:\\\/\\\/diariodepe.com.br\\\/cri\\\/#\\\/schema\\\/person\\\/121bb28d84f1a5b1205ef4ce9c2e0c6b\",\"name\":\"Ismael Lucas S. Pereira\",\"image\":{\"@type\":\"ImageObject\",\"inLanguage\":\"pt-BR\",\"@id\":\"https:\\\/\\\/secure.gravatar.com\\\/avatar\\\/887a0f3b5a7ceea963a48499fb883ffce6b5037362def025c52c2505b15d63e4?s=96&d=mm&r=g\",\"url\":\"https:\\\/\\\/secure.gravatar.com\\\/avatar\\\/887a0f3b5a7ceea963a48499fb883ffce6b5037362def025c52c2505b15d63e4?s=96&d=mm&r=g\",\"contentUrl\":\"https:\\\/\\\/secure.gravatar.com\\\/avatar\\\/887a0f3b5a7ceea963a48499fb883ffce6b5037362def025c52c2505b15d63e4?s=96&d=mm&r=g\",\"caption\":\"Ismael Lucas S. Pereira\"},\"url\":\"https:\\\/\\\/diariodepe.com.br\\\/cri\\\/author\\\/ismael-lucas\\\/\"}]}<\/script>\n<!-- \/ Yoast SEO plugin. -->","yoast_head_json":{"title":"A reuni\u00e3o da Cosban e o adensamento da rela\u00e7\u00e3o China-Brasil - CRI e Diario de Pernambuco","robots":{"index":"index","follow":"follow","max-snippet":"max-snippet:-1","max-image-preview":"max-image-preview:large","max-video-preview":"max-video-preview:-1"},"canonical":"https:\/\/diariodepe.com.br\/cri\/2024\/06\/05\/a-reuniao-da-cosban-e-o-adensamento-da-relacao-china-brasil\/","og_locale":"pt_BR","og_type":"article","og_title":"A reuni\u00e3o da Cosban e o adensamento da rela\u00e7\u00e3o China-Brasil - CRI e Diario de Pernambuco","og_description":"No pr\u00f3ximo dia 15 de agosto comemoram-se os 50 anos de estabelecimento das rela\u00e7\u00f5es diplom\u00e1ticas entre o Brasil e a Rep\u00fablica Popular da China. Neste ano tamb\u00e9m se celebram os 20 anos de cria\u00e7\u00e3o da Comiss\u00e3o Sino-Brasileira de Alto N\u00edvel...","og_url":"https:\/\/diariodepe.com.br\/cri\/2024\/06\/05\/a-reuniao-da-cosban-e-o-adensamento-da-relacao-china-brasil\/","og_site_name":"CRI e Diario de Pernambuco","article_published_time":"2024-06-05T08:02:27+00:00","og_image":[{"url":"https:\/\/p5crires.cri.cn\/photoworkspace\/cri\/contentimg\/2024\/06\/05\/2024060515360958928.jpg","type":"","width":"","height":""}],"author":"Ismael Lucas S. Pereira","twitter_card":"summary_large_image","twitter_misc":{"Escrito por":"Ismael Lucas S. Pereira","Est. tempo de leitura":"7 minutos"},"schema":{"@context":"https:\/\/schema.org","@graph":[{"@type":"Article","@id":"https:\/\/diariodepe.com.br\/cri\/2024\/06\/05\/a-reuniao-da-cosban-e-o-adensamento-da-relacao-china-brasil\/#article","isPartOf":{"@id":"https:\/\/diariodepe.com.br\/cri\/2024\/06\/05\/a-reuniao-da-cosban-e-o-adensamento-da-relacao-china-brasil\/"},"author":{"name":"Ismael Lucas S. Pereira","@id":"https:\/\/diariodepe.com.br\/cri\/#\/schema\/person\/121bb28d84f1a5b1205ef4ce9c2e0c6b"},"headline":"A reuni\u00e3o da Cosban e o adensamento da rela\u00e7\u00e3o China-Brasil","datePublished":"2024-06-05T08:02:27+00:00","mainEntityOfPage":{"@id":"https:\/\/diariodepe.com.br\/cri\/2024\/06\/05\/a-reuniao-da-cosban-e-o-adensamento-da-relacao-china-brasil\/"},"wordCount":1197,"commentCount":0,"publisher":{"@id":"https:\/\/diariodepe.com.br\/cri\/#organization"},"image":{"@id":"https:\/\/diariodepe.com.br\/cri\/2024\/06\/05\/a-reuniao-da-cosban-e-o-adensamento-da-relacao-china-brasil\/#primaryimage"},"thumbnailUrl":"https:\/\/p5crires.cri.cn\/photoworkspace\/cri\/contentimg\/2024\/06\/05\/2024060515360958928.jpg","articleSection":["Vis\u00e3o"],"inLanguage":"pt-BR","potentialAction":[{"@type":"CommentAction","name":"Comment","target":["https:\/\/diariodepe.com.br\/cri\/2024\/06\/05\/a-reuniao-da-cosban-e-o-adensamento-da-relacao-china-brasil\/#respond"]}]},{"@type":"WebPage","@id":"https:\/\/diariodepe.com.br\/cri\/2024\/06\/05\/a-reuniao-da-cosban-e-o-adensamento-da-relacao-china-brasil\/","url":"https:\/\/diariodepe.com.br\/cri\/2024\/06\/05\/a-reuniao-da-cosban-e-o-adensamento-da-relacao-china-brasil\/","name":"A reuni\u00e3o da Cosban e o adensamento da rela\u00e7\u00e3o China-Brasil - CRI e Diario de Pernambuco","isPartOf":{"@id":"https:\/\/diariodepe.com.br\/cri\/#website"},"primaryImageOfPage":{"@id":"https:\/\/diariodepe.com.br\/cri\/2024\/06\/05\/a-reuniao-da-cosban-e-o-adensamento-da-relacao-china-brasil\/#primaryimage"},"image":{"@id":"https:\/\/diariodepe.com.br\/cri\/2024\/06\/05\/a-reuniao-da-cosban-e-o-adensamento-da-relacao-china-brasil\/#primaryimage"},"thumbnailUrl":"https:\/\/p5crires.cri.cn\/photoworkspace\/cri\/contentimg\/2024\/06\/05\/2024060515360958928.jpg","datePublished":"2024-06-05T08:02:27+00:00","breadcrumb":{"@id":"https:\/\/diariodepe.com.br\/cri\/2024\/06\/05\/a-reuniao-da-cosban-e-o-adensamento-da-relacao-china-brasil\/#breadcrumb"},"inLanguage":"pt-BR","potentialAction":[{"@type":"ReadAction","target":["https:\/\/diariodepe.com.br\/cri\/2024\/06\/05\/a-reuniao-da-cosban-e-o-adensamento-da-relacao-china-brasil\/"]}]},{"@type":"ImageObject","inLanguage":"pt-BR","@id":"https:\/\/diariodepe.com.br\/cri\/2024\/06\/05\/a-reuniao-da-cosban-e-o-adensamento-da-relacao-china-brasil\/#primaryimage","url":"https:\/\/p5crires.cri.cn\/photoworkspace\/cri\/contentimg\/2024\/06\/05\/2024060515360958928.jpg","contentUrl":"https:\/\/p5crires.cri.cn\/photoworkspace\/cri\/contentimg\/2024\/06\/05\/2024060515360958928.jpg"},{"@type":"BreadcrumbList","@id":"https:\/\/diariodepe.com.br\/cri\/2024\/06\/05\/a-reuniao-da-cosban-e-o-adensamento-da-relacao-china-brasil\/#breadcrumb","itemListElement":[{"@type":"ListItem","position":1,"name":"In\u00edcio","item":"https:\/\/diariodepe.com.br\/cri\/"},{"@type":"ListItem","position":2,"name":"A reuni\u00e3o da Cosban e o adensamento da rela\u00e7\u00e3o China-Brasil"}]},{"@type":"WebSite","@id":"https:\/\/diariodepe.com.br\/cri\/#website","url":"https:\/\/diariodepe.com.br\/cri\/","name":"CRI e Diario de Pernambuco","description":"R\u00e1dio Internacional da China","publisher":{"@id":"https:\/\/diariodepe.com.br\/cri\/#organization"},"potentialAction":[{"@type":"SearchAction","target":{"@type":"EntryPoint","urlTemplate":"https:\/\/diariodepe.com.br\/cri\/?s={search_term_string}"},"query-input":{"@type":"PropertyValueSpecification","valueRequired":true,"valueName":"search_term_string"}}],"inLanguage":"pt-BR"},{"@type":"Organization","@id":"https:\/\/diariodepe.com.br\/cri\/#organization","name":"CRI e Diario de Pernambuco","url":"https:\/\/diariodepe.com.br\/cri\/","logo":{"@type":"ImageObject","inLanguage":"pt-BR","@id":"https:\/\/diariodepe.com.br\/cri\/#\/schema\/logo\/image\/","url":"https:\/\/diariodepe.com.br\/cri\/wp-content\/uploads\/sites\/2\/2022\/12\/cropped-Logo.jpg","contentUrl":"https:\/\/diariodepe.com.br\/cri\/wp-content\/uploads\/sites\/2\/2022\/12\/cropped-Logo.jpg","width":700,"height":59,"caption":"CRI e Diario de Pernambuco"},"image":{"@id":"https:\/\/diariodepe.com.br\/cri\/#\/schema\/logo\/image\/"}},{"@type":"Person","@id":"https:\/\/diariodepe.com.br\/cri\/#\/schema\/person\/121bb28d84f1a5b1205ef4ce9c2e0c6b","name":"Ismael Lucas S. Pereira","image":{"@type":"ImageObject","inLanguage":"pt-BR","@id":"https:\/\/secure.gravatar.com\/avatar\/887a0f3b5a7ceea963a48499fb883ffce6b5037362def025c52c2505b15d63e4?s=96&d=mm&r=g","url":"https:\/\/secure.gravatar.com\/avatar\/887a0f3b5a7ceea963a48499fb883ffce6b5037362def025c52c2505b15d63e4?s=96&d=mm&r=g","contentUrl":"https:\/\/secure.gravatar.com\/avatar\/887a0f3b5a7ceea963a48499fb883ffce6b5037362def025c52c2505b15d63e4?s=96&d=mm&r=g","caption":"Ismael Lucas S. Pereira"},"url":"https:\/\/diariodepe.com.br\/cri\/author\/ismael-lucas\/"}]}},"cc_featured_image_caption":{"caption_text":false,"source_text":false,"source_url":false},"amp_enabled":true,"_links":{"self":[{"href":"https:\/\/diariodepe.com.br\/cri\/wp-json\/wp\/v2\/posts\/5462","targetHints":{"allow":["GET"]}}],"collection":[{"href":"https:\/\/diariodepe.com.br\/cri\/wp-json\/wp\/v2\/posts"}],"about":[{"href":"https:\/\/diariodepe.com.br\/cri\/wp-json\/wp\/v2\/types\/post"}],"author":[{"embeddable":true,"href":"https:\/\/diariodepe.com.br\/cri\/wp-json\/wp\/v2\/users\/2"}],"replies":[{"embeddable":true,"href":"https:\/\/diariodepe.com.br\/cri\/wp-json\/wp\/v2\/comments?post=5462"}],"version-history":[{"count":1,"href":"https:\/\/diariodepe.com.br\/cri\/wp-json\/wp\/v2\/posts\/5462\/revisions"}],"predecessor-version":[{"id":5463,"href":"https:\/\/diariodepe.com.br\/cri\/wp-json\/wp\/v2\/posts\/5462\/revisions\/5463"}],"wp:attachment":[{"href":"https:\/\/diariodepe.com.br\/cri\/wp-json\/wp\/v2\/media?parent=5462"}],"wp:term":[{"taxonomy":"category","embeddable":true,"href":"https:\/\/diariodepe.com.br\/cri\/wp-json\/wp\/v2\/categories?post=5462"},{"taxonomy":"post_tag","embeddable":true,"href":"https:\/\/diariodepe.com.br\/cri\/wp-json\/wp\/v2\/tags?post=5462"}],"curies":[{"name":"wp","href":"https:\/\/api.w.org\/{rel}","templated":true}]}}