{"id":5458,"date":"2024-06-03T23:56:03","date_gmt":"2024-06-04T02:56:03","guid":{"rendered":"https:\/\/diariodepe.com.br\/cri\/?p=5458"},"modified":"2024-06-03T23:56:03","modified_gmt":"2024-06-04T02:56:03","slug":"china-toma-medidas-praticas-para-manter-a-paz-e-a-seguranca-mundiais-diz-especialistas-chineses","status":"publish","type":"post","link":"https:\/\/diariodepe.com.br\/cri\/2024\/06\/03\/china-toma-medidas-praticas-para-manter-a-paz-e-a-seguranca-mundiais-diz-especialistas-chineses\/","title":{"rendered":"China toma medidas pr\u00e1ticas para manter a paz e a seguran\u00e7a mundiais, diz especialistas chineses"},"content":{"rendered":"<p class=\"photo_img_20190808\"><img decoding=\"async\" src=\"https:\/\/p2crires.cri.cn\/photoworkspace\/cri\/contentimg\/2024\/06\/03\/2024060314422922282.jpeg\" alt=\"\" width=\"500\" \/><\/p>\n<p>Terminou no domingo (2) em Singapura, o 21\u00ba Di\u00e1logo Shangri-La. O ex-vice-presidente da Academia Chinesa de Ci\u00eancias Militares, He Lei, disse \u00e0 imprensa ap\u00f3s o evento que, nesta edi\u00e7\u00e3o, houve uma intensa colis\u00e3o entre dois conceitos de seguran\u00e7a muito diferentes. A vis\u00e3o de seguran\u00e7a da China enfatiza uma comunidade de seguran\u00e7a para toda a humanidade, enquanto a vis\u00e3o dos Estados Unidos sobre o t\u00f3pico traz conflitos e contradi\u00e7\u00f5es para a regi\u00e3o \u00c1sia-Pac\u00edfico e n\u00e3o a paz e a estabilidade, chegando at\u00e9 a provocar guerras.<\/p>\n<p>Os especialistas chineses declararam que a China contribui positivamente para a manuten\u00e7\u00e3o da paz mundial e fornece mais produtos de seguran\u00e7a p\u00fablica para a comunidade internacional por meio de a\u00e7\u00f5es concretas.<\/p>\n","protected":false},"excerpt":{"rendered":"<p>Terminou no domingo (2) em Singapura, o 21\u00ba Di\u00e1logo Shangri-La. O ex-vice-presidente da Academia Chinesa de Ci\u00eancias Militares, He Lei, disse \u00e0 imprensa ap\u00f3s o evento que, nesta edi\u00e7\u00e3o, houve uma intensa colis\u00e3o entre dois conceitos de seguran\u00e7a muito diferentes&#8230;.<\/p>\n","protected":false},"author":2,"featured_media":0,"comment_status":"open","ping_status":"open","sticky":false,"template":"","format":"standard","meta":{"footnotes":""},"categories":[3],"tags":[],"class_list":["post-5458","post","type-post","status-publish","format-standard","hentry","category-china"],"yoast_head":"<!-- This site is optimized with the Yoast SEO plugin v27.4 - https:\/\/yoast.com\/product\/yoast-seo-wordpress\/ -->\n<title>China toma medidas pr\u00e1ticas para manter a paz e a seguran\u00e7a mundiais, diz especialistas chineses - CRI e Diario de Pernambuco<\/title>\n<meta name=\"robots\" content=\"index, follow, max-snippet:-1, max-image-preview:large, max-video-preview:-1\" \/>\n<link rel=\"canonical\" href=\"https:\/\/diariodepe.com.br\/cri\/2024\/06\/03\/china-toma-medidas-praticas-para-manter-a-paz-e-a-seguranca-mundiais-diz-especialistas-chineses\/\" \/>\n<meta property=\"og:locale\" content=\"pt_BR\" \/>\n<meta property=\"og:type\" content=\"article\" \/>\n<meta property=\"og:title\" content=\"China toma medidas pr\u00e1ticas para manter a paz e a seguran\u00e7a mundiais, diz especialistas chineses - CRI e Diario de Pernambuco\" \/>\n<meta property=\"og:description\" content=\"Terminou no domingo (2) em Singapura, o 21\u00ba Di\u00e1logo Shangri-La. O ex-vice-presidente da Academia Chinesa de Ci\u00eancias Militares, He Lei, disse \u00e0 imprensa ap\u00f3s o evento que, nesta edi\u00e7\u00e3o, houve uma intensa colis\u00e3o entre dois conceitos de seguran\u00e7a muito diferentes....\" \/>\n<meta property=\"og:url\" content=\"https:\/\/diariodepe.com.br\/cri\/2024\/06\/03\/china-toma-medidas-praticas-para-manter-a-paz-e-a-seguranca-mundiais-diz-especialistas-chineses\/\" \/>\n<meta property=\"og:site_name\" content=\"CRI e Diario de Pernambuco\" \/>\n<meta property=\"article:published_time\" content=\"2024-06-04T02:56:03+00:00\" \/>\n<meta property=\"og:image\" content=\"https:\/\/p2crires.cri.cn\/photoworkspace\/cri\/contentimg\/2024\/06\/03\/2024060314422922282.jpeg\" \/>\n<meta name=\"author\" content=\"Ismael Lucas S. Pereira\" \/>\n<meta name=\"twitter:card\" content=\"summary_large_image\" \/>\n<meta name=\"twitter:label1\" content=\"Escrito por\" \/>\n\t<meta name=\"twitter:data1\" content=\"Ismael Lucas S. Pereira\" \/>\n<script type=\"application\/ld+json\" class=\"yoast-schema-graph\">{\"@context\":\"https:\\\/\\\/schema.org\",\"@graph\":[{\"@type\":\"Article\",\"@id\":\"https:\\\/\\\/diariodepe.com.br\\\/cri\\\/2024\\\/06\\\/03\\\/china-toma-medidas-praticas-para-manter-a-paz-e-a-seguranca-mundiais-diz-especialistas-chineses\\\/#article\",\"isPartOf\":{\"@id\":\"https:\\\/\\\/diariodepe.com.br\\\/cri\\\/2024\\\/06\\\/03\\\/china-toma-medidas-praticas-para-manter-a-paz-e-a-seguranca-mundiais-diz-especialistas-chineses\\\/\"},\"author\":{\"name\":\"Ismael Lucas S. Pereira\",\"@id\":\"https:\\\/\\\/diariodepe.com.br\\\/cri\\\/#\\\/schema\\\/person\\\/121bb28d84f1a5b1205ef4ce9c2e0c6b\"},\"headline\":\"China toma medidas pr\u00e1ticas para manter a paz e a seguran\u00e7a mundiais, diz especialistas chineses\",\"datePublished\":\"2024-06-04T02:56:03+00:00\",\"mainEntityOfPage\":{\"@id\":\"https:\\\/\\\/diariodepe.com.br\\\/cri\\\/2024\\\/06\\\/03\\\/china-toma-medidas-praticas-para-manter-a-paz-e-a-seguranca-mundiais-diz-especialistas-chineses\\\/\"},\"wordCount\":148,\"commentCount\":0,\"publisher\":{\"@id\":\"https:\\\/\\\/diariodepe.com.br\\\/cri\\\/#organization\"},\"image\":{\"@id\":\"https:\\\/\\\/diariodepe.com.br\\\/cri\\\/2024\\\/06\\\/03\\\/china-toma-medidas-praticas-para-manter-a-paz-e-a-seguranca-mundiais-diz-especialistas-chineses\\\/#primaryimage\"},\"thumbnailUrl\":\"https:\\\/\\\/p2crires.cri.cn\\\/photoworkspace\\\/cri\\\/contentimg\\\/2024\\\/06\\\/03\\\/2024060314422922282.jpeg\",\"articleSection\":[\"China\"],\"inLanguage\":\"pt-BR\",\"potentialAction\":[{\"@type\":\"CommentAction\",\"name\":\"Comment\",\"target\":[\"https:\\\/\\\/diariodepe.com.br\\\/cri\\\/2024\\\/06\\\/03\\\/china-toma-medidas-praticas-para-manter-a-paz-e-a-seguranca-mundiais-diz-especialistas-chineses\\\/#respond\"]}]},{\"@type\":\"WebPage\",\"@id\":\"https:\\\/\\\/diariodepe.com.br\\\/cri\\\/2024\\\/06\\\/03\\\/china-toma-medidas-praticas-para-manter-a-paz-e-a-seguranca-mundiais-diz-especialistas-chineses\\\/\",\"url\":\"https:\\\/\\\/diariodepe.com.br\\\/cri\\\/2024\\\/06\\\/03\\\/china-toma-medidas-praticas-para-manter-a-paz-e-a-seguranca-mundiais-diz-especialistas-chineses\\\/\",\"name\":\"China toma medidas pr\u00e1ticas para manter a paz e a seguran\u00e7a mundiais, diz especialistas chineses - CRI e Diario de Pernambuco\",\"isPartOf\":{\"@id\":\"https:\\\/\\\/diariodepe.com.br\\\/cri\\\/#website\"},\"primaryImageOfPage\":{\"@id\":\"https:\\\/\\\/diariodepe.com.br\\\/cri\\\/2024\\\/06\\\/03\\\/china-toma-medidas-praticas-para-manter-a-paz-e-a-seguranca-mundiais-diz-especialistas-chineses\\\/#primaryimage\"},\"image\":{\"@id\":\"https:\\\/\\\/diariodepe.com.br\\\/cri\\\/2024\\\/06\\\/03\\\/china-toma-medidas-praticas-para-manter-a-paz-e-a-seguranca-mundiais-diz-especialistas-chineses\\\/#primaryimage\"},\"thumbnailUrl\":\"https:\\\/\\\/p2crires.cri.cn\\\/photoworkspace\\\/cri\\\/contentimg\\\/2024\\\/06\\\/03\\\/2024060314422922282.jpeg\",\"datePublished\":\"2024-06-04T02:56:03+00:00\",\"breadcrumb\":{\"@id\":\"https:\\\/\\\/diariodepe.com.br\\\/cri\\\/2024\\\/06\\\/03\\\/china-toma-medidas-praticas-para-manter-a-paz-e-a-seguranca-mundiais-diz-especialistas-chineses\\\/#breadcrumb\"},\"inLanguage\":\"pt-BR\",\"potentialAction\":[{\"@type\":\"ReadAction\",\"target\":[\"https:\\\/\\\/diariodepe.com.br\\\/cri\\\/2024\\\/06\\\/03\\\/china-toma-medidas-praticas-para-manter-a-paz-e-a-seguranca-mundiais-diz-especialistas-chineses\\\/\"]}]},{\"@type\":\"ImageObject\",\"inLanguage\":\"pt-BR\",\"@id\":\"https:\\\/\\\/diariodepe.com.br\\\/cri\\\/2024\\\/06\\\/03\\\/china-toma-medidas-praticas-para-manter-a-paz-e-a-seguranca-mundiais-diz-especialistas-chineses\\\/#primaryimage\",\"url\":\"https:\\\/\\\/p2crires.cri.cn\\\/photoworkspace\\\/cri\\\/contentimg\\\/2024\\\/06\\\/03\\\/2024060314422922282.jpeg\",\"contentUrl\":\"https:\\\/\\\/p2crires.cri.cn\\\/photoworkspace\\\/cri\\\/contentimg\\\/2024\\\/06\\\/03\\\/2024060314422922282.jpeg\"},{\"@type\":\"BreadcrumbList\",\"@id\":\"https:\\\/\\\/diariodepe.com.br\\\/cri\\\/2024\\\/06\\\/03\\\/china-toma-medidas-praticas-para-manter-a-paz-e-a-seguranca-mundiais-diz-especialistas-chineses\\\/#breadcrumb\",\"itemListElement\":[{\"@type\":\"ListItem\",\"position\":1,\"name\":\"In\u00edcio\",\"item\":\"https:\\\/\\\/diariodepe.com.br\\\/cri\\\/\"},{\"@type\":\"ListItem\",\"position\":2,\"name\":\"China toma medidas pr\u00e1ticas para manter a paz e a seguran\u00e7a mundiais, diz especialistas chineses\"}]},{\"@type\":\"WebSite\",\"@id\":\"https:\\\/\\\/diariodepe.com.br\\\/cri\\\/#website\",\"url\":\"https:\\\/\\\/diariodepe.com.br\\\/cri\\\/\",\"name\":\"CRI e Diario de Pernambuco\",\"description\":\"R\u00e1dio Internacional da China\",\"publisher\":{\"@id\":\"https:\\\/\\\/diariodepe.com.br\\\/cri\\\/#organization\"},\"potentialAction\":[{\"@type\":\"SearchAction\",\"target\":{\"@type\":\"EntryPoint\",\"urlTemplate\":\"https:\\\/\\\/diariodepe.com.br\\\/cri\\\/?s={search_term_string}\"},\"query-input\":{\"@type\":\"PropertyValueSpecification\",\"valueRequired\":true,\"valueName\":\"search_term_string\"}}],\"inLanguage\":\"pt-BR\"},{\"@type\":\"Organization\",\"@id\":\"https:\\\/\\\/diariodepe.com.br\\\/cri\\\/#organization\",\"name\":\"CRI e Diario de Pernambuco\",\"url\":\"https:\\\/\\\/diariodepe.com.br\\\/cri\\\/\",\"logo\":{\"@type\":\"ImageObject\",\"inLanguage\":\"pt-BR\",\"@id\":\"https:\\\/\\\/diariodepe.com.br\\\/cri\\\/#\\\/schema\\\/logo\\\/image\\\/\",\"url\":\"https:\\\/\\\/diariodepe.com.br\\\/cri\\\/wp-content\\\/uploads\\\/sites\\\/2\\\/2022\\\/12\\\/cropped-Logo.jpg\",\"contentUrl\":\"https:\\\/\\\/diariodepe.com.br\\\/cri\\\/wp-content\\\/uploads\\\/sites\\\/2\\\/2022\\\/12\\\/cropped-Logo.jpg\",\"width\":700,\"height\":59,\"caption\":\"CRI e Diario de Pernambuco\"},\"image\":{\"@id\":\"https:\\\/\\\/diariodepe.com.br\\\/cri\\\/#\\\/schema\\\/logo\\\/image\\\/\"}},{\"@type\":\"Person\",\"@id\":\"https:\\\/\\\/diariodepe.com.br\\\/cri\\\/#\\\/schema\\\/person\\\/121bb28d84f1a5b1205ef4ce9c2e0c6b\",\"name\":\"Ismael Lucas S. Pereira\",\"image\":{\"@type\":\"ImageObject\",\"inLanguage\":\"pt-BR\",\"@id\":\"https:\\\/\\\/secure.gravatar.com\\\/avatar\\\/887a0f3b5a7ceea963a48499fb883ffce6b5037362def025c52c2505b15d63e4?s=96&d=mm&r=g\",\"url\":\"https:\\\/\\\/secure.gravatar.com\\\/avatar\\\/887a0f3b5a7ceea963a48499fb883ffce6b5037362def025c52c2505b15d63e4?s=96&d=mm&r=g\",\"contentUrl\":\"https:\\\/\\\/secure.gravatar.com\\\/avatar\\\/887a0f3b5a7ceea963a48499fb883ffce6b5037362def025c52c2505b15d63e4?s=96&d=mm&r=g\",\"caption\":\"Ismael Lucas S. Pereira\"},\"url\":\"https:\\\/\\\/diariodepe.com.br\\\/cri\\\/author\\\/ismael-lucas\\\/\"}]}<\/script>\n<!-- \/ Yoast SEO plugin. -->","yoast_head_json":{"title":"China toma medidas pr\u00e1ticas para manter a paz e a seguran\u00e7a mundiais, diz especialistas chineses - CRI e Diario de Pernambuco","robots":{"index":"index","follow":"follow","max-snippet":"max-snippet:-1","max-image-preview":"max-image-preview:large","max-video-preview":"max-video-preview:-1"},"canonical":"https:\/\/diariodepe.com.br\/cri\/2024\/06\/03\/china-toma-medidas-praticas-para-manter-a-paz-e-a-seguranca-mundiais-diz-especialistas-chineses\/","og_locale":"pt_BR","og_type":"article","og_title":"China toma medidas pr\u00e1ticas para manter a paz e a seguran\u00e7a mundiais, diz especialistas chineses - CRI e Diario de Pernambuco","og_description":"Terminou no domingo (2) em Singapura, o 21\u00ba Di\u00e1logo Shangri-La. O ex-vice-presidente da Academia Chinesa de Ci\u00eancias Militares, He Lei, disse \u00e0 imprensa ap\u00f3s o evento que, nesta edi\u00e7\u00e3o, houve uma intensa colis\u00e3o entre dois conceitos de seguran\u00e7a muito diferentes....","og_url":"https:\/\/diariodepe.com.br\/cri\/2024\/06\/03\/china-toma-medidas-praticas-para-manter-a-paz-e-a-seguranca-mundiais-diz-especialistas-chineses\/","og_site_name":"CRI e Diario de Pernambuco","article_published_time":"2024-06-04T02:56:03+00:00","og_image":[{"url":"https:\/\/p2crires.cri.cn\/photoworkspace\/cri\/contentimg\/2024\/06\/03\/2024060314422922282.jpeg","type":"","width":"","height":""}],"author":"Ismael Lucas S. Pereira","twitter_card":"summary_large_image","twitter_misc":{"Escrito por":"Ismael Lucas S. Pereira"},"schema":{"@context":"https:\/\/schema.org","@graph":[{"@type":"Article","@id":"https:\/\/diariodepe.com.br\/cri\/2024\/06\/03\/china-toma-medidas-praticas-para-manter-a-paz-e-a-seguranca-mundiais-diz-especialistas-chineses\/#article","isPartOf":{"@id":"https:\/\/diariodepe.com.br\/cri\/2024\/06\/03\/china-toma-medidas-praticas-para-manter-a-paz-e-a-seguranca-mundiais-diz-especialistas-chineses\/"},"author":{"name":"Ismael Lucas S. Pereira","@id":"https:\/\/diariodepe.com.br\/cri\/#\/schema\/person\/121bb28d84f1a5b1205ef4ce9c2e0c6b"},"headline":"China toma medidas pr\u00e1ticas para manter a paz e a seguran\u00e7a mundiais, diz especialistas chineses","datePublished":"2024-06-04T02:56:03+00:00","mainEntityOfPage":{"@id":"https:\/\/diariodepe.com.br\/cri\/2024\/06\/03\/china-toma-medidas-praticas-para-manter-a-paz-e-a-seguranca-mundiais-diz-especialistas-chineses\/"},"wordCount":148,"commentCount":0,"publisher":{"@id":"https:\/\/diariodepe.com.br\/cri\/#organization"},"image":{"@id":"https:\/\/diariodepe.com.br\/cri\/2024\/06\/03\/china-toma-medidas-praticas-para-manter-a-paz-e-a-seguranca-mundiais-diz-especialistas-chineses\/#primaryimage"},"thumbnailUrl":"https:\/\/p2crires.cri.cn\/photoworkspace\/cri\/contentimg\/2024\/06\/03\/2024060314422922282.jpeg","articleSection":["China"],"inLanguage":"pt-BR","potentialAction":[{"@type":"CommentAction","name":"Comment","target":["https:\/\/diariodepe.com.br\/cri\/2024\/06\/03\/china-toma-medidas-praticas-para-manter-a-paz-e-a-seguranca-mundiais-diz-especialistas-chineses\/#respond"]}]},{"@type":"WebPage","@id":"https:\/\/diariodepe.com.br\/cri\/2024\/06\/03\/china-toma-medidas-praticas-para-manter-a-paz-e-a-seguranca-mundiais-diz-especialistas-chineses\/","url":"https:\/\/diariodepe.com.br\/cri\/2024\/06\/03\/china-toma-medidas-praticas-para-manter-a-paz-e-a-seguranca-mundiais-diz-especialistas-chineses\/","name":"China toma medidas pr\u00e1ticas para manter a paz e a seguran\u00e7a mundiais, diz especialistas chineses - CRI e Diario de Pernambuco","isPartOf":{"@id":"https:\/\/diariodepe.com.br\/cri\/#website"},"primaryImageOfPage":{"@id":"https:\/\/diariodepe.com.br\/cri\/2024\/06\/03\/china-toma-medidas-praticas-para-manter-a-paz-e-a-seguranca-mundiais-diz-especialistas-chineses\/#primaryimage"},"image":{"@id":"https:\/\/diariodepe.com.br\/cri\/2024\/06\/03\/china-toma-medidas-praticas-para-manter-a-paz-e-a-seguranca-mundiais-diz-especialistas-chineses\/#primaryimage"},"thumbnailUrl":"https:\/\/p2crires.cri.cn\/photoworkspace\/cri\/contentimg\/2024\/06\/03\/2024060314422922282.jpeg","datePublished":"2024-06-04T02:56:03+00:00","breadcrumb":{"@id":"https:\/\/diariodepe.com.br\/cri\/2024\/06\/03\/china-toma-medidas-praticas-para-manter-a-paz-e-a-seguranca-mundiais-diz-especialistas-chineses\/#breadcrumb"},"inLanguage":"pt-BR","potentialAction":[{"@type":"ReadAction","target":["https:\/\/diariodepe.com.br\/cri\/2024\/06\/03\/china-toma-medidas-praticas-para-manter-a-paz-e-a-seguranca-mundiais-diz-especialistas-chineses\/"]}]},{"@type":"ImageObject","inLanguage":"pt-BR","@id":"https:\/\/diariodepe.com.br\/cri\/2024\/06\/03\/china-toma-medidas-praticas-para-manter-a-paz-e-a-seguranca-mundiais-diz-especialistas-chineses\/#primaryimage","url":"https:\/\/p2crires.cri.cn\/photoworkspace\/cri\/contentimg\/2024\/06\/03\/2024060314422922282.jpeg","contentUrl":"https:\/\/p2crires.cri.cn\/photoworkspace\/cri\/contentimg\/2024\/06\/03\/2024060314422922282.jpeg"},{"@type":"BreadcrumbList","@id":"https:\/\/diariodepe.com.br\/cri\/2024\/06\/03\/china-toma-medidas-praticas-para-manter-a-paz-e-a-seguranca-mundiais-diz-especialistas-chineses\/#breadcrumb","itemListElement":[{"@type":"ListItem","position":1,"name":"In\u00edcio","item":"https:\/\/diariodepe.com.br\/cri\/"},{"@type":"ListItem","position":2,"name":"China toma medidas pr\u00e1ticas para manter a paz e a seguran\u00e7a mundiais, diz especialistas chineses"}]},{"@type":"WebSite","@id":"https:\/\/diariodepe.com.br\/cri\/#website","url":"https:\/\/diariodepe.com.br\/cri\/","name":"CRI e Diario de Pernambuco","description":"R\u00e1dio Internacional da China","publisher":{"@id":"https:\/\/diariodepe.com.br\/cri\/#organization"},"potentialAction":[{"@type":"SearchAction","target":{"@type":"EntryPoint","urlTemplate":"https:\/\/diariodepe.com.br\/cri\/?s={search_term_string}"},"query-input":{"@type":"PropertyValueSpecification","valueRequired":true,"valueName":"search_term_string"}}],"inLanguage":"pt-BR"},{"@type":"Organization","@id":"https:\/\/diariodepe.com.br\/cri\/#organization","name":"CRI e Diario de Pernambuco","url":"https:\/\/diariodepe.com.br\/cri\/","logo":{"@type":"ImageObject","inLanguage":"pt-BR","@id":"https:\/\/diariodepe.com.br\/cri\/#\/schema\/logo\/image\/","url":"https:\/\/diariodepe.com.br\/cri\/wp-content\/uploads\/sites\/2\/2022\/12\/cropped-Logo.jpg","contentUrl":"https:\/\/diariodepe.com.br\/cri\/wp-content\/uploads\/sites\/2\/2022\/12\/cropped-Logo.jpg","width":700,"height":59,"caption":"CRI e Diario de Pernambuco"},"image":{"@id":"https:\/\/diariodepe.com.br\/cri\/#\/schema\/logo\/image\/"}},{"@type":"Person","@id":"https:\/\/diariodepe.com.br\/cri\/#\/schema\/person\/121bb28d84f1a5b1205ef4ce9c2e0c6b","name":"Ismael Lucas S. Pereira","image":{"@type":"ImageObject","inLanguage":"pt-BR","@id":"https:\/\/secure.gravatar.com\/avatar\/887a0f3b5a7ceea963a48499fb883ffce6b5037362def025c52c2505b15d63e4?s=96&d=mm&r=g","url":"https:\/\/secure.gravatar.com\/avatar\/887a0f3b5a7ceea963a48499fb883ffce6b5037362def025c52c2505b15d63e4?s=96&d=mm&r=g","contentUrl":"https:\/\/secure.gravatar.com\/avatar\/887a0f3b5a7ceea963a48499fb883ffce6b5037362def025c52c2505b15d63e4?s=96&d=mm&r=g","caption":"Ismael Lucas S. Pereira"},"url":"https:\/\/diariodepe.com.br\/cri\/author\/ismael-lucas\/"}]}},"cc_featured_image_caption":{"caption_text":false,"source_text":false,"source_url":false},"amp_enabled":true,"_links":{"self":[{"href":"https:\/\/diariodepe.com.br\/cri\/wp-json\/wp\/v2\/posts\/5458","targetHints":{"allow":["GET"]}}],"collection":[{"href":"https:\/\/diariodepe.com.br\/cri\/wp-json\/wp\/v2\/posts"}],"about":[{"href":"https:\/\/diariodepe.com.br\/cri\/wp-json\/wp\/v2\/types\/post"}],"author":[{"embeddable":true,"href":"https:\/\/diariodepe.com.br\/cri\/wp-json\/wp\/v2\/users\/2"}],"replies":[{"embeddable":true,"href":"https:\/\/diariodepe.com.br\/cri\/wp-json\/wp\/v2\/comments?post=5458"}],"version-history":[{"count":1,"href":"https:\/\/diariodepe.com.br\/cri\/wp-json\/wp\/v2\/posts\/5458\/revisions"}],"predecessor-version":[{"id":5459,"href":"https:\/\/diariodepe.com.br\/cri\/wp-json\/wp\/v2\/posts\/5458\/revisions\/5459"}],"wp:attachment":[{"href":"https:\/\/diariodepe.com.br\/cri\/wp-json\/wp\/v2\/media?parent=5458"}],"wp:term":[{"taxonomy":"category","embeddable":true,"href":"https:\/\/diariodepe.com.br\/cri\/wp-json\/wp\/v2\/categories?post=5458"},{"taxonomy":"post_tag","embeddable":true,"href":"https:\/\/diariodepe.com.br\/cri\/wp-json\/wp\/v2\/tags?post=5458"}],"curies":[{"name":"wp","href":"https:\/\/api.w.org\/{rel}","templated":true}]}}