{"id":5454,"date":"2024-06-03T23:55:07","date_gmt":"2024-06-04T02:55:07","guid":{"rendered":"https:\/\/diariodepe.com.br\/cri\/?p=5454"},"modified":"2024-06-03T23:55:07","modified_gmt":"2024-06-04T02:55:07","slug":"especialista-brasileiro-critica-argumento-dos-eua-sobre-excesso-de-capacidade-produtiva-de-nova-energia","status":"publish","type":"post","link":"https:\/\/diariodepe.com.br\/cri\/2024\/06\/03\/especialista-brasileiro-critica-argumento-dos-eua-sobre-excesso-de-capacidade-produtiva-de-nova-energia\/","title":{"rendered":"Especialista brasileiro critica argumento dos EUA sobre excesso de capacidade produtiva de nova energia"},"content":{"rendered":"<p data-spm-anchor-id=\"0.0.0.i1\">Personalidades de v\u00e1rios pa\u00edses da Am\u00e9rica Latina criticaram nos \u00faltimos dias as medidas protecionistas tomadas pelos Estados Unidos contra a China. O especialista brasileiro em pol\u00edtica internacional Marcos Cordeiro Pires apontou que a constante propaga\u00e7\u00e3o dos EUA sobre o excesso de capacidade produtiva de ve\u00edculos de nova energia da China e a eleva\u00e7\u00e3o de impostos sobre os carros el\u00e9tricos chineses t\u00eam motiva\u00e7\u00e3o pol\u00edtica, com o objetivo de obstruir o desenvolvimento do pa\u00eds asi\u00e1tico em todas as formas.<\/p>\n<p>Pires observou que nos anos recentes, os norte-americanos consideraram seus parceiros comerciais como advers\u00e1rios e amea\u00e7as, tomando medidas protecionistas de maneira irrespons\u00e1vel, o que paralisou o mecanismo de dissolu\u00e7\u00e3o de disputas da Organiza\u00e7\u00e3o Mundial de Com\u00e9rcio (OMC) e afetou gravemente a cadeia industrial global.<\/p>\n<p>Quanto ao chamado argumento de excesso de capacidade produtiva de nova energia da China, o especialista brasileiro considera que se trata somente de desculpa do governo estadunidense para proteger os setores industriais do pa\u00eds que n\u00e3o t\u00eam competitividade internacional. Pires acredita que o governo dos EUA deve refor\u00e7ar os investimentos em constru\u00e7\u00e3o de infraestruturas, a fim de fortalecer a capacidade de pesquisa e desenvolvimento das empresas e elevar sua competitividade internacional.<\/p>\n<p>O brasileiro afirmou ainda que as ind\u00fastrias chinesas dever\u00e3o enfrentar alguns desafios no curto e m\u00e9dio prazo, devido ao impacto das medidas de protecionismo comercial dos EUA. Mas no m\u00e9dio e longo prazo, aposta Pires, press\u00f5es externas v\u00e3o injetar for\u00e7a motriz \u00e0 acelera\u00e7\u00e3o da inova\u00e7\u00e3o pelos cientistas e jovens talentos chineses.<\/p>\n","protected":false},"excerpt":{"rendered":"<p>Personalidades de v\u00e1rios pa\u00edses da Am\u00e9rica Latina criticaram nos \u00faltimos dias as medidas protecionistas tomadas pelos Estados Unidos contra a China. O especialista brasileiro em pol\u00edtica internacional Marcos Cordeiro Pires apontou que a constante propaga\u00e7\u00e3o dos EUA sobre o excesso&#8230;<\/p>\n","protected":false},"author":2,"featured_media":0,"comment_status":"open","ping_status":"open","sticky":false,"template":"","format":"standard","meta":{"footnotes":""},"categories":[8],"tags":[],"class_list":["post-5454","post","type-post","status-publish","format-standard","hentry","category-internacional"],"yoast_head":"<!-- This site is optimized with the Yoast SEO plugin v27.4 - https:\/\/yoast.com\/product\/yoast-seo-wordpress\/ -->\n<title>Especialista brasileiro critica argumento dos EUA sobre excesso de capacidade produtiva de nova energia - CRI e Diario de Pernambuco<\/title>\n<meta name=\"robots\" content=\"index, follow, max-snippet:-1, max-image-preview:large, max-video-preview:-1\" \/>\n<link rel=\"canonical\" href=\"https:\/\/diariodepe.com.br\/cri\/2024\/06\/03\/especialista-brasileiro-critica-argumento-dos-eua-sobre-excesso-de-capacidade-produtiva-de-nova-energia\/\" \/>\n<meta property=\"og:locale\" content=\"pt_BR\" \/>\n<meta property=\"og:type\" content=\"article\" \/>\n<meta property=\"og:title\" content=\"Especialista brasileiro critica argumento dos EUA sobre excesso de capacidade produtiva de nova energia - CRI e Diario de Pernambuco\" \/>\n<meta property=\"og:description\" content=\"Personalidades de v\u00e1rios pa\u00edses da Am\u00e9rica Latina criticaram nos \u00faltimos dias as medidas protecionistas tomadas pelos Estados Unidos contra a China. O especialista brasileiro em pol\u00edtica internacional Marcos Cordeiro Pires apontou que a constante propaga\u00e7\u00e3o dos EUA sobre o excesso...\" \/>\n<meta property=\"og:url\" content=\"https:\/\/diariodepe.com.br\/cri\/2024\/06\/03\/especialista-brasileiro-critica-argumento-dos-eua-sobre-excesso-de-capacidade-produtiva-de-nova-energia\/\" \/>\n<meta property=\"og:site_name\" content=\"CRI e Diario de Pernambuco\" \/>\n<meta property=\"article:published_time\" content=\"2024-06-04T02:55:07+00:00\" \/>\n<meta name=\"author\" content=\"Ismael Lucas S. Pereira\" \/>\n<meta name=\"twitter:card\" content=\"summary_large_image\" \/>\n<meta name=\"twitter:label1\" content=\"Escrito por\" \/>\n\t<meta name=\"twitter:data1\" content=\"Ismael Lucas S. Pereira\" \/>\n\t<meta name=\"twitter:label2\" content=\"Est. tempo de leitura\" \/>\n\t<meta name=\"twitter:data2\" content=\"2 minutos\" \/>\n<script type=\"application\/ld+json\" class=\"yoast-schema-graph\">{\"@context\":\"https:\\\/\\\/schema.org\",\"@graph\":[{\"@type\":\"Article\",\"@id\":\"https:\\\/\\\/diariodepe.com.br\\\/cri\\\/2024\\\/06\\\/03\\\/especialista-brasileiro-critica-argumento-dos-eua-sobre-excesso-de-capacidade-produtiva-de-nova-energia\\\/#article\",\"isPartOf\":{\"@id\":\"https:\\\/\\\/diariodepe.com.br\\\/cri\\\/2024\\\/06\\\/03\\\/especialista-brasileiro-critica-argumento-dos-eua-sobre-excesso-de-capacidade-produtiva-de-nova-energia\\\/\"},\"author\":{\"name\":\"Ismael Lucas S. Pereira\",\"@id\":\"https:\\\/\\\/diariodepe.com.br\\\/cri\\\/#\\\/schema\\\/person\\\/121bb28d84f1a5b1205ef4ce9c2e0c6b\"},\"headline\":\"Especialista brasileiro critica argumento dos EUA sobre excesso de capacidade produtiva de nova energia\",\"datePublished\":\"2024-06-04T02:55:07+00:00\",\"mainEntityOfPage\":{\"@id\":\"https:\\\/\\\/diariodepe.com.br\\\/cri\\\/2024\\\/06\\\/03\\\/especialista-brasileiro-critica-argumento-dos-eua-sobre-excesso-de-capacidade-produtiva-de-nova-energia\\\/\"},\"wordCount\":289,\"commentCount\":0,\"publisher\":{\"@id\":\"https:\\\/\\\/diariodepe.com.br\\\/cri\\\/#organization\"},\"articleSection\":[\"Internacional\"],\"inLanguage\":\"pt-BR\",\"potentialAction\":[{\"@type\":\"CommentAction\",\"name\":\"Comment\",\"target\":[\"https:\\\/\\\/diariodepe.com.br\\\/cri\\\/2024\\\/06\\\/03\\\/especialista-brasileiro-critica-argumento-dos-eua-sobre-excesso-de-capacidade-produtiva-de-nova-energia\\\/#respond\"]}]},{\"@type\":\"WebPage\",\"@id\":\"https:\\\/\\\/diariodepe.com.br\\\/cri\\\/2024\\\/06\\\/03\\\/especialista-brasileiro-critica-argumento-dos-eua-sobre-excesso-de-capacidade-produtiva-de-nova-energia\\\/\",\"url\":\"https:\\\/\\\/diariodepe.com.br\\\/cri\\\/2024\\\/06\\\/03\\\/especialista-brasileiro-critica-argumento-dos-eua-sobre-excesso-de-capacidade-produtiva-de-nova-energia\\\/\",\"name\":\"Especialista brasileiro critica argumento dos EUA sobre excesso de capacidade produtiva de nova energia - CRI e Diario de Pernambuco\",\"isPartOf\":{\"@id\":\"https:\\\/\\\/diariodepe.com.br\\\/cri\\\/#website\"},\"datePublished\":\"2024-06-04T02:55:07+00:00\",\"breadcrumb\":{\"@id\":\"https:\\\/\\\/diariodepe.com.br\\\/cri\\\/2024\\\/06\\\/03\\\/especialista-brasileiro-critica-argumento-dos-eua-sobre-excesso-de-capacidade-produtiva-de-nova-energia\\\/#breadcrumb\"},\"inLanguage\":\"pt-BR\",\"potentialAction\":[{\"@type\":\"ReadAction\",\"target\":[\"https:\\\/\\\/diariodepe.com.br\\\/cri\\\/2024\\\/06\\\/03\\\/especialista-brasileiro-critica-argumento-dos-eua-sobre-excesso-de-capacidade-produtiva-de-nova-energia\\\/\"]}]},{\"@type\":\"BreadcrumbList\",\"@id\":\"https:\\\/\\\/diariodepe.com.br\\\/cri\\\/2024\\\/06\\\/03\\\/especialista-brasileiro-critica-argumento-dos-eua-sobre-excesso-de-capacidade-produtiva-de-nova-energia\\\/#breadcrumb\",\"itemListElement\":[{\"@type\":\"ListItem\",\"position\":1,\"name\":\"In\u00edcio\",\"item\":\"https:\\\/\\\/diariodepe.com.br\\\/cri\\\/\"},{\"@type\":\"ListItem\",\"position\":2,\"name\":\"Especialista brasileiro critica argumento dos EUA sobre excesso de capacidade produtiva de nova energia\"}]},{\"@type\":\"WebSite\",\"@id\":\"https:\\\/\\\/diariodepe.com.br\\\/cri\\\/#website\",\"url\":\"https:\\\/\\\/diariodepe.com.br\\\/cri\\\/\",\"name\":\"CRI e Diario de Pernambuco\",\"description\":\"R\u00e1dio Internacional da China\",\"publisher\":{\"@id\":\"https:\\\/\\\/diariodepe.com.br\\\/cri\\\/#organization\"},\"potentialAction\":[{\"@type\":\"SearchAction\",\"target\":{\"@type\":\"EntryPoint\",\"urlTemplate\":\"https:\\\/\\\/diariodepe.com.br\\\/cri\\\/?s={search_term_string}\"},\"query-input\":{\"@type\":\"PropertyValueSpecification\",\"valueRequired\":true,\"valueName\":\"search_term_string\"}}],\"inLanguage\":\"pt-BR\"},{\"@type\":\"Organization\",\"@id\":\"https:\\\/\\\/diariodepe.com.br\\\/cri\\\/#organization\",\"name\":\"CRI e Diario de Pernambuco\",\"url\":\"https:\\\/\\\/diariodepe.com.br\\\/cri\\\/\",\"logo\":{\"@type\":\"ImageObject\",\"inLanguage\":\"pt-BR\",\"@id\":\"https:\\\/\\\/diariodepe.com.br\\\/cri\\\/#\\\/schema\\\/logo\\\/image\\\/\",\"url\":\"https:\\\/\\\/diariodepe.com.br\\\/cri\\\/wp-content\\\/uploads\\\/sites\\\/2\\\/2022\\\/12\\\/cropped-Logo.jpg\",\"contentUrl\":\"https:\\\/\\\/diariodepe.com.br\\\/cri\\\/wp-content\\\/uploads\\\/sites\\\/2\\\/2022\\\/12\\\/cropped-Logo.jpg\",\"width\":700,\"height\":59,\"caption\":\"CRI e Diario de Pernambuco\"},\"image\":{\"@id\":\"https:\\\/\\\/diariodepe.com.br\\\/cri\\\/#\\\/schema\\\/logo\\\/image\\\/\"}},{\"@type\":\"Person\",\"@id\":\"https:\\\/\\\/diariodepe.com.br\\\/cri\\\/#\\\/schema\\\/person\\\/121bb28d84f1a5b1205ef4ce9c2e0c6b\",\"name\":\"Ismael Lucas S. Pereira\",\"image\":{\"@type\":\"ImageObject\",\"inLanguage\":\"pt-BR\",\"@id\":\"https:\\\/\\\/secure.gravatar.com\\\/avatar\\\/887a0f3b5a7ceea963a48499fb883ffce6b5037362def025c52c2505b15d63e4?s=96&d=mm&r=g\",\"url\":\"https:\\\/\\\/secure.gravatar.com\\\/avatar\\\/887a0f3b5a7ceea963a48499fb883ffce6b5037362def025c52c2505b15d63e4?s=96&d=mm&r=g\",\"contentUrl\":\"https:\\\/\\\/secure.gravatar.com\\\/avatar\\\/887a0f3b5a7ceea963a48499fb883ffce6b5037362def025c52c2505b15d63e4?s=96&d=mm&r=g\",\"caption\":\"Ismael Lucas S. Pereira\"},\"url\":\"https:\\\/\\\/diariodepe.com.br\\\/cri\\\/author\\\/ismael-lucas\\\/\"}]}<\/script>\n<!-- \/ Yoast SEO plugin. -->","yoast_head_json":{"title":"Especialista brasileiro critica argumento dos EUA sobre excesso de capacidade produtiva de nova energia - CRI e Diario de Pernambuco","robots":{"index":"index","follow":"follow","max-snippet":"max-snippet:-1","max-image-preview":"max-image-preview:large","max-video-preview":"max-video-preview:-1"},"canonical":"https:\/\/diariodepe.com.br\/cri\/2024\/06\/03\/especialista-brasileiro-critica-argumento-dos-eua-sobre-excesso-de-capacidade-produtiva-de-nova-energia\/","og_locale":"pt_BR","og_type":"article","og_title":"Especialista brasileiro critica argumento dos EUA sobre excesso de capacidade produtiva de nova energia - CRI e Diario de Pernambuco","og_description":"Personalidades de v\u00e1rios pa\u00edses da Am\u00e9rica Latina criticaram nos \u00faltimos dias as medidas protecionistas tomadas pelos Estados Unidos contra a China. O especialista brasileiro em pol\u00edtica internacional Marcos Cordeiro Pires apontou que a constante propaga\u00e7\u00e3o dos EUA sobre o excesso...","og_url":"https:\/\/diariodepe.com.br\/cri\/2024\/06\/03\/especialista-brasileiro-critica-argumento-dos-eua-sobre-excesso-de-capacidade-produtiva-de-nova-energia\/","og_site_name":"CRI e Diario de Pernambuco","article_published_time":"2024-06-04T02:55:07+00:00","author":"Ismael Lucas S. Pereira","twitter_card":"summary_large_image","twitter_misc":{"Escrito por":"Ismael Lucas S. Pereira","Est. tempo de leitura":"2 minutos"},"schema":{"@context":"https:\/\/schema.org","@graph":[{"@type":"Article","@id":"https:\/\/diariodepe.com.br\/cri\/2024\/06\/03\/especialista-brasileiro-critica-argumento-dos-eua-sobre-excesso-de-capacidade-produtiva-de-nova-energia\/#article","isPartOf":{"@id":"https:\/\/diariodepe.com.br\/cri\/2024\/06\/03\/especialista-brasileiro-critica-argumento-dos-eua-sobre-excesso-de-capacidade-produtiva-de-nova-energia\/"},"author":{"name":"Ismael Lucas S. Pereira","@id":"https:\/\/diariodepe.com.br\/cri\/#\/schema\/person\/121bb28d84f1a5b1205ef4ce9c2e0c6b"},"headline":"Especialista brasileiro critica argumento dos EUA sobre excesso de capacidade produtiva de nova energia","datePublished":"2024-06-04T02:55:07+00:00","mainEntityOfPage":{"@id":"https:\/\/diariodepe.com.br\/cri\/2024\/06\/03\/especialista-brasileiro-critica-argumento-dos-eua-sobre-excesso-de-capacidade-produtiva-de-nova-energia\/"},"wordCount":289,"commentCount":0,"publisher":{"@id":"https:\/\/diariodepe.com.br\/cri\/#organization"},"articleSection":["Internacional"],"inLanguage":"pt-BR","potentialAction":[{"@type":"CommentAction","name":"Comment","target":["https:\/\/diariodepe.com.br\/cri\/2024\/06\/03\/especialista-brasileiro-critica-argumento-dos-eua-sobre-excesso-de-capacidade-produtiva-de-nova-energia\/#respond"]}]},{"@type":"WebPage","@id":"https:\/\/diariodepe.com.br\/cri\/2024\/06\/03\/especialista-brasileiro-critica-argumento-dos-eua-sobre-excesso-de-capacidade-produtiva-de-nova-energia\/","url":"https:\/\/diariodepe.com.br\/cri\/2024\/06\/03\/especialista-brasileiro-critica-argumento-dos-eua-sobre-excesso-de-capacidade-produtiva-de-nova-energia\/","name":"Especialista brasileiro critica argumento dos EUA sobre excesso de capacidade produtiva de nova energia - CRI e Diario de Pernambuco","isPartOf":{"@id":"https:\/\/diariodepe.com.br\/cri\/#website"},"datePublished":"2024-06-04T02:55:07+00:00","breadcrumb":{"@id":"https:\/\/diariodepe.com.br\/cri\/2024\/06\/03\/especialista-brasileiro-critica-argumento-dos-eua-sobre-excesso-de-capacidade-produtiva-de-nova-energia\/#breadcrumb"},"inLanguage":"pt-BR","potentialAction":[{"@type":"ReadAction","target":["https:\/\/diariodepe.com.br\/cri\/2024\/06\/03\/especialista-brasileiro-critica-argumento-dos-eua-sobre-excesso-de-capacidade-produtiva-de-nova-energia\/"]}]},{"@type":"BreadcrumbList","@id":"https:\/\/diariodepe.com.br\/cri\/2024\/06\/03\/especialista-brasileiro-critica-argumento-dos-eua-sobre-excesso-de-capacidade-produtiva-de-nova-energia\/#breadcrumb","itemListElement":[{"@type":"ListItem","position":1,"name":"In\u00edcio","item":"https:\/\/diariodepe.com.br\/cri\/"},{"@type":"ListItem","position":2,"name":"Especialista brasileiro critica argumento dos EUA sobre excesso de capacidade produtiva de nova energia"}]},{"@type":"WebSite","@id":"https:\/\/diariodepe.com.br\/cri\/#website","url":"https:\/\/diariodepe.com.br\/cri\/","name":"CRI e Diario de Pernambuco","description":"R\u00e1dio Internacional da China","publisher":{"@id":"https:\/\/diariodepe.com.br\/cri\/#organization"},"potentialAction":[{"@type":"SearchAction","target":{"@type":"EntryPoint","urlTemplate":"https:\/\/diariodepe.com.br\/cri\/?s={search_term_string}"},"query-input":{"@type":"PropertyValueSpecification","valueRequired":true,"valueName":"search_term_string"}}],"inLanguage":"pt-BR"},{"@type":"Organization","@id":"https:\/\/diariodepe.com.br\/cri\/#organization","name":"CRI e Diario de Pernambuco","url":"https:\/\/diariodepe.com.br\/cri\/","logo":{"@type":"ImageObject","inLanguage":"pt-BR","@id":"https:\/\/diariodepe.com.br\/cri\/#\/schema\/logo\/image\/","url":"https:\/\/diariodepe.com.br\/cri\/wp-content\/uploads\/sites\/2\/2022\/12\/cropped-Logo.jpg","contentUrl":"https:\/\/diariodepe.com.br\/cri\/wp-content\/uploads\/sites\/2\/2022\/12\/cropped-Logo.jpg","width":700,"height":59,"caption":"CRI e Diario de Pernambuco"},"image":{"@id":"https:\/\/diariodepe.com.br\/cri\/#\/schema\/logo\/image\/"}},{"@type":"Person","@id":"https:\/\/diariodepe.com.br\/cri\/#\/schema\/person\/121bb28d84f1a5b1205ef4ce9c2e0c6b","name":"Ismael Lucas S. Pereira","image":{"@type":"ImageObject","inLanguage":"pt-BR","@id":"https:\/\/secure.gravatar.com\/avatar\/887a0f3b5a7ceea963a48499fb883ffce6b5037362def025c52c2505b15d63e4?s=96&d=mm&r=g","url":"https:\/\/secure.gravatar.com\/avatar\/887a0f3b5a7ceea963a48499fb883ffce6b5037362def025c52c2505b15d63e4?s=96&d=mm&r=g","contentUrl":"https:\/\/secure.gravatar.com\/avatar\/887a0f3b5a7ceea963a48499fb883ffce6b5037362def025c52c2505b15d63e4?s=96&d=mm&r=g","caption":"Ismael Lucas S. Pereira"},"url":"https:\/\/diariodepe.com.br\/cri\/author\/ismael-lucas\/"}]}},"cc_featured_image_caption":{"caption_text":false,"source_text":false,"source_url":false},"amp_enabled":true,"_links":{"self":[{"href":"https:\/\/diariodepe.com.br\/cri\/wp-json\/wp\/v2\/posts\/5454","targetHints":{"allow":["GET"]}}],"collection":[{"href":"https:\/\/diariodepe.com.br\/cri\/wp-json\/wp\/v2\/posts"}],"about":[{"href":"https:\/\/diariodepe.com.br\/cri\/wp-json\/wp\/v2\/types\/post"}],"author":[{"embeddable":true,"href":"https:\/\/diariodepe.com.br\/cri\/wp-json\/wp\/v2\/users\/2"}],"replies":[{"embeddable":true,"href":"https:\/\/diariodepe.com.br\/cri\/wp-json\/wp\/v2\/comments?post=5454"}],"version-history":[{"count":1,"href":"https:\/\/diariodepe.com.br\/cri\/wp-json\/wp\/v2\/posts\/5454\/revisions"}],"predecessor-version":[{"id":5455,"href":"https:\/\/diariodepe.com.br\/cri\/wp-json\/wp\/v2\/posts\/5454\/revisions\/5455"}],"wp:attachment":[{"href":"https:\/\/diariodepe.com.br\/cri\/wp-json\/wp\/v2\/media?parent=5454"}],"wp:term":[{"taxonomy":"category","embeddable":true,"href":"https:\/\/diariodepe.com.br\/cri\/wp-json\/wp\/v2\/categories?post=5454"},{"taxonomy":"post_tag","embeddable":true,"href":"https:\/\/diariodepe.com.br\/cri\/wp-json\/wp\/v2\/tags?post=5454"}],"curies":[{"name":"wp","href":"https:\/\/api.w.org\/{rel}","templated":true}]}}