{"id":5448,"date":"2024-06-03T03:37:13","date_gmt":"2024-06-03T06:37:13","guid":{"rendered":"https:\/\/diariodepe.com.br\/cri\/?p=5448"},"modified":"2024-06-03T03:37:13","modified_gmt":"2024-06-03T06:37:13","slug":"primeiro-ministro-do-governo-de-unidade-nacional-da-libia-concede-entrevista-exclusiva-ao-cmg","status":"publish","type":"post","link":"https:\/\/diariodepe.com.br\/cri\/2024\/06\/03\/primeiro-ministro-do-governo-de-unidade-nacional-da-libia-concede-entrevista-exclusiva-ao-cmg\/","title":{"rendered":"Primeiro-ministro do Governo de Unidade Nacional da L\u00edbia concede entrevista exclusiva ao CMG"},"content":{"rendered":"<p class=\"photo_img_20190808\"><img decoding=\"async\" src=\"https:\/\/p1crires.cri.cn\/photoworkspace\/cri\/contentimg\/2024\/06\/01\/2024060119190942745.jpeg\" alt=\"\" width=\"1000\" data-spm-anchor-id=\"0.0.0.i1\" \/><\/p>\n<p>O\u00a0primeiro-ministro e ministro das Rela\u00e7\u00f5es Exteriores do Governo de Unidade Nacional da L\u00edbia, Abdul-Hamid Dbeibah,\u00a0concedeu recentemente uma entrevista exclusiva ao Grupo de M\u00eddia da China (CMG, na sigla em ingl\u00eas).<\/p>\n<p>Na entrevista, Dbeibah\u00a0afirmou que esta visita \u00e0 China foi realizada sob condi\u00e7\u00f5es hist\u00f3ricas especiais e \u00e9 de extrema import\u00e2ncia para a L\u00edbia e para o povo l\u00edbio a partir dos pontos de vista pol\u00edtico, econ\u00f4mico e estrat\u00e9gico.<\/p>\n<p>O presidente chin\u00eas, Xi Jinping, proferiu um discurso na cerim\u00f4nia de abertura da 10\u00aa reuni\u00e3o ministerial do F\u00f3rum de Coopera\u00e7\u00e3o China-Estados \u00c1rabes, afirmando que a China est\u00e1 disposta a trabalhar com o lado \u00e1rabe para colocar em pr\u00e1tica os &#8220;cinco quadros de coopera\u00e7\u00e3o&#8221; para acelerar a constru\u00e7\u00e3o de uma comunidade China-Estados \u00c1rabes com um futuro compartilhado.<\/p>\n<p>Em rela\u00e7\u00e3o a isso, Dbeibah\u00a0disse que os &#8220;cinco quadros de coopera\u00e7\u00e3o&#8221; s\u00e3o favor\u00e1veis \u00e0 estabilidade mundial, especialmente no Oriente M\u00e9dio e no Norte da \u00c1frica, e s\u00e3o prop\u00edcios ao desenvolvimento econ\u00f4mico, cient\u00edfico e tecnol\u00f3gico dos pa\u00edses da regi\u00e3o, al\u00e9m de ajudar os pa\u00edses a trabalhar em conjunto com a China para criar um futuro pr\u00f3spero.<\/p>\n<p data-spm-anchor-id=\"0.0.0.i3\">Dbeibah\u00a0afirmou que tanto na regi\u00e3o \u00e1rabe quanto no mundo, a influ\u00eancia da China est\u00e1 em constante expans\u00e3o. O importante papel que a China desempenha na promo\u00e7\u00e3o do desenvolvimento tecnol\u00f3gico e econ\u00f4mico dos pa\u00edses \u00e1rabes n\u00e3o deve ser ignorado. \u201cOs pa\u00edses \u00e1rabes querem usar a sabedoria para alcan\u00e7ar a estabilidade regional\u201d, acrescentou ele.<\/p>\n","protected":false},"excerpt":{"rendered":"<p>O\u00a0primeiro-ministro e ministro das Rela\u00e7\u00f5es Exteriores do Governo de Unidade Nacional da L\u00edbia, Abdul-Hamid Dbeibah,\u00a0concedeu recentemente uma entrevista exclusiva ao Grupo de M\u00eddia da China (CMG, na sigla em ingl\u00eas). Na entrevista, Dbeibah\u00a0afirmou que esta visita \u00e0 China foi realizada&#8230;<\/p>\n","protected":false},"author":2,"featured_media":0,"comment_status":"open","ping_status":"open","sticky":false,"template":"","format":"standard","meta":{"footnotes":""},"categories":[3],"tags":[],"class_list":["post-5448","post","type-post","status-publish","format-standard","hentry","category-china"],"yoast_head":"<!-- This site is optimized with the Yoast SEO plugin v27.4 - https:\/\/yoast.com\/product\/yoast-seo-wordpress\/ -->\n<title>Primeiro-ministro do Governo de Unidade Nacional da L\u00edbia concede entrevista exclusiva ao CMG - CRI e Diario de Pernambuco<\/title>\n<meta name=\"robots\" content=\"index, follow, max-snippet:-1, max-image-preview:large, max-video-preview:-1\" \/>\n<link rel=\"canonical\" href=\"https:\/\/diariodepe.com.br\/cri\/2024\/06\/03\/primeiro-ministro-do-governo-de-unidade-nacional-da-libia-concede-entrevista-exclusiva-ao-cmg\/\" \/>\n<meta property=\"og:locale\" content=\"pt_BR\" \/>\n<meta property=\"og:type\" content=\"article\" \/>\n<meta property=\"og:title\" content=\"Primeiro-ministro do Governo de Unidade Nacional da L\u00edbia concede entrevista exclusiva ao CMG - CRI e Diario de Pernambuco\" \/>\n<meta property=\"og:description\" content=\"O\u00a0primeiro-ministro e ministro das Rela\u00e7\u00f5es Exteriores do Governo de Unidade Nacional da L\u00edbia, Abdul-Hamid Dbeibah,\u00a0concedeu recentemente uma entrevista exclusiva ao Grupo de M\u00eddia da China (CMG, na sigla em ingl\u00eas). Na entrevista, Dbeibah\u00a0afirmou que esta visita \u00e0 China foi realizada...\" \/>\n<meta property=\"og:url\" content=\"https:\/\/diariodepe.com.br\/cri\/2024\/06\/03\/primeiro-ministro-do-governo-de-unidade-nacional-da-libia-concede-entrevista-exclusiva-ao-cmg\/\" \/>\n<meta property=\"og:site_name\" content=\"CRI e Diario de Pernambuco\" \/>\n<meta property=\"article:published_time\" content=\"2024-06-03T06:37:13+00:00\" \/>\n<meta property=\"og:image\" content=\"https:\/\/p1crires.cri.cn\/photoworkspace\/cri\/contentimg\/2024\/06\/01\/2024060119190942745.jpeg\" \/>\n<meta name=\"author\" content=\"Ismael Lucas S. Pereira\" \/>\n<meta name=\"twitter:card\" content=\"summary_large_image\" \/>\n<meta name=\"twitter:label1\" content=\"Escrito por\" \/>\n\t<meta name=\"twitter:data1\" content=\"Ismael Lucas S. Pereira\" \/>\n<script type=\"application\/ld+json\" class=\"yoast-schema-graph\">{\"@context\":\"https:\\\/\\\/schema.org\",\"@graph\":[{\"@type\":\"Article\",\"@id\":\"https:\\\/\\\/diariodepe.com.br\\\/cri\\\/2024\\\/06\\\/03\\\/primeiro-ministro-do-governo-de-unidade-nacional-da-libia-concede-entrevista-exclusiva-ao-cmg\\\/#article\",\"isPartOf\":{\"@id\":\"https:\\\/\\\/diariodepe.com.br\\\/cri\\\/2024\\\/06\\\/03\\\/primeiro-ministro-do-governo-de-unidade-nacional-da-libia-concede-entrevista-exclusiva-ao-cmg\\\/\"},\"author\":{\"name\":\"Ismael Lucas S. Pereira\",\"@id\":\"https:\\\/\\\/diariodepe.com.br\\\/cri\\\/#\\\/schema\\\/person\\\/121bb28d84f1a5b1205ef4ce9c2e0c6b\"},\"headline\":\"Primeiro-ministro do Governo de Unidade Nacional da L\u00edbia concede entrevista exclusiva ao CMG\",\"datePublished\":\"2024-06-03T06:37:13+00:00\",\"mainEntityOfPage\":{\"@id\":\"https:\\\/\\\/diariodepe.com.br\\\/cri\\\/2024\\\/06\\\/03\\\/primeiro-ministro-do-governo-de-unidade-nacional-da-libia-concede-entrevista-exclusiva-ao-cmg\\\/\"},\"wordCount\":290,\"commentCount\":0,\"publisher\":{\"@id\":\"https:\\\/\\\/diariodepe.com.br\\\/cri\\\/#organization\"},\"image\":{\"@id\":\"https:\\\/\\\/diariodepe.com.br\\\/cri\\\/2024\\\/06\\\/03\\\/primeiro-ministro-do-governo-de-unidade-nacional-da-libia-concede-entrevista-exclusiva-ao-cmg\\\/#primaryimage\"},\"thumbnailUrl\":\"https:\\\/\\\/p1crires.cri.cn\\\/photoworkspace\\\/cri\\\/contentimg\\\/2024\\\/06\\\/01\\\/2024060119190942745.jpeg\",\"articleSection\":[\"China\"],\"inLanguage\":\"pt-BR\",\"potentialAction\":[{\"@type\":\"CommentAction\",\"name\":\"Comment\",\"target\":[\"https:\\\/\\\/diariodepe.com.br\\\/cri\\\/2024\\\/06\\\/03\\\/primeiro-ministro-do-governo-de-unidade-nacional-da-libia-concede-entrevista-exclusiva-ao-cmg\\\/#respond\"]}]},{\"@type\":\"WebPage\",\"@id\":\"https:\\\/\\\/diariodepe.com.br\\\/cri\\\/2024\\\/06\\\/03\\\/primeiro-ministro-do-governo-de-unidade-nacional-da-libia-concede-entrevista-exclusiva-ao-cmg\\\/\",\"url\":\"https:\\\/\\\/diariodepe.com.br\\\/cri\\\/2024\\\/06\\\/03\\\/primeiro-ministro-do-governo-de-unidade-nacional-da-libia-concede-entrevista-exclusiva-ao-cmg\\\/\",\"name\":\"Primeiro-ministro do Governo de Unidade Nacional da L\u00edbia concede entrevista exclusiva ao CMG - CRI e Diario de Pernambuco\",\"isPartOf\":{\"@id\":\"https:\\\/\\\/diariodepe.com.br\\\/cri\\\/#website\"},\"primaryImageOfPage\":{\"@id\":\"https:\\\/\\\/diariodepe.com.br\\\/cri\\\/2024\\\/06\\\/03\\\/primeiro-ministro-do-governo-de-unidade-nacional-da-libia-concede-entrevista-exclusiva-ao-cmg\\\/#primaryimage\"},\"image\":{\"@id\":\"https:\\\/\\\/diariodepe.com.br\\\/cri\\\/2024\\\/06\\\/03\\\/primeiro-ministro-do-governo-de-unidade-nacional-da-libia-concede-entrevista-exclusiva-ao-cmg\\\/#primaryimage\"},\"thumbnailUrl\":\"https:\\\/\\\/p1crires.cri.cn\\\/photoworkspace\\\/cri\\\/contentimg\\\/2024\\\/06\\\/01\\\/2024060119190942745.jpeg\",\"datePublished\":\"2024-06-03T06:37:13+00:00\",\"breadcrumb\":{\"@id\":\"https:\\\/\\\/diariodepe.com.br\\\/cri\\\/2024\\\/06\\\/03\\\/primeiro-ministro-do-governo-de-unidade-nacional-da-libia-concede-entrevista-exclusiva-ao-cmg\\\/#breadcrumb\"},\"inLanguage\":\"pt-BR\",\"potentialAction\":[{\"@type\":\"ReadAction\",\"target\":[\"https:\\\/\\\/diariodepe.com.br\\\/cri\\\/2024\\\/06\\\/03\\\/primeiro-ministro-do-governo-de-unidade-nacional-da-libia-concede-entrevista-exclusiva-ao-cmg\\\/\"]}]},{\"@type\":\"ImageObject\",\"inLanguage\":\"pt-BR\",\"@id\":\"https:\\\/\\\/diariodepe.com.br\\\/cri\\\/2024\\\/06\\\/03\\\/primeiro-ministro-do-governo-de-unidade-nacional-da-libia-concede-entrevista-exclusiva-ao-cmg\\\/#primaryimage\",\"url\":\"https:\\\/\\\/p1crires.cri.cn\\\/photoworkspace\\\/cri\\\/contentimg\\\/2024\\\/06\\\/01\\\/2024060119190942745.jpeg\",\"contentUrl\":\"https:\\\/\\\/p1crires.cri.cn\\\/photoworkspace\\\/cri\\\/contentimg\\\/2024\\\/06\\\/01\\\/2024060119190942745.jpeg\"},{\"@type\":\"BreadcrumbList\",\"@id\":\"https:\\\/\\\/diariodepe.com.br\\\/cri\\\/2024\\\/06\\\/03\\\/primeiro-ministro-do-governo-de-unidade-nacional-da-libia-concede-entrevista-exclusiva-ao-cmg\\\/#breadcrumb\",\"itemListElement\":[{\"@type\":\"ListItem\",\"position\":1,\"name\":\"In\u00edcio\",\"item\":\"https:\\\/\\\/diariodepe.com.br\\\/cri\\\/\"},{\"@type\":\"ListItem\",\"position\":2,\"name\":\"Primeiro-ministro do Governo de Unidade Nacional da L\u00edbia concede entrevista exclusiva ao CMG\"}]},{\"@type\":\"WebSite\",\"@id\":\"https:\\\/\\\/diariodepe.com.br\\\/cri\\\/#website\",\"url\":\"https:\\\/\\\/diariodepe.com.br\\\/cri\\\/\",\"name\":\"CRI e Diario de Pernambuco\",\"description\":\"R\u00e1dio Internacional da China\",\"publisher\":{\"@id\":\"https:\\\/\\\/diariodepe.com.br\\\/cri\\\/#organization\"},\"potentialAction\":[{\"@type\":\"SearchAction\",\"target\":{\"@type\":\"EntryPoint\",\"urlTemplate\":\"https:\\\/\\\/diariodepe.com.br\\\/cri\\\/?s={search_term_string}\"},\"query-input\":{\"@type\":\"PropertyValueSpecification\",\"valueRequired\":true,\"valueName\":\"search_term_string\"}}],\"inLanguage\":\"pt-BR\"},{\"@type\":\"Organization\",\"@id\":\"https:\\\/\\\/diariodepe.com.br\\\/cri\\\/#organization\",\"name\":\"CRI e Diario de Pernambuco\",\"url\":\"https:\\\/\\\/diariodepe.com.br\\\/cri\\\/\",\"logo\":{\"@type\":\"ImageObject\",\"inLanguage\":\"pt-BR\",\"@id\":\"https:\\\/\\\/diariodepe.com.br\\\/cri\\\/#\\\/schema\\\/logo\\\/image\\\/\",\"url\":\"https:\\\/\\\/diariodepe.com.br\\\/cri\\\/wp-content\\\/uploads\\\/sites\\\/2\\\/2022\\\/12\\\/cropped-Logo.jpg\",\"contentUrl\":\"https:\\\/\\\/diariodepe.com.br\\\/cri\\\/wp-content\\\/uploads\\\/sites\\\/2\\\/2022\\\/12\\\/cropped-Logo.jpg\",\"width\":700,\"height\":59,\"caption\":\"CRI e Diario de Pernambuco\"},\"image\":{\"@id\":\"https:\\\/\\\/diariodepe.com.br\\\/cri\\\/#\\\/schema\\\/logo\\\/image\\\/\"}},{\"@type\":\"Person\",\"@id\":\"https:\\\/\\\/diariodepe.com.br\\\/cri\\\/#\\\/schema\\\/person\\\/121bb28d84f1a5b1205ef4ce9c2e0c6b\",\"name\":\"Ismael Lucas S. Pereira\",\"image\":{\"@type\":\"ImageObject\",\"inLanguage\":\"pt-BR\",\"@id\":\"https:\\\/\\\/secure.gravatar.com\\\/avatar\\\/887a0f3b5a7ceea963a48499fb883ffce6b5037362def025c52c2505b15d63e4?s=96&d=mm&r=g\",\"url\":\"https:\\\/\\\/secure.gravatar.com\\\/avatar\\\/887a0f3b5a7ceea963a48499fb883ffce6b5037362def025c52c2505b15d63e4?s=96&d=mm&r=g\",\"contentUrl\":\"https:\\\/\\\/secure.gravatar.com\\\/avatar\\\/887a0f3b5a7ceea963a48499fb883ffce6b5037362def025c52c2505b15d63e4?s=96&d=mm&r=g\",\"caption\":\"Ismael Lucas S. Pereira\"},\"url\":\"https:\\\/\\\/diariodepe.com.br\\\/cri\\\/author\\\/ismael-lucas\\\/\"}]}<\/script>\n<!-- \/ Yoast SEO plugin. -->","yoast_head_json":{"title":"Primeiro-ministro do Governo de Unidade Nacional da L\u00edbia concede entrevista exclusiva ao CMG - CRI e Diario de Pernambuco","robots":{"index":"index","follow":"follow","max-snippet":"max-snippet:-1","max-image-preview":"max-image-preview:large","max-video-preview":"max-video-preview:-1"},"canonical":"https:\/\/diariodepe.com.br\/cri\/2024\/06\/03\/primeiro-ministro-do-governo-de-unidade-nacional-da-libia-concede-entrevista-exclusiva-ao-cmg\/","og_locale":"pt_BR","og_type":"article","og_title":"Primeiro-ministro do Governo de Unidade Nacional da L\u00edbia concede entrevista exclusiva ao CMG - CRI e Diario de Pernambuco","og_description":"O\u00a0primeiro-ministro e ministro das Rela\u00e7\u00f5es Exteriores do Governo de Unidade Nacional da L\u00edbia, Abdul-Hamid Dbeibah,\u00a0concedeu recentemente uma entrevista exclusiva ao Grupo de M\u00eddia da China (CMG, na sigla em ingl\u00eas). Na entrevista, Dbeibah\u00a0afirmou que esta visita \u00e0 China foi realizada...","og_url":"https:\/\/diariodepe.com.br\/cri\/2024\/06\/03\/primeiro-ministro-do-governo-de-unidade-nacional-da-libia-concede-entrevista-exclusiva-ao-cmg\/","og_site_name":"CRI e Diario de Pernambuco","article_published_time":"2024-06-03T06:37:13+00:00","og_image":[{"url":"https:\/\/p1crires.cri.cn\/photoworkspace\/cri\/contentimg\/2024\/06\/01\/2024060119190942745.jpeg","type":"","width":"","height":""}],"author":"Ismael Lucas S. Pereira","twitter_card":"summary_large_image","twitter_misc":{"Escrito por":"Ismael Lucas S. Pereira"},"schema":{"@context":"https:\/\/schema.org","@graph":[{"@type":"Article","@id":"https:\/\/diariodepe.com.br\/cri\/2024\/06\/03\/primeiro-ministro-do-governo-de-unidade-nacional-da-libia-concede-entrevista-exclusiva-ao-cmg\/#article","isPartOf":{"@id":"https:\/\/diariodepe.com.br\/cri\/2024\/06\/03\/primeiro-ministro-do-governo-de-unidade-nacional-da-libia-concede-entrevista-exclusiva-ao-cmg\/"},"author":{"name":"Ismael Lucas S. Pereira","@id":"https:\/\/diariodepe.com.br\/cri\/#\/schema\/person\/121bb28d84f1a5b1205ef4ce9c2e0c6b"},"headline":"Primeiro-ministro do Governo de Unidade Nacional da L\u00edbia concede entrevista exclusiva ao CMG","datePublished":"2024-06-03T06:37:13+00:00","mainEntityOfPage":{"@id":"https:\/\/diariodepe.com.br\/cri\/2024\/06\/03\/primeiro-ministro-do-governo-de-unidade-nacional-da-libia-concede-entrevista-exclusiva-ao-cmg\/"},"wordCount":290,"commentCount":0,"publisher":{"@id":"https:\/\/diariodepe.com.br\/cri\/#organization"},"image":{"@id":"https:\/\/diariodepe.com.br\/cri\/2024\/06\/03\/primeiro-ministro-do-governo-de-unidade-nacional-da-libia-concede-entrevista-exclusiva-ao-cmg\/#primaryimage"},"thumbnailUrl":"https:\/\/p1crires.cri.cn\/photoworkspace\/cri\/contentimg\/2024\/06\/01\/2024060119190942745.jpeg","articleSection":["China"],"inLanguage":"pt-BR","potentialAction":[{"@type":"CommentAction","name":"Comment","target":["https:\/\/diariodepe.com.br\/cri\/2024\/06\/03\/primeiro-ministro-do-governo-de-unidade-nacional-da-libia-concede-entrevista-exclusiva-ao-cmg\/#respond"]}]},{"@type":"WebPage","@id":"https:\/\/diariodepe.com.br\/cri\/2024\/06\/03\/primeiro-ministro-do-governo-de-unidade-nacional-da-libia-concede-entrevista-exclusiva-ao-cmg\/","url":"https:\/\/diariodepe.com.br\/cri\/2024\/06\/03\/primeiro-ministro-do-governo-de-unidade-nacional-da-libia-concede-entrevista-exclusiva-ao-cmg\/","name":"Primeiro-ministro do Governo de Unidade Nacional da L\u00edbia concede entrevista exclusiva ao CMG - CRI e Diario de Pernambuco","isPartOf":{"@id":"https:\/\/diariodepe.com.br\/cri\/#website"},"primaryImageOfPage":{"@id":"https:\/\/diariodepe.com.br\/cri\/2024\/06\/03\/primeiro-ministro-do-governo-de-unidade-nacional-da-libia-concede-entrevista-exclusiva-ao-cmg\/#primaryimage"},"image":{"@id":"https:\/\/diariodepe.com.br\/cri\/2024\/06\/03\/primeiro-ministro-do-governo-de-unidade-nacional-da-libia-concede-entrevista-exclusiva-ao-cmg\/#primaryimage"},"thumbnailUrl":"https:\/\/p1crires.cri.cn\/photoworkspace\/cri\/contentimg\/2024\/06\/01\/2024060119190942745.jpeg","datePublished":"2024-06-03T06:37:13+00:00","breadcrumb":{"@id":"https:\/\/diariodepe.com.br\/cri\/2024\/06\/03\/primeiro-ministro-do-governo-de-unidade-nacional-da-libia-concede-entrevista-exclusiva-ao-cmg\/#breadcrumb"},"inLanguage":"pt-BR","potentialAction":[{"@type":"ReadAction","target":["https:\/\/diariodepe.com.br\/cri\/2024\/06\/03\/primeiro-ministro-do-governo-de-unidade-nacional-da-libia-concede-entrevista-exclusiva-ao-cmg\/"]}]},{"@type":"ImageObject","inLanguage":"pt-BR","@id":"https:\/\/diariodepe.com.br\/cri\/2024\/06\/03\/primeiro-ministro-do-governo-de-unidade-nacional-da-libia-concede-entrevista-exclusiva-ao-cmg\/#primaryimage","url":"https:\/\/p1crires.cri.cn\/photoworkspace\/cri\/contentimg\/2024\/06\/01\/2024060119190942745.jpeg","contentUrl":"https:\/\/p1crires.cri.cn\/photoworkspace\/cri\/contentimg\/2024\/06\/01\/2024060119190942745.jpeg"},{"@type":"BreadcrumbList","@id":"https:\/\/diariodepe.com.br\/cri\/2024\/06\/03\/primeiro-ministro-do-governo-de-unidade-nacional-da-libia-concede-entrevista-exclusiva-ao-cmg\/#breadcrumb","itemListElement":[{"@type":"ListItem","position":1,"name":"In\u00edcio","item":"https:\/\/diariodepe.com.br\/cri\/"},{"@type":"ListItem","position":2,"name":"Primeiro-ministro do Governo de Unidade Nacional da L\u00edbia concede entrevista exclusiva ao CMG"}]},{"@type":"WebSite","@id":"https:\/\/diariodepe.com.br\/cri\/#website","url":"https:\/\/diariodepe.com.br\/cri\/","name":"CRI e Diario de Pernambuco","description":"R\u00e1dio Internacional da China","publisher":{"@id":"https:\/\/diariodepe.com.br\/cri\/#organization"},"potentialAction":[{"@type":"SearchAction","target":{"@type":"EntryPoint","urlTemplate":"https:\/\/diariodepe.com.br\/cri\/?s={search_term_string}"},"query-input":{"@type":"PropertyValueSpecification","valueRequired":true,"valueName":"search_term_string"}}],"inLanguage":"pt-BR"},{"@type":"Organization","@id":"https:\/\/diariodepe.com.br\/cri\/#organization","name":"CRI e Diario de Pernambuco","url":"https:\/\/diariodepe.com.br\/cri\/","logo":{"@type":"ImageObject","inLanguage":"pt-BR","@id":"https:\/\/diariodepe.com.br\/cri\/#\/schema\/logo\/image\/","url":"https:\/\/diariodepe.com.br\/cri\/wp-content\/uploads\/sites\/2\/2022\/12\/cropped-Logo.jpg","contentUrl":"https:\/\/diariodepe.com.br\/cri\/wp-content\/uploads\/sites\/2\/2022\/12\/cropped-Logo.jpg","width":700,"height":59,"caption":"CRI e Diario de Pernambuco"},"image":{"@id":"https:\/\/diariodepe.com.br\/cri\/#\/schema\/logo\/image\/"}},{"@type":"Person","@id":"https:\/\/diariodepe.com.br\/cri\/#\/schema\/person\/121bb28d84f1a5b1205ef4ce9c2e0c6b","name":"Ismael Lucas S. Pereira","image":{"@type":"ImageObject","inLanguage":"pt-BR","@id":"https:\/\/secure.gravatar.com\/avatar\/887a0f3b5a7ceea963a48499fb883ffce6b5037362def025c52c2505b15d63e4?s=96&d=mm&r=g","url":"https:\/\/secure.gravatar.com\/avatar\/887a0f3b5a7ceea963a48499fb883ffce6b5037362def025c52c2505b15d63e4?s=96&d=mm&r=g","contentUrl":"https:\/\/secure.gravatar.com\/avatar\/887a0f3b5a7ceea963a48499fb883ffce6b5037362def025c52c2505b15d63e4?s=96&d=mm&r=g","caption":"Ismael Lucas S. Pereira"},"url":"https:\/\/diariodepe.com.br\/cri\/author\/ismael-lucas\/"}]}},"cc_featured_image_caption":{"caption_text":false,"source_text":false,"source_url":false},"amp_enabled":true,"_links":{"self":[{"href":"https:\/\/diariodepe.com.br\/cri\/wp-json\/wp\/v2\/posts\/5448","targetHints":{"allow":["GET"]}}],"collection":[{"href":"https:\/\/diariodepe.com.br\/cri\/wp-json\/wp\/v2\/posts"}],"about":[{"href":"https:\/\/diariodepe.com.br\/cri\/wp-json\/wp\/v2\/types\/post"}],"author":[{"embeddable":true,"href":"https:\/\/diariodepe.com.br\/cri\/wp-json\/wp\/v2\/users\/2"}],"replies":[{"embeddable":true,"href":"https:\/\/diariodepe.com.br\/cri\/wp-json\/wp\/v2\/comments?post=5448"}],"version-history":[{"count":1,"href":"https:\/\/diariodepe.com.br\/cri\/wp-json\/wp\/v2\/posts\/5448\/revisions"}],"predecessor-version":[{"id":5449,"href":"https:\/\/diariodepe.com.br\/cri\/wp-json\/wp\/v2\/posts\/5448\/revisions\/5449"}],"wp:attachment":[{"href":"https:\/\/diariodepe.com.br\/cri\/wp-json\/wp\/v2\/media?parent=5448"}],"wp:term":[{"taxonomy":"category","embeddable":true,"href":"https:\/\/diariodepe.com.br\/cri\/wp-json\/wp\/v2\/categories?post=5448"},{"taxonomy":"post_tag","embeddable":true,"href":"https:\/\/diariodepe.com.br\/cri\/wp-json\/wp\/v2\/tags?post=5448"}],"curies":[{"name":"wp","href":"https:\/\/api.w.org\/{rel}","templated":true}]}}