{"id":5443,"date":"2024-06-03T03:36:16","date_gmt":"2024-06-03T06:36:16","guid":{"rendered":"https:\/\/diariodepe.com.br\/cri\/?p=5443"},"modified":"2024-06-03T03:36:16","modified_gmt":"2024-06-03T06:36:16","slug":"e-preciso-ter-justica-para-resolver-a-questao-da-palestina","status":"publish","type":"post","link":"https:\/\/diariodepe.com.br\/cri\/2024\/06\/03\/e-preciso-ter-justica-para-resolver-a-questao-da-palestina\/","title":{"rendered":"\u00c9 preciso ter justi\u00e7a para resolver a quest\u00e3o da Palestina"},"content":{"rendered":"<p>A Declara\u00e7\u00e3o Conjunta sobre a Quest\u00e3o da Palestina entre a China e os Estados \u00c1rabes foi divulgada nessa quinta-feira (30), durante a 10\u00aa Confer\u00eancia Ministerial do F\u00f3rum de Coopera\u00e7\u00e3o China-Estados \u00c1rabes, realizada em Beijing, capital chinesa.<\/p>\n<p>O documento condena a viol\u00eancia cont\u00ednua de Israel sobre o povo palestino e exige uma resolu\u00e7\u00e3o de efeito obrigat\u00f3rio do Conselho de Seguran\u00e7a das Na\u00e7\u00f5es Unidas (ONU) para concretizar o pronto cessar-fogo e o fim da deslocaliza\u00e7\u00e3o for\u00e7ada do povo palestino, al\u00e9m da garantia do transporte de materiais de resgate a toda a Faixa de Gaza.<\/p>\n<p>Foi reiterado que o \u201cprograma de dois estados\u201d \u00e9 o \u00fanico caminho para resolver a quest\u00e3o Palestina, o que reflete o consenso da comunidade internacional.<\/p>\n<p>O tema da Palestina \u00e9 o n\u00facleo da quest\u00e3o do Oriente M\u00e9dio. Perante quaisquer mudan\u00e7as da conjuntura internacional, a China sempre defende a restaura\u00e7\u00e3o dos direitos nacionais leg\u00edtimos do povo palestino.<\/p>\n<p>Ap\u00f3s o in\u00edcio da nova rodada de conflitos palestino-israelenses, o governo chin\u00eas efetuou a media\u00e7\u00e3o diplom\u00e1tica e outros meios para promover um cessar-fogo e o fim da guerra entre os dois lados, promovendo as conversa\u00e7\u00f5es entre o Hamas e o Fatah, em Beijing, e ajudando as v\u00e1rias fac\u00e7\u00f5es palestinas para alcan\u00e7ar a reconcilia\u00e7\u00e3o e fortalecer a unidade interna.<\/p>\n<p>A curto prazo, a tarefa mais urgente \u00e9 implementar a resolu\u00e7\u00e3o de tr\u00e9gua adotada pelo Conselho de Seguran\u00e7a da ONU, aliviar a crise humanit\u00e1ria e evitar que o conflito tenha impacto na paz e na estabilidade do Oriente M\u00e9dio.<\/p>\n<p>A longo prazo, a China apela \u00e0 comunidade internacional para que trabalhe em conjunto para estabelecer, o mais cedo poss\u00edvel, um Estado da Palestina independente, baseado nas fronteiras de 1967, com Jerusal\u00e9m Oriental como capital, e desfrutando de plena soberania.<\/p>\n<p>Deve-se salientar que o atraso na resolu\u00e7\u00e3o da quest\u00e3o da Palestina \u00e9 insepar\u00e1vel da obstru\u00e7\u00e3o e destrui\u00e7\u00e3o promovida pelos Estados Unidos (EUA) e por alguns outros pa\u00edses ocidentais. Por necessidades pol\u00edticas internas e por considera\u00e7\u00f5es estrat\u00e9gicas globais, os EUA\u00a0 apoiaram esmagadoramente Israel, vetaram repetidamente o projeto de resolu\u00e7\u00e3o de cessar-fogo palestino-israelense do Conselho de Seguran\u00e7a e forneceram uma grande quantidade de assist\u00eancia militar aos israelenses, fazendo com que o processo de paz no Oriente M\u00e9dio se desviasse do caminho certo.<\/p>\n<p>A trag\u00e9dia do conflito Palestina-Israel, que permanece at\u00e9 hoje, \u00e9 um teste \u00e0 consci\u00eancia humana. A comunidade internacional deve agir. Como um pa\u00eds de grande responsabilidade, a China continuar\u00e1 apoiando firmemente os pa\u00edses \u00e1rabes para defender a justi\u00e7a, promover um cessar-fogo imediato e incondicional e alcan\u00e7ar uma solu\u00e7\u00e3o abrangente, justa e duradoura da quest\u00e3o da Palestina.<\/p>\n","protected":false},"excerpt":{"rendered":"<p>A Declara\u00e7\u00e3o Conjunta sobre a Quest\u00e3o da Palestina entre a China e os Estados \u00c1rabes foi divulgada nessa quinta-feira (30), durante a 10\u00aa Confer\u00eancia Ministerial do F\u00f3rum de Coopera\u00e7\u00e3o China-Estados \u00c1rabes, realizada em Beijing, capital chinesa. O documento condena a&#8230;<\/p>\n","protected":false},"author":2,"featured_media":5444,"comment_status":"open","ping_status":"open","sticky":false,"template":"","format":"standard","meta":{"footnotes":""},"categories":[5],"tags":[],"class_list":["post-5443","post","type-post","status-publish","format-standard","has-post-thumbnail","hentry","category-destaques-capa"],"yoast_head":"<!-- This site is optimized with the Yoast SEO plugin v27.4 - https:\/\/yoast.com\/product\/yoast-seo-wordpress\/ -->\n<title>\u00c9 preciso ter justi\u00e7a para resolver a quest\u00e3o da Palestina - CRI e Diario de Pernambuco<\/title>\n<meta name=\"robots\" content=\"index, follow, max-snippet:-1, max-image-preview:large, max-video-preview:-1\" \/>\n<link rel=\"canonical\" href=\"https:\/\/diariodepe.com.br\/cri\/2024\/06\/03\/e-preciso-ter-justica-para-resolver-a-questao-da-palestina\/\" \/>\n<meta property=\"og:locale\" content=\"pt_BR\" \/>\n<meta property=\"og:type\" content=\"article\" \/>\n<meta property=\"og:title\" content=\"\u00c9 preciso ter justi\u00e7a para resolver a quest\u00e3o da Palestina - CRI e Diario de Pernambuco\" \/>\n<meta property=\"og:description\" content=\"A Declara\u00e7\u00e3o Conjunta sobre a Quest\u00e3o da Palestina entre a China e os Estados \u00c1rabes foi divulgada nessa quinta-feira (30), durante a 10\u00aa Confer\u00eancia Ministerial do F\u00f3rum de Coopera\u00e7\u00e3o China-Estados \u00c1rabes, realizada em Beijing, capital chinesa. O documento condena a...\" \/>\n<meta property=\"og:url\" content=\"https:\/\/diariodepe.com.br\/cri\/2024\/06\/03\/e-preciso-ter-justica-para-resolver-a-questao-da-palestina\/\" \/>\n<meta property=\"og:site_name\" content=\"CRI e Diario de Pernambuco\" \/>\n<meta property=\"article:published_time\" content=\"2024-06-03T06:36:16+00:00\" \/>\n<meta property=\"og:image\" content=\"https:\/\/diariodepe.com.br\/cri\/wp-content\/uploads\/sites\/2\/2024\/06\/2024053122330413007-scaled.jpg\" \/>\n\t<meta property=\"og:image:width\" content=\"2560\" \/>\n\t<meta property=\"og:image:height\" content=\"1341\" \/>\n\t<meta property=\"og:image:type\" content=\"image\/jpeg\" \/>\n<meta name=\"author\" content=\"Ismael Lucas S. Pereira\" \/>\n<meta name=\"twitter:card\" content=\"summary_large_image\" \/>\n<meta name=\"twitter:label1\" content=\"Escrito por\" \/>\n\t<meta name=\"twitter:data1\" content=\"Ismael Lucas S. Pereira\" \/>\n\t<meta name=\"twitter:label2\" content=\"Est. tempo de leitura\" \/>\n\t<meta name=\"twitter:data2\" content=\"3 minutos\" \/>\n<script type=\"application\/ld+json\" class=\"yoast-schema-graph\">{\"@context\":\"https:\\\/\\\/schema.org\",\"@graph\":[{\"@type\":\"Article\",\"@id\":\"https:\\\/\\\/diariodepe.com.br\\\/cri\\\/2024\\\/06\\\/03\\\/e-preciso-ter-justica-para-resolver-a-questao-da-palestina\\\/#article\",\"isPartOf\":{\"@id\":\"https:\\\/\\\/diariodepe.com.br\\\/cri\\\/2024\\\/06\\\/03\\\/e-preciso-ter-justica-para-resolver-a-questao-da-palestina\\\/\"},\"author\":{\"name\":\"Ismael Lucas S. Pereira\",\"@id\":\"https:\\\/\\\/diariodepe.com.br\\\/cri\\\/#\\\/schema\\\/person\\\/121bb28d84f1a5b1205ef4ce9c2e0c6b\"},\"headline\":\"\u00c9 preciso ter justi\u00e7a para resolver a quest\u00e3o da Palestina\",\"datePublished\":\"2024-06-03T06:36:16+00:00\",\"mainEntityOfPage\":{\"@id\":\"https:\\\/\\\/diariodepe.com.br\\\/cri\\\/2024\\\/06\\\/03\\\/e-preciso-ter-justica-para-resolver-a-questao-da-palestina\\\/\"},\"wordCount\":481,\"commentCount\":0,\"publisher\":{\"@id\":\"https:\\\/\\\/diariodepe.com.br\\\/cri\\\/#organization\"},\"image\":{\"@id\":\"https:\\\/\\\/diariodepe.com.br\\\/cri\\\/2024\\\/06\\\/03\\\/e-preciso-ter-justica-para-resolver-a-questao-da-palestina\\\/#primaryimage\"},\"thumbnailUrl\":\"https:\\\/\\\/diariodepe.com.br\\\/cri\\\/wp-content\\\/uploads\\\/sites\\\/2\\\/2024\\\/06\\\/2024053122330413007-scaled.jpg\",\"articleSection\":[\"Destaques Capa\"],\"inLanguage\":\"pt-BR\",\"potentialAction\":[{\"@type\":\"CommentAction\",\"name\":\"Comment\",\"target\":[\"https:\\\/\\\/diariodepe.com.br\\\/cri\\\/2024\\\/06\\\/03\\\/e-preciso-ter-justica-para-resolver-a-questao-da-palestina\\\/#respond\"]}]},{\"@type\":\"WebPage\",\"@id\":\"https:\\\/\\\/diariodepe.com.br\\\/cri\\\/2024\\\/06\\\/03\\\/e-preciso-ter-justica-para-resolver-a-questao-da-palestina\\\/\",\"url\":\"https:\\\/\\\/diariodepe.com.br\\\/cri\\\/2024\\\/06\\\/03\\\/e-preciso-ter-justica-para-resolver-a-questao-da-palestina\\\/\",\"name\":\"\u00c9 preciso ter justi\u00e7a para resolver a quest\u00e3o da Palestina - CRI e Diario de Pernambuco\",\"isPartOf\":{\"@id\":\"https:\\\/\\\/diariodepe.com.br\\\/cri\\\/#website\"},\"primaryImageOfPage\":{\"@id\":\"https:\\\/\\\/diariodepe.com.br\\\/cri\\\/2024\\\/06\\\/03\\\/e-preciso-ter-justica-para-resolver-a-questao-da-palestina\\\/#primaryimage\"},\"image\":{\"@id\":\"https:\\\/\\\/diariodepe.com.br\\\/cri\\\/2024\\\/06\\\/03\\\/e-preciso-ter-justica-para-resolver-a-questao-da-palestina\\\/#primaryimage\"},\"thumbnailUrl\":\"https:\\\/\\\/diariodepe.com.br\\\/cri\\\/wp-content\\\/uploads\\\/sites\\\/2\\\/2024\\\/06\\\/2024053122330413007-scaled.jpg\",\"datePublished\":\"2024-06-03T06:36:16+00:00\",\"breadcrumb\":{\"@id\":\"https:\\\/\\\/diariodepe.com.br\\\/cri\\\/2024\\\/06\\\/03\\\/e-preciso-ter-justica-para-resolver-a-questao-da-palestina\\\/#breadcrumb\"},\"inLanguage\":\"pt-BR\",\"potentialAction\":[{\"@type\":\"ReadAction\",\"target\":[\"https:\\\/\\\/diariodepe.com.br\\\/cri\\\/2024\\\/06\\\/03\\\/e-preciso-ter-justica-para-resolver-a-questao-da-palestina\\\/\"]}]},{\"@type\":\"ImageObject\",\"inLanguage\":\"pt-BR\",\"@id\":\"https:\\\/\\\/diariodepe.com.br\\\/cri\\\/2024\\\/06\\\/03\\\/e-preciso-ter-justica-para-resolver-a-questao-da-palestina\\\/#primaryimage\",\"url\":\"https:\\\/\\\/diariodepe.com.br\\\/cri\\\/wp-content\\\/uploads\\\/sites\\\/2\\\/2024\\\/06\\\/2024053122330413007-scaled.jpg\",\"contentUrl\":\"https:\\\/\\\/diariodepe.com.br\\\/cri\\\/wp-content\\\/uploads\\\/sites\\\/2\\\/2024\\\/06\\\/2024053122330413007-scaled.jpg\",\"width\":2560,\"height\":1341},{\"@type\":\"BreadcrumbList\",\"@id\":\"https:\\\/\\\/diariodepe.com.br\\\/cri\\\/2024\\\/06\\\/03\\\/e-preciso-ter-justica-para-resolver-a-questao-da-palestina\\\/#breadcrumb\",\"itemListElement\":[{\"@type\":\"ListItem\",\"position\":1,\"name\":\"In\u00edcio\",\"item\":\"https:\\\/\\\/diariodepe.com.br\\\/cri\\\/\"},{\"@type\":\"ListItem\",\"position\":2,\"name\":\"\u00c9 preciso ter justi\u00e7a para resolver a quest\u00e3o da Palestina\"}]},{\"@type\":\"WebSite\",\"@id\":\"https:\\\/\\\/diariodepe.com.br\\\/cri\\\/#website\",\"url\":\"https:\\\/\\\/diariodepe.com.br\\\/cri\\\/\",\"name\":\"CRI e Diario de Pernambuco\",\"description\":\"R\u00e1dio Internacional da China\",\"publisher\":{\"@id\":\"https:\\\/\\\/diariodepe.com.br\\\/cri\\\/#organization\"},\"potentialAction\":[{\"@type\":\"SearchAction\",\"target\":{\"@type\":\"EntryPoint\",\"urlTemplate\":\"https:\\\/\\\/diariodepe.com.br\\\/cri\\\/?s={search_term_string}\"},\"query-input\":{\"@type\":\"PropertyValueSpecification\",\"valueRequired\":true,\"valueName\":\"search_term_string\"}}],\"inLanguage\":\"pt-BR\"},{\"@type\":\"Organization\",\"@id\":\"https:\\\/\\\/diariodepe.com.br\\\/cri\\\/#organization\",\"name\":\"CRI e Diario de Pernambuco\",\"url\":\"https:\\\/\\\/diariodepe.com.br\\\/cri\\\/\",\"logo\":{\"@type\":\"ImageObject\",\"inLanguage\":\"pt-BR\",\"@id\":\"https:\\\/\\\/diariodepe.com.br\\\/cri\\\/#\\\/schema\\\/logo\\\/image\\\/\",\"url\":\"https:\\\/\\\/diariodepe.com.br\\\/cri\\\/wp-content\\\/uploads\\\/sites\\\/2\\\/2022\\\/12\\\/cropped-Logo.jpg\",\"contentUrl\":\"https:\\\/\\\/diariodepe.com.br\\\/cri\\\/wp-content\\\/uploads\\\/sites\\\/2\\\/2022\\\/12\\\/cropped-Logo.jpg\",\"width\":700,\"height\":59,\"caption\":\"CRI e Diario de Pernambuco\"},\"image\":{\"@id\":\"https:\\\/\\\/diariodepe.com.br\\\/cri\\\/#\\\/schema\\\/logo\\\/image\\\/\"}},{\"@type\":\"Person\",\"@id\":\"https:\\\/\\\/diariodepe.com.br\\\/cri\\\/#\\\/schema\\\/person\\\/121bb28d84f1a5b1205ef4ce9c2e0c6b\",\"name\":\"Ismael Lucas S. Pereira\",\"image\":{\"@type\":\"ImageObject\",\"inLanguage\":\"pt-BR\",\"@id\":\"https:\\\/\\\/secure.gravatar.com\\\/avatar\\\/887a0f3b5a7ceea963a48499fb883ffce6b5037362def025c52c2505b15d63e4?s=96&d=mm&r=g\",\"url\":\"https:\\\/\\\/secure.gravatar.com\\\/avatar\\\/887a0f3b5a7ceea963a48499fb883ffce6b5037362def025c52c2505b15d63e4?s=96&d=mm&r=g\",\"contentUrl\":\"https:\\\/\\\/secure.gravatar.com\\\/avatar\\\/887a0f3b5a7ceea963a48499fb883ffce6b5037362def025c52c2505b15d63e4?s=96&d=mm&r=g\",\"caption\":\"Ismael Lucas S. Pereira\"},\"url\":\"https:\\\/\\\/diariodepe.com.br\\\/cri\\\/author\\\/ismael-lucas\\\/\"}]}<\/script>\n<!-- \/ Yoast SEO plugin. -->","yoast_head_json":{"title":"\u00c9 preciso ter justi\u00e7a para resolver a quest\u00e3o da Palestina - CRI e Diario de Pernambuco","robots":{"index":"index","follow":"follow","max-snippet":"max-snippet:-1","max-image-preview":"max-image-preview:large","max-video-preview":"max-video-preview:-1"},"canonical":"https:\/\/diariodepe.com.br\/cri\/2024\/06\/03\/e-preciso-ter-justica-para-resolver-a-questao-da-palestina\/","og_locale":"pt_BR","og_type":"article","og_title":"\u00c9 preciso ter justi\u00e7a para resolver a quest\u00e3o da Palestina - CRI e Diario de Pernambuco","og_description":"A Declara\u00e7\u00e3o Conjunta sobre a Quest\u00e3o da Palestina entre a China e os Estados \u00c1rabes foi divulgada nessa quinta-feira (30), durante a 10\u00aa Confer\u00eancia Ministerial do F\u00f3rum de Coopera\u00e7\u00e3o China-Estados \u00c1rabes, realizada em Beijing, capital chinesa. O documento condena a...","og_url":"https:\/\/diariodepe.com.br\/cri\/2024\/06\/03\/e-preciso-ter-justica-para-resolver-a-questao-da-palestina\/","og_site_name":"CRI e Diario de Pernambuco","article_published_time":"2024-06-03T06:36:16+00:00","og_image":[{"width":2560,"height":1341,"url":"https:\/\/diariodepe.com.br\/cri\/wp-content\/uploads\/sites\/2\/2024\/06\/2024053122330413007-scaled.jpg","type":"image\/jpeg"}],"author":"Ismael Lucas S. Pereira","twitter_card":"summary_large_image","twitter_misc":{"Escrito por":"Ismael Lucas S. Pereira","Est. tempo de leitura":"3 minutos"},"schema":{"@context":"https:\/\/schema.org","@graph":[{"@type":"Article","@id":"https:\/\/diariodepe.com.br\/cri\/2024\/06\/03\/e-preciso-ter-justica-para-resolver-a-questao-da-palestina\/#article","isPartOf":{"@id":"https:\/\/diariodepe.com.br\/cri\/2024\/06\/03\/e-preciso-ter-justica-para-resolver-a-questao-da-palestina\/"},"author":{"name":"Ismael Lucas S. Pereira","@id":"https:\/\/diariodepe.com.br\/cri\/#\/schema\/person\/121bb28d84f1a5b1205ef4ce9c2e0c6b"},"headline":"\u00c9 preciso ter justi\u00e7a para resolver a quest\u00e3o da Palestina","datePublished":"2024-06-03T06:36:16+00:00","mainEntityOfPage":{"@id":"https:\/\/diariodepe.com.br\/cri\/2024\/06\/03\/e-preciso-ter-justica-para-resolver-a-questao-da-palestina\/"},"wordCount":481,"commentCount":0,"publisher":{"@id":"https:\/\/diariodepe.com.br\/cri\/#organization"},"image":{"@id":"https:\/\/diariodepe.com.br\/cri\/2024\/06\/03\/e-preciso-ter-justica-para-resolver-a-questao-da-palestina\/#primaryimage"},"thumbnailUrl":"https:\/\/diariodepe.com.br\/cri\/wp-content\/uploads\/sites\/2\/2024\/06\/2024053122330413007-scaled.jpg","articleSection":["Destaques Capa"],"inLanguage":"pt-BR","potentialAction":[{"@type":"CommentAction","name":"Comment","target":["https:\/\/diariodepe.com.br\/cri\/2024\/06\/03\/e-preciso-ter-justica-para-resolver-a-questao-da-palestina\/#respond"]}]},{"@type":"WebPage","@id":"https:\/\/diariodepe.com.br\/cri\/2024\/06\/03\/e-preciso-ter-justica-para-resolver-a-questao-da-palestina\/","url":"https:\/\/diariodepe.com.br\/cri\/2024\/06\/03\/e-preciso-ter-justica-para-resolver-a-questao-da-palestina\/","name":"\u00c9 preciso ter justi\u00e7a para resolver a quest\u00e3o da Palestina - CRI e Diario de Pernambuco","isPartOf":{"@id":"https:\/\/diariodepe.com.br\/cri\/#website"},"primaryImageOfPage":{"@id":"https:\/\/diariodepe.com.br\/cri\/2024\/06\/03\/e-preciso-ter-justica-para-resolver-a-questao-da-palestina\/#primaryimage"},"image":{"@id":"https:\/\/diariodepe.com.br\/cri\/2024\/06\/03\/e-preciso-ter-justica-para-resolver-a-questao-da-palestina\/#primaryimage"},"thumbnailUrl":"https:\/\/diariodepe.com.br\/cri\/wp-content\/uploads\/sites\/2\/2024\/06\/2024053122330413007-scaled.jpg","datePublished":"2024-06-03T06:36:16+00:00","breadcrumb":{"@id":"https:\/\/diariodepe.com.br\/cri\/2024\/06\/03\/e-preciso-ter-justica-para-resolver-a-questao-da-palestina\/#breadcrumb"},"inLanguage":"pt-BR","potentialAction":[{"@type":"ReadAction","target":["https:\/\/diariodepe.com.br\/cri\/2024\/06\/03\/e-preciso-ter-justica-para-resolver-a-questao-da-palestina\/"]}]},{"@type":"ImageObject","inLanguage":"pt-BR","@id":"https:\/\/diariodepe.com.br\/cri\/2024\/06\/03\/e-preciso-ter-justica-para-resolver-a-questao-da-palestina\/#primaryimage","url":"https:\/\/diariodepe.com.br\/cri\/wp-content\/uploads\/sites\/2\/2024\/06\/2024053122330413007-scaled.jpg","contentUrl":"https:\/\/diariodepe.com.br\/cri\/wp-content\/uploads\/sites\/2\/2024\/06\/2024053122330413007-scaled.jpg","width":2560,"height":1341},{"@type":"BreadcrumbList","@id":"https:\/\/diariodepe.com.br\/cri\/2024\/06\/03\/e-preciso-ter-justica-para-resolver-a-questao-da-palestina\/#breadcrumb","itemListElement":[{"@type":"ListItem","position":1,"name":"In\u00edcio","item":"https:\/\/diariodepe.com.br\/cri\/"},{"@type":"ListItem","position":2,"name":"\u00c9 preciso ter justi\u00e7a para resolver a quest\u00e3o da Palestina"}]},{"@type":"WebSite","@id":"https:\/\/diariodepe.com.br\/cri\/#website","url":"https:\/\/diariodepe.com.br\/cri\/","name":"CRI e Diario de Pernambuco","description":"R\u00e1dio Internacional da China","publisher":{"@id":"https:\/\/diariodepe.com.br\/cri\/#organization"},"potentialAction":[{"@type":"SearchAction","target":{"@type":"EntryPoint","urlTemplate":"https:\/\/diariodepe.com.br\/cri\/?s={search_term_string}"},"query-input":{"@type":"PropertyValueSpecification","valueRequired":true,"valueName":"search_term_string"}}],"inLanguage":"pt-BR"},{"@type":"Organization","@id":"https:\/\/diariodepe.com.br\/cri\/#organization","name":"CRI e Diario de Pernambuco","url":"https:\/\/diariodepe.com.br\/cri\/","logo":{"@type":"ImageObject","inLanguage":"pt-BR","@id":"https:\/\/diariodepe.com.br\/cri\/#\/schema\/logo\/image\/","url":"https:\/\/diariodepe.com.br\/cri\/wp-content\/uploads\/sites\/2\/2022\/12\/cropped-Logo.jpg","contentUrl":"https:\/\/diariodepe.com.br\/cri\/wp-content\/uploads\/sites\/2\/2022\/12\/cropped-Logo.jpg","width":700,"height":59,"caption":"CRI e Diario de Pernambuco"},"image":{"@id":"https:\/\/diariodepe.com.br\/cri\/#\/schema\/logo\/image\/"}},{"@type":"Person","@id":"https:\/\/diariodepe.com.br\/cri\/#\/schema\/person\/121bb28d84f1a5b1205ef4ce9c2e0c6b","name":"Ismael Lucas S. Pereira","image":{"@type":"ImageObject","inLanguage":"pt-BR","@id":"https:\/\/secure.gravatar.com\/avatar\/887a0f3b5a7ceea963a48499fb883ffce6b5037362def025c52c2505b15d63e4?s=96&d=mm&r=g","url":"https:\/\/secure.gravatar.com\/avatar\/887a0f3b5a7ceea963a48499fb883ffce6b5037362def025c52c2505b15d63e4?s=96&d=mm&r=g","contentUrl":"https:\/\/secure.gravatar.com\/avatar\/887a0f3b5a7ceea963a48499fb883ffce6b5037362def025c52c2505b15d63e4?s=96&d=mm&r=g","caption":"Ismael Lucas S. Pereira"},"url":"https:\/\/diariodepe.com.br\/cri\/author\/ismael-lucas\/"}]}},"cc_featured_image_caption":{"caption_text":false,"source_text":false,"source_url":false},"amp_enabled":true,"_links":{"self":[{"href":"https:\/\/diariodepe.com.br\/cri\/wp-json\/wp\/v2\/posts\/5443","targetHints":{"allow":["GET"]}}],"collection":[{"href":"https:\/\/diariodepe.com.br\/cri\/wp-json\/wp\/v2\/posts"}],"about":[{"href":"https:\/\/diariodepe.com.br\/cri\/wp-json\/wp\/v2\/types\/post"}],"author":[{"embeddable":true,"href":"https:\/\/diariodepe.com.br\/cri\/wp-json\/wp\/v2\/users\/2"}],"replies":[{"embeddable":true,"href":"https:\/\/diariodepe.com.br\/cri\/wp-json\/wp\/v2\/comments?post=5443"}],"version-history":[{"count":1,"href":"https:\/\/diariodepe.com.br\/cri\/wp-json\/wp\/v2\/posts\/5443\/revisions"}],"predecessor-version":[{"id":5445,"href":"https:\/\/diariodepe.com.br\/cri\/wp-json\/wp\/v2\/posts\/5443\/revisions\/5445"}],"wp:featuredmedia":[{"embeddable":true,"href":"https:\/\/diariodepe.com.br\/cri\/wp-json\/wp\/v2\/media\/5444"}],"wp:attachment":[{"href":"https:\/\/diariodepe.com.br\/cri\/wp-json\/wp\/v2\/media?parent=5443"}],"wp:term":[{"taxonomy":"category","embeddable":true,"href":"https:\/\/diariodepe.com.br\/cri\/wp-json\/wp\/v2\/categories?post=5443"},{"taxonomy":"post_tag","embeddable":true,"href":"https:\/\/diariodepe.com.br\/cri\/wp-json\/wp\/v2\/tags?post=5443"}],"curies":[{"name":"wp","href":"https:\/\/api.w.org\/{rel}","templated":true}]}}