{"id":5441,"date":"2024-06-03T03:34:57","date_gmt":"2024-06-03T06:34:57","guid":{"rendered":"https:\/\/diariodepe.com.br\/cri\/?p=5441"},"modified":"2024-06-03T03:34:57","modified_gmt":"2024-06-03T06:34:57","slug":"china-e-paises-arabes-aceleram-a-construcao-de-uma-comunidade-com-futuro-compartilhado","status":"publish","type":"post","link":"https:\/\/diariodepe.com.br\/cri\/2024\/06\/03\/china-e-paises-arabes-aceleram-a-construcao-de-uma-comunidade-com-futuro-compartilhado\/","title":{"rendered":"China e pa\u00edses \u00e1rabes aceleram a constru\u00e7\u00e3o de uma comunidade com futuro compartilhado"},"content":{"rendered":"<p>\u201cA China sediar\u00e1 a segunda C\u00fapula China-Estados \u00c1rabes em 2026. Acredito que ela se tornar\u00e1 mais um marco nas rela\u00e7\u00f5es bilaterais\u201d, disse o presidente chin\u00eas, Xi Jinping, no discurso tem\u00e1tico proferido na cerim\u00f4nia de abertura da 10\u00aa Confer\u00eancia Ministerial do F\u00f3rum de Coopera\u00e7\u00e3o China-Estados \u00c1rabes, no dia 30 em Beijing. No mesmo dia, o presidente dos Emirados \u00c1rabes Unidos, Mohammedbin Zayed al-Nahyan, postou em chin\u00eas nas suas redes sociais que \u201cas rela\u00e7\u00f5es entre as na\u00e7\u00f5es \u00e1rabes e a China s\u00e3o de significado hist\u00f3rico.\u201d<\/p>\n<p>Este ano marca o 20\u00b0 anivers\u00e1rio da funda\u00e7\u00e3o do F\u00f3rum de Coopera\u00e7\u00e3o China-Estados \u00c1rabes. Nas \u00faltimas duas d\u00e9cadas, os la\u00e7os bilaterais resistiram aos testes das vicissitudes internacionais e se tornaram um modelo de coopera\u00e7\u00e3o Sul-Sul. Atualmente, 22 pa\u00edses \u00e1rabes participam da Iniciativa Cintur\u00e3o e Rota e cerca de 2 bilh\u00f5es de pessoas foram beneficiadas pelas colabora\u00e7\u00f5es.<\/p>\n<p class=\"photo_img_20190808\"><img decoding=\"async\" src=\"https:\/\/p4crires.cri.cn\/photoworkspace\/cri\/contentimg\/2024\/05\/31\/2024053115514348513.jpg\" alt=\"\" width=\"1000\" \/><\/p>\n<p>Observadores notaram que os chefes de Estado do Bahrein, Egito, Tun\u00edsia e Emirados \u00c1rabes Unidos compareceram \u00e0 cerim\u00f4nia de abertura da Confer\u00eancia. A revista\u00a0<em>The Arab Weekly\u00a0<\/em>comentou que a participa\u00e7\u00e3o dos quatro chefes de Estado \u00e1rabes no encontro demonstra o desejo comum e a determina\u00e7\u00e3o firme de todos os lados em promover a uni\u00e3o e a coopera\u00e7\u00e3o para elevar as rela\u00e7\u00f5es sino-\u00e1rabes a um novo patamar.<\/p>\n<p>Na ocasi\u00e3o, o presidente Xi Jinping salientou que a China e os pa\u00edses \u00e1rabes devem ser \u201cum modelo na manuten\u00e7\u00e3o da paz e estabilidade mundial\u201d, \u201cum exemplo na constru\u00e7\u00e3o conjunta de alta qualidade do Cintur\u00e3o e Rota\u201d, \u201cum paradigma de coexist\u00eancia harmoniosa de diferentes civiliza\u00e7\u00f5es\u201d e \u201cum orientador na explora\u00e7\u00e3o de caminhos corretos para a governan\u00e7a global\u201d.<\/p>\n<p>Al\u00e9m disso, a parte chinesa tamb\u00e9m prop\u00f4s desenvolver em conjunto com os pa\u00edses \u00e1rabes quadros de inova\u00e7\u00e3o mais din\u00e2mico, de investimento e finan\u00e7as de maior escala, de coopera\u00e7\u00e3o energ\u00e9tica mais abrangente e de benef\u00edcios rec\u00edprocos nas \u00e1reas econ\u00f4mica e comercial mais equilibrado, assim como um quadro de interc\u00e2mbios culturais mais amplo.<\/p>\n<p class=\"photo_img_20190808\"><img decoding=\"async\" src=\"https:\/\/p1crires.cri.cn\/photoworkspace\/cri\/contentimg\/2024\/05\/31\/2024053115515495438.jpg\" alt=\"\" width=\"1000\" \/><\/p>\n<p>Entre esses aspectos, a coopera\u00e7\u00e3o sino-\u00e1rabe nos campos da inova\u00e7\u00e3o e das finan\u00e7as \u00e9 particularmente not\u00e1vel. Analistas apontam que as duas partes priorizam o desenvolvimento da inova\u00e7\u00e3o cient\u00edfica e tecnol\u00f3gica e dedicam-se ao fortalecimento da colabora\u00e7\u00e3o em novas for\u00e7as produtivas de qualidade. Isso ajudar\u00e1 a China e os pa\u00edses \u00e1rabes a tornarem-se importantes for\u00e7as emergentes neste aspecto no mundo.<\/p>\n<p>A seguran\u00e7a regional \u00e9 uma grande preocupa\u00e7\u00e3o para os estados \u00e1rabes, e a quest\u00e3o da Palestina \u00e9 o cerne dos problemas relacionados ao Oriente M\u00e9dio. A declara\u00e7\u00e3o conjunta emitida nesta confer\u00eancia transmite uma mensagem clara ao mundo: a guerra n\u00e3o deve continuar indefinidamente, a justi\u00e7a n\u00e3o pode estar ausente para sempre e a \u201csolu\u00e7\u00e3o de dois Estados\u201d n\u00e3o pode ser arbitrariamente abalada.<\/p>\n","protected":false},"excerpt":{"rendered":"<p>\u201cA China sediar\u00e1 a segunda C\u00fapula China-Estados \u00c1rabes em 2026. Acredito que ela se tornar\u00e1 mais um marco nas rela\u00e7\u00f5es bilaterais\u201d, disse o presidente chin\u00eas, Xi Jinping, no discurso tem\u00e1tico proferido na cerim\u00f4nia de abertura da 10\u00aa Confer\u00eancia Ministerial do&#8230;<\/p>\n","protected":false},"author":2,"featured_media":0,"comment_status":"open","ping_status":"open","sticky":false,"template":"","format":"standard","meta":{"footnotes":""},"categories":[7],"tags":[],"class_list":["post-5441","post","type-post","status-publish","format-standard","hentry","category-visao"],"yoast_head":"<!-- This site is optimized with the Yoast SEO plugin v27.4 - https:\/\/yoast.com\/product\/yoast-seo-wordpress\/ -->\n<title>China e pa\u00edses \u00e1rabes aceleram a constru\u00e7\u00e3o de uma comunidade com futuro compartilhado - CRI e Diario de Pernambuco<\/title>\n<meta name=\"robots\" content=\"index, follow, max-snippet:-1, max-image-preview:large, max-video-preview:-1\" \/>\n<link rel=\"canonical\" href=\"https:\/\/diariodepe.com.br\/cri\/2024\/06\/03\/china-e-paises-arabes-aceleram-a-construcao-de-uma-comunidade-com-futuro-compartilhado\/\" \/>\n<meta property=\"og:locale\" content=\"pt_BR\" \/>\n<meta property=\"og:type\" content=\"article\" \/>\n<meta property=\"og:title\" content=\"China e pa\u00edses \u00e1rabes aceleram a constru\u00e7\u00e3o de uma comunidade com futuro compartilhado - CRI e Diario de Pernambuco\" \/>\n<meta property=\"og:description\" content=\"\u201cA China sediar\u00e1 a segunda C\u00fapula China-Estados \u00c1rabes em 2026. Acredito que ela se tornar\u00e1 mais um marco nas rela\u00e7\u00f5es bilaterais\u201d, disse o presidente chin\u00eas, Xi Jinping, no discurso tem\u00e1tico proferido na cerim\u00f4nia de abertura da 10\u00aa Confer\u00eancia Ministerial do...\" \/>\n<meta property=\"og:url\" content=\"https:\/\/diariodepe.com.br\/cri\/2024\/06\/03\/china-e-paises-arabes-aceleram-a-construcao-de-uma-comunidade-com-futuro-compartilhado\/\" \/>\n<meta property=\"og:site_name\" content=\"CRI e Diario de Pernambuco\" \/>\n<meta property=\"article:published_time\" content=\"2024-06-03T06:34:57+00:00\" \/>\n<meta property=\"og:image\" content=\"https:\/\/p4crires.cri.cn\/photoworkspace\/cri\/contentimg\/2024\/05\/31\/2024053115514348513.jpg\" \/>\n<meta name=\"author\" content=\"Ismael Lucas S. Pereira\" \/>\n<meta name=\"twitter:card\" content=\"summary_large_image\" \/>\n<meta name=\"twitter:label1\" content=\"Escrito por\" \/>\n\t<meta name=\"twitter:data1\" content=\"Ismael Lucas S. Pereira\" \/>\n\t<meta name=\"twitter:label2\" content=\"Est. tempo de leitura\" \/>\n\t<meta name=\"twitter:data2\" content=\"3 minutos\" \/>\n<script type=\"application\/ld+json\" class=\"yoast-schema-graph\">{\"@context\":\"https:\\\/\\\/schema.org\",\"@graph\":[{\"@type\":\"Article\",\"@id\":\"https:\\\/\\\/diariodepe.com.br\\\/cri\\\/2024\\\/06\\\/03\\\/china-e-paises-arabes-aceleram-a-construcao-de-uma-comunidade-com-futuro-compartilhado\\\/#article\",\"isPartOf\":{\"@id\":\"https:\\\/\\\/diariodepe.com.br\\\/cri\\\/2024\\\/06\\\/03\\\/china-e-paises-arabes-aceleram-a-construcao-de-uma-comunidade-com-futuro-compartilhado\\\/\"},\"author\":{\"name\":\"Ismael Lucas S. Pereira\",\"@id\":\"https:\\\/\\\/diariodepe.com.br\\\/cri\\\/#\\\/schema\\\/person\\\/121bb28d84f1a5b1205ef4ce9c2e0c6b\"},\"headline\":\"China e pa\u00edses \u00e1rabes aceleram a constru\u00e7\u00e3o de uma comunidade com futuro compartilhado\",\"datePublished\":\"2024-06-03T06:34:57+00:00\",\"mainEntityOfPage\":{\"@id\":\"https:\\\/\\\/diariodepe.com.br\\\/cri\\\/2024\\\/06\\\/03\\\/china-e-paises-arabes-aceleram-a-construcao-de-uma-comunidade-com-futuro-compartilhado\\\/\"},\"wordCount\":518,\"commentCount\":0,\"publisher\":{\"@id\":\"https:\\\/\\\/diariodepe.com.br\\\/cri\\\/#organization\"},\"image\":{\"@id\":\"https:\\\/\\\/diariodepe.com.br\\\/cri\\\/2024\\\/06\\\/03\\\/china-e-paises-arabes-aceleram-a-construcao-de-uma-comunidade-com-futuro-compartilhado\\\/#primaryimage\"},\"thumbnailUrl\":\"https:\\\/\\\/p4crires.cri.cn\\\/photoworkspace\\\/cri\\\/contentimg\\\/2024\\\/05\\\/31\\\/2024053115514348513.jpg\",\"articleSection\":[\"Vis\u00e3o\"],\"inLanguage\":\"pt-BR\",\"potentialAction\":[{\"@type\":\"CommentAction\",\"name\":\"Comment\",\"target\":[\"https:\\\/\\\/diariodepe.com.br\\\/cri\\\/2024\\\/06\\\/03\\\/china-e-paises-arabes-aceleram-a-construcao-de-uma-comunidade-com-futuro-compartilhado\\\/#respond\"]}]},{\"@type\":\"WebPage\",\"@id\":\"https:\\\/\\\/diariodepe.com.br\\\/cri\\\/2024\\\/06\\\/03\\\/china-e-paises-arabes-aceleram-a-construcao-de-uma-comunidade-com-futuro-compartilhado\\\/\",\"url\":\"https:\\\/\\\/diariodepe.com.br\\\/cri\\\/2024\\\/06\\\/03\\\/china-e-paises-arabes-aceleram-a-construcao-de-uma-comunidade-com-futuro-compartilhado\\\/\",\"name\":\"China e pa\u00edses \u00e1rabes aceleram a constru\u00e7\u00e3o de uma comunidade com futuro compartilhado - CRI e Diario de Pernambuco\",\"isPartOf\":{\"@id\":\"https:\\\/\\\/diariodepe.com.br\\\/cri\\\/#website\"},\"primaryImageOfPage\":{\"@id\":\"https:\\\/\\\/diariodepe.com.br\\\/cri\\\/2024\\\/06\\\/03\\\/china-e-paises-arabes-aceleram-a-construcao-de-uma-comunidade-com-futuro-compartilhado\\\/#primaryimage\"},\"image\":{\"@id\":\"https:\\\/\\\/diariodepe.com.br\\\/cri\\\/2024\\\/06\\\/03\\\/china-e-paises-arabes-aceleram-a-construcao-de-uma-comunidade-com-futuro-compartilhado\\\/#primaryimage\"},\"thumbnailUrl\":\"https:\\\/\\\/p4crires.cri.cn\\\/photoworkspace\\\/cri\\\/contentimg\\\/2024\\\/05\\\/31\\\/2024053115514348513.jpg\",\"datePublished\":\"2024-06-03T06:34:57+00:00\",\"breadcrumb\":{\"@id\":\"https:\\\/\\\/diariodepe.com.br\\\/cri\\\/2024\\\/06\\\/03\\\/china-e-paises-arabes-aceleram-a-construcao-de-uma-comunidade-com-futuro-compartilhado\\\/#breadcrumb\"},\"inLanguage\":\"pt-BR\",\"potentialAction\":[{\"@type\":\"ReadAction\",\"target\":[\"https:\\\/\\\/diariodepe.com.br\\\/cri\\\/2024\\\/06\\\/03\\\/china-e-paises-arabes-aceleram-a-construcao-de-uma-comunidade-com-futuro-compartilhado\\\/\"]}]},{\"@type\":\"ImageObject\",\"inLanguage\":\"pt-BR\",\"@id\":\"https:\\\/\\\/diariodepe.com.br\\\/cri\\\/2024\\\/06\\\/03\\\/china-e-paises-arabes-aceleram-a-construcao-de-uma-comunidade-com-futuro-compartilhado\\\/#primaryimage\",\"url\":\"https:\\\/\\\/p4crires.cri.cn\\\/photoworkspace\\\/cri\\\/contentimg\\\/2024\\\/05\\\/31\\\/2024053115514348513.jpg\",\"contentUrl\":\"https:\\\/\\\/p4crires.cri.cn\\\/photoworkspace\\\/cri\\\/contentimg\\\/2024\\\/05\\\/31\\\/2024053115514348513.jpg\"},{\"@type\":\"BreadcrumbList\",\"@id\":\"https:\\\/\\\/diariodepe.com.br\\\/cri\\\/2024\\\/06\\\/03\\\/china-e-paises-arabes-aceleram-a-construcao-de-uma-comunidade-com-futuro-compartilhado\\\/#breadcrumb\",\"itemListElement\":[{\"@type\":\"ListItem\",\"position\":1,\"name\":\"In\u00edcio\",\"item\":\"https:\\\/\\\/diariodepe.com.br\\\/cri\\\/\"},{\"@type\":\"ListItem\",\"position\":2,\"name\":\"China e pa\u00edses \u00e1rabes aceleram a constru\u00e7\u00e3o de uma comunidade com futuro compartilhado\"}]},{\"@type\":\"WebSite\",\"@id\":\"https:\\\/\\\/diariodepe.com.br\\\/cri\\\/#website\",\"url\":\"https:\\\/\\\/diariodepe.com.br\\\/cri\\\/\",\"name\":\"CRI e Diario de Pernambuco\",\"description\":\"R\u00e1dio Internacional da China\",\"publisher\":{\"@id\":\"https:\\\/\\\/diariodepe.com.br\\\/cri\\\/#organization\"},\"potentialAction\":[{\"@type\":\"SearchAction\",\"target\":{\"@type\":\"EntryPoint\",\"urlTemplate\":\"https:\\\/\\\/diariodepe.com.br\\\/cri\\\/?s={search_term_string}\"},\"query-input\":{\"@type\":\"PropertyValueSpecification\",\"valueRequired\":true,\"valueName\":\"search_term_string\"}}],\"inLanguage\":\"pt-BR\"},{\"@type\":\"Organization\",\"@id\":\"https:\\\/\\\/diariodepe.com.br\\\/cri\\\/#organization\",\"name\":\"CRI e Diario de Pernambuco\",\"url\":\"https:\\\/\\\/diariodepe.com.br\\\/cri\\\/\",\"logo\":{\"@type\":\"ImageObject\",\"inLanguage\":\"pt-BR\",\"@id\":\"https:\\\/\\\/diariodepe.com.br\\\/cri\\\/#\\\/schema\\\/logo\\\/image\\\/\",\"url\":\"https:\\\/\\\/diariodepe.com.br\\\/cri\\\/wp-content\\\/uploads\\\/sites\\\/2\\\/2022\\\/12\\\/cropped-Logo.jpg\",\"contentUrl\":\"https:\\\/\\\/diariodepe.com.br\\\/cri\\\/wp-content\\\/uploads\\\/sites\\\/2\\\/2022\\\/12\\\/cropped-Logo.jpg\",\"width\":700,\"height\":59,\"caption\":\"CRI e Diario de Pernambuco\"},\"image\":{\"@id\":\"https:\\\/\\\/diariodepe.com.br\\\/cri\\\/#\\\/schema\\\/logo\\\/image\\\/\"}},{\"@type\":\"Person\",\"@id\":\"https:\\\/\\\/diariodepe.com.br\\\/cri\\\/#\\\/schema\\\/person\\\/121bb28d84f1a5b1205ef4ce9c2e0c6b\",\"name\":\"Ismael Lucas S. Pereira\",\"image\":{\"@type\":\"ImageObject\",\"inLanguage\":\"pt-BR\",\"@id\":\"https:\\\/\\\/secure.gravatar.com\\\/avatar\\\/887a0f3b5a7ceea963a48499fb883ffce6b5037362def025c52c2505b15d63e4?s=96&d=mm&r=g\",\"url\":\"https:\\\/\\\/secure.gravatar.com\\\/avatar\\\/887a0f3b5a7ceea963a48499fb883ffce6b5037362def025c52c2505b15d63e4?s=96&d=mm&r=g\",\"contentUrl\":\"https:\\\/\\\/secure.gravatar.com\\\/avatar\\\/887a0f3b5a7ceea963a48499fb883ffce6b5037362def025c52c2505b15d63e4?s=96&d=mm&r=g\",\"caption\":\"Ismael Lucas S. Pereira\"},\"url\":\"https:\\\/\\\/diariodepe.com.br\\\/cri\\\/author\\\/ismael-lucas\\\/\"}]}<\/script>\n<!-- \/ Yoast SEO plugin. -->","yoast_head_json":{"title":"China e pa\u00edses \u00e1rabes aceleram a constru\u00e7\u00e3o de uma comunidade com futuro compartilhado - CRI e Diario de Pernambuco","robots":{"index":"index","follow":"follow","max-snippet":"max-snippet:-1","max-image-preview":"max-image-preview:large","max-video-preview":"max-video-preview:-1"},"canonical":"https:\/\/diariodepe.com.br\/cri\/2024\/06\/03\/china-e-paises-arabes-aceleram-a-construcao-de-uma-comunidade-com-futuro-compartilhado\/","og_locale":"pt_BR","og_type":"article","og_title":"China e pa\u00edses \u00e1rabes aceleram a constru\u00e7\u00e3o de uma comunidade com futuro compartilhado - CRI e Diario de Pernambuco","og_description":"\u201cA China sediar\u00e1 a segunda C\u00fapula China-Estados \u00c1rabes em 2026. Acredito que ela se tornar\u00e1 mais um marco nas rela\u00e7\u00f5es bilaterais\u201d, disse o presidente chin\u00eas, Xi Jinping, no discurso tem\u00e1tico proferido na cerim\u00f4nia de abertura da 10\u00aa Confer\u00eancia Ministerial do...","og_url":"https:\/\/diariodepe.com.br\/cri\/2024\/06\/03\/china-e-paises-arabes-aceleram-a-construcao-de-uma-comunidade-com-futuro-compartilhado\/","og_site_name":"CRI e Diario de Pernambuco","article_published_time":"2024-06-03T06:34:57+00:00","og_image":[{"url":"https:\/\/p4crires.cri.cn\/photoworkspace\/cri\/contentimg\/2024\/05\/31\/2024053115514348513.jpg","type":"","width":"","height":""}],"author":"Ismael Lucas S. Pereira","twitter_card":"summary_large_image","twitter_misc":{"Escrito por":"Ismael Lucas S. Pereira","Est. tempo de leitura":"3 minutos"},"schema":{"@context":"https:\/\/schema.org","@graph":[{"@type":"Article","@id":"https:\/\/diariodepe.com.br\/cri\/2024\/06\/03\/china-e-paises-arabes-aceleram-a-construcao-de-uma-comunidade-com-futuro-compartilhado\/#article","isPartOf":{"@id":"https:\/\/diariodepe.com.br\/cri\/2024\/06\/03\/china-e-paises-arabes-aceleram-a-construcao-de-uma-comunidade-com-futuro-compartilhado\/"},"author":{"name":"Ismael Lucas S. Pereira","@id":"https:\/\/diariodepe.com.br\/cri\/#\/schema\/person\/121bb28d84f1a5b1205ef4ce9c2e0c6b"},"headline":"China e pa\u00edses \u00e1rabes aceleram a constru\u00e7\u00e3o de uma comunidade com futuro compartilhado","datePublished":"2024-06-03T06:34:57+00:00","mainEntityOfPage":{"@id":"https:\/\/diariodepe.com.br\/cri\/2024\/06\/03\/china-e-paises-arabes-aceleram-a-construcao-de-uma-comunidade-com-futuro-compartilhado\/"},"wordCount":518,"commentCount":0,"publisher":{"@id":"https:\/\/diariodepe.com.br\/cri\/#organization"},"image":{"@id":"https:\/\/diariodepe.com.br\/cri\/2024\/06\/03\/china-e-paises-arabes-aceleram-a-construcao-de-uma-comunidade-com-futuro-compartilhado\/#primaryimage"},"thumbnailUrl":"https:\/\/p4crires.cri.cn\/photoworkspace\/cri\/contentimg\/2024\/05\/31\/2024053115514348513.jpg","articleSection":["Vis\u00e3o"],"inLanguage":"pt-BR","potentialAction":[{"@type":"CommentAction","name":"Comment","target":["https:\/\/diariodepe.com.br\/cri\/2024\/06\/03\/china-e-paises-arabes-aceleram-a-construcao-de-uma-comunidade-com-futuro-compartilhado\/#respond"]}]},{"@type":"WebPage","@id":"https:\/\/diariodepe.com.br\/cri\/2024\/06\/03\/china-e-paises-arabes-aceleram-a-construcao-de-uma-comunidade-com-futuro-compartilhado\/","url":"https:\/\/diariodepe.com.br\/cri\/2024\/06\/03\/china-e-paises-arabes-aceleram-a-construcao-de-uma-comunidade-com-futuro-compartilhado\/","name":"China e pa\u00edses \u00e1rabes aceleram a constru\u00e7\u00e3o de uma comunidade com futuro compartilhado - CRI e Diario de Pernambuco","isPartOf":{"@id":"https:\/\/diariodepe.com.br\/cri\/#website"},"primaryImageOfPage":{"@id":"https:\/\/diariodepe.com.br\/cri\/2024\/06\/03\/china-e-paises-arabes-aceleram-a-construcao-de-uma-comunidade-com-futuro-compartilhado\/#primaryimage"},"image":{"@id":"https:\/\/diariodepe.com.br\/cri\/2024\/06\/03\/china-e-paises-arabes-aceleram-a-construcao-de-uma-comunidade-com-futuro-compartilhado\/#primaryimage"},"thumbnailUrl":"https:\/\/p4crires.cri.cn\/photoworkspace\/cri\/contentimg\/2024\/05\/31\/2024053115514348513.jpg","datePublished":"2024-06-03T06:34:57+00:00","breadcrumb":{"@id":"https:\/\/diariodepe.com.br\/cri\/2024\/06\/03\/china-e-paises-arabes-aceleram-a-construcao-de-uma-comunidade-com-futuro-compartilhado\/#breadcrumb"},"inLanguage":"pt-BR","potentialAction":[{"@type":"ReadAction","target":["https:\/\/diariodepe.com.br\/cri\/2024\/06\/03\/china-e-paises-arabes-aceleram-a-construcao-de-uma-comunidade-com-futuro-compartilhado\/"]}]},{"@type":"ImageObject","inLanguage":"pt-BR","@id":"https:\/\/diariodepe.com.br\/cri\/2024\/06\/03\/china-e-paises-arabes-aceleram-a-construcao-de-uma-comunidade-com-futuro-compartilhado\/#primaryimage","url":"https:\/\/p4crires.cri.cn\/photoworkspace\/cri\/contentimg\/2024\/05\/31\/2024053115514348513.jpg","contentUrl":"https:\/\/p4crires.cri.cn\/photoworkspace\/cri\/contentimg\/2024\/05\/31\/2024053115514348513.jpg"},{"@type":"BreadcrumbList","@id":"https:\/\/diariodepe.com.br\/cri\/2024\/06\/03\/china-e-paises-arabes-aceleram-a-construcao-de-uma-comunidade-com-futuro-compartilhado\/#breadcrumb","itemListElement":[{"@type":"ListItem","position":1,"name":"In\u00edcio","item":"https:\/\/diariodepe.com.br\/cri\/"},{"@type":"ListItem","position":2,"name":"China e pa\u00edses \u00e1rabes aceleram a constru\u00e7\u00e3o de uma comunidade com futuro compartilhado"}]},{"@type":"WebSite","@id":"https:\/\/diariodepe.com.br\/cri\/#website","url":"https:\/\/diariodepe.com.br\/cri\/","name":"CRI e Diario de Pernambuco","description":"R\u00e1dio Internacional da China","publisher":{"@id":"https:\/\/diariodepe.com.br\/cri\/#organization"},"potentialAction":[{"@type":"SearchAction","target":{"@type":"EntryPoint","urlTemplate":"https:\/\/diariodepe.com.br\/cri\/?s={search_term_string}"},"query-input":{"@type":"PropertyValueSpecification","valueRequired":true,"valueName":"search_term_string"}}],"inLanguage":"pt-BR"},{"@type":"Organization","@id":"https:\/\/diariodepe.com.br\/cri\/#organization","name":"CRI e Diario de Pernambuco","url":"https:\/\/diariodepe.com.br\/cri\/","logo":{"@type":"ImageObject","inLanguage":"pt-BR","@id":"https:\/\/diariodepe.com.br\/cri\/#\/schema\/logo\/image\/","url":"https:\/\/diariodepe.com.br\/cri\/wp-content\/uploads\/sites\/2\/2022\/12\/cropped-Logo.jpg","contentUrl":"https:\/\/diariodepe.com.br\/cri\/wp-content\/uploads\/sites\/2\/2022\/12\/cropped-Logo.jpg","width":700,"height":59,"caption":"CRI e Diario de Pernambuco"},"image":{"@id":"https:\/\/diariodepe.com.br\/cri\/#\/schema\/logo\/image\/"}},{"@type":"Person","@id":"https:\/\/diariodepe.com.br\/cri\/#\/schema\/person\/121bb28d84f1a5b1205ef4ce9c2e0c6b","name":"Ismael Lucas S. Pereira","image":{"@type":"ImageObject","inLanguage":"pt-BR","@id":"https:\/\/secure.gravatar.com\/avatar\/887a0f3b5a7ceea963a48499fb883ffce6b5037362def025c52c2505b15d63e4?s=96&d=mm&r=g","url":"https:\/\/secure.gravatar.com\/avatar\/887a0f3b5a7ceea963a48499fb883ffce6b5037362def025c52c2505b15d63e4?s=96&d=mm&r=g","contentUrl":"https:\/\/secure.gravatar.com\/avatar\/887a0f3b5a7ceea963a48499fb883ffce6b5037362def025c52c2505b15d63e4?s=96&d=mm&r=g","caption":"Ismael Lucas S. Pereira"},"url":"https:\/\/diariodepe.com.br\/cri\/author\/ismael-lucas\/"}]}},"cc_featured_image_caption":{"caption_text":false,"source_text":false,"source_url":false},"amp_enabled":true,"_links":{"self":[{"href":"https:\/\/diariodepe.com.br\/cri\/wp-json\/wp\/v2\/posts\/5441","targetHints":{"allow":["GET"]}}],"collection":[{"href":"https:\/\/diariodepe.com.br\/cri\/wp-json\/wp\/v2\/posts"}],"about":[{"href":"https:\/\/diariodepe.com.br\/cri\/wp-json\/wp\/v2\/types\/post"}],"author":[{"embeddable":true,"href":"https:\/\/diariodepe.com.br\/cri\/wp-json\/wp\/v2\/users\/2"}],"replies":[{"embeddable":true,"href":"https:\/\/diariodepe.com.br\/cri\/wp-json\/wp\/v2\/comments?post=5441"}],"version-history":[{"count":1,"href":"https:\/\/diariodepe.com.br\/cri\/wp-json\/wp\/v2\/posts\/5441\/revisions"}],"predecessor-version":[{"id":5442,"href":"https:\/\/diariodepe.com.br\/cri\/wp-json\/wp\/v2\/posts\/5441\/revisions\/5442"}],"wp:attachment":[{"href":"https:\/\/diariodepe.com.br\/cri\/wp-json\/wp\/v2\/media?parent=5441"}],"wp:term":[{"taxonomy":"category","embeddable":true,"href":"https:\/\/diariodepe.com.br\/cri\/wp-json\/wp\/v2\/categories?post=5441"},{"taxonomy":"post_tag","embeddable":true,"href":"https:\/\/diariodepe.com.br\/cri\/wp-json\/wp\/v2\/tags?post=5441"}],"curies":[{"name":"wp","href":"https:\/\/api.w.org\/{rel}","templated":true}]}}