{"id":5425,"date":"2024-05-30T23:43:29","date_gmt":"2024-05-31T02:43:29","guid":{"rendered":"https:\/\/diariodepe.com.br\/cri\/?p=5425"},"modified":"2024-05-30T23:43:29","modified_gmt":"2024-05-31T02:43:29","slug":"independencia-de-taiwan-e-destinada-ao-fracasso","status":"publish","type":"post","link":"https:\/\/diariodepe.com.br\/cri\/2024\/05\/30\/independencia-de-taiwan-e-destinada-ao-fracasso\/","title":{"rendered":"\u201cIndepend\u00eancia de Taiwan\u201d \u00e9 destinada ao fracasso"},"content":{"rendered":"<p class=\"photo_img_20190808\"><img decoding=\"async\" src=\"https:\/\/p2crires.cri.cn\/photoworkspace\/cri\/contentimg\/2024\/05\/28\/2024052821145593340.jpg\" alt=\"\" width=\"1000\" \/><\/p>\n<p>A Assembleia Mundial da Sa\u00fade (AMS) negou nesta segunda-feira (27) a inclus\u00e3o, na agenda da confer\u00eancia, do projeto de \u201cconvidar Taiwan para participar como observador\u201d. Este foi o oitavo ano em que as autoridades de Taiwan foram recusadas pela AMS.<\/p>\n<p>A situa\u00e7\u00e3o mostra que o princ\u00edpio de uma s\u00f3 China \u00e9 a corrente principal. O Partido Democr\u00e1tico Progressista (PDP) de Taiwan conluia com for\u00e7as externas para realizar manipula\u00e7\u00f5es pol\u00edticas. A tentativa de participar da AMS como observador \u00e9 destinada apenas ao fracasso.<\/p>\n<p>O projeto relacionado a Taiwan proposto por certos pa\u00edses n\u00e3o passa de um papel in\u00fatil, porque viola o princ\u00edpio de uma s\u00f3 China, o qual \u00e9 confirmado pela Resolu\u00e7\u00e3o N\u00ba 2.758 da Assembleia Geral das Na\u00e7\u00f5es Unidas e pela Resolu\u00e7\u00e3o 25.1 da AMS. O princ\u00edpio tamb\u00e9m \u00e9 a pr\u00e9-condi\u00e7\u00e3o para a participa\u00e7\u00e3o de Taiwan em atividades de organiza\u00e7\u00f5es internacionais.<\/p>\n<p>\u00c9 melhor que as autoridades de Taiwan deem uma olhada retrospectiva sobre o porqu\u00ea da regi\u00e3o poder ter participado da AMS em status de observador entre 2009 e 2016 e n\u00e3o ter conseguido mais fazer isso ap\u00f3s esse per\u00edodo.<\/p>\n<p>A raz\u00e3o \u00e9 \u00f3bvia. Desde que o PDP tomou posse, tem persistido obstinadamente na \u201cindepend\u00eancia de Taiwan&#8221; e ignorado o Consenso de 1992, que demonstra o princ\u00edpio de uma s\u00f3 China. A conduta resultou no desaparecimento do fundamento pol\u00edtico para a participa\u00e7\u00e3o de Taiwan na AMS.<\/p>\n<p>J\u00e1 os Estados Unidos t\u00eam tomado Taiwan como uma \u201cpe\u00e7a de xadrez\u201d para conter o desenvolvimento da China. Seu apoio \u00e0 participa\u00e7\u00e3o de Taiwan na AMS nos \u00faltimos anos foi uma tentativa de quebrar a linha vermelha do conceito de uma s\u00f3 China atrav\u00e9s de manipula\u00e7\u00e3o de temas relacionados a Taiwan.<\/p>\n<p>Al\u00e9m disso, os Estados Unidos ter\u00e3o elei\u00e7\u00f5es presidenciais este ano. N\u00e3o \u00e9 dif\u00edcil imaginar que alguns pol\u00edticos pretendem aproveitar a quest\u00e3o de Taiwan para mostrar sua atitude forte contra a China a fim de ganhar mais votos.<\/p>\n<p>A comunidade internacional, entretanto, j\u00e1 viu de maneira \u00f3bvia o conluio entre os Estados Unidos e Taiwan na AMS e deu uma resposta com a\u00e7\u00e3o real. Uma maioria esmagadora dos pa\u00edses reiterou sua ader\u00eancia \u00e0 Resolu\u00e7\u00e3o N\u00ba 2.758 da Assembleia Geral das Na\u00e7\u00f5es Unidas, no princ\u00edpio de uma s\u00f3 China e na oposi\u00e7\u00e3o da participa\u00e7\u00e3o de Taiwan na AMS.<\/p>\n<p>S\u00f3 existe uma China, a qual Taiwan faz parte. \u00c9 um fato imut\u00e1vel. O princ\u00edpio de uma s\u00f3 China \u00e9 inabal\u00e1vel. A \u201cprocura de independ\u00eancia com apoio de for\u00e7as externas\u201d e o \u201caproveitamento de Taiwan para conter a China\u201d t\u00eam um fado de fracasso.<\/p>\n","protected":false},"excerpt":{"rendered":"<p>A Assembleia Mundial da Sa\u00fade (AMS) negou nesta segunda-feira (27) a inclus\u00e3o, na agenda da confer\u00eancia, do projeto de \u201cconvidar Taiwan para participar como observador\u201d. Este foi o oitavo ano em que as autoridades de Taiwan foram recusadas pela AMS&#8230;.<\/p>\n","protected":false},"author":2,"featured_media":0,"comment_status":"open","ping_status":"open","sticky":false,"template":"","format":"standard","meta":{"footnotes":""},"categories":[7],"tags":[],"class_list":["post-5425","post","type-post","status-publish","format-standard","hentry","category-visao"],"yoast_head":"<!-- This site is optimized with the Yoast SEO plugin v27.4 - https:\/\/yoast.com\/product\/yoast-seo-wordpress\/ -->\n<title>\u201cIndepend\u00eancia de Taiwan\u201d \u00e9 destinada ao fracasso - CRI e Diario de Pernambuco<\/title>\n<meta name=\"robots\" content=\"index, follow, max-snippet:-1, max-image-preview:large, max-video-preview:-1\" \/>\n<link rel=\"canonical\" href=\"https:\/\/diariodepe.com.br\/cri\/2024\/05\/30\/independencia-de-taiwan-e-destinada-ao-fracasso\/\" \/>\n<meta property=\"og:locale\" content=\"pt_BR\" \/>\n<meta property=\"og:type\" content=\"article\" \/>\n<meta property=\"og:title\" content=\"\u201cIndepend\u00eancia de Taiwan\u201d \u00e9 destinada ao fracasso - CRI e Diario de Pernambuco\" \/>\n<meta property=\"og:description\" content=\"A Assembleia Mundial da Sa\u00fade (AMS) negou nesta segunda-feira (27) a inclus\u00e3o, na agenda da confer\u00eancia, do projeto de \u201cconvidar Taiwan para participar como observador\u201d. Este foi o oitavo ano em que as autoridades de Taiwan foram recusadas pela AMS....\" \/>\n<meta property=\"og:url\" content=\"https:\/\/diariodepe.com.br\/cri\/2024\/05\/30\/independencia-de-taiwan-e-destinada-ao-fracasso\/\" \/>\n<meta property=\"og:site_name\" content=\"CRI e Diario de Pernambuco\" \/>\n<meta property=\"article:published_time\" content=\"2024-05-31T02:43:29+00:00\" \/>\n<meta property=\"og:image\" content=\"https:\/\/p2crires.cri.cn\/photoworkspace\/cri\/contentimg\/2024\/05\/28\/2024052821145593340.jpg\" \/>\n<meta name=\"author\" content=\"Ismael Lucas S. Pereira\" \/>\n<meta name=\"twitter:card\" content=\"summary_large_image\" \/>\n<meta name=\"twitter:label1\" content=\"Escrito por\" \/>\n\t<meta name=\"twitter:data1\" content=\"Ismael Lucas S. Pereira\" \/>\n\t<meta name=\"twitter:label2\" content=\"Est. tempo de leitura\" \/>\n\t<meta name=\"twitter:data2\" content=\"3 minutos\" \/>\n<script type=\"application\/ld+json\" class=\"yoast-schema-graph\">{\"@context\":\"https:\\\/\\\/schema.org\",\"@graph\":[{\"@type\":\"Article\",\"@id\":\"https:\\\/\\\/diariodepe.com.br\\\/cri\\\/2024\\\/05\\\/30\\\/independencia-de-taiwan-e-destinada-ao-fracasso\\\/#article\",\"isPartOf\":{\"@id\":\"https:\\\/\\\/diariodepe.com.br\\\/cri\\\/2024\\\/05\\\/30\\\/independencia-de-taiwan-e-destinada-ao-fracasso\\\/\"},\"author\":{\"name\":\"Ismael Lucas S. Pereira\",\"@id\":\"https:\\\/\\\/diariodepe.com.br\\\/cri\\\/#\\\/schema\\\/person\\\/121bb28d84f1a5b1205ef4ce9c2e0c6b\"},\"headline\":\"\u201cIndepend\u00eancia de Taiwan\u201d \u00e9 destinada ao fracasso\",\"datePublished\":\"2024-05-31T02:43:29+00:00\",\"mainEntityOfPage\":{\"@id\":\"https:\\\/\\\/diariodepe.com.br\\\/cri\\\/2024\\\/05\\\/30\\\/independencia-de-taiwan-e-destinada-ao-fracasso\\\/\"},\"wordCount\":463,\"commentCount\":0,\"publisher\":{\"@id\":\"https:\\\/\\\/diariodepe.com.br\\\/cri\\\/#organization\"},\"image\":{\"@id\":\"https:\\\/\\\/diariodepe.com.br\\\/cri\\\/2024\\\/05\\\/30\\\/independencia-de-taiwan-e-destinada-ao-fracasso\\\/#primaryimage\"},\"thumbnailUrl\":\"https:\\\/\\\/p2crires.cri.cn\\\/photoworkspace\\\/cri\\\/contentimg\\\/2024\\\/05\\\/28\\\/2024052821145593340.jpg\",\"articleSection\":[\"Vis\u00e3o\"],\"inLanguage\":\"pt-BR\",\"potentialAction\":[{\"@type\":\"CommentAction\",\"name\":\"Comment\",\"target\":[\"https:\\\/\\\/diariodepe.com.br\\\/cri\\\/2024\\\/05\\\/30\\\/independencia-de-taiwan-e-destinada-ao-fracasso\\\/#respond\"]}]},{\"@type\":\"WebPage\",\"@id\":\"https:\\\/\\\/diariodepe.com.br\\\/cri\\\/2024\\\/05\\\/30\\\/independencia-de-taiwan-e-destinada-ao-fracasso\\\/\",\"url\":\"https:\\\/\\\/diariodepe.com.br\\\/cri\\\/2024\\\/05\\\/30\\\/independencia-de-taiwan-e-destinada-ao-fracasso\\\/\",\"name\":\"\u201cIndepend\u00eancia de Taiwan\u201d \u00e9 destinada ao fracasso - CRI e Diario de Pernambuco\",\"isPartOf\":{\"@id\":\"https:\\\/\\\/diariodepe.com.br\\\/cri\\\/#website\"},\"primaryImageOfPage\":{\"@id\":\"https:\\\/\\\/diariodepe.com.br\\\/cri\\\/2024\\\/05\\\/30\\\/independencia-de-taiwan-e-destinada-ao-fracasso\\\/#primaryimage\"},\"image\":{\"@id\":\"https:\\\/\\\/diariodepe.com.br\\\/cri\\\/2024\\\/05\\\/30\\\/independencia-de-taiwan-e-destinada-ao-fracasso\\\/#primaryimage\"},\"thumbnailUrl\":\"https:\\\/\\\/p2crires.cri.cn\\\/photoworkspace\\\/cri\\\/contentimg\\\/2024\\\/05\\\/28\\\/2024052821145593340.jpg\",\"datePublished\":\"2024-05-31T02:43:29+00:00\",\"breadcrumb\":{\"@id\":\"https:\\\/\\\/diariodepe.com.br\\\/cri\\\/2024\\\/05\\\/30\\\/independencia-de-taiwan-e-destinada-ao-fracasso\\\/#breadcrumb\"},\"inLanguage\":\"pt-BR\",\"potentialAction\":[{\"@type\":\"ReadAction\",\"target\":[\"https:\\\/\\\/diariodepe.com.br\\\/cri\\\/2024\\\/05\\\/30\\\/independencia-de-taiwan-e-destinada-ao-fracasso\\\/\"]}]},{\"@type\":\"ImageObject\",\"inLanguage\":\"pt-BR\",\"@id\":\"https:\\\/\\\/diariodepe.com.br\\\/cri\\\/2024\\\/05\\\/30\\\/independencia-de-taiwan-e-destinada-ao-fracasso\\\/#primaryimage\",\"url\":\"https:\\\/\\\/p2crires.cri.cn\\\/photoworkspace\\\/cri\\\/contentimg\\\/2024\\\/05\\\/28\\\/2024052821145593340.jpg\",\"contentUrl\":\"https:\\\/\\\/p2crires.cri.cn\\\/photoworkspace\\\/cri\\\/contentimg\\\/2024\\\/05\\\/28\\\/2024052821145593340.jpg\"},{\"@type\":\"BreadcrumbList\",\"@id\":\"https:\\\/\\\/diariodepe.com.br\\\/cri\\\/2024\\\/05\\\/30\\\/independencia-de-taiwan-e-destinada-ao-fracasso\\\/#breadcrumb\",\"itemListElement\":[{\"@type\":\"ListItem\",\"position\":1,\"name\":\"In\u00edcio\",\"item\":\"https:\\\/\\\/diariodepe.com.br\\\/cri\\\/\"},{\"@type\":\"ListItem\",\"position\":2,\"name\":\"\u201cIndepend\u00eancia de Taiwan\u201d \u00e9 destinada ao fracasso\"}]},{\"@type\":\"WebSite\",\"@id\":\"https:\\\/\\\/diariodepe.com.br\\\/cri\\\/#website\",\"url\":\"https:\\\/\\\/diariodepe.com.br\\\/cri\\\/\",\"name\":\"CRI e Diario de Pernambuco\",\"description\":\"R\u00e1dio Internacional da China\",\"publisher\":{\"@id\":\"https:\\\/\\\/diariodepe.com.br\\\/cri\\\/#organization\"},\"potentialAction\":[{\"@type\":\"SearchAction\",\"target\":{\"@type\":\"EntryPoint\",\"urlTemplate\":\"https:\\\/\\\/diariodepe.com.br\\\/cri\\\/?s={search_term_string}\"},\"query-input\":{\"@type\":\"PropertyValueSpecification\",\"valueRequired\":true,\"valueName\":\"search_term_string\"}}],\"inLanguage\":\"pt-BR\"},{\"@type\":\"Organization\",\"@id\":\"https:\\\/\\\/diariodepe.com.br\\\/cri\\\/#organization\",\"name\":\"CRI e Diario de Pernambuco\",\"url\":\"https:\\\/\\\/diariodepe.com.br\\\/cri\\\/\",\"logo\":{\"@type\":\"ImageObject\",\"inLanguage\":\"pt-BR\",\"@id\":\"https:\\\/\\\/diariodepe.com.br\\\/cri\\\/#\\\/schema\\\/logo\\\/image\\\/\",\"url\":\"https:\\\/\\\/diariodepe.com.br\\\/cri\\\/wp-content\\\/uploads\\\/sites\\\/2\\\/2022\\\/12\\\/cropped-Logo.jpg\",\"contentUrl\":\"https:\\\/\\\/diariodepe.com.br\\\/cri\\\/wp-content\\\/uploads\\\/sites\\\/2\\\/2022\\\/12\\\/cropped-Logo.jpg\",\"width\":700,\"height\":59,\"caption\":\"CRI e Diario de Pernambuco\"},\"image\":{\"@id\":\"https:\\\/\\\/diariodepe.com.br\\\/cri\\\/#\\\/schema\\\/logo\\\/image\\\/\"}},{\"@type\":\"Person\",\"@id\":\"https:\\\/\\\/diariodepe.com.br\\\/cri\\\/#\\\/schema\\\/person\\\/121bb28d84f1a5b1205ef4ce9c2e0c6b\",\"name\":\"Ismael Lucas S. Pereira\",\"image\":{\"@type\":\"ImageObject\",\"inLanguage\":\"pt-BR\",\"@id\":\"https:\\\/\\\/secure.gravatar.com\\\/avatar\\\/887a0f3b5a7ceea963a48499fb883ffce6b5037362def025c52c2505b15d63e4?s=96&d=mm&r=g\",\"url\":\"https:\\\/\\\/secure.gravatar.com\\\/avatar\\\/887a0f3b5a7ceea963a48499fb883ffce6b5037362def025c52c2505b15d63e4?s=96&d=mm&r=g\",\"contentUrl\":\"https:\\\/\\\/secure.gravatar.com\\\/avatar\\\/887a0f3b5a7ceea963a48499fb883ffce6b5037362def025c52c2505b15d63e4?s=96&d=mm&r=g\",\"caption\":\"Ismael Lucas S. Pereira\"},\"url\":\"https:\\\/\\\/diariodepe.com.br\\\/cri\\\/author\\\/ismael-lucas\\\/\"}]}<\/script>\n<!-- \/ Yoast SEO plugin. -->","yoast_head_json":{"title":"\u201cIndepend\u00eancia de Taiwan\u201d \u00e9 destinada ao fracasso - CRI e Diario de Pernambuco","robots":{"index":"index","follow":"follow","max-snippet":"max-snippet:-1","max-image-preview":"max-image-preview:large","max-video-preview":"max-video-preview:-1"},"canonical":"https:\/\/diariodepe.com.br\/cri\/2024\/05\/30\/independencia-de-taiwan-e-destinada-ao-fracasso\/","og_locale":"pt_BR","og_type":"article","og_title":"\u201cIndepend\u00eancia de Taiwan\u201d \u00e9 destinada ao fracasso - CRI e Diario de Pernambuco","og_description":"A Assembleia Mundial da Sa\u00fade (AMS) negou nesta segunda-feira (27) a inclus\u00e3o, na agenda da confer\u00eancia, do projeto de \u201cconvidar Taiwan para participar como observador\u201d. Este foi o oitavo ano em que as autoridades de Taiwan foram recusadas pela AMS....","og_url":"https:\/\/diariodepe.com.br\/cri\/2024\/05\/30\/independencia-de-taiwan-e-destinada-ao-fracasso\/","og_site_name":"CRI e Diario de Pernambuco","article_published_time":"2024-05-31T02:43:29+00:00","og_image":[{"url":"https:\/\/p2crires.cri.cn\/photoworkspace\/cri\/contentimg\/2024\/05\/28\/2024052821145593340.jpg","type":"","width":"","height":""}],"author":"Ismael Lucas S. Pereira","twitter_card":"summary_large_image","twitter_misc":{"Escrito por":"Ismael Lucas S. Pereira","Est. tempo de leitura":"3 minutos"},"schema":{"@context":"https:\/\/schema.org","@graph":[{"@type":"Article","@id":"https:\/\/diariodepe.com.br\/cri\/2024\/05\/30\/independencia-de-taiwan-e-destinada-ao-fracasso\/#article","isPartOf":{"@id":"https:\/\/diariodepe.com.br\/cri\/2024\/05\/30\/independencia-de-taiwan-e-destinada-ao-fracasso\/"},"author":{"name":"Ismael Lucas S. Pereira","@id":"https:\/\/diariodepe.com.br\/cri\/#\/schema\/person\/121bb28d84f1a5b1205ef4ce9c2e0c6b"},"headline":"\u201cIndepend\u00eancia de Taiwan\u201d \u00e9 destinada ao fracasso","datePublished":"2024-05-31T02:43:29+00:00","mainEntityOfPage":{"@id":"https:\/\/diariodepe.com.br\/cri\/2024\/05\/30\/independencia-de-taiwan-e-destinada-ao-fracasso\/"},"wordCount":463,"commentCount":0,"publisher":{"@id":"https:\/\/diariodepe.com.br\/cri\/#organization"},"image":{"@id":"https:\/\/diariodepe.com.br\/cri\/2024\/05\/30\/independencia-de-taiwan-e-destinada-ao-fracasso\/#primaryimage"},"thumbnailUrl":"https:\/\/p2crires.cri.cn\/photoworkspace\/cri\/contentimg\/2024\/05\/28\/2024052821145593340.jpg","articleSection":["Vis\u00e3o"],"inLanguage":"pt-BR","potentialAction":[{"@type":"CommentAction","name":"Comment","target":["https:\/\/diariodepe.com.br\/cri\/2024\/05\/30\/independencia-de-taiwan-e-destinada-ao-fracasso\/#respond"]}]},{"@type":"WebPage","@id":"https:\/\/diariodepe.com.br\/cri\/2024\/05\/30\/independencia-de-taiwan-e-destinada-ao-fracasso\/","url":"https:\/\/diariodepe.com.br\/cri\/2024\/05\/30\/independencia-de-taiwan-e-destinada-ao-fracasso\/","name":"\u201cIndepend\u00eancia de Taiwan\u201d \u00e9 destinada ao fracasso - CRI e Diario de Pernambuco","isPartOf":{"@id":"https:\/\/diariodepe.com.br\/cri\/#website"},"primaryImageOfPage":{"@id":"https:\/\/diariodepe.com.br\/cri\/2024\/05\/30\/independencia-de-taiwan-e-destinada-ao-fracasso\/#primaryimage"},"image":{"@id":"https:\/\/diariodepe.com.br\/cri\/2024\/05\/30\/independencia-de-taiwan-e-destinada-ao-fracasso\/#primaryimage"},"thumbnailUrl":"https:\/\/p2crires.cri.cn\/photoworkspace\/cri\/contentimg\/2024\/05\/28\/2024052821145593340.jpg","datePublished":"2024-05-31T02:43:29+00:00","breadcrumb":{"@id":"https:\/\/diariodepe.com.br\/cri\/2024\/05\/30\/independencia-de-taiwan-e-destinada-ao-fracasso\/#breadcrumb"},"inLanguage":"pt-BR","potentialAction":[{"@type":"ReadAction","target":["https:\/\/diariodepe.com.br\/cri\/2024\/05\/30\/independencia-de-taiwan-e-destinada-ao-fracasso\/"]}]},{"@type":"ImageObject","inLanguage":"pt-BR","@id":"https:\/\/diariodepe.com.br\/cri\/2024\/05\/30\/independencia-de-taiwan-e-destinada-ao-fracasso\/#primaryimage","url":"https:\/\/p2crires.cri.cn\/photoworkspace\/cri\/contentimg\/2024\/05\/28\/2024052821145593340.jpg","contentUrl":"https:\/\/p2crires.cri.cn\/photoworkspace\/cri\/contentimg\/2024\/05\/28\/2024052821145593340.jpg"},{"@type":"BreadcrumbList","@id":"https:\/\/diariodepe.com.br\/cri\/2024\/05\/30\/independencia-de-taiwan-e-destinada-ao-fracasso\/#breadcrumb","itemListElement":[{"@type":"ListItem","position":1,"name":"In\u00edcio","item":"https:\/\/diariodepe.com.br\/cri\/"},{"@type":"ListItem","position":2,"name":"\u201cIndepend\u00eancia de Taiwan\u201d \u00e9 destinada ao fracasso"}]},{"@type":"WebSite","@id":"https:\/\/diariodepe.com.br\/cri\/#website","url":"https:\/\/diariodepe.com.br\/cri\/","name":"CRI e Diario de Pernambuco","description":"R\u00e1dio Internacional da China","publisher":{"@id":"https:\/\/diariodepe.com.br\/cri\/#organization"},"potentialAction":[{"@type":"SearchAction","target":{"@type":"EntryPoint","urlTemplate":"https:\/\/diariodepe.com.br\/cri\/?s={search_term_string}"},"query-input":{"@type":"PropertyValueSpecification","valueRequired":true,"valueName":"search_term_string"}}],"inLanguage":"pt-BR"},{"@type":"Organization","@id":"https:\/\/diariodepe.com.br\/cri\/#organization","name":"CRI e Diario de Pernambuco","url":"https:\/\/diariodepe.com.br\/cri\/","logo":{"@type":"ImageObject","inLanguage":"pt-BR","@id":"https:\/\/diariodepe.com.br\/cri\/#\/schema\/logo\/image\/","url":"https:\/\/diariodepe.com.br\/cri\/wp-content\/uploads\/sites\/2\/2022\/12\/cropped-Logo.jpg","contentUrl":"https:\/\/diariodepe.com.br\/cri\/wp-content\/uploads\/sites\/2\/2022\/12\/cropped-Logo.jpg","width":700,"height":59,"caption":"CRI e Diario de Pernambuco"},"image":{"@id":"https:\/\/diariodepe.com.br\/cri\/#\/schema\/logo\/image\/"}},{"@type":"Person","@id":"https:\/\/diariodepe.com.br\/cri\/#\/schema\/person\/121bb28d84f1a5b1205ef4ce9c2e0c6b","name":"Ismael Lucas S. Pereira","image":{"@type":"ImageObject","inLanguage":"pt-BR","@id":"https:\/\/secure.gravatar.com\/avatar\/887a0f3b5a7ceea963a48499fb883ffce6b5037362def025c52c2505b15d63e4?s=96&d=mm&r=g","url":"https:\/\/secure.gravatar.com\/avatar\/887a0f3b5a7ceea963a48499fb883ffce6b5037362def025c52c2505b15d63e4?s=96&d=mm&r=g","contentUrl":"https:\/\/secure.gravatar.com\/avatar\/887a0f3b5a7ceea963a48499fb883ffce6b5037362def025c52c2505b15d63e4?s=96&d=mm&r=g","caption":"Ismael Lucas S. Pereira"},"url":"https:\/\/diariodepe.com.br\/cri\/author\/ismael-lucas\/"}]}},"cc_featured_image_caption":{"caption_text":false,"source_text":false,"source_url":false},"amp_enabled":true,"_links":{"self":[{"href":"https:\/\/diariodepe.com.br\/cri\/wp-json\/wp\/v2\/posts\/5425","targetHints":{"allow":["GET"]}}],"collection":[{"href":"https:\/\/diariodepe.com.br\/cri\/wp-json\/wp\/v2\/posts"}],"about":[{"href":"https:\/\/diariodepe.com.br\/cri\/wp-json\/wp\/v2\/types\/post"}],"author":[{"embeddable":true,"href":"https:\/\/diariodepe.com.br\/cri\/wp-json\/wp\/v2\/users\/2"}],"replies":[{"embeddable":true,"href":"https:\/\/diariodepe.com.br\/cri\/wp-json\/wp\/v2\/comments?post=5425"}],"version-history":[{"count":1,"href":"https:\/\/diariodepe.com.br\/cri\/wp-json\/wp\/v2\/posts\/5425\/revisions"}],"predecessor-version":[{"id":5426,"href":"https:\/\/diariodepe.com.br\/cri\/wp-json\/wp\/v2\/posts\/5425\/revisions\/5426"}],"wp:attachment":[{"href":"https:\/\/diariodepe.com.br\/cri\/wp-json\/wp\/v2\/media?parent=5425"}],"wp:term":[{"taxonomy":"category","embeddable":true,"href":"https:\/\/diariodepe.com.br\/cri\/wp-json\/wp\/v2\/categories?post=5425"},{"taxonomy":"post_tag","embeddable":true,"href":"https:\/\/diariodepe.com.br\/cri\/wp-json\/wp\/v2\/tags?post=5425"}],"curies":[{"name":"wp","href":"https:\/\/api.w.org\/{rel}","templated":true}]}}