{"id":5416,"date":"2024-05-30T23:40:56","date_gmt":"2024-05-31T02:40:56","guid":{"rendered":"https:\/\/diariodepe.com.br\/cri\/?p=5416"},"modified":"2024-05-30T23:40:56","modified_gmt":"2024-05-31T02:40:56","slug":"comentario-china-japao-e-coreia-do-sul-aceleram-cooperacao","status":"publish","type":"post","link":"https:\/\/diariodepe.com.br\/cri\/2024\/05\/30\/comentario-china-japao-e-coreia-do-sul-aceleram-cooperacao\/","title":{"rendered":"Coment\u00e1rio: China, Jap\u00e3o e Coreia do Sul aceleram coopera\u00e7\u00e3o"},"content":{"rendered":"<p>H\u00e1 25 anos, em 1999, l\u00edderes da China, Jap\u00e3o e Coreia do Sul iniciaram o processo de coopera\u00e7\u00e3o durante o Encontro dos 10 (Asean) + 3 (China, Jap\u00e3o e Coreia do Sul). O objetivo naquele momento era liderar o planejamento da coopera\u00e7\u00e3o trilateral e responder conjuntamente \u00e0 crise financeira asi\u00e1tica.<\/p>\n<p>Ao longo dos \u00faltimos 25 anos, a coopera\u00e7\u00e3o trilateral avan\u00e7ou apesar de reviravoltas, desempenhando um papel importante na promo\u00e7\u00e3o do crescimento econ\u00f4mico regional e mundial e na lideran\u00e7a da integra\u00e7\u00e3o regional. Durante este per\u00edodo, devido a fatores como a epidemia de Covid-19 e a provoca\u00e7\u00e3o de confronto e divis\u00e3o pelos Estados Unidos na \u00c1sia-Pac\u00edfico, a coopera\u00e7\u00e3o trilateral ficou \u201cparalisada\u201d ap\u00f3s a 8\u00aa reuni\u00e3o dos l\u00edderes China-Jap\u00e3o-Coreia do Sul em dezembro de 2019. Em novembro de 2023, o encontro em S\u00e3o Francisco entre os chefes de estado da China e dos Estados Unidos ajudou a estabilizar as rela\u00e7\u00f5es sino-norte-americanas. Tamb\u00e9m levou \u00e0 melhoria das rela\u00e7\u00f5es China-Jap\u00e3o e China-Coreia do Sul, criando condi\u00e7\u00f5es para a retomada da reuni\u00e3o de l\u00edderes dos tr\u00eas pa\u00edses.<\/p>\n<p>Na segunda-feira (27), a 9\u00aa reuni\u00e3o de l\u00edderes China-Jap\u00e3o-Coreia do Sul foi realizada em Seul, capital da Coreia do Sul. As tr\u00eas partes emitiram uma declara\u00e7\u00e3o conjunta e concordaram por unanimidade em implementar as Perspectivas de Coopera\u00e7\u00e3o China-Jap\u00e3o-Coreia do Sul nos Pr\u00f3ximos Dez Anos, promovendo a institucionaliza\u00e7\u00e3o da coopera\u00e7\u00e3o trilateral para salvaguardar conjuntamente a paz, a estabilidade, o desenvolvimento e a prosperidade mundiais.<\/p>\n<p>Analistas salientaram que, no contexto da situa\u00e7\u00e3o internacional turbulenta e da lenta recupera\u00e7\u00e3o econ\u00f4mica global, a convoca\u00e7\u00e3o da reuni\u00e3o reflete a import\u00e2ncia da coopera\u00e7\u00e3o entre os tr\u00eas pa\u00edses, e o regresso racional da atitude do Jap\u00e3o e da Coreia do Sul em rela\u00e7\u00e3o \u00e0 China, bem como o aquecimento da atmosfera pol\u00edtica entre os tr\u00eas pa\u00edses.<\/p>\n<p>Com um novo ponto de partida, como poder\u00e3o a China, o Jap\u00e3o e a Coreia do Sul acelerar a coopera\u00e7\u00e3o? O primeiro-ministro chin\u00eas, Li Qiang, apresentou cinco sugest\u00f5es na reuni\u00e3o, pedindo um rein\u00edcio abrangente da coopera\u00e7\u00e3o, um aprofundamento da conectividade econ\u00f4mica e comercial, uma lideran\u00e7a da coopera\u00e7\u00e3o em inova\u00e7\u00e3o cient\u00edfica e tecnol\u00f3gica, um estreitamento dos la\u00e7os interpessoais e dos interc\u00e2mbios culturais, bem como uma promo\u00e7\u00e3o do desenvolvimento sustent\u00e1vel, recebendo respostas positivas dos l\u00edderes da Coreia do Sul e do Jap\u00e3o.<\/p>\n<p>Os tr\u00eas pa\u00edses ir\u00e3o aprofundar coopera\u00e7\u00f5es em seis \u00e1reas, incluindo interc\u00e2mbios culturais e interpessoais, desenvolvimento sustent\u00e1vel, economia e com\u00e9rcio, sa\u00fade p\u00fablica e al\u00edvio em desastres naturais.<\/p>\n<p>Vale a pena notar que, desta vez, os tr\u00eas pa\u00edses asi\u00e1ticos propuseram reiniciar as negocia\u00e7\u00f5es sobre o Acordo Trilateral de Livre Com\u00e9rcio para refor\u00e7ar o la\u00e7o econ\u00f4mico e comercial, especialmente na cadeia industrial e na cadeia de abastecimento.<\/p>\n<p>A coopera\u00e7\u00e3o trilateral tem tamb\u00e9m desafios. Os Estados Unidos est\u00e3o intensificando seus esfor\u00e7os para promover a \u201cEstrat\u00e9gia Indo-Pac\u00edfico\u201d para conter a China. Como aliados de Washington, o Jap\u00e3o e a Coreia do Sul s\u00e3o contidos no desenvolvimento das suas rela\u00e7\u00f5es com a China. Al\u00e9m disso, os tr\u00eas pa\u00edses mant\u00eam diverg\u00eancias em quest\u00f5es hist\u00f3ricas e outros assuntos, o que afeta a confian\u00e7a pol\u00edtica entre eles.<\/p>\n","protected":false},"excerpt":{"rendered":"<p>H\u00e1 25 anos, em 1999, l\u00edderes da China, Jap\u00e3o e Coreia do Sul iniciaram o processo de coopera\u00e7\u00e3o durante o Encontro dos 10 (Asean) + 3 (China, Jap\u00e3o e Coreia do Sul). O objetivo naquele momento era liderar o planejamento&#8230;<\/p>\n","protected":false},"author":2,"featured_media":0,"comment_status":"open","ping_status":"open","sticky":false,"template":"","format":"standard","meta":{"footnotes":""},"categories":[7],"tags":[],"class_list":["post-5416","post","type-post","status-publish","format-standard","hentry","category-visao"],"yoast_head":"<!-- This site is optimized with the Yoast SEO plugin v27.4 - https:\/\/yoast.com\/product\/yoast-seo-wordpress\/ -->\n<title>Coment\u00e1rio: China, Jap\u00e3o e Coreia do Sul aceleram coopera\u00e7\u00e3o - CRI e Diario de Pernambuco<\/title>\n<meta name=\"robots\" content=\"index, follow, max-snippet:-1, max-image-preview:large, max-video-preview:-1\" \/>\n<link rel=\"canonical\" href=\"https:\/\/diariodepe.com.br\/cri\/2024\/05\/30\/comentario-china-japao-e-coreia-do-sul-aceleram-cooperacao\/\" \/>\n<meta property=\"og:locale\" content=\"pt_BR\" \/>\n<meta property=\"og:type\" content=\"article\" \/>\n<meta property=\"og:title\" content=\"Coment\u00e1rio: China, Jap\u00e3o e Coreia do Sul aceleram coopera\u00e7\u00e3o - CRI e Diario de Pernambuco\" \/>\n<meta property=\"og:description\" content=\"H\u00e1 25 anos, em 1999, l\u00edderes da China, Jap\u00e3o e Coreia do Sul iniciaram o processo de coopera\u00e7\u00e3o durante o Encontro dos 10 (Asean) + 3 (China, Jap\u00e3o e Coreia do Sul). O objetivo naquele momento era liderar o planejamento...\" \/>\n<meta property=\"og:url\" content=\"https:\/\/diariodepe.com.br\/cri\/2024\/05\/30\/comentario-china-japao-e-coreia-do-sul-aceleram-cooperacao\/\" \/>\n<meta property=\"og:site_name\" content=\"CRI e Diario de Pernambuco\" \/>\n<meta property=\"article:published_time\" content=\"2024-05-31T02:40:56+00:00\" \/>\n<meta name=\"author\" content=\"Ismael Lucas S. Pereira\" \/>\n<meta name=\"twitter:card\" content=\"summary_large_image\" \/>\n<meta name=\"twitter:label1\" content=\"Escrito por\" \/>\n\t<meta name=\"twitter:data1\" content=\"Ismael Lucas S. Pereira\" \/>\n\t<meta name=\"twitter:label2\" content=\"Est. tempo de leitura\" \/>\n\t<meta name=\"twitter:data2\" content=\"3 minutos\" \/>\n<script type=\"application\/ld+json\" class=\"yoast-schema-graph\">{\"@context\":\"https:\\\/\\\/schema.org\",\"@graph\":[{\"@type\":\"Article\",\"@id\":\"https:\\\/\\\/diariodepe.com.br\\\/cri\\\/2024\\\/05\\\/30\\\/comentario-china-japao-e-coreia-do-sul-aceleram-cooperacao\\\/#article\",\"isPartOf\":{\"@id\":\"https:\\\/\\\/diariodepe.com.br\\\/cri\\\/2024\\\/05\\\/30\\\/comentario-china-japao-e-coreia-do-sul-aceleram-cooperacao\\\/\"},\"author\":{\"name\":\"Ismael Lucas S. Pereira\",\"@id\":\"https:\\\/\\\/diariodepe.com.br\\\/cri\\\/#\\\/schema\\\/person\\\/121bb28d84f1a5b1205ef4ce9c2e0c6b\"},\"headline\":\"Coment\u00e1rio: China, Jap\u00e3o e Coreia do Sul aceleram coopera\u00e7\u00e3o\",\"datePublished\":\"2024-05-31T02:40:56+00:00\",\"mainEntityOfPage\":{\"@id\":\"https:\\\/\\\/diariodepe.com.br\\\/cri\\\/2024\\\/05\\\/30\\\/comentario-china-japao-e-coreia-do-sul-aceleram-cooperacao\\\/\"},\"wordCount\":607,\"commentCount\":0,\"publisher\":{\"@id\":\"https:\\\/\\\/diariodepe.com.br\\\/cri\\\/#organization\"},\"articleSection\":[\"Vis\u00e3o\"],\"inLanguage\":\"pt-BR\",\"potentialAction\":[{\"@type\":\"CommentAction\",\"name\":\"Comment\",\"target\":[\"https:\\\/\\\/diariodepe.com.br\\\/cri\\\/2024\\\/05\\\/30\\\/comentario-china-japao-e-coreia-do-sul-aceleram-cooperacao\\\/#respond\"]}]},{\"@type\":\"WebPage\",\"@id\":\"https:\\\/\\\/diariodepe.com.br\\\/cri\\\/2024\\\/05\\\/30\\\/comentario-china-japao-e-coreia-do-sul-aceleram-cooperacao\\\/\",\"url\":\"https:\\\/\\\/diariodepe.com.br\\\/cri\\\/2024\\\/05\\\/30\\\/comentario-china-japao-e-coreia-do-sul-aceleram-cooperacao\\\/\",\"name\":\"Coment\u00e1rio: China, Jap\u00e3o e Coreia do Sul aceleram coopera\u00e7\u00e3o - CRI e Diario de Pernambuco\",\"isPartOf\":{\"@id\":\"https:\\\/\\\/diariodepe.com.br\\\/cri\\\/#website\"},\"datePublished\":\"2024-05-31T02:40:56+00:00\",\"breadcrumb\":{\"@id\":\"https:\\\/\\\/diariodepe.com.br\\\/cri\\\/2024\\\/05\\\/30\\\/comentario-china-japao-e-coreia-do-sul-aceleram-cooperacao\\\/#breadcrumb\"},\"inLanguage\":\"pt-BR\",\"potentialAction\":[{\"@type\":\"ReadAction\",\"target\":[\"https:\\\/\\\/diariodepe.com.br\\\/cri\\\/2024\\\/05\\\/30\\\/comentario-china-japao-e-coreia-do-sul-aceleram-cooperacao\\\/\"]}]},{\"@type\":\"BreadcrumbList\",\"@id\":\"https:\\\/\\\/diariodepe.com.br\\\/cri\\\/2024\\\/05\\\/30\\\/comentario-china-japao-e-coreia-do-sul-aceleram-cooperacao\\\/#breadcrumb\",\"itemListElement\":[{\"@type\":\"ListItem\",\"position\":1,\"name\":\"In\u00edcio\",\"item\":\"https:\\\/\\\/diariodepe.com.br\\\/cri\\\/\"},{\"@type\":\"ListItem\",\"position\":2,\"name\":\"Coment\u00e1rio: China, Jap\u00e3o e Coreia do Sul aceleram coopera\u00e7\u00e3o\"}]},{\"@type\":\"WebSite\",\"@id\":\"https:\\\/\\\/diariodepe.com.br\\\/cri\\\/#website\",\"url\":\"https:\\\/\\\/diariodepe.com.br\\\/cri\\\/\",\"name\":\"CRI e Diario de Pernambuco\",\"description\":\"R\u00e1dio Internacional da China\",\"publisher\":{\"@id\":\"https:\\\/\\\/diariodepe.com.br\\\/cri\\\/#organization\"},\"potentialAction\":[{\"@type\":\"SearchAction\",\"target\":{\"@type\":\"EntryPoint\",\"urlTemplate\":\"https:\\\/\\\/diariodepe.com.br\\\/cri\\\/?s={search_term_string}\"},\"query-input\":{\"@type\":\"PropertyValueSpecification\",\"valueRequired\":true,\"valueName\":\"search_term_string\"}}],\"inLanguage\":\"pt-BR\"},{\"@type\":\"Organization\",\"@id\":\"https:\\\/\\\/diariodepe.com.br\\\/cri\\\/#organization\",\"name\":\"CRI e Diario de Pernambuco\",\"url\":\"https:\\\/\\\/diariodepe.com.br\\\/cri\\\/\",\"logo\":{\"@type\":\"ImageObject\",\"inLanguage\":\"pt-BR\",\"@id\":\"https:\\\/\\\/diariodepe.com.br\\\/cri\\\/#\\\/schema\\\/logo\\\/image\\\/\",\"url\":\"https:\\\/\\\/diariodepe.com.br\\\/cri\\\/wp-content\\\/uploads\\\/sites\\\/2\\\/2022\\\/12\\\/cropped-Logo.jpg\",\"contentUrl\":\"https:\\\/\\\/diariodepe.com.br\\\/cri\\\/wp-content\\\/uploads\\\/sites\\\/2\\\/2022\\\/12\\\/cropped-Logo.jpg\",\"width\":700,\"height\":59,\"caption\":\"CRI e Diario de Pernambuco\"},\"image\":{\"@id\":\"https:\\\/\\\/diariodepe.com.br\\\/cri\\\/#\\\/schema\\\/logo\\\/image\\\/\"}},{\"@type\":\"Person\",\"@id\":\"https:\\\/\\\/diariodepe.com.br\\\/cri\\\/#\\\/schema\\\/person\\\/121bb28d84f1a5b1205ef4ce9c2e0c6b\",\"name\":\"Ismael Lucas S. Pereira\",\"image\":{\"@type\":\"ImageObject\",\"inLanguage\":\"pt-BR\",\"@id\":\"https:\\\/\\\/secure.gravatar.com\\\/avatar\\\/887a0f3b5a7ceea963a48499fb883ffce6b5037362def025c52c2505b15d63e4?s=96&d=mm&r=g\",\"url\":\"https:\\\/\\\/secure.gravatar.com\\\/avatar\\\/887a0f3b5a7ceea963a48499fb883ffce6b5037362def025c52c2505b15d63e4?s=96&d=mm&r=g\",\"contentUrl\":\"https:\\\/\\\/secure.gravatar.com\\\/avatar\\\/887a0f3b5a7ceea963a48499fb883ffce6b5037362def025c52c2505b15d63e4?s=96&d=mm&r=g\",\"caption\":\"Ismael Lucas S. Pereira\"},\"url\":\"https:\\\/\\\/diariodepe.com.br\\\/cri\\\/author\\\/ismael-lucas\\\/\"}]}<\/script>\n<!-- \/ Yoast SEO plugin. -->","yoast_head_json":{"title":"Coment\u00e1rio: China, Jap\u00e3o e Coreia do Sul aceleram coopera\u00e7\u00e3o - CRI e Diario de Pernambuco","robots":{"index":"index","follow":"follow","max-snippet":"max-snippet:-1","max-image-preview":"max-image-preview:large","max-video-preview":"max-video-preview:-1"},"canonical":"https:\/\/diariodepe.com.br\/cri\/2024\/05\/30\/comentario-china-japao-e-coreia-do-sul-aceleram-cooperacao\/","og_locale":"pt_BR","og_type":"article","og_title":"Coment\u00e1rio: China, Jap\u00e3o e Coreia do Sul aceleram coopera\u00e7\u00e3o - CRI e Diario de Pernambuco","og_description":"H\u00e1 25 anos, em 1999, l\u00edderes da China, Jap\u00e3o e Coreia do Sul iniciaram o processo de coopera\u00e7\u00e3o durante o Encontro dos 10 (Asean) + 3 (China, Jap\u00e3o e Coreia do Sul). O objetivo naquele momento era liderar o planejamento...","og_url":"https:\/\/diariodepe.com.br\/cri\/2024\/05\/30\/comentario-china-japao-e-coreia-do-sul-aceleram-cooperacao\/","og_site_name":"CRI e Diario de Pernambuco","article_published_time":"2024-05-31T02:40:56+00:00","author":"Ismael Lucas S. Pereira","twitter_card":"summary_large_image","twitter_misc":{"Escrito por":"Ismael Lucas S. Pereira","Est. tempo de leitura":"3 minutos"},"schema":{"@context":"https:\/\/schema.org","@graph":[{"@type":"Article","@id":"https:\/\/diariodepe.com.br\/cri\/2024\/05\/30\/comentario-china-japao-e-coreia-do-sul-aceleram-cooperacao\/#article","isPartOf":{"@id":"https:\/\/diariodepe.com.br\/cri\/2024\/05\/30\/comentario-china-japao-e-coreia-do-sul-aceleram-cooperacao\/"},"author":{"name":"Ismael Lucas S. Pereira","@id":"https:\/\/diariodepe.com.br\/cri\/#\/schema\/person\/121bb28d84f1a5b1205ef4ce9c2e0c6b"},"headline":"Coment\u00e1rio: China, Jap\u00e3o e Coreia do Sul aceleram coopera\u00e7\u00e3o","datePublished":"2024-05-31T02:40:56+00:00","mainEntityOfPage":{"@id":"https:\/\/diariodepe.com.br\/cri\/2024\/05\/30\/comentario-china-japao-e-coreia-do-sul-aceleram-cooperacao\/"},"wordCount":607,"commentCount":0,"publisher":{"@id":"https:\/\/diariodepe.com.br\/cri\/#organization"},"articleSection":["Vis\u00e3o"],"inLanguage":"pt-BR","potentialAction":[{"@type":"CommentAction","name":"Comment","target":["https:\/\/diariodepe.com.br\/cri\/2024\/05\/30\/comentario-china-japao-e-coreia-do-sul-aceleram-cooperacao\/#respond"]}]},{"@type":"WebPage","@id":"https:\/\/diariodepe.com.br\/cri\/2024\/05\/30\/comentario-china-japao-e-coreia-do-sul-aceleram-cooperacao\/","url":"https:\/\/diariodepe.com.br\/cri\/2024\/05\/30\/comentario-china-japao-e-coreia-do-sul-aceleram-cooperacao\/","name":"Coment\u00e1rio: China, Jap\u00e3o e Coreia do Sul aceleram coopera\u00e7\u00e3o - CRI e Diario de Pernambuco","isPartOf":{"@id":"https:\/\/diariodepe.com.br\/cri\/#website"},"datePublished":"2024-05-31T02:40:56+00:00","breadcrumb":{"@id":"https:\/\/diariodepe.com.br\/cri\/2024\/05\/30\/comentario-china-japao-e-coreia-do-sul-aceleram-cooperacao\/#breadcrumb"},"inLanguage":"pt-BR","potentialAction":[{"@type":"ReadAction","target":["https:\/\/diariodepe.com.br\/cri\/2024\/05\/30\/comentario-china-japao-e-coreia-do-sul-aceleram-cooperacao\/"]}]},{"@type":"BreadcrumbList","@id":"https:\/\/diariodepe.com.br\/cri\/2024\/05\/30\/comentario-china-japao-e-coreia-do-sul-aceleram-cooperacao\/#breadcrumb","itemListElement":[{"@type":"ListItem","position":1,"name":"In\u00edcio","item":"https:\/\/diariodepe.com.br\/cri\/"},{"@type":"ListItem","position":2,"name":"Coment\u00e1rio: China, Jap\u00e3o e Coreia do Sul aceleram coopera\u00e7\u00e3o"}]},{"@type":"WebSite","@id":"https:\/\/diariodepe.com.br\/cri\/#website","url":"https:\/\/diariodepe.com.br\/cri\/","name":"CRI e Diario de Pernambuco","description":"R\u00e1dio Internacional da China","publisher":{"@id":"https:\/\/diariodepe.com.br\/cri\/#organization"},"potentialAction":[{"@type":"SearchAction","target":{"@type":"EntryPoint","urlTemplate":"https:\/\/diariodepe.com.br\/cri\/?s={search_term_string}"},"query-input":{"@type":"PropertyValueSpecification","valueRequired":true,"valueName":"search_term_string"}}],"inLanguage":"pt-BR"},{"@type":"Organization","@id":"https:\/\/diariodepe.com.br\/cri\/#organization","name":"CRI e Diario de Pernambuco","url":"https:\/\/diariodepe.com.br\/cri\/","logo":{"@type":"ImageObject","inLanguage":"pt-BR","@id":"https:\/\/diariodepe.com.br\/cri\/#\/schema\/logo\/image\/","url":"https:\/\/diariodepe.com.br\/cri\/wp-content\/uploads\/sites\/2\/2022\/12\/cropped-Logo.jpg","contentUrl":"https:\/\/diariodepe.com.br\/cri\/wp-content\/uploads\/sites\/2\/2022\/12\/cropped-Logo.jpg","width":700,"height":59,"caption":"CRI e Diario de Pernambuco"},"image":{"@id":"https:\/\/diariodepe.com.br\/cri\/#\/schema\/logo\/image\/"}},{"@type":"Person","@id":"https:\/\/diariodepe.com.br\/cri\/#\/schema\/person\/121bb28d84f1a5b1205ef4ce9c2e0c6b","name":"Ismael Lucas S. Pereira","image":{"@type":"ImageObject","inLanguage":"pt-BR","@id":"https:\/\/secure.gravatar.com\/avatar\/887a0f3b5a7ceea963a48499fb883ffce6b5037362def025c52c2505b15d63e4?s=96&d=mm&r=g","url":"https:\/\/secure.gravatar.com\/avatar\/887a0f3b5a7ceea963a48499fb883ffce6b5037362def025c52c2505b15d63e4?s=96&d=mm&r=g","contentUrl":"https:\/\/secure.gravatar.com\/avatar\/887a0f3b5a7ceea963a48499fb883ffce6b5037362def025c52c2505b15d63e4?s=96&d=mm&r=g","caption":"Ismael Lucas S. Pereira"},"url":"https:\/\/diariodepe.com.br\/cri\/author\/ismael-lucas\/"}]}},"cc_featured_image_caption":{"caption_text":false,"source_text":false,"source_url":false},"amp_enabled":true,"_links":{"self":[{"href":"https:\/\/diariodepe.com.br\/cri\/wp-json\/wp\/v2\/posts\/5416","targetHints":{"allow":["GET"]}}],"collection":[{"href":"https:\/\/diariodepe.com.br\/cri\/wp-json\/wp\/v2\/posts"}],"about":[{"href":"https:\/\/diariodepe.com.br\/cri\/wp-json\/wp\/v2\/types\/post"}],"author":[{"embeddable":true,"href":"https:\/\/diariodepe.com.br\/cri\/wp-json\/wp\/v2\/users\/2"}],"replies":[{"embeddable":true,"href":"https:\/\/diariodepe.com.br\/cri\/wp-json\/wp\/v2\/comments?post=5416"}],"version-history":[{"count":1,"href":"https:\/\/diariodepe.com.br\/cri\/wp-json\/wp\/v2\/posts\/5416\/revisions"}],"predecessor-version":[{"id":5417,"href":"https:\/\/diariodepe.com.br\/cri\/wp-json\/wp\/v2\/posts\/5416\/revisions\/5417"}],"wp:attachment":[{"href":"https:\/\/diariodepe.com.br\/cri\/wp-json\/wp\/v2\/media?parent=5416"}],"wp:term":[{"taxonomy":"category","embeddable":true,"href":"https:\/\/diariodepe.com.br\/cri\/wp-json\/wp\/v2\/categories?post=5416"},{"taxonomy":"post_tag","embeddable":true,"href":"https:\/\/diariodepe.com.br\/cri\/wp-json\/wp\/v2\/tags?post=5416"}],"curies":[{"name":"wp","href":"https:\/\/api.w.org\/{rel}","templated":true}]}}