{"id":5413,"date":"2024-05-30T23:40:27","date_gmt":"2024-05-31T02:40:27","guid":{"rendered":"https:\/\/diariodepe.com.br\/cri\/?p=5413"},"modified":"2024-05-30T23:40:27","modified_gmt":"2024-05-31T02:40:27","slug":"li-qiang-participa-da-oitava-cupula-empresarial-china-japao-coreia-do-sul-2","status":"publish","type":"post","link":"https:\/\/diariodepe.com.br\/cri\/2024\/05\/30\/li-qiang-participa-da-oitava-cupula-empresarial-china-japao-coreia-do-sul-2\/","title":{"rendered":"Li Qiang participa da oitava C\u00fapula Empresarial China-Jap\u00e3o-Coreia do Sul"},"content":{"rendered":"<p>O primeiro-ministro chin\u00eas, Li Qiang,\u00a0participou hoje (27) da oitava C\u00fapula Empresarial China-Jap\u00e3o-Coreia\u00a0do Sul.<\/p>\n<p>Na ocasi\u00e3o, Li Qiang\u00a0afirmou que a China, o Jap\u00e3o e a Coreia do Sul devem se esfor\u00e7ar para rejeitar a perturba\u00e7\u00e3o externa e permanecer comprometidos com a coexist\u00eancia harmoniosa e o apoio m\u00fatuo.\u00a0\u201cA China est\u00e1 disposta a trabalhar com a Coreia do Sul\u00a0e o Jap\u00e3o para continuar aprofundando os interc\u00e2mbios e a coopera\u00e7\u00e3o em v\u00e1rios campos, acelerar a integra\u00e7\u00e3o regional e contribuir para a constru\u00e7\u00e3o de uma nova situa\u00e7\u00e3o de paz, estabilidade, desenvolvimento e prosperidade\u201d, disse Li Qiang.<\/p>\n<p>Segundo o primeiro-ministro chin\u00eas,\u00a0os empres\u00e1rios desempenham um papel importante na promo\u00e7\u00e3o da coopera\u00e7\u00e3o econ\u00f4mica e comercial e do interc\u00e2mbio em v\u00e1rios dom\u00ednios entre os tr\u00eas pa\u00edses. Espera-se que sejam defensores de cadeias industriais e de suprimentos globais est\u00e1veis\u00a0e\u00a0impulsionem conjuntamente o progresso tecnol\u00f3gico e a melhoria da competitividade industrial, al\u00e9m de promoverem a\u00a0expans\u00e3o dos interc\u00e2mbios interpessoais.<\/p>\n<p>Os l\u00edderes da Coreia\u00a0do Sul\u00a0e do Jap\u00e3o salientaram que a coopera\u00e7\u00e3o econ\u00f4mica e comercial entre os tr\u00eas pa\u00edses alcan\u00e7ou resultados frut\u00edferos, o que\u00a0promoveu efetivamente o desenvolvimento econ\u00f4mico\u00a0global.\u00a0Os governos e os setores empresariais dos tr\u00eas pa\u00edses devem fazer esfor\u00e7os para aprofundar ainda mais a coopera\u00e7\u00e3o econ\u00f4mica e comercial, promover os interc\u00e2mbios interpessoais entre jovens, refor\u00e7ar a coopera\u00e7\u00e3o regional em mat\u00e9ria de investimento e lidar em conjunto com as quest\u00f5es globais como as mudan\u00e7as clim\u00e1ticas, fazendo contribui\u00e7\u00f5es positivas para impulsionar o desenvolvimento econ\u00f4mico dos tr\u00eas pa\u00edses e do mundo.<\/p>\n","protected":false},"excerpt":{"rendered":"<p>O primeiro-ministro chin\u00eas, Li Qiang,\u00a0participou hoje (27) da oitava C\u00fapula Empresarial China-Jap\u00e3o-Coreia\u00a0do Sul. Na ocasi\u00e3o, Li Qiang\u00a0afirmou que a China, o Jap\u00e3o e a Coreia do Sul devem se esfor\u00e7ar para rejeitar a perturba\u00e7\u00e3o externa e permanecer comprometidos com a&#8230;<\/p>\n","protected":false},"author":2,"featured_media":5414,"comment_status":"open","ping_status":"open","sticky":false,"template":"","format":"standard","meta":{"footnotes":""},"categories":[5,8],"tags":[],"class_list":["post-5413","post","type-post","status-publish","format-standard","has-post-thumbnail","hentry","category-destaques-capa","category-internacional"],"yoast_head":"<!-- This site is optimized with the Yoast SEO plugin v27.4 - https:\/\/yoast.com\/product\/yoast-seo-wordpress\/ -->\n<title>Li Qiang participa da oitava C\u00fapula Empresarial China-Jap\u00e3o-Coreia do Sul - CRI e Diario de Pernambuco<\/title>\n<meta name=\"robots\" content=\"index, follow, max-snippet:-1, max-image-preview:large, max-video-preview:-1\" \/>\n<link rel=\"canonical\" href=\"https:\/\/diariodepe.com.br\/cri\/2024\/05\/30\/li-qiang-participa-da-oitava-cupula-empresarial-china-japao-coreia-do-sul-2\/\" \/>\n<meta property=\"og:locale\" content=\"pt_BR\" \/>\n<meta property=\"og:type\" content=\"article\" \/>\n<meta property=\"og:title\" content=\"Li Qiang participa da oitava C\u00fapula Empresarial China-Jap\u00e3o-Coreia do Sul - CRI e Diario de Pernambuco\" \/>\n<meta property=\"og:description\" content=\"O primeiro-ministro chin\u00eas, Li Qiang,\u00a0participou hoje (27) da oitava C\u00fapula Empresarial China-Jap\u00e3o-Coreia\u00a0do Sul. Na ocasi\u00e3o, Li Qiang\u00a0afirmou que a China, o Jap\u00e3o e a Coreia do Sul devem se esfor\u00e7ar para rejeitar a perturba\u00e7\u00e3o externa e permanecer comprometidos com a...\" \/>\n<meta property=\"og:url\" content=\"https:\/\/diariodepe.com.br\/cri\/2024\/05\/30\/li-qiang-participa-da-oitava-cupula-empresarial-china-japao-coreia-do-sul-2\/\" \/>\n<meta property=\"og:site_name\" content=\"CRI e Diario de Pernambuco\" \/>\n<meta property=\"article:published_time\" content=\"2024-05-31T02:40:27+00:00\" \/>\n<meta property=\"og:image\" content=\"https:\/\/diariodepe.com.br\/cri\/wp-content\/uploads\/sites\/2\/2024\/05\/2024052720423778523.png\" \/>\n\t<meta property=\"og:image:width\" content=\"900\" \/>\n\t<meta property=\"og:image:height\" content=\"681\" \/>\n\t<meta property=\"og:image:type\" content=\"image\/png\" \/>\n<meta name=\"author\" content=\"Ismael Lucas S. Pereira\" \/>\n<meta name=\"twitter:card\" content=\"summary_large_image\" \/>\n<meta name=\"twitter:label1\" content=\"Escrito por\" \/>\n\t<meta name=\"twitter:data1\" content=\"Ismael Lucas S. Pereira\" \/>\n\t<meta name=\"twitter:label2\" content=\"Est. tempo de leitura\" \/>\n\t<meta name=\"twitter:data2\" content=\"2 minutos\" \/>\n<script type=\"application\/ld+json\" class=\"yoast-schema-graph\">{\"@context\":\"https:\\\/\\\/schema.org\",\"@graph\":[{\"@type\":\"Article\",\"@id\":\"https:\\\/\\\/diariodepe.com.br\\\/cri\\\/2024\\\/05\\\/30\\\/li-qiang-participa-da-oitava-cupula-empresarial-china-japao-coreia-do-sul-2\\\/#article\",\"isPartOf\":{\"@id\":\"https:\\\/\\\/diariodepe.com.br\\\/cri\\\/2024\\\/05\\\/30\\\/li-qiang-participa-da-oitava-cupula-empresarial-china-japao-coreia-do-sul-2\\\/\"},\"author\":{\"name\":\"Ismael Lucas S. Pereira\",\"@id\":\"https:\\\/\\\/diariodepe.com.br\\\/cri\\\/#\\\/schema\\\/person\\\/121bb28d84f1a5b1205ef4ce9c2e0c6b\"},\"headline\":\"Li Qiang participa da oitava C\u00fapula Empresarial China-Jap\u00e3o-Coreia do Sul\",\"datePublished\":\"2024-05-31T02:40:27+00:00\",\"mainEntityOfPage\":{\"@id\":\"https:\\\/\\\/diariodepe.com.br\\\/cri\\\/2024\\\/05\\\/30\\\/li-qiang-participa-da-oitava-cupula-empresarial-china-japao-coreia-do-sul-2\\\/\"},\"wordCount\":314,\"commentCount\":0,\"publisher\":{\"@id\":\"https:\\\/\\\/diariodepe.com.br\\\/cri\\\/#organization\"},\"image\":{\"@id\":\"https:\\\/\\\/diariodepe.com.br\\\/cri\\\/2024\\\/05\\\/30\\\/li-qiang-participa-da-oitava-cupula-empresarial-china-japao-coreia-do-sul-2\\\/#primaryimage\"},\"thumbnailUrl\":\"https:\\\/\\\/diariodepe.com.br\\\/cri\\\/wp-content\\\/uploads\\\/sites\\\/2\\\/2024\\\/05\\\/2024052720423778523.png\",\"articleSection\":[\"Destaques Capa\",\"Internacional\"],\"inLanguage\":\"pt-BR\",\"potentialAction\":[{\"@type\":\"CommentAction\",\"name\":\"Comment\",\"target\":[\"https:\\\/\\\/diariodepe.com.br\\\/cri\\\/2024\\\/05\\\/30\\\/li-qiang-participa-da-oitava-cupula-empresarial-china-japao-coreia-do-sul-2\\\/#respond\"]}]},{\"@type\":\"WebPage\",\"@id\":\"https:\\\/\\\/diariodepe.com.br\\\/cri\\\/2024\\\/05\\\/30\\\/li-qiang-participa-da-oitava-cupula-empresarial-china-japao-coreia-do-sul-2\\\/\",\"url\":\"https:\\\/\\\/diariodepe.com.br\\\/cri\\\/2024\\\/05\\\/30\\\/li-qiang-participa-da-oitava-cupula-empresarial-china-japao-coreia-do-sul-2\\\/\",\"name\":\"Li Qiang participa da oitava C\u00fapula Empresarial China-Jap\u00e3o-Coreia do Sul - CRI e Diario de Pernambuco\",\"isPartOf\":{\"@id\":\"https:\\\/\\\/diariodepe.com.br\\\/cri\\\/#website\"},\"primaryImageOfPage\":{\"@id\":\"https:\\\/\\\/diariodepe.com.br\\\/cri\\\/2024\\\/05\\\/30\\\/li-qiang-participa-da-oitava-cupula-empresarial-china-japao-coreia-do-sul-2\\\/#primaryimage\"},\"image\":{\"@id\":\"https:\\\/\\\/diariodepe.com.br\\\/cri\\\/2024\\\/05\\\/30\\\/li-qiang-participa-da-oitava-cupula-empresarial-china-japao-coreia-do-sul-2\\\/#primaryimage\"},\"thumbnailUrl\":\"https:\\\/\\\/diariodepe.com.br\\\/cri\\\/wp-content\\\/uploads\\\/sites\\\/2\\\/2024\\\/05\\\/2024052720423778523.png\",\"datePublished\":\"2024-05-31T02:40:27+00:00\",\"breadcrumb\":{\"@id\":\"https:\\\/\\\/diariodepe.com.br\\\/cri\\\/2024\\\/05\\\/30\\\/li-qiang-participa-da-oitava-cupula-empresarial-china-japao-coreia-do-sul-2\\\/#breadcrumb\"},\"inLanguage\":\"pt-BR\",\"potentialAction\":[{\"@type\":\"ReadAction\",\"target\":[\"https:\\\/\\\/diariodepe.com.br\\\/cri\\\/2024\\\/05\\\/30\\\/li-qiang-participa-da-oitava-cupula-empresarial-china-japao-coreia-do-sul-2\\\/\"]}]},{\"@type\":\"ImageObject\",\"inLanguage\":\"pt-BR\",\"@id\":\"https:\\\/\\\/diariodepe.com.br\\\/cri\\\/2024\\\/05\\\/30\\\/li-qiang-participa-da-oitava-cupula-empresarial-china-japao-coreia-do-sul-2\\\/#primaryimage\",\"url\":\"https:\\\/\\\/diariodepe.com.br\\\/cri\\\/wp-content\\\/uploads\\\/sites\\\/2\\\/2024\\\/05\\\/2024052720423778523.png\",\"contentUrl\":\"https:\\\/\\\/diariodepe.com.br\\\/cri\\\/wp-content\\\/uploads\\\/sites\\\/2\\\/2024\\\/05\\\/2024052720423778523.png\",\"width\":900,\"height\":681},{\"@type\":\"BreadcrumbList\",\"@id\":\"https:\\\/\\\/diariodepe.com.br\\\/cri\\\/2024\\\/05\\\/30\\\/li-qiang-participa-da-oitava-cupula-empresarial-china-japao-coreia-do-sul-2\\\/#breadcrumb\",\"itemListElement\":[{\"@type\":\"ListItem\",\"position\":1,\"name\":\"In\u00edcio\",\"item\":\"https:\\\/\\\/diariodepe.com.br\\\/cri\\\/\"},{\"@type\":\"ListItem\",\"position\":2,\"name\":\"Li Qiang participa da oitava C\u00fapula Empresarial China-Jap\u00e3o-Coreia do Sul\"}]},{\"@type\":\"WebSite\",\"@id\":\"https:\\\/\\\/diariodepe.com.br\\\/cri\\\/#website\",\"url\":\"https:\\\/\\\/diariodepe.com.br\\\/cri\\\/\",\"name\":\"CRI e Diario de Pernambuco\",\"description\":\"R\u00e1dio Internacional da China\",\"publisher\":{\"@id\":\"https:\\\/\\\/diariodepe.com.br\\\/cri\\\/#organization\"},\"potentialAction\":[{\"@type\":\"SearchAction\",\"target\":{\"@type\":\"EntryPoint\",\"urlTemplate\":\"https:\\\/\\\/diariodepe.com.br\\\/cri\\\/?s={search_term_string}\"},\"query-input\":{\"@type\":\"PropertyValueSpecification\",\"valueRequired\":true,\"valueName\":\"search_term_string\"}}],\"inLanguage\":\"pt-BR\"},{\"@type\":\"Organization\",\"@id\":\"https:\\\/\\\/diariodepe.com.br\\\/cri\\\/#organization\",\"name\":\"CRI e Diario de Pernambuco\",\"url\":\"https:\\\/\\\/diariodepe.com.br\\\/cri\\\/\",\"logo\":{\"@type\":\"ImageObject\",\"inLanguage\":\"pt-BR\",\"@id\":\"https:\\\/\\\/diariodepe.com.br\\\/cri\\\/#\\\/schema\\\/logo\\\/image\\\/\",\"url\":\"https:\\\/\\\/diariodepe.com.br\\\/cri\\\/wp-content\\\/uploads\\\/sites\\\/2\\\/2022\\\/12\\\/cropped-Logo.jpg\",\"contentUrl\":\"https:\\\/\\\/diariodepe.com.br\\\/cri\\\/wp-content\\\/uploads\\\/sites\\\/2\\\/2022\\\/12\\\/cropped-Logo.jpg\",\"width\":700,\"height\":59,\"caption\":\"CRI e Diario de Pernambuco\"},\"image\":{\"@id\":\"https:\\\/\\\/diariodepe.com.br\\\/cri\\\/#\\\/schema\\\/logo\\\/image\\\/\"}},{\"@type\":\"Person\",\"@id\":\"https:\\\/\\\/diariodepe.com.br\\\/cri\\\/#\\\/schema\\\/person\\\/121bb28d84f1a5b1205ef4ce9c2e0c6b\",\"name\":\"Ismael Lucas S. Pereira\",\"image\":{\"@type\":\"ImageObject\",\"inLanguage\":\"pt-BR\",\"@id\":\"https:\\\/\\\/secure.gravatar.com\\\/avatar\\\/887a0f3b5a7ceea963a48499fb883ffce6b5037362def025c52c2505b15d63e4?s=96&d=mm&r=g\",\"url\":\"https:\\\/\\\/secure.gravatar.com\\\/avatar\\\/887a0f3b5a7ceea963a48499fb883ffce6b5037362def025c52c2505b15d63e4?s=96&d=mm&r=g\",\"contentUrl\":\"https:\\\/\\\/secure.gravatar.com\\\/avatar\\\/887a0f3b5a7ceea963a48499fb883ffce6b5037362def025c52c2505b15d63e4?s=96&d=mm&r=g\",\"caption\":\"Ismael Lucas S. Pereira\"},\"url\":\"https:\\\/\\\/diariodepe.com.br\\\/cri\\\/author\\\/ismael-lucas\\\/\"}]}<\/script>\n<!-- \/ Yoast SEO plugin. -->","yoast_head_json":{"title":"Li Qiang participa da oitava C\u00fapula Empresarial China-Jap\u00e3o-Coreia do Sul - CRI e Diario de Pernambuco","robots":{"index":"index","follow":"follow","max-snippet":"max-snippet:-1","max-image-preview":"max-image-preview:large","max-video-preview":"max-video-preview:-1"},"canonical":"https:\/\/diariodepe.com.br\/cri\/2024\/05\/30\/li-qiang-participa-da-oitava-cupula-empresarial-china-japao-coreia-do-sul-2\/","og_locale":"pt_BR","og_type":"article","og_title":"Li Qiang participa da oitava C\u00fapula Empresarial China-Jap\u00e3o-Coreia do Sul - CRI e Diario de Pernambuco","og_description":"O primeiro-ministro chin\u00eas, Li Qiang,\u00a0participou hoje (27) da oitava C\u00fapula Empresarial China-Jap\u00e3o-Coreia\u00a0do Sul. Na ocasi\u00e3o, Li Qiang\u00a0afirmou que a China, o Jap\u00e3o e a Coreia do Sul devem se esfor\u00e7ar para rejeitar a perturba\u00e7\u00e3o externa e permanecer comprometidos com a...","og_url":"https:\/\/diariodepe.com.br\/cri\/2024\/05\/30\/li-qiang-participa-da-oitava-cupula-empresarial-china-japao-coreia-do-sul-2\/","og_site_name":"CRI e Diario de Pernambuco","article_published_time":"2024-05-31T02:40:27+00:00","og_image":[{"width":900,"height":681,"url":"https:\/\/diariodepe.com.br\/cri\/wp-content\/uploads\/sites\/2\/2024\/05\/2024052720423778523.png","type":"image\/png"}],"author":"Ismael Lucas S. Pereira","twitter_card":"summary_large_image","twitter_misc":{"Escrito por":"Ismael Lucas S. Pereira","Est. tempo de leitura":"2 minutos"},"schema":{"@context":"https:\/\/schema.org","@graph":[{"@type":"Article","@id":"https:\/\/diariodepe.com.br\/cri\/2024\/05\/30\/li-qiang-participa-da-oitava-cupula-empresarial-china-japao-coreia-do-sul-2\/#article","isPartOf":{"@id":"https:\/\/diariodepe.com.br\/cri\/2024\/05\/30\/li-qiang-participa-da-oitava-cupula-empresarial-china-japao-coreia-do-sul-2\/"},"author":{"name":"Ismael Lucas S. Pereira","@id":"https:\/\/diariodepe.com.br\/cri\/#\/schema\/person\/121bb28d84f1a5b1205ef4ce9c2e0c6b"},"headline":"Li Qiang participa da oitava C\u00fapula Empresarial China-Jap\u00e3o-Coreia do Sul","datePublished":"2024-05-31T02:40:27+00:00","mainEntityOfPage":{"@id":"https:\/\/diariodepe.com.br\/cri\/2024\/05\/30\/li-qiang-participa-da-oitava-cupula-empresarial-china-japao-coreia-do-sul-2\/"},"wordCount":314,"commentCount":0,"publisher":{"@id":"https:\/\/diariodepe.com.br\/cri\/#organization"},"image":{"@id":"https:\/\/diariodepe.com.br\/cri\/2024\/05\/30\/li-qiang-participa-da-oitava-cupula-empresarial-china-japao-coreia-do-sul-2\/#primaryimage"},"thumbnailUrl":"https:\/\/diariodepe.com.br\/cri\/wp-content\/uploads\/sites\/2\/2024\/05\/2024052720423778523.png","articleSection":["Destaques Capa","Internacional"],"inLanguage":"pt-BR","potentialAction":[{"@type":"CommentAction","name":"Comment","target":["https:\/\/diariodepe.com.br\/cri\/2024\/05\/30\/li-qiang-participa-da-oitava-cupula-empresarial-china-japao-coreia-do-sul-2\/#respond"]}]},{"@type":"WebPage","@id":"https:\/\/diariodepe.com.br\/cri\/2024\/05\/30\/li-qiang-participa-da-oitava-cupula-empresarial-china-japao-coreia-do-sul-2\/","url":"https:\/\/diariodepe.com.br\/cri\/2024\/05\/30\/li-qiang-participa-da-oitava-cupula-empresarial-china-japao-coreia-do-sul-2\/","name":"Li Qiang participa da oitava C\u00fapula Empresarial China-Jap\u00e3o-Coreia do Sul - CRI e Diario de Pernambuco","isPartOf":{"@id":"https:\/\/diariodepe.com.br\/cri\/#website"},"primaryImageOfPage":{"@id":"https:\/\/diariodepe.com.br\/cri\/2024\/05\/30\/li-qiang-participa-da-oitava-cupula-empresarial-china-japao-coreia-do-sul-2\/#primaryimage"},"image":{"@id":"https:\/\/diariodepe.com.br\/cri\/2024\/05\/30\/li-qiang-participa-da-oitava-cupula-empresarial-china-japao-coreia-do-sul-2\/#primaryimage"},"thumbnailUrl":"https:\/\/diariodepe.com.br\/cri\/wp-content\/uploads\/sites\/2\/2024\/05\/2024052720423778523.png","datePublished":"2024-05-31T02:40:27+00:00","breadcrumb":{"@id":"https:\/\/diariodepe.com.br\/cri\/2024\/05\/30\/li-qiang-participa-da-oitava-cupula-empresarial-china-japao-coreia-do-sul-2\/#breadcrumb"},"inLanguage":"pt-BR","potentialAction":[{"@type":"ReadAction","target":["https:\/\/diariodepe.com.br\/cri\/2024\/05\/30\/li-qiang-participa-da-oitava-cupula-empresarial-china-japao-coreia-do-sul-2\/"]}]},{"@type":"ImageObject","inLanguage":"pt-BR","@id":"https:\/\/diariodepe.com.br\/cri\/2024\/05\/30\/li-qiang-participa-da-oitava-cupula-empresarial-china-japao-coreia-do-sul-2\/#primaryimage","url":"https:\/\/diariodepe.com.br\/cri\/wp-content\/uploads\/sites\/2\/2024\/05\/2024052720423778523.png","contentUrl":"https:\/\/diariodepe.com.br\/cri\/wp-content\/uploads\/sites\/2\/2024\/05\/2024052720423778523.png","width":900,"height":681},{"@type":"BreadcrumbList","@id":"https:\/\/diariodepe.com.br\/cri\/2024\/05\/30\/li-qiang-participa-da-oitava-cupula-empresarial-china-japao-coreia-do-sul-2\/#breadcrumb","itemListElement":[{"@type":"ListItem","position":1,"name":"In\u00edcio","item":"https:\/\/diariodepe.com.br\/cri\/"},{"@type":"ListItem","position":2,"name":"Li Qiang participa da oitava C\u00fapula Empresarial China-Jap\u00e3o-Coreia do Sul"}]},{"@type":"WebSite","@id":"https:\/\/diariodepe.com.br\/cri\/#website","url":"https:\/\/diariodepe.com.br\/cri\/","name":"CRI e Diario de Pernambuco","description":"R\u00e1dio Internacional da China","publisher":{"@id":"https:\/\/diariodepe.com.br\/cri\/#organization"},"potentialAction":[{"@type":"SearchAction","target":{"@type":"EntryPoint","urlTemplate":"https:\/\/diariodepe.com.br\/cri\/?s={search_term_string}"},"query-input":{"@type":"PropertyValueSpecification","valueRequired":true,"valueName":"search_term_string"}}],"inLanguage":"pt-BR"},{"@type":"Organization","@id":"https:\/\/diariodepe.com.br\/cri\/#organization","name":"CRI e Diario de Pernambuco","url":"https:\/\/diariodepe.com.br\/cri\/","logo":{"@type":"ImageObject","inLanguage":"pt-BR","@id":"https:\/\/diariodepe.com.br\/cri\/#\/schema\/logo\/image\/","url":"https:\/\/diariodepe.com.br\/cri\/wp-content\/uploads\/sites\/2\/2022\/12\/cropped-Logo.jpg","contentUrl":"https:\/\/diariodepe.com.br\/cri\/wp-content\/uploads\/sites\/2\/2022\/12\/cropped-Logo.jpg","width":700,"height":59,"caption":"CRI e Diario de Pernambuco"},"image":{"@id":"https:\/\/diariodepe.com.br\/cri\/#\/schema\/logo\/image\/"}},{"@type":"Person","@id":"https:\/\/diariodepe.com.br\/cri\/#\/schema\/person\/121bb28d84f1a5b1205ef4ce9c2e0c6b","name":"Ismael Lucas S. Pereira","image":{"@type":"ImageObject","inLanguage":"pt-BR","@id":"https:\/\/secure.gravatar.com\/avatar\/887a0f3b5a7ceea963a48499fb883ffce6b5037362def025c52c2505b15d63e4?s=96&d=mm&r=g","url":"https:\/\/secure.gravatar.com\/avatar\/887a0f3b5a7ceea963a48499fb883ffce6b5037362def025c52c2505b15d63e4?s=96&d=mm&r=g","contentUrl":"https:\/\/secure.gravatar.com\/avatar\/887a0f3b5a7ceea963a48499fb883ffce6b5037362def025c52c2505b15d63e4?s=96&d=mm&r=g","caption":"Ismael Lucas S. Pereira"},"url":"https:\/\/diariodepe.com.br\/cri\/author\/ismael-lucas\/"}]}},"cc_featured_image_caption":{"caption_text":false,"source_text":false,"source_url":false},"amp_enabled":true,"_links":{"self":[{"href":"https:\/\/diariodepe.com.br\/cri\/wp-json\/wp\/v2\/posts\/5413","targetHints":{"allow":["GET"]}}],"collection":[{"href":"https:\/\/diariodepe.com.br\/cri\/wp-json\/wp\/v2\/posts"}],"about":[{"href":"https:\/\/diariodepe.com.br\/cri\/wp-json\/wp\/v2\/types\/post"}],"author":[{"embeddable":true,"href":"https:\/\/diariodepe.com.br\/cri\/wp-json\/wp\/v2\/users\/2"}],"replies":[{"embeddable":true,"href":"https:\/\/diariodepe.com.br\/cri\/wp-json\/wp\/v2\/comments?post=5413"}],"version-history":[{"count":1,"href":"https:\/\/diariodepe.com.br\/cri\/wp-json\/wp\/v2\/posts\/5413\/revisions"}],"predecessor-version":[{"id":5415,"href":"https:\/\/diariodepe.com.br\/cri\/wp-json\/wp\/v2\/posts\/5413\/revisions\/5415"}],"wp:featuredmedia":[{"embeddable":true,"href":"https:\/\/diariodepe.com.br\/cri\/wp-json\/wp\/v2\/media\/5414"}],"wp:attachment":[{"href":"https:\/\/diariodepe.com.br\/cri\/wp-json\/wp\/v2\/media?parent=5413"}],"wp:term":[{"taxonomy":"category","embeddable":true,"href":"https:\/\/diariodepe.com.br\/cri\/wp-json\/wp\/v2\/categories?post=5413"},{"taxonomy":"post_tag","embeddable":true,"href":"https:\/\/diariodepe.com.br\/cri\/wp-json\/wp\/v2\/tags?post=5413"}],"curies":[{"name":"wp","href":"https:\/\/api.w.org\/{rel}","templated":true}]}}