{"id":5404,"date":"2024-05-30T23:32:51","date_gmt":"2024-05-31T02:32:51","guid":{"rendered":"https:\/\/diariodepe.com.br\/cri\/?p=5404"},"modified":"2024-05-30T23:32:51","modified_gmt":"2024-05-31T02:32:51","slug":"diretora-geral-do-fundo-monetario-internacional-concede-entrevista-exclusiva-ao-cmg","status":"publish","type":"post","link":"https:\/\/diariodepe.com.br\/cri\/2024\/05\/30\/diretora-geral-do-fundo-monetario-internacional-concede-entrevista-exclusiva-ao-cmg\/","title":{"rendered":"Diretora-geral do Fundo Monet\u00e1rio Internacional concede entrevista exclusiva ao CMG"},"content":{"rendered":"<p>A diretora-geral do Fundo Monet\u00e1rio Internacional (FMI), Kristalina Georgieva, concedeu recentemente uma entrevista exclusiva ao Grupo de M\u00eddia da China (CMG, na sigla em ingl\u00eas).<\/p>\n<p class=\"photo_img_20190808\"><img decoding=\"async\" src=\"https:\/\/p1crires.cri.cn\/photoworkspace\/cri\/contentimg\/2024\/05\/25\/2024052518455654833.jpeg\" alt=\"\" width=\"1000\" \/><\/p>\n<p>Em rela\u00e7\u00e3o \u00e0 economia mundial, Kristalina Georgieva disse que a economia mundial continua a mostrar forte resist\u00eancia. Afetada pela Covid-19, pela crise na Ucr\u00e2nia, pela alta infla\u00e7\u00e3o e pelas altas taxas de juros, a economia mundial ainda demonstra um desempenho melhor do que o esperado h\u00e1 um ano.<\/p>\n<p class=\"photo_img_20190808\"><img decoding=\"async\" src=\"https:\/\/p3crires.cri.cn\/photoworkspace\/cri\/contentimg\/2024\/05\/25\/2024052518461785120.jpeg\" alt=\"\" width=\"1000\" \/><\/p>\n<p>De acordo com Kristalina Georgieva, o FMI tem 190 pa\u00edses membros e est\u00e1 comprometido em promover o apoio m\u00fatuo entre seus membros. Quando um pa\u00eds encontra dificuldades, pode recorrer ao FMI para obter ajuda. Ao mesmo tempo, o FMI orienta os membros na elabora\u00e7\u00e3o de pol\u00edticas para evitar amea\u00e7as de crises financeiras.<\/p>\n<p>Como economista, em rela\u00e7\u00e3o ao com\u00e9rcio global, Kristalina Georgieva destacou que precisamos de uma divis\u00e3o de trabalho e precisamos do com\u00e9rcio para reduzir os custos de produ\u00e7\u00e3o e de consumo, aumentar a variedade de produtos dispon\u00edveis, criar mais oportunidades para povos em todo o mundo e elevar seu padr\u00e3o de vida.<\/p>\n<p class=\"photo_img_20190808\"><img decoding=\"async\" src=\"https:\/\/p3crires.cri.cn\/photoworkspace\/cri\/contentimg\/2024\/05\/25\/2024052518464082627.jpeg\" alt=\"\" width=\"1000\" \/><\/p>\n<p class=\"photo_img_20190808\"><img decoding=\"async\" src=\"https:\/\/p5crires.cri.cn\/photoworkspace\/cri\/contentimg\/2024\/05\/25\/2024052518464698100.jpeg\" alt=\"\" width=\"1000\" \/><\/p>\n<p>Na entrevista exclusiva, a diretora-geral afirmou que ficou impressionada com as conquistas da China, a vitalidade da sociedade chinesa e o entusiasmo do povo chin\u00eas. Ela acredita que a China contribui de forma ativa para a comunidade internacional e \u00e9 um participante importante do FMI. Em \u00e1reas como mudan\u00e7as clim\u00e1ticas, economia digital e promo\u00e7\u00e3o da integra\u00e7\u00e3o econ\u00f4mica global, a China tem desempenhado um papel de lideran\u00e7a, sendo exemplo para outros pa\u00edses.<\/p>\n","protected":false},"excerpt":{"rendered":"<p>A diretora-geral do Fundo Monet\u00e1rio Internacional (FMI), Kristalina Georgieva, concedeu recentemente uma entrevista exclusiva ao Grupo de M\u00eddia da China (CMG, na sigla em ingl\u00eas). Em rela\u00e7\u00e3o \u00e0 economia mundial, Kristalina Georgieva disse que a economia mundial continua a mostrar&#8230;<\/p>\n","protected":false},"author":2,"featured_media":0,"comment_status":"open","ping_status":"open","sticky":false,"template":"","format":"standard","meta":{"footnotes":""},"categories":[3],"tags":[],"class_list":["post-5404","post","type-post","status-publish","format-standard","hentry","category-china"],"yoast_head":"<!-- This site is optimized with the Yoast SEO plugin v27.4 - https:\/\/yoast.com\/product\/yoast-seo-wordpress\/ -->\n<title>Diretora-geral do Fundo Monet\u00e1rio Internacional concede entrevista exclusiva ao CMG - CRI e Diario de Pernambuco<\/title>\n<meta name=\"robots\" content=\"index, follow, max-snippet:-1, max-image-preview:large, max-video-preview:-1\" \/>\n<link rel=\"canonical\" href=\"https:\/\/diariodepe.com.br\/cri\/2024\/05\/30\/diretora-geral-do-fundo-monetario-internacional-concede-entrevista-exclusiva-ao-cmg\/\" \/>\n<meta property=\"og:locale\" content=\"pt_BR\" \/>\n<meta property=\"og:type\" content=\"article\" \/>\n<meta property=\"og:title\" content=\"Diretora-geral do Fundo Monet\u00e1rio Internacional concede entrevista exclusiva ao CMG - CRI e Diario de Pernambuco\" \/>\n<meta property=\"og:description\" content=\"A diretora-geral do Fundo Monet\u00e1rio Internacional (FMI), Kristalina Georgieva, concedeu recentemente uma entrevista exclusiva ao Grupo de M\u00eddia da China (CMG, na sigla em ingl\u00eas). Em rela\u00e7\u00e3o \u00e0 economia mundial, Kristalina Georgieva disse que a economia mundial continua a mostrar...\" \/>\n<meta property=\"og:url\" content=\"https:\/\/diariodepe.com.br\/cri\/2024\/05\/30\/diretora-geral-do-fundo-monetario-internacional-concede-entrevista-exclusiva-ao-cmg\/\" \/>\n<meta property=\"og:site_name\" content=\"CRI e Diario de Pernambuco\" \/>\n<meta property=\"article:published_time\" content=\"2024-05-31T02:32:51+00:00\" \/>\n<meta property=\"og:image\" content=\"https:\/\/p1crires.cri.cn\/photoworkspace\/cri\/contentimg\/2024\/05\/25\/2024052518455654833.jpeg\" \/>\n<meta name=\"author\" content=\"Ismael Lucas S. Pereira\" \/>\n<meta name=\"twitter:card\" content=\"summary_large_image\" \/>\n<meta name=\"twitter:label1\" content=\"Escrito por\" \/>\n\t<meta name=\"twitter:data1\" content=\"Ismael Lucas S. Pereira\" \/>\n<script type=\"application\/ld+json\" class=\"yoast-schema-graph\">{\"@context\":\"https:\\\/\\\/schema.org\",\"@graph\":[{\"@type\":\"Article\",\"@id\":\"https:\\\/\\\/diariodepe.com.br\\\/cri\\\/2024\\\/05\\\/30\\\/diretora-geral-do-fundo-monetario-internacional-concede-entrevista-exclusiva-ao-cmg\\\/#article\",\"isPartOf\":{\"@id\":\"https:\\\/\\\/diariodepe.com.br\\\/cri\\\/2024\\\/05\\\/30\\\/diretora-geral-do-fundo-monetario-internacional-concede-entrevista-exclusiva-ao-cmg\\\/\"},\"author\":{\"name\":\"Ismael Lucas S. Pereira\",\"@id\":\"https:\\\/\\\/diariodepe.com.br\\\/cri\\\/#\\\/schema\\\/person\\\/121bb28d84f1a5b1205ef4ce9c2e0c6b\"},\"headline\":\"Diretora-geral do Fundo Monet\u00e1rio Internacional concede entrevista exclusiva ao CMG\",\"datePublished\":\"2024-05-31T02:32:51+00:00\",\"mainEntityOfPage\":{\"@id\":\"https:\\\/\\\/diariodepe.com.br\\\/cri\\\/2024\\\/05\\\/30\\\/diretora-geral-do-fundo-monetario-internacional-concede-entrevista-exclusiva-ao-cmg\\\/\"},\"wordCount\":283,\"commentCount\":0,\"publisher\":{\"@id\":\"https:\\\/\\\/diariodepe.com.br\\\/cri\\\/#organization\"},\"image\":{\"@id\":\"https:\\\/\\\/diariodepe.com.br\\\/cri\\\/2024\\\/05\\\/30\\\/diretora-geral-do-fundo-monetario-internacional-concede-entrevista-exclusiva-ao-cmg\\\/#primaryimage\"},\"thumbnailUrl\":\"https:\\\/\\\/p1crires.cri.cn\\\/photoworkspace\\\/cri\\\/contentimg\\\/2024\\\/05\\\/25\\\/2024052518455654833.jpeg\",\"articleSection\":[\"China\"],\"inLanguage\":\"pt-BR\",\"potentialAction\":[{\"@type\":\"CommentAction\",\"name\":\"Comment\",\"target\":[\"https:\\\/\\\/diariodepe.com.br\\\/cri\\\/2024\\\/05\\\/30\\\/diretora-geral-do-fundo-monetario-internacional-concede-entrevista-exclusiva-ao-cmg\\\/#respond\"]}]},{\"@type\":\"WebPage\",\"@id\":\"https:\\\/\\\/diariodepe.com.br\\\/cri\\\/2024\\\/05\\\/30\\\/diretora-geral-do-fundo-monetario-internacional-concede-entrevista-exclusiva-ao-cmg\\\/\",\"url\":\"https:\\\/\\\/diariodepe.com.br\\\/cri\\\/2024\\\/05\\\/30\\\/diretora-geral-do-fundo-monetario-internacional-concede-entrevista-exclusiva-ao-cmg\\\/\",\"name\":\"Diretora-geral do Fundo Monet\u00e1rio Internacional concede entrevista exclusiva ao CMG - CRI e Diario de Pernambuco\",\"isPartOf\":{\"@id\":\"https:\\\/\\\/diariodepe.com.br\\\/cri\\\/#website\"},\"primaryImageOfPage\":{\"@id\":\"https:\\\/\\\/diariodepe.com.br\\\/cri\\\/2024\\\/05\\\/30\\\/diretora-geral-do-fundo-monetario-internacional-concede-entrevista-exclusiva-ao-cmg\\\/#primaryimage\"},\"image\":{\"@id\":\"https:\\\/\\\/diariodepe.com.br\\\/cri\\\/2024\\\/05\\\/30\\\/diretora-geral-do-fundo-monetario-internacional-concede-entrevista-exclusiva-ao-cmg\\\/#primaryimage\"},\"thumbnailUrl\":\"https:\\\/\\\/p1crires.cri.cn\\\/photoworkspace\\\/cri\\\/contentimg\\\/2024\\\/05\\\/25\\\/2024052518455654833.jpeg\",\"datePublished\":\"2024-05-31T02:32:51+00:00\",\"breadcrumb\":{\"@id\":\"https:\\\/\\\/diariodepe.com.br\\\/cri\\\/2024\\\/05\\\/30\\\/diretora-geral-do-fundo-monetario-internacional-concede-entrevista-exclusiva-ao-cmg\\\/#breadcrumb\"},\"inLanguage\":\"pt-BR\",\"potentialAction\":[{\"@type\":\"ReadAction\",\"target\":[\"https:\\\/\\\/diariodepe.com.br\\\/cri\\\/2024\\\/05\\\/30\\\/diretora-geral-do-fundo-monetario-internacional-concede-entrevista-exclusiva-ao-cmg\\\/\"]}]},{\"@type\":\"ImageObject\",\"inLanguage\":\"pt-BR\",\"@id\":\"https:\\\/\\\/diariodepe.com.br\\\/cri\\\/2024\\\/05\\\/30\\\/diretora-geral-do-fundo-monetario-internacional-concede-entrevista-exclusiva-ao-cmg\\\/#primaryimage\",\"url\":\"https:\\\/\\\/p1crires.cri.cn\\\/photoworkspace\\\/cri\\\/contentimg\\\/2024\\\/05\\\/25\\\/2024052518455654833.jpeg\",\"contentUrl\":\"https:\\\/\\\/p1crires.cri.cn\\\/photoworkspace\\\/cri\\\/contentimg\\\/2024\\\/05\\\/25\\\/2024052518455654833.jpeg\"},{\"@type\":\"BreadcrumbList\",\"@id\":\"https:\\\/\\\/diariodepe.com.br\\\/cri\\\/2024\\\/05\\\/30\\\/diretora-geral-do-fundo-monetario-internacional-concede-entrevista-exclusiva-ao-cmg\\\/#breadcrumb\",\"itemListElement\":[{\"@type\":\"ListItem\",\"position\":1,\"name\":\"In\u00edcio\",\"item\":\"https:\\\/\\\/diariodepe.com.br\\\/cri\\\/\"},{\"@type\":\"ListItem\",\"position\":2,\"name\":\"Diretora-geral do Fundo Monet\u00e1rio Internacional concede entrevista exclusiva ao CMG\"}]},{\"@type\":\"WebSite\",\"@id\":\"https:\\\/\\\/diariodepe.com.br\\\/cri\\\/#website\",\"url\":\"https:\\\/\\\/diariodepe.com.br\\\/cri\\\/\",\"name\":\"CRI e Diario de Pernambuco\",\"description\":\"R\u00e1dio Internacional da China\",\"publisher\":{\"@id\":\"https:\\\/\\\/diariodepe.com.br\\\/cri\\\/#organization\"},\"potentialAction\":[{\"@type\":\"SearchAction\",\"target\":{\"@type\":\"EntryPoint\",\"urlTemplate\":\"https:\\\/\\\/diariodepe.com.br\\\/cri\\\/?s={search_term_string}\"},\"query-input\":{\"@type\":\"PropertyValueSpecification\",\"valueRequired\":true,\"valueName\":\"search_term_string\"}}],\"inLanguage\":\"pt-BR\"},{\"@type\":\"Organization\",\"@id\":\"https:\\\/\\\/diariodepe.com.br\\\/cri\\\/#organization\",\"name\":\"CRI e Diario de Pernambuco\",\"url\":\"https:\\\/\\\/diariodepe.com.br\\\/cri\\\/\",\"logo\":{\"@type\":\"ImageObject\",\"inLanguage\":\"pt-BR\",\"@id\":\"https:\\\/\\\/diariodepe.com.br\\\/cri\\\/#\\\/schema\\\/logo\\\/image\\\/\",\"url\":\"https:\\\/\\\/diariodepe.com.br\\\/cri\\\/wp-content\\\/uploads\\\/sites\\\/2\\\/2022\\\/12\\\/cropped-Logo.jpg\",\"contentUrl\":\"https:\\\/\\\/diariodepe.com.br\\\/cri\\\/wp-content\\\/uploads\\\/sites\\\/2\\\/2022\\\/12\\\/cropped-Logo.jpg\",\"width\":700,\"height\":59,\"caption\":\"CRI e Diario de Pernambuco\"},\"image\":{\"@id\":\"https:\\\/\\\/diariodepe.com.br\\\/cri\\\/#\\\/schema\\\/logo\\\/image\\\/\"}},{\"@type\":\"Person\",\"@id\":\"https:\\\/\\\/diariodepe.com.br\\\/cri\\\/#\\\/schema\\\/person\\\/121bb28d84f1a5b1205ef4ce9c2e0c6b\",\"name\":\"Ismael Lucas S. Pereira\",\"image\":{\"@type\":\"ImageObject\",\"inLanguage\":\"pt-BR\",\"@id\":\"https:\\\/\\\/secure.gravatar.com\\\/avatar\\\/887a0f3b5a7ceea963a48499fb883ffce6b5037362def025c52c2505b15d63e4?s=96&d=mm&r=g\",\"url\":\"https:\\\/\\\/secure.gravatar.com\\\/avatar\\\/887a0f3b5a7ceea963a48499fb883ffce6b5037362def025c52c2505b15d63e4?s=96&d=mm&r=g\",\"contentUrl\":\"https:\\\/\\\/secure.gravatar.com\\\/avatar\\\/887a0f3b5a7ceea963a48499fb883ffce6b5037362def025c52c2505b15d63e4?s=96&d=mm&r=g\",\"caption\":\"Ismael Lucas S. Pereira\"},\"url\":\"https:\\\/\\\/diariodepe.com.br\\\/cri\\\/author\\\/ismael-lucas\\\/\"}]}<\/script>\n<!-- \/ Yoast SEO plugin. -->","yoast_head_json":{"title":"Diretora-geral do Fundo Monet\u00e1rio Internacional concede entrevista exclusiva ao CMG - CRI e Diario de Pernambuco","robots":{"index":"index","follow":"follow","max-snippet":"max-snippet:-1","max-image-preview":"max-image-preview:large","max-video-preview":"max-video-preview:-1"},"canonical":"https:\/\/diariodepe.com.br\/cri\/2024\/05\/30\/diretora-geral-do-fundo-monetario-internacional-concede-entrevista-exclusiva-ao-cmg\/","og_locale":"pt_BR","og_type":"article","og_title":"Diretora-geral do Fundo Monet\u00e1rio Internacional concede entrevista exclusiva ao CMG - CRI e Diario de Pernambuco","og_description":"A diretora-geral do Fundo Monet\u00e1rio Internacional (FMI), Kristalina Georgieva, concedeu recentemente uma entrevista exclusiva ao Grupo de M\u00eddia da China (CMG, na sigla em ingl\u00eas). Em rela\u00e7\u00e3o \u00e0 economia mundial, Kristalina Georgieva disse que a economia mundial continua a mostrar...","og_url":"https:\/\/diariodepe.com.br\/cri\/2024\/05\/30\/diretora-geral-do-fundo-monetario-internacional-concede-entrevista-exclusiva-ao-cmg\/","og_site_name":"CRI e Diario de Pernambuco","article_published_time":"2024-05-31T02:32:51+00:00","og_image":[{"url":"https:\/\/p1crires.cri.cn\/photoworkspace\/cri\/contentimg\/2024\/05\/25\/2024052518455654833.jpeg","type":"","width":"","height":""}],"author":"Ismael Lucas S. Pereira","twitter_card":"summary_large_image","twitter_misc":{"Escrito por":"Ismael Lucas S. Pereira"},"schema":{"@context":"https:\/\/schema.org","@graph":[{"@type":"Article","@id":"https:\/\/diariodepe.com.br\/cri\/2024\/05\/30\/diretora-geral-do-fundo-monetario-internacional-concede-entrevista-exclusiva-ao-cmg\/#article","isPartOf":{"@id":"https:\/\/diariodepe.com.br\/cri\/2024\/05\/30\/diretora-geral-do-fundo-monetario-internacional-concede-entrevista-exclusiva-ao-cmg\/"},"author":{"name":"Ismael Lucas S. Pereira","@id":"https:\/\/diariodepe.com.br\/cri\/#\/schema\/person\/121bb28d84f1a5b1205ef4ce9c2e0c6b"},"headline":"Diretora-geral do Fundo Monet\u00e1rio Internacional concede entrevista exclusiva ao CMG","datePublished":"2024-05-31T02:32:51+00:00","mainEntityOfPage":{"@id":"https:\/\/diariodepe.com.br\/cri\/2024\/05\/30\/diretora-geral-do-fundo-monetario-internacional-concede-entrevista-exclusiva-ao-cmg\/"},"wordCount":283,"commentCount":0,"publisher":{"@id":"https:\/\/diariodepe.com.br\/cri\/#organization"},"image":{"@id":"https:\/\/diariodepe.com.br\/cri\/2024\/05\/30\/diretora-geral-do-fundo-monetario-internacional-concede-entrevista-exclusiva-ao-cmg\/#primaryimage"},"thumbnailUrl":"https:\/\/p1crires.cri.cn\/photoworkspace\/cri\/contentimg\/2024\/05\/25\/2024052518455654833.jpeg","articleSection":["China"],"inLanguage":"pt-BR","potentialAction":[{"@type":"CommentAction","name":"Comment","target":["https:\/\/diariodepe.com.br\/cri\/2024\/05\/30\/diretora-geral-do-fundo-monetario-internacional-concede-entrevista-exclusiva-ao-cmg\/#respond"]}]},{"@type":"WebPage","@id":"https:\/\/diariodepe.com.br\/cri\/2024\/05\/30\/diretora-geral-do-fundo-monetario-internacional-concede-entrevista-exclusiva-ao-cmg\/","url":"https:\/\/diariodepe.com.br\/cri\/2024\/05\/30\/diretora-geral-do-fundo-monetario-internacional-concede-entrevista-exclusiva-ao-cmg\/","name":"Diretora-geral do Fundo Monet\u00e1rio Internacional concede entrevista exclusiva ao CMG - CRI e Diario de Pernambuco","isPartOf":{"@id":"https:\/\/diariodepe.com.br\/cri\/#website"},"primaryImageOfPage":{"@id":"https:\/\/diariodepe.com.br\/cri\/2024\/05\/30\/diretora-geral-do-fundo-monetario-internacional-concede-entrevista-exclusiva-ao-cmg\/#primaryimage"},"image":{"@id":"https:\/\/diariodepe.com.br\/cri\/2024\/05\/30\/diretora-geral-do-fundo-monetario-internacional-concede-entrevista-exclusiva-ao-cmg\/#primaryimage"},"thumbnailUrl":"https:\/\/p1crires.cri.cn\/photoworkspace\/cri\/contentimg\/2024\/05\/25\/2024052518455654833.jpeg","datePublished":"2024-05-31T02:32:51+00:00","breadcrumb":{"@id":"https:\/\/diariodepe.com.br\/cri\/2024\/05\/30\/diretora-geral-do-fundo-monetario-internacional-concede-entrevista-exclusiva-ao-cmg\/#breadcrumb"},"inLanguage":"pt-BR","potentialAction":[{"@type":"ReadAction","target":["https:\/\/diariodepe.com.br\/cri\/2024\/05\/30\/diretora-geral-do-fundo-monetario-internacional-concede-entrevista-exclusiva-ao-cmg\/"]}]},{"@type":"ImageObject","inLanguage":"pt-BR","@id":"https:\/\/diariodepe.com.br\/cri\/2024\/05\/30\/diretora-geral-do-fundo-monetario-internacional-concede-entrevista-exclusiva-ao-cmg\/#primaryimage","url":"https:\/\/p1crires.cri.cn\/photoworkspace\/cri\/contentimg\/2024\/05\/25\/2024052518455654833.jpeg","contentUrl":"https:\/\/p1crires.cri.cn\/photoworkspace\/cri\/contentimg\/2024\/05\/25\/2024052518455654833.jpeg"},{"@type":"BreadcrumbList","@id":"https:\/\/diariodepe.com.br\/cri\/2024\/05\/30\/diretora-geral-do-fundo-monetario-internacional-concede-entrevista-exclusiva-ao-cmg\/#breadcrumb","itemListElement":[{"@type":"ListItem","position":1,"name":"In\u00edcio","item":"https:\/\/diariodepe.com.br\/cri\/"},{"@type":"ListItem","position":2,"name":"Diretora-geral do Fundo Monet\u00e1rio Internacional concede entrevista exclusiva ao CMG"}]},{"@type":"WebSite","@id":"https:\/\/diariodepe.com.br\/cri\/#website","url":"https:\/\/diariodepe.com.br\/cri\/","name":"CRI e Diario de Pernambuco","description":"R\u00e1dio Internacional da China","publisher":{"@id":"https:\/\/diariodepe.com.br\/cri\/#organization"},"potentialAction":[{"@type":"SearchAction","target":{"@type":"EntryPoint","urlTemplate":"https:\/\/diariodepe.com.br\/cri\/?s={search_term_string}"},"query-input":{"@type":"PropertyValueSpecification","valueRequired":true,"valueName":"search_term_string"}}],"inLanguage":"pt-BR"},{"@type":"Organization","@id":"https:\/\/diariodepe.com.br\/cri\/#organization","name":"CRI e Diario de Pernambuco","url":"https:\/\/diariodepe.com.br\/cri\/","logo":{"@type":"ImageObject","inLanguage":"pt-BR","@id":"https:\/\/diariodepe.com.br\/cri\/#\/schema\/logo\/image\/","url":"https:\/\/diariodepe.com.br\/cri\/wp-content\/uploads\/sites\/2\/2022\/12\/cropped-Logo.jpg","contentUrl":"https:\/\/diariodepe.com.br\/cri\/wp-content\/uploads\/sites\/2\/2022\/12\/cropped-Logo.jpg","width":700,"height":59,"caption":"CRI e Diario de Pernambuco"},"image":{"@id":"https:\/\/diariodepe.com.br\/cri\/#\/schema\/logo\/image\/"}},{"@type":"Person","@id":"https:\/\/diariodepe.com.br\/cri\/#\/schema\/person\/121bb28d84f1a5b1205ef4ce9c2e0c6b","name":"Ismael Lucas S. Pereira","image":{"@type":"ImageObject","inLanguage":"pt-BR","@id":"https:\/\/secure.gravatar.com\/avatar\/887a0f3b5a7ceea963a48499fb883ffce6b5037362def025c52c2505b15d63e4?s=96&d=mm&r=g","url":"https:\/\/secure.gravatar.com\/avatar\/887a0f3b5a7ceea963a48499fb883ffce6b5037362def025c52c2505b15d63e4?s=96&d=mm&r=g","contentUrl":"https:\/\/secure.gravatar.com\/avatar\/887a0f3b5a7ceea963a48499fb883ffce6b5037362def025c52c2505b15d63e4?s=96&d=mm&r=g","caption":"Ismael Lucas S. Pereira"},"url":"https:\/\/diariodepe.com.br\/cri\/author\/ismael-lucas\/"}]}},"cc_featured_image_caption":{"caption_text":false,"source_text":false,"source_url":false},"amp_enabled":true,"_links":{"self":[{"href":"https:\/\/diariodepe.com.br\/cri\/wp-json\/wp\/v2\/posts\/5404","targetHints":{"allow":["GET"]}}],"collection":[{"href":"https:\/\/diariodepe.com.br\/cri\/wp-json\/wp\/v2\/posts"}],"about":[{"href":"https:\/\/diariodepe.com.br\/cri\/wp-json\/wp\/v2\/types\/post"}],"author":[{"embeddable":true,"href":"https:\/\/diariodepe.com.br\/cri\/wp-json\/wp\/v2\/users\/2"}],"replies":[{"embeddable":true,"href":"https:\/\/diariodepe.com.br\/cri\/wp-json\/wp\/v2\/comments?post=5404"}],"version-history":[{"count":1,"href":"https:\/\/diariodepe.com.br\/cri\/wp-json\/wp\/v2\/posts\/5404\/revisions"}],"predecessor-version":[{"id":5405,"href":"https:\/\/diariodepe.com.br\/cri\/wp-json\/wp\/v2\/posts\/5404\/revisions\/5405"}],"wp:attachment":[{"href":"https:\/\/diariodepe.com.br\/cri\/wp-json\/wp\/v2\/media?parent=5404"}],"wp:term":[{"taxonomy":"category","embeddable":true,"href":"https:\/\/diariodepe.com.br\/cri\/wp-json\/wp\/v2\/categories?post=5404"},{"taxonomy":"post_tag","embeddable":true,"href":"https:\/\/diariodepe.com.br\/cri\/wp-json\/wp\/v2\/tags?post=5404"}],"curies":[{"name":"wp","href":"https:\/\/api.w.org\/{rel}","templated":true}]}}