{"id":54,"date":"2022-12-02T09:45:32","date_gmt":"2022-12-02T12:45:32","guid":{"rendered":"https:\/\/diariodepe.com.br\/cri\/?p=54"},"modified":"2022-12-02T09:45:33","modified_gmt":"2022-12-02T12:45:33","slug":"lideres-estrangeiros-e-responsaveis-de-organizacoes-internacionais-expressam-condolencias-pela-morte-de-jiang-zemin","status":"publish","type":"post","link":"https:\/\/diariodepe.com.br\/cri\/2022\/12\/02\/lideres-estrangeiros-e-responsaveis-de-organizacoes-internacionais-expressam-condolencias-pela-morte-de-jiang-zemin\/","title":{"rendered":"<strong>L\u00edderes estrangeiros e respons\u00e1veis de organiza\u00e7\u00f5es internacionais expressam condol\u00eancias pela morte de Jiang Zemin<\/strong>"},"content":{"rendered":"\n<p>V\u00e1rios&nbsp;l\u00edderes estrangeiros e respons\u00e1veis de organiza\u00e7\u00f5es internacionais expressaram suas profundas condol\u00eancias por diversos meios ao presidente chin\u00eas,&nbsp;Xi Jinping,&nbsp;pela morte do ex-l\u00edder chin\u00eas,&nbsp;Jiang Zemin.<\/p>\n\n\n\n<p>O presidente russo, Vladimir Putin, disse que Jiang Zemin havia feito uma importante contribui\u00e7\u00e3o para o desenvolvimento econ\u00f4mico e social da China contempor\u00e2nea e para melhorar seu status internacional. O camarada Jiang Zemin foi&nbsp;um velho amigo da R\u00fassia e contribuiu de forma muito importante&nbsp;ao&nbsp;desenvolvimento das rela\u00e7\u00f5es bilaterais para uma parceria estrat\u00e9gica de coordena\u00e7\u00e3o. Ele ser\u00e1 sempre lembrado como um estadista de alto n\u00edvel e com grande carisma, afirmou Putin.<\/p>\n\n\n\n<p>Thongloun Sisoulith, secret\u00e1rio-geral do Comit\u00ea Central do Partido Revolucion\u00e1rio Popular do Laos e Presidente do pa\u00eds, disse que o camarada Jiang Zemin fez uma importante contribui\u00e7\u00e3o \u00e0 causa do socialismo com caracter\u00edsticas chinesas. Ele disse que Jiang Zemin foi&nbsp;um grande amigo do seu partido e do povo do Laos,&nbsp;e&nbsp;que desempenhou&nbsp;um importante papel de lideran\u00e7a no desenvolvimento das rela\u00e7\u00f5es bilaterais entre os dois pa\u00edses.<\/p>\n\n\n\n<p>Na quarta-feira, o Conselho de Seguran\u00e7a da ONU fez um minuto de sil\u00eancio antes de uma reuni\u00e3o para lamentar a morte de Jiang Zemin.<\/p>\n","protected":false},"excerpt":{"rendered":"<p>V\u00e1rios&nbsp;l\u00edderes estrangeiros e respons\u00e1veis de organiza\u00e7\u00f5es internacionais expressaram suas profundas condol\u00eancias por diversos meios ao presidente chin\u00eas,&nbsp;Xi Jinping,&nbsp;pela morte do ex-l\u00edder chin\u00eas,&nbsp;Jiang Zemin. O presidente russo, Vladimir Putin, disse que Jiang Zemin havia feito uma importante contribui\u00e7\u00e3o para o desenvolvimento&#8230;<\/p>\n","protected":false},"author":2,"featured_media":55,"comment_status":"open","ping_status":"open","sticky":false,"template":"","format":"standard","meta":{"footnotes":""},"categories":[8],"tags":[],"class_list":["post-54","post","type-post","status-publish","format-standard","has-post-thumbnail","hentry","category-internacional"],"yoast_head":"<!-- This site is optimized with the Yoast SEO plugin v27.4 - https:\/\/yoast.com\/product\/yoast-seo-wordpress\/ -->\n<title>L\u00edderes estrangeiros e respons\u00e1veis de organiza\u00e7\u00f5es internacionais expressam condol\u00eancias pela morte de Jiang Zemin - CRI e Diario de Pernambuco<\/title>\n<meta name=\"robots\" content=\"index, follow, max-snippet:-1, max-image-preview:large, max-video-preview:-1\" \/>\n<link rel=\"canonical\" href=\"https:\/\/diariodepe.com.br\/cri\/2022\/12\/02\/lideres-estrangeiros-e-responsaveis-de-organizacoes-internacionais-expressam-condolencias-pela-morte-de-jiang-zemin\/\" \/>\n<meta property=\"og:locale\" content=\"pt_BR\" \/>\n<meta property=\"og:type\" content=\"article\" \/>\n<meta property=\"og:title\" content=\"L\u00edderes estrangeiros e respons\u00e1veis de organiza\u00e7\u00f5es internacionais expressam condol\u00eancias pela morte de Jiang Zemin - CRI e Diario de Pernambuco\" \/>\n<meta property=\"og:description\" content=\"V\u00e1rios&nbsp;l\u00edderes estrangeiros e respons\u00e1veis de organiza\u00e7\u00f5es internacionais expressaram suas profundas condol\u00eancias por diversos meios ao presidente chin\u00eas,&nbsp;Xi Jinping,&nbsp;pela morte do ex-l\u00edder chin\u00eas,&nbsp;Jiang Zemin. O presidente russo, Vladimir Putin, disse que Jiang Zemin havia feito uma importante contribui\u00e7\u00e3o para o desenvolvimento...\" \/>\n<meta property=\"og:url\" content=\"https:\/\/diariodepe.com.br\/cri\/2022\/12\/02\/lideres-estrangeiros-e-responsaveis-de-organizacoes-internacionais-expressam-condolencias-pela-morte-de-jiang-zemin\/\" \/>\n<meta property=\"og:site_name\" content=\"CRI e Diario de Pernambuco\" \/>\n<meta property=\"article:published_time\" content=\"2022-12-02T12:45:32+00:00\" \/>\n<meta property=\"article:modified_time\" content=\"2022-12-02T12:45:33+00:00\" \/>\n<meta property=\"og:image\" content=\"https:\/\/diariodepe.com.br\/cri\/wp-content\/uploads\/sites\/2\/2022\/12\/2022120121372125918.png\" \/>\n\t<meta property=\"og:image:width\" content=\"1078\" \/>\n\t<meta property=\"og:image:height\" content=\"606\" \/>\n\t<meta property=\"og:image:type\" content=\"image\/png\" \/>\n<meta name=\"author\" content=\"Ismael Lucas S. Pereira\" \/>\n<meta name=\"twitter:card\" content=\"summary_large_image\" \/>\n<meta name=\"twitter:label1\" content=\"Escrito por\" \/>\n\t<meta name=\"twitter:data1\" content=\"Ismael Lucas S. Pereira\" \/>\n\t<meta name=\"twitter:label2\" content=\"Est. tempo de leitura\" \/>\n\t<meta name=\"twitter:data2\" content=\"2 minutos\" \/>\n<script type=\"application\/ld+json\" class=\"yoast-schema-graph\">{\"@context\":\"https:\\\/\\\/schema.org\",\"@graph\":[{\"@type\":\"Article\",\"@id\":\"https:\\\/\\\/diariodepe.com.br\\\/cri\\\/2022\\\/12\\\/02\\\/lideres-estrangeiros-e-responsaveis-de-organizacoes-internacionais-expressam-condolencias-pela-morte-de-jiang-zemin\\\/#article\",\"isPartOf\":{\"@id\":\"https:\\\/\\\/diariodepe.com.br\\\/cri\\\/2022\\\/12\\\/02\\\/lideres-estrangeiros-e-responsaveis-de-organizacoes-internacionais-expressam-condolencias-pela-morte-de-jiang-zemin\\\/\"},\"author\":{\"name\":\"Ismael Lucas S. Pereira\",\"@id\":\"https:\\\/\\\/diariodepe.com.br\\\/cri\\\/#\\\/schema\\\/person\\\/121bb28d84f1a5b1205ef4ce9c2e0c6b\"},\"headline\":\"L\u00edderes estrangeiros e respons\u00e1veis de organiza\u00e7\u00f5es internacionais expressam condol\u00eancias pela morte de Jiang Zemin\",\"datePublished\":\"2022-12-02T12:45:32+00:00\",\"dateModified\":\"2022-12-02T12:45:33+00:00\",\"mainEntityOfPage\":{\"@id\":\"https:\\\/\\\/diariodepe.com.br\\\/cri\\\/2022\\\/12\\\/02\\\/lideres-estrangeiros-e-responsaveis-de-organizacoes-internacionais-expressam-condolencias-pela-morte-de-jiang-zemin\\\/\"},\"wordCount\":245,\"commentCount\":0,\"publisher\":{\"@id\":\"https:\\\/\\\/diariodepe.com.br\\\/cri\\\/#organization\"},\"image\":{\"@id\":\"https:\\\/\\\/diariodepe.com.br\\\/cri\\\/2022\\\/12\\\/02\\\/lideres-estrangeiros-e-responsaveis-de-organizacoes-internacionais-expressam-condolencias-pela-morte-de-jiang-zemin\\\/#primaryimage\"},\"thumbnailUrl\":\"https:\\\/\\\/diariodepe.com.br\\\/cri\\\/wp-content\\\/uploads\\\/sites\\\/2\\\/2022\\\/12\\\/2022120121372125918.png\",\"articleSection\":[\"Internacional\"],\"inLanguage\":\"pt-BR\",\"potentialAction\":[{\"@type\":\"CommentAction\",\"name\":\"Comment\",\"target\":[\"https:\\\/\\\/diariodepe.com.br\\\/cri\\\/2022\\\/12\\\/02\\\/lideres-estrangeiros-e-responsaveis-de-organizacoes-internacionais-expressam-condolencias-pela-morte-de-jiang-zemin\\\/#respond\"]}]},{\"@type\":\"WebPage\",\"@id\":\"https:\\\/\\\/diariodepe.com.br\\\/cri\\\/2022\\\/12\\\/02\\\/lideres-estrangeiros-e-responsaveis-de-organizacoes-internacionais-expressam-condolencias-pela-morte-de-jiang-zemin\\\/\",\"url\":\"https:\\\/\\\/diariodepe.com.br\\\/cri\\\/2022\\\/12\\\/02\\\/lideres-estrangeiros-e-responsaveis-de-organizacoes-internacionais-expressam-condolencias-pela-morte-de-jiang-zemin\\\/\",\"name\":\"L\u00edderes estrangeiros e respons\u00e1veis de organiza\u00e7\u00f5es internacionais expressam condol\u00eancias pela morte de Jiang Zemin - CRI e Diario de Pernambuco\",\"isPartOf\":{\"@id\":\"https:\\\/\\\/diariodepe.com.br\\\/cri\\\/#website\"},\"primaryImageOfPage\":{\"@id\":\"https:\\\/\\\/diariodepe.com.br\\\/cri\\\/2022\\\/12\\\/02\\\/lideres-estrangeiros-e-responsaveis-de-organizacoes-internacionais-expressam-condolencias-pela-morte-de-jiang-zemin\\\/#primaryimage\"},\"image\":{\"@id\":\"https:\\\/\\\/diariodepe.com.br\\\/cri\\\/2022\\\/12\\\/02\\\/lideres-estrangeiros-e-responsaveis-de-organizacoes-internacionais-expressam-condolencias-pela-morte-de-jiang-zemin\\\/#primaryimage\"},\"thumbnailUrl\":\"https:\\\/\\\/diariodepe.com.br\\\/cri\\\/wp-content\\\/uploads\\\/sites\\\/2\\\/2022\\\/12\\\/2022120121372125918.png\",\"datePublished\":\"2022-12-02T12:45:32+00:00\",\"dateModified\":\"2022-12-02T12:45:33+00:00\",\"breadcrumb\":{\"@id\":\"https:\\\/\\\/diariodepe.com.br\\\/cri\\\/2022\\\/12\\\/02\\\/lideres-estrangeiros-e-responsaveis-de-organizacoes-internacionais-expressam-condolencias-pela-morte-de-jiang-zemin\\\/#breadcrumb\"},\"inLanguage\":\"pt-BR\",\"potentialAction\":[{\"@type\":\"ReadAction\",\"target\":[\"https:\\\/\\\/diariodepe.com.br\\\/cri\\\/2022\\\/12\\\/02\\\/lideres-estrangeiros-e-responsaveis-de-organizacoes-internacionais-expressam-condolencias-pela-morte-de-jiang-zemin\\\/\"]}]},{\"@type\":\"ImageObject\",\"inLanguage\":\"pt-BR\",\"@id\":\"https:\\\/\\\/diariodepe.com.br\\\/cri\\\/2022\\\/12\\\/02\\\/lideres-estrangeiros-e-responsaveis-de-organizacoes-internacionais-expressam-condolencias-pela-morte-de-jiang-zemin\\\/#primaryimage\",\"url\":\"https:\\\/\\\/diariodepe.com.br\\\/cri\\\/wp-content\\\/uploads\\\/sites\\\/2\\\/2022\\\/12\\\/2022120121372125918.png\",\"contentUrl\":\"https:\\\/\\\/diariodepe.com.br\\\/cri\\\/wp-content\\\/uploads\\\/sites\\\/2\\\/2022\\\/12\\\/2022120121372125918.png\",\"width\":1078,\"height\":606},{\"@type\":\"BreadcrumbList\",\"@id\":\"https:\\\/\\\/diariodepe.com.br\\\/cri\\\/2022\\\/12\\\/02\\\/lideres-estrangeiros-e-responsaveis-de-organizacoes-internacionais-expressam-condolencias-pela-morte-de-jiang-zemin\\\/#breadcrumb\",\"itemListElement\":[{\"@type\":\"ListItem\",\"position\":1,\"name\":\"In\u00edcio\",\"item\":\"https:\\\/\\\/diariodepe.com.br\\\/cri\\\/\"},{\"@type\":\"ListItem\",\"position\":2,\"name\":\"L\u00edderes estrangeiros e respons\u00e1veis de organiza\u00e7\u00f5es internacionais expressam condol\u00eancias pela morte de Jiang Zemin\"}]},{\"@type\":\"WebSite\",\"@id\":\"https:\\\/\\\/diariodepe.com.br\\\/cri\\\/#website\",\"url\":\"https:\\\/\\\/diariodepe.com.br\\\/cri\\\/\",\"name\":\"CRI e Diario de Pernambuco\",\"description\":\"R\u00e1dio Internacional da China\",\"publisher\":{\"@id\":\"https:\\\/\\\/diariodepe.com.br\\\/cri\\\/#organization\"},\"potentialAction\":[{\"@type\":\"SearchAction\",\"target\":{\"@type\":\"EntryPoint\",\"urlTemplate\":\"https:\\\/\\\/diariodepe.com.br\\\/cri\\\/?s={search_term_string}\"},\"query-input\":{\"@type\":\"PropertyValueSpecification\",\"valueRequired\":true,\"valueName\":\"search_term_string\"}}],\"inLanguage\":\"pt-BR\"},{\"@type\":\"Organization\",\"@id\":\"https:\\\/\\\/diariodepe.com.br\\\/cri\\\/#organization\",\"name\":\"CRI e Diario de Pernambuco\",\"url\":\"https:\\\/\\\/diariodepe.com.br\\\/cri\\\/\",\"logo\":{\"@type\":\"ImageObject\",\"inLanguage\":\"pt-BR\",\"@id\":\"https:\\\/\\\/diariodepe.com.br\\\/cri\\\/#\\\/schema\\\/logo\\\/image\\\/\",\"url\":\"https:\\\/\\\/diariodepe.com.br\\\/cri\\\/wp-content\\\/uploads\\\/sites\\\/2\\\/2022\\\/12\\\/cropped-Logo.jpg\",\"contentUrl\":\"https:\\\/\\\/diariodepe.com.br\\\/cri\\\/wp-content\\\/uploads\\\/sites\\\/2\\\/2022\\\/12\\\/cropped-Logo.jpg\",\"width\":700,\"height\":59,\"caption\":\"CRI e Diario de Pernambuco\"},\"image\":{\"@id\":\"https:\\\/\\\/diariodepe.com.br\\\/cri\\\/#\\\/schema\\\/logo\\\/image\\\/\"}},{\"@type\":\"Person\",\"@id\":\"https:\\\/\\\/diariodepe.com.br\\\/cri\\\/#\\\/schema\\\/person\\\/121bb28d84f1a5b1205ef4ce9c2e0c6b\",\"name\":\"Ismael Lucas S. Pereira\",\"image\":{\"@type\":\"ImageObject\",\"inLanguage\":\"pt-BR\",\"@id\":\"https:\\\/\\\/secure.gravatar.com\\\/avatar\\\/887a0f3b5a7ceea963a48499fb883ffce6b5037362def025c52c2505b15d63e4?s=96&d=mm&r=g\",\"url\":\"https:\\\/\\\/secure.gravatar.com\\\/avatar\\\/887a0f3b5a7ceea963a48499fb883ffce6b5037362def025c52c2505b15d63e4?s=96&d=mm&r=g\",\"contentUrl\":\"https:\\\/\\\/secure.gravatar.com\\\/avatar\\\/887a0f3b5a7ceea963a48499fb883ffce6b5037362def025c52c2505b15d63e4?s=96&d=mm&r=g\",\"caption\":\"Ismael Lucas S. Pereira\"},\"url\":\"https:\\\/\\\/diariodepe.com.br\\\/cri\\\/author\\\/ismael-lucas\\\/\"}]}<\/script>\n<!-- \/ Yoast SEO plugin. -->","yoast_head_json":{"title":"L\u00edderes estrangeiros e respons\u00e1veis de organiza\u00e7\u00f5es internacionais expressam condol\u00eancias pela morte de Jiang Zemin - CRI e Diario de Pernambuco","robots":{"index":"index","follow":"follow","max-snippet":"max-snippet:-1","max-image-preview":"max-image-preview:large","max-video-preview":"max-video-preview:-1"},"canonical":"https:\/\/diariodepe.com.br\/cri\/2022\/12\/02\/lideres-estrangeiros-e-responsaveis-de-organizacoes-internacionais-expressam-condolencias-pela-morte-de-jiang-zemin\/","og_locale":"pt_BR","og_type":"article","og_title":"L\u00edderes estrangeiros e respons\u00e1veis de organiza\u00e7\u00f5es internacionais expressam condol\u00eancias pela morte de Jiang Zemin - CRI e Diario de Pernambuco","og_description":"V\u00e1rios&nbsp;l\u00edderes estrangeiros e respons\u00e1veis de organiza\u00e7\u00f5es internacionais expressaram suas profundas condol\u00eancias por diversos meios ao presidente chin\u00eas,&nbsp;Xi Jinping,&nbsp;pela morte do ex-l\u00edder chin\u00eas,&nbsp;Jiang Zemin. O presidente russo, Vladimir Putin, disse que Jiang Zemin havia feito uma importante contribui\u00e7\u00e3o para o desenvolvimento...","og_url":"https:\/\/diariodepe.com.br\/cri\/2022\/12\/02\/lideres-estrangeiros-e-responsaveis-de-organizacoes-internacionais-expressam-condolencias-pela-morte-de-jiang-zemin\/","og_site_name":"CRI e Diario de Pernambuco","article_published_time":"2022-12-02T12:45:32+00:00","article_modified_time":"2022-12-02T12:45:33+00:00","og_image":[{"width":1078,"height":606,"url":"https:\/\/diariodepe.com.br\/cri\/wp-content\/uploads\/sites\/2\/2022\/12\/2022120121372125918.png","type":"image\/png"}],"author":"Ismael Lucas S. Pereira","twitter_card":"summary_large_image","twitter_misc":{"Escrito por":"Ismael Lucas S. Pereira","Est. tempo de leitura":"2 minutos"},"schema":{"@context":"https:\/\/schema.org","@graph":[{"@type":"Article","@id":"https:\/\/diariodepe.com.br\/cri\/2022\/12\/02\/lideres-estrangeiros-e-responsaveis-de-organizacoes-internacionais-expressam-condolencias-pela-morte-de-jiang-zemin\/#article","isPartOf":{"@id":"https:\/\/diariodepe.com.br\/cri\/2022\/12\/02\/lideres-estrangeiros-e-responsaveis-de-organizacoes-internacionais-expressam-condolencias-pela-morte-de-jiang-zemin\/"},"author":{"name":"Ismael Lucas S. Pereira","@id":"https:\/\/diariodepe.com.br\/cri\/#\/schema\/person\/121bb28d84f1a5b1205ef4ce9c2e0c6b"},"headline":"L\u00edderes estrangeiros e respons\u00e1veis de organiza\u00e7\u00f5es internacionais expressam condol\u00eancias pela morte de Jiang Zemin","datePublished":"2022-12-02T12:45:32+00:00","dateModified":"2022-12-02T12:45:33+00:00","mainEntityOfPage":{"@id":"https:\/\/diariodepe.com.br\/cri\/2022\/12\/02\/lideres-estrangeiros-e-responsaveis-de-organizacoes-internacionais-expressam-condolencias-pela-morte-de-jiang-zemin\/"},"wordCount":245,"commentCount":0,"publisher":{"@id":"https:\/\/diariodepe.com.br\/cri\/#organization"},"image":{"@id":"https:\/\/diariodepe.com.br\/cri\/2022\/12\/02\/lideres-estrangeiros-e-responsaveis-de-organizacoes-internacionais-expressam-condolencias-pela-morte-de-jiang-zemin\/#primaryimage"},"thumbnailUrl":"https:\/\/diariodepe.com.br\/cri\/wp-content\/uploads\/sites\/2\/2022\/12\/2022120121372125918.png","articleSection":["Internacional"],"inLanguage":"pt-BR","potentialAction":[{"@type":"CommentAction","name":"Comment","target":["https:\/\/diariodepe.com.br\/cri\/2022\/12\/02\/lideres-estrangeiros-e-responsaveis-de-organizacoes-internacionais-expressam-condolencias-pela-morte-de-jiang-zemin\/#respond"]}]},{"@type":"WebPage","@id":"https:\/\/diariodepe.com.br\/cri\/2022\/12\/02\/lideres-estrangeiros-e-responsaveis-de-organizacoes-internacionais-expressam-condolencias-pela-morte-de-jiang-zemin\/","url":"https:\/\/diariodepe.com.br\/cri\/2022\/12\/02\/lideres-estrangeiros-e-responsaveis-de-organizacoes-internacionais-expressam-condolencias-pela-morte-de-jiang-zemin\/","name":"L\u00edderes estrangeiros e respons\u00e1veis de organiza\u00e7\u00f5es internacionais expressam condol\u00eancias pela morte de Jiang Zemin - CRI e Diario de Pernambuco","isPartOf":{"@id":"https:\/\/diariodepe.com.br\/cri\/#website"},"primaryImageOfPage":{"@id":"https:\/\/diariodepe.com.br\/cri\/2022\/12\/02\/lideres-estrangeiros-e-responsaveis-de-organizacoes-internacionais-expressam-condolencias-pela-morte-de-jiang-zemin\/#primaryimage"},"image":{"@id":"https:\/\/diariodepe.com.br\/cri\/2022\/12\/02\/lideres-estrangeiros-e-responsaveis-de-organizacoes-internacionais-expressam-condolencias-pela-morte-de-jiang-zemin\/#primaryimage"},"thumbnailUrl":"https:\/\/diariodepe.com.br\/cri\/wp-content\/uploads\/sites\/2\/2022\/12\/2022120121372125918.png","datePublished":"2022-12-02T12:45:32+00:00","dateModified":"2022-12-02T12:45:33+00:00","breadcrumb":{"@id":"https:\/\/diariodepe.com.br\/cri\/2022\/12\/02\/lideres-estrangeiros-e-responsaveis-de-organizacoes-internacionais-expressam-condolencias-pela-morte-de-jiang-zemin\/#breadcrumb"},"inLanguage":"pt-BR","potentialAction":[{"@type":"ReadAction","target":["https:\/\/diariodepe.com.br\/cri\/2022\/12\/02\/lideres-estrangeiros-e-responsaveis-de-organizacoes-internacionais-expressam-condolencias-pela-morte-de-jiang-zemin\/"]}]},{"@type":"ImageObject","inLanguage":"pt-BR","@id":"https:\/\/diariodepe.com.br\/cri\/2022\/12\/02\/lideres-estrangeiros-e-responsaveis-de-organizacoes-internacionais-expressam-condolencias-pela-morte-de-jiang-zemin\/#primaryimage","url":"https:\/\/diariodepe.com.br\/cri\/wp-content\/uploads\/sites\/2\/2022\/12\/2022120121372125918.png","contentUrl":"https:\/\/diariodepe.com.br\/cri\/wp-content\/uploads\/sites\/2\/2022\/12\/2022120121372125918.png","width":1078,"height":606},{"@type":"BreadcrumbList","@id":"https:\/\/diariodepe.com.br\/cri\/2022\/12\/02\/lideres-estrangeiros-e-responsaveis-de-organizacoes-internacionais-expressam-condolencias-pela-morte-de-jiang-zemin\/#breadcrumb","itemListElement":[{"@type":"ListItem","position":1,"name":"In\u00edcio","item":"https:\/\/diariodepe.com.br\/cri\/"},{"@type":"ListItem","position":2,"name":"L\u00edderes estrangeiros e respons\u00e1veis de organiza\u00e7\u00f5es internacionais expressam condol\u00eancias pela morte de Jiang Zemin"}]},{"@type":"WebSite","@id":"https:\/\/diariodepe.com.br\/cri\/#website","url":"https:\/\/diariodepe.com.br\/cri\/","name":"CRI e Diario de Pernambuco","description":"R\u00e1dio Internacional da China","publisher":{"@id":"https:\/\/diariodepe.com.br\/cri\/#organization"},"potentialAction":[{"@type":"SearchAction","target":{"@type":"EntryPoint","urlTemplate":"https:\/\/diariodepe.com.br\/cri\/?s={search_term_string}"},"query-input":{"@type":"PropertyValueSpecification","valueRequired":true,"valueName":"search_term_string"}}],"inLanguage":"pt-BR"},{"@type":"Organization","@id":"https:\/\/diariodepe.com.br\/cri\/#organization","name":"CRI e Diario de Pernambuco","url":"https:\/\/diariodepe.com.br\/cri\/","logo":{"@type":"ImageObject","inLanguage":"pt-BR","@id":"https:\/\/diariodepe.com.br\/cri\/#\/schema\/logo\/image\/","url":"https:\/\/diariodepe.com.br\/cri\/wp-content\/uploads\/sites\/2\/2022\/12\/cropped-Logo.jpg","contentUrl":"https:\/\/diariodepe.com.br\/cri\/wp-content\/uploads\/sites\/2\/2022\/12\/cropped-Logo.jpg","width":700,"height":59,"caption":"CRI e Diario de Pernambuco"},"image":{"@id":"https:\/\/diariodepe.com.br\/cri\/#\/schema\/logo\/image\/"}},{"@type":"Person","@id":"https:\/\/diariodepe.com.br\/cri\/#\/schema\/person\/121bb28d84f1a5b1205ef4ce9c2e0c6b","name":"Ismael Lucas S. Pereira","image":{"@type":"ImageObject","inLanguage":"pt-BR","@id":"https:\/\/secure.gravatar.com\/avatar\/887a0f3b5a7ceea963a48499fb883ffce6b5037362def025c52c2505b15d63e4?s=96&d=mm&r=g","url":"https:\/\/secure.gravatar.com\/avatar\/887a0f3b5a7ceea963a48499fb883ffce6b5037362def025c52c2505b15d63e4?s=96&d=mm&r=g","contentUrl":"https:\/\/secure.gravatar.com\/avatar\/887a0f3b5a7ceea963a48499fb883ffce6b5037362def025c52c2505b15d63e4?s=96&d=mm&r=g","caption":"Ismael Lucas S. Pereira"},"url":"https:\/\/diariodepe.com.br\/cri\/author\/ismael-lucas\/"}]}},"cc_featured_image_caption":{"caption_text":"","source_text":"","source_url":""},"amp_enabled":true,"_links":{"self":[{"href":"https:\/\/diariodepe.com.br\/cri\/wp-json\/wp\/v2\/posts\/54","targetHints":{"allow":["GET"]}}],"collection":[{"href":"https:\/\/diariodepe.com.br\/cri\/wp-json\/wp\/v2\/posts"}],"about":[{"href":"https:\/\/diariodepe.com.br\/cri\/wp-json\/wp\/v2\/types\/post"}],"author":[{"embeddable":true,"href":"https:\/\/diariodepe.com.br\/cri\/wp-json\/wp\/v2\/users\/2"}],"replies":[{"embeddable":true,"href":"https:\/\/diariodepe.com.br\/cri\/wp-json\/wp\/v2\/comments?post=54"}],"version-history":[{"count":1,"href":"https:\/\/diariodepe.com.br\/cri\/wp-json\/wp\/v2\/posts\/54\/revisions"}],"predecessor-version":[{"id":56,"href":"https:\/\/diariodepe.com.br\/cri\/wp-json\/wp\/v2\/posts\/54\/revisions\/56"}],"wp:featuredmedia":[{"embeddable":true,"href":"https:\/\/diariodepe.com.br\/cri\/wp-json\/wp\/v2\/media\/55"}],"wp:attachment":[{"href":"https:\/\/diariodepe.com.br\/cri\/wp-json\/wp\/v2\/media?parent=54"}],"wp:term":[{"taxonomy":"category","embeddable":true,"href":"https:\/\/diariodepe.com.br\/cri\/wp-json\/wp\/v2\/categories?post=54"},{"taxonomy":"post_tag","embeddable":true,"href":"https:\/\/diariodepe.com.br\/cri\/wp-json\/wp\/v2\/tags?post=54"}],"curies":[{"name":"wp","href":"https:\/\/api.w.org\/{rel}","templated":true}]}}